{"id":51970,"date":"2024-08-06T21:45:52","date_gmt":"2024-08-07T03:45:52","guid":{"rendered":"https:\/\/elinformativotam.com\/?p=51970"},"modified":"2024-08-06T21:45:52","modified_gmt":"2024-08-07T03:45:52","slug":"adecuaciones-al-nuevo-mercado-de-tampico-podrian-acarrear-accidentes","status":"publish","type":"post","link":"https:\/\/elinformativotam.com\/index.php\/2024\/08\/06\/adecuaciones-al-nuevo-mercado-de-tampico-podrian-acarrear-accidentes\/","title":{"rendered":"ADECUACIONES AL NUEVO MERCADO DE TAMPICO PODR\u00cdAN ACARREAR ACCIDENTES"},"content":{"rendered":"<h2 style=\"text-align: center;\"><em><span style=\"font-family: 'times new roman', times;\">*Ante Ello Solicitar\u00e1n Una Revisi\u00f3n Exhaustiva Al Inmueble Inaugurado Hace M\u00e1s De 4 A\u00f1os<\/span><\/em><\/h2>\n<p>&nbsp;<\/p>\n<p>&nbsp;<\/p>\n<p>El nuevo mercado municipal de Tampico(que fue inaugurado en el 2020) no debe tener ning\u00fan tipo de adecuaci\u00f3n en sus tramos comerciales, pues de lo contrario se podr\u00eda suscitar un incidente con la poblaci\u00f3n que lo visita y los mismos locatarios, se\u00f1al\u00f3 el edil porte\u00f1o de Morena, Alberto S\u00e1nchez Neri<\/p>\n<p>&nbsp;<\/p>\n<p>El regidor y coordinador de la comisi\u00f3n de mercados municipales extern\u00f3 que la pr\u00f3xima semana solicitar\u00e1 a la Secretar\u00eda de Obras P\u00fablicas del Gobierno del Estado realice un peritaje detallado de todos los tramos que est\u00e1n a cargo de los concesionarios, ya que en algunos locales se han llevado a cabo modificaciones, eliminando secciones que por alguna raz\u00f3n estableci\u00f3 la empresa constructora en la magna obra.<\/p>\n<p>&nbsp;<\/p>\n<p>Se\u00f1al\u00f3, que la secretar\u00eda de obras p\u00fablicas del municipio ya dictamin\u00f3 que dichas adecuaciones a tramos comerciales, sobre todo en el \u00e1rea de alimentos, no debieron llevarse a cabo &#8220;ya que pueden traer consecuencias en la estructura, sobre todo cuando se trata de estructuras, castillos, muros de soporte o trabes que cargan y reparten peso y fuerza en el inmueble&#8221;, coment\u00f3<\/p>\n<p>&nbsp;<\/p>\n<p>El edil coordinador de la comisi\u00f3n en el cabildo porte\u00f1o, expres\u00f3 que la eliminaci\u00f3n de paredes o columnas al interior de locales representan un riesgo a la estabilidad de la estructura del mercado, por lo que es necesario, dijo, que Obras Publicas Estatal aclare que tipo de afectaciones podr\u00eda arrojar dichos cambios que han llevado a cabo varios concesionarios en sus tramos comerciales.<\/p>\n<p>&nbsp;<\/p>\n<p>S\u00e1nchez, dej\u00f3 claro que la construcci\u00f3n del inmueble lo encabez\u00f3 el Gobierno del Estado por conducto de Obras P\u00fablicas, sin embargo en el tema tambi\u00e9n tienen injerencia obras p\u00fablicas del municipio, protecci\u00f3n civil y la direcci\u00f3n de mercados municipales.<\/p>\n<p>&nbsp;<\/p>\n<p>Puntualiz\u00f3 que la administraci\u00f3n municipal panista est\u00e1 por concluir su gesti\u00f3n, y ante ello, dijo, es importante sentar un precedente desde ahora ante el pr\u00f3ximo trienio.<\/p>\n<p>&nbsp;<\/p>\n<p>&#8220;Me interesa que se tenga un informe detallado para que la siguiente administraci\u00f3n municipal conozca las condiciones en qu\u00e9 se encuentra el mercado&#8221;, asever\u00f3<\/p>\n<p>&nbsp;<\/p>\n<p>Del 2021 a la fecha en los dos gobiernos, el municipio panista ha autorizado adecuaciones y remodelaciones en algunos tramos del centro de abasto, lo que ha motivado una serie de opiniones a favor y en contra entre locatarios y funcionarios municipales.<\/p>\n<p>&nbsp;<\/p>\n","protected":false},"excerpt":{"rendered":"<p>*Ante Ello Solicitar\u00e1n Una Revisi\u00f3n Exhaustiva Al Inmueble Inaugurado Hace M\u00e1s De 4 A\u00f1os &nbsp; &nbsp; El nuevo mercado municipal&hellip;<\/p>\n","protected":false},"author":1,"featured_media":51971,"comment_status":"open","ping_status":"open","sticky":false,"template":"","format":"standard","meta":{"footnotes":""},"categories":[3],"tags":[],"class_list":["post-51970","post","type-post","status-publish","format-standard","has-post-thumbnail","hentry","category-tampico"],"yoast_head":"<!-- This site is optimized with the Yoast SEO plugin v27.4 - https:\/\/yoast.com\/product\/yoast-seo-wordpress\/ -->\n<title>ADECUACIONES AL NUEVO MERCADO DE TAMPICO PODR\u00cdAN ACARREAR ACCIDENTES - EL INFORMATIVO DE TAMAULIPAS<\/title>\n<meta name=\"description\" content=\"*Ante Ello Solicitar\u00e1n Una Revisi\u00f3n Exhaustiva Al Inmueble Inaugurado Hace M\u00e1s De 4 A\u00f1os &nbsp; &nbsp; El nuevo mercado municipal de Tampico(que fue\" \/>\n<meta name=\"robots\" content=\"index, follow, max-snippet:-1, max-image-preview:large, max-video-preview:-1\" \/>\n<link rel=\"canonical\" href=\"https:\/\/elinformativotam.com\/index.php\/2024\/08\/06\/adecuaciones-al-nuevo-mercado-de-tampico-podrian-acarrear-accidentes\/\" \/>\n<meta property=\"og:locale\" content=\"es_MX\" \/>\n<meta property=\"og:type\" content=\"article\" \/>\n<meta property=\"og:title\" content=\"ADECUACIONES AL NUEVO MERCADO DE TAMPICO PODR\u00cdAN ACARREAR ACCIDENTES - EL INFORMATIVO DE TAMAULIPAS\" \/>\n<meta property=\"og:description\" content=\"*Ante Ello Solicitar\u00e1n Una Revisi\u00f3n Exhaustiva Al Inmueble Inaugurado Hace M\u00e1s De 4 A\u00f1os &nbsp; &nbsp; El nuevo mercado municipal de Tampico(que fue\" \/>\n<meta property=\"og:url\" content=\"https:\/\/elinformativotam.com\/index.php\/2024\/08\/06\/adecuaciones-al-nuevo-mercado-de-tampico-podrian-acarrear-accidentes\/\" \/>\n<meta property=\"og:site_name\" content=\"EL INFORMATIVO DE TAMAULIPAS\" \/>\n<meta property=\"article:published_time\" content=\"2024-08-07T03:45:52+00:00\" \/>\n<meta property=\"og:image\" content=\"https:\/\/elinformativotam.com\/wp-content\/uploads\/2024\/08\/Sancehez-Neri.jpeg\" \/>\n\t<meta property=\"og:image:width\" content=\"1600\" \/>\n\t<meta property=\"og:image:height\" content=\"1204\" \/>\n\t<meta property=\"og:image:type\" content=\"image\/jpeg\" \/>\n<meta name=\"author\" content=\"El Informativo Tam\" \/>\n<meta name=\"twitter:card\" content=\"summary_large_image\" \/>\n<meta name=\"twitter:label1\" content=\"Escrito por\" \/>\n\t<meta name=\"twitter:data1\" content=\"El Informativo Tam\" \/>\n\t<meta name=\"twitter:label2\" content=\"Tiempo de lectura\" \/>\n\t<meta name=\"twitter:data2\" content=\"2 minutos\" \/>\n<script type=\"application\/ld+json\" class=\"yoast-schema-graph\">{\"@context\":\"https:\\\/\\\/schema.org\",\"@graph\":[{\"@type\":\"Article\",\"@id\":\"https:\\\/\\\/elinformativotam.com\\\/index.php\\\/2024\\\/08\\\/06\\\/adecuaciones-al-nuevo-mercado-de-tampico-podrian-acarrear-accidentes\\\/#article\",\"isPartOf\":{\"@id\":\"https:\\\/\\\/elinformativotam.com\\\/index.php\\\/2024\\\/08\\\/06\\\/adecuaciones-al-nuevo-mercado-de-tampico-podrian-acarrear-accidentes\\\/\"},\"author\":{\"name\":\"El Informativo Tam\",\"@id\":\"https:\\\/\\\/elinformativotam.com\\\/#\\\/schema\\\/person\\\/78e08040eed0f6110f0c5f83b6153590\"},\"headline\":\"ADECUACIONES AL NUEVO MERCADO DE TAMPICO PODR\u00cdAN ACARREAR ACCIDENTES\",\"datePublished\":\"2024-08-07T03:45:52+00:00\",\"mainEntityOfPage\":{\"@id\":\"https:\\\/\\\/elinformativotam.com\\\/index.php\\\/2024\\\/08\\\/06\\\/adecuaciones-al-nuevo-mercado-de-tampico-podrian-acarrear-accidentes\\\/\"},\"wordCount\":438,\"commentCount\":0,\"publisher\":{\"@id\":\"https:\\\/\\\/elinformativotam.com\\\/#organization\"},\"image\":{\"@id\":\"https:\\\/\\\/elinformativotam.com\\\/index.php\\\/2024\\\/08\\\/06\\\/adecuaciones-al-nuevo-mercado-de-tampico-podrian-acarrear-accidentes\\\/#primaryimage\"},\"thumbnailUrl\":\"https:\\\/\\\/elinformativotam.com\\\/wp-content\\\/uploads\\\/2024\\\/08\\\/Sancehez-Neri.jpeg\",\"articleSection\":[\"Tampico\"],\"inLanguage\":\"es\",\"potentialAction\":[{\"@type\":\"CommentAction\",\"name\":\"Comment\",\"target\":[\"https:\\\/\\\/elinformativotam.com\\\/index.php\\\/2024\\\/08\\\/06\\\/adecuaciones-al-nuevo-mercado-de-tampico-podrian-acarrear-accidentes\\\/#respond\"]}]},{\"@type\":\"WebPage\",\"@id\":\"https:\\\/\\\/elinformativotam.com\\\/index.php\\\/2024\\\/08\\\/06\\\/adecuaciones-al-nuevo-mercado-de-tampico-podrian-acarrear-accidentes\\\/\",\"url\":\"https:\\\/\\\/elinformativotam.com\\\/index.php\\\/2024\\\/08\\\/06\\\/adecuaciones-al-nuevo-mercado-de-tampico-podrian-acarrear-accidentes\\\/\",\"name\":\"ADECUACIONES AL NUEVO MERCADO DE TAMPICO PODR\u00cdAN ACARREAR ACCIDENTES - EL INFORMATIVO DE TAMAULIPAS\",\"isPartOf\":{\"@id\":\"https:\\\/\\\/elinformativotam.com\\\/#website\"},\"primaryImageOfPage\":{\"@id\":\"https:\\\/\\\/elinformativotam.com\\\/index.php\\\/2024\\\/08\\\/06\\\/adecuaciones-al-nuevo-mercado-de-tampico-podrian-acarrear-accidentes\\\/#primaryimage\"},\"image\":{\"@id\":\"https:\\\/\\\/elinformativotam.com\\\/index.php\\\/2024\\\/08\\\/06\\\/adecuaciones-al-nuevo-mercado-de-tampico-podrian-acarrear-accidentes\\\/#primaryimage\"},\"thumbnailUrl\":\"https:\\\/\\\/elinformativotam.com\\\/wp-content\\\/uploads\\\/2024\\\/08\\\/Sancehez-Neri.jpeg\",\"datePublished\":\"2024-08-07T03:45:52+00:00\",\"description\":\"*Ante Ello Solicitar\u00e1n Una Revisi\u00f3n Exhaustiva Al Inmueble Inaugurado Hace M\u00e1s De 4 A\u00f1os &nbsp; &nbsp; El nuevo mercado municipal de Tampico(que fue\",\"inLanguage\":\"es\",\"potentialAction\":[{\"@type\":\"ReadAction\",\"target\":[\"https:\\\/\\\/elinformativotam.com\\\/index.php\\\/2024\\\/08\\\/06\\\/adecuaciones-al-nuevo-mercado-de-tampico-podrian-acarrear-accidentes\\\/\"]}]},{\"@type\":\"ImageObject\",\"inLanguage\":\"es\",\"@id\":\"https:\\\/\\\/elinformativotam.com\\\/index.php\\\/2024\\\/08\\\/06\\\/adecuaciones-al-nuevo-mercado-de-tampico-podrian-acarrear-accidentes\\\/#primaryimage\",\"url\":\"https:\\\/\\\/elinformativotam.com\\\/wp-content\\\/uploads\\\/2024\\\/08\\\/Sancehez-Neri.jpeg\",\"contentUrl\":\"https:\\\/\\\/elinformativotam.com\\\/wp-content\\\/uploads\\\/2024\\\/08\\\/Sancehez-Neri.jpeg\",\"width\":1600,\"height\":1204},{\"@type\":\"WebSite\",\"@id\":\"https:\\\/\\\/elinformativotam.com\\\/#website\",\"url\":\"https:\\\/\\\/elinformativotam.com\\\/\",\"name\":\"EL INFORMATIVO DE TAMAULIPAS\",\"description\":\"Desde la Zona Metropolitana Para Todo M\u00e9xico\",\"publisher\":{\"@id\":\"https:\\\/\\\/elinformativotam.com\\\/#organization\"},\"potentialAction\":[{\"@type\":\"SearchAction\",\"target\":{\"@type\":\"EntryPoint\",\"urlTemplate\":\"https:\\\/\\\/elinformativotam.com\\\/?s={search_term_string}\"},\"query-input\":{\"@type\":\"PropertyValueSpecification\",\"valueRequired\":true,\"valueName\":\"search_term_string\"}}],\"inLanguage\":\"es\"},{\"@type\":\"Organization\",\"@id\":\"https:\\\/\\\/elinformativotam.com\\\/#organization\",\"name\":\"EL INFORMATIVO DE TAMAULIPAS\",\"url\":\"https:\\\/\\\/elinformativotam.com\\\/\",\"logo\":{\"@type\":\"ImageObject\",\"inLanguage\":\"es\",\"@id\":\"https:\\\/\\\/elinformativotam.com\\\/#\\\/schema\\\/logo\\\/image\\\/\",\"url\":\"https:\\\/\\\/elinformativotam.com\\\/wp-content\\\/uploads\\\/2026\\\/02\\\/Cabezal.png\",\"contentUrl\":\"https:\\\/\\\/elinformativotam.com\\\/wp-content\\\/uploads\\\/2026\\\/02\\\/Cabezal.png\",\"width\":960,\"height\":640,\"caption\":\"EL INFORMATIVO DE TAMAULIPAS\"},\"image\":{\"@id\":\"https:\\\/\\\/elinformativotam.com\\\/#\\\/schema\\\/logo\\\/image\\\/\"}},{\"@type\":\"Person\",\"@id\":\"https:\\\/\\\/elinformativotam.com\\\/#\\\/schema\\\/person\\\/78e08040eed0f6110f0c5f83b6153590\",\"name\":\"El Informativo Tam\",\"image\":{\"@type\":\"ImageObject\",\"inLanguage\":\"es\",\"@id\":\"https:\\\/\\\/secure.gravatar.com\\\/avatar\\\/f3b7ad3af540688955925ac610647be00b0cf41feea9c4978b73a707ee86bc53?s=96&d=mm&r=g\",\"url\":\"https:\\\/\\\/secure.gravatar.com\\\/avatar\\\/f3b7ad3af540688955925ac610647be00b0cf41feea9c4978b73a707ee86bc53?s=96&d=mm&r=g\",\"contentUrl\":\"https:\\\/\\\/secure.gravatar.com\\\/avatar\\\/f3b7ad3af540688955925ac610647be00b0cf41feea9c4978b73a707ee86bc53?s=96&d=mm&r=g\",\"caption\":\"El Informativo Tam\"}}]}<\/script>\n<!-- \/ Yoast SEO plugin. -->","yoast_head_json":{"title":"ADECUACIONES AL NUEVO MERCADO DE TAMPICO PODR\u00cdAN ACARREAR ACCIDENTES - EL INFORMATIVO DE TAMAULIPAS","description":"*Ante Ello Solicitar\u00e1n Una Revisi\u00f3n Exhaustiva Al Inmueble Inaugurado Hace M\u00e1s De 4 A\u00f1os &nbsp; &nbsp; El nuevo mercado municipal de Tampico(que fue","robots":{"index":"index","follow":"follow","max-snippet":"max-snippet:-1","max-image-preview":"max-image-preview:large","max-video-preview":"max-video-preview:-1"},"canonical":"https:\/\/elinformativotam.com\/index.php\/2024\/08\/06\/adecuaciones-al-nuevo-mercado-de-tampico-podrian-acarrear-accidentes\/","og_locale":"es_MX","og_type":"article","og_title":"ADECUACIONES AL NUEVO MERCADO DE TAMPICO PODR\u00cdAN ACARREAR ACCIDENTES - EL INFORMATIVO DE TAMAULIPAS","og_description":"*Ante Ello Solicitar\u00e1n Una Revisi\u00f3n Exhaustiva Al Inmueble Inaugurado Hace M\u00e1s De 4 A\u00f1os &nbsp; &nbsp; El nuevo mercado municipal de Tampico(que fue","og_url":"https:\/\/elinformativotam.com\/index.php\/2024\/08\/06\/adecuaciones-al-nuevo-mercado-de-tampico-podrian-acarrear-accidentes\/","og_site_name":"EL INFORMATIVO DE TAMAULIPAS","article_published_time":"2024-08-07T03:45:52+00:00","og_image":[{"width":1600,"height":1204,"url":"https:\/\/elinformativotam.com\/wp-content\/uploads\/2024\/08\/Sancehez-Neri.jpeg","type":"image\/jpeg"}],"author":"El Informativo Tam","twitter_card":"summary_large_image","twitter_misc":{"Escrito por":"El Informativo Tam","Tiempo de lectura":"2 minutos"},"schema":{"@context":"https:\/\/schema.org","@graph":[{"@type":"Article","@id":"https:\/\/elinformativotam.com\/index.php\/2024\/08\/06\/adecuaciones-al-nuevo-mercado-de-tampico-podrian-acarrear-accidentes\/#article","isPartOf":{"@id":"https:\/\/elinformativotam.com\/index.php\/2024\/08\/06\/adecuaciones-al-nuevo-mercado-de-tampico-podrian-acarrear-accidentes\/"},"author":{"name":"El Informativo Tam","@id":"https:\/\/elinformativotam.com\/#\/schema\/person\/78e08040eed0f6110f0c5f83b6153590"},"headline":"ADECUACIONES AL NUEVO MERCADO DE TAMPICO PODR\u00cdAN ACARREAR ACCIDENTES","datePublished":"2024-08-07T03:45:52+00:00","mainEntityOfPage":{"@id":"https:\/\/elinformativotam.com\/index.php\/2024\/08\/06\/adecuaciones-al-nuevo-mercado-de-tampico-podrian-acarrear-accidentes\/"},"wordCount":438,"commentCount":0,"publisher":{"@id":"https:\/\/elinformativotam.com\/#organization"},"image":{"@id":"https:\/\/elinformativotam.com\/index.php\/2024\/08\/06\/adecuaciones-al-nuevo-mercado-de-tampico-podrian-acarrear-accidentes\/#primaryimage"},"thumbnailUrl":"https:\/\/elinformativotam.com\/wp-content\/uploads\/2024\/08\/Sancehez-Neri.jpeg","articleSection":["Tampico"],"inLanguage":"es","potentialAction":[{"@type":"CommentAction","name":"Comment","target":["https:\/\/elinformativotam.com\/index.php\/2024\/08\/06\/adecuaciones-al-nuevo-mercado-de-tampico-podrian-acarrear-accidentes\/#respond"]}]},{"@type":"WebPage","@id":"https:\/\/elinformativotam.com\/index.php\/2024\/08\/06\/adecuaciones-al-nuevo-mercado-de-tampico-podrian-acarrear-accidentes\/","url":"https:\/\/elinformativotam.com\/index.php\/2024\/08\/06\/adecuaciones-al-nuevo-mercado-de-tampico-podrian-acarrear-accidentes\/","name":"ADECUACIONES AL NUEVO MERCADO DE TAMPICO PODR\u00cdAN ACARREAR ACCIDENTES - EL INFORMATIVO DE TAMAULIPAS","isPartOf":{"@id":"https:\/\/elinformativotam.com\/#website"},"primaryImageOfPage":{"@id":"https:\/\/elinformativotam.com\/index.php\/2024\/08\/06\/adecuaciones-al-nuevo-mercado-de-tampico-podrian-acarrear-accidentes\/#primaryimage"},"image":{"@id":"https:\/\/elinformativotam.com\/index.php\/2024\/08\/06\/adecuaciones-al-nuevo-mercado-de-tampico-podrian-acarrear-accidentes\/#primaryimage"},"thumbnailUrl":"https:\/\/elinformativotam.com\/wp-content\/uploads\/2024\/08\/Sancehez-Neri.jpeg","datePublished":"2024-08-07T03:45:52+00:00","description":"*Ante Ello Solicitar\u00e1n Una Revisi\u00f3n Exhaustiva Al Inmueble Inaugurado Hace M\u00e1s De 4 A\u00f1os &nbsp; &nbsp; El nuevo mercado municipal de Tampico(que fue","inLanguage":"es","potentialAction":[{"@type":"ReadAction","target":["https:\/\/elinformativotam.com\/index.php\/2024\/08\/06\/adecuaciones-al-nuevo-mercado-de-tampico-podrian-acarrear-accidentes\/"]}]},{"@type":"ImageObject","inLanguage":"es","@id":"https:\/\/elinformativotam.com\/index.php\/2024\/08\/06\/adecuaciones-al-nuevo-mercado-de-tampico-podrian-acarrear-accidentes\/#primaryimage","url":"https:\/\/elinformativotam.com\/wp-content\/uploads\/2024\/08\/Sancehez-Neri.jpeg","contentUrl":"https:\/\/elinformativotam.com\/wp-content\/uploads\/2024\/08\/Sancehez-Neri.jpeg","width":1600,"height":1204},{"@type":"WebSite","@id":"https:\/\/elinformativotam.com\/#website","url":"https:\/\/elinformativotam.com\/","name":"EL INFORMATIVO DE TAMAULIPAS","description":"Desde la Zona Metropolitana Para Todo M\u00e9xico","publisher":{"@id":"https:\/\/elinformativotam.com\/#organization"},"potentialAction":[{"@type":"SearchAction","target":{"@type":"EntryPoint","urlTemplate":"https:\/\/elinformativotam.com\/?s={search_term_string}"},"query-input":{"@type":"PropertyValueSpecification","valueRequired":true,"valueName":"search_term_string"}}],"inLanguage":"es"},{"@type":"Organization","@id":"https:\/\/elinformativotam.com\/#organization","name":"EL INFORMATIVO DE TAMAULIPAS","url":"https:\/\/elinformativotam.com\/","logo":{"@type":"ImageObject","inLanguage":"es","@id":"https:\/\/elinformativotam.com\/#\/schema\/logo\/image\/","url":"https:\/\/elinformativotam.com\/wp-content\/uploads\/2026\/02\/Cabezal.png","contentUrl":"https:\/\/elinformativotam.com\/wp-content\/uploads\/2026\/02\/Cabezal.png","width":960,"height":640,"caption":"EL INFORMATIVO DE TAMAULIPAS"},"image":{"@id":"https:\/\/elinformativotam.com\/#\/schema\/logo\/image\/"}},{"@type":"Person","@id":"https:\/\/elinformativotam.com\/#\/schema\/person\/78e08040eed0f6110f0c5f83b6153590","name":"El Informativo Tam","image":{"@type":"ImageObject","inLanguage":"es","@id":"https:\/\/secure.gravatar.com\/avatar\/f3b7ad3af540688955925ac610647be00b0cf41feea9c4978b73a707ee86bc53?s=96&d=mm&r=g","url":"https:\/\/secure.gravatar.com\/avatar\/f3b7ad3af540688955925ac610647be00b0cf41feea9c4978b73a707ee86bc53?s=96&d=mm&r=g","contentUrl":"https:\/\/secure.gravatar.com\/avatar\/f3b7ad3af540688955925ac610647be00b0cf41feea9c4978b73a707ee86bc53?s=96&d=mm&r=g","caption":"El Informativo Tam"}}]}},"_links":{"self":[{"href":"https:\/\/elinformativotam.com\/index.php\/wp-json\/wp\/v2\/posts\/51970","targetHints":{"allow":["GET"]}}],"collection":[{"href":"https:\/\/elinformativotam.com\/index.php\/wp-json\/wp\/v2\/posts"}],"about":[{"href":"https:\/\/elinformativotam.com\/index.php\/wp-json\/wp\/v2\/types\/post"}],"author":[{"embeddable":true,"href":"https:\/\/elinformativotam.com\/index.php\/wp-json\/wp\/v2\/users\/1"}],"replies":[{"embeddable":true,"href":"https:\/\/elinformativotam.com\/index.php\/wp-json\/wp\/v2\/comments?post=51970"}],"version-history":[{"count":1,"href":"https:\/\/elinformativotam.com\/index.php\/wp-json\/wp\/v2\/posts\/51970\/revisions"}],"predecessor-version":[{"id":51972,"href":"https:\/\/elinformativotam.com\/index.php\/wp-json\/wp\/v2\/posts\/51970\/revisions\/51972"}],"wp:featuredmedia":[{"embeddable":true,"href":"https:\/\/elinformativotam.com\/index.php\/wp-json\/wp\/v2\/media\/51971"}],"wp:attachment":[{"href":"https:\/\/elinformativotam.com\/index.php\/wp-json\/wp\/v2\/media?parent=51970"}],"wp:term":[{"taxonomy":"category","embeddable":true,"href":"https:\/\/elinformativotam.com\/index.php\/wp-json\/wp\/v2\/categories?post=51970"},{"taxonomy":"post_tag","embeddable":true,"href":"https:\/\/elinformativotam.com\/index.php\/wp-json\/wp\/v2\/tags?post=51970"}],"curies":[{"name":"wp","href":"https:\/\/api.w.org\/{rel}","templated":true}]}}