{"id":51967,"date":"2024-08-05T19:45:40","date_gmt":"2024-08-06T01:45:40","guid":{"rendered":"https:\/\/elinformativotam.com\/?p=51967"},"modified":"2024-08-05T19:45:40","modified_gmt":"2024-08-06T01:45:40","slug":"se-reune-la-alcaldesa-electa-monica-villarreal-anaya-con-el-presidente-municipal-saliente-jesus-nader","status":"publish","type":"post","link":"https:\/\/elinformativotam.com\/index.php\/2024\/08\/05\/se-reune-la-alcaldesa-electa-monica-villarreal-anaya-con-el-presidente-municipal-saliente-jesus-nader\/","title":{"rendered":"SE RE\u00daNE LA ALCALDESA ELECTA M\u00d3NICA VILLARREAL ANAYA CON EL PRESIDENTE MUNICIPAL SALIENTE JES\u00daS NADER"},"content":{"rendered":"<p>Tampico, Tamaulipas.- La presidenta electa de Tampico, M\u00f3nica Villarreal Anaya, sostuvo una reuni\u00f3n privada la ma\u00f1ana de este lunes, con el alcalde Jes\u00fas Nader Nasrallah, con el prop\u00f3sito de conocer el estado que guarda el municipio y coordinarse para el inicio del proceso de Entrega-Recepci\u00f3n.<\/p>\n<p>&nbsp;<\/p>\n<p>Villarreal Anaya se\u00f1al\u00f3 que, este es el primer paso de lo que asegur\u00f3 ser\u00e1 una transici\u00f3n tranquila y transparente, siguiendo los lineamientos que marca la ley.<\/p>\n<p>&nbsp;<\/p>\n<p>&#8220;Vamos a tener una transici\u00f3n como debe de ser a la altura de los tampique\u00f1os, en la reuni\u00f3n se di\u00e1logo sobre lo que se ha venido haciendo en esta administraci\u00f3n, para que nos sea f\u00e1cil tomar las riendas este 1 de octubre. Me siento\u00a0 muy complacida, el alcalde fue muy atento y expl\u00edcito en muchas situaciones que se viven d\u00eda a d\u00eda en el municipio, se har\u00e1 una Entrega-Recepci\u00f3n de acuerdo a los intereses y el bienestar de Tampico&#8221;, se\u00f1al\u00f3.<\/p>\n<p>&nbsp;<\/p>\n<p>En este encuentro, se estableci\u00f3 que ser\u00e1 el pr\u00f3ximo jueves 08 de agosto cuando inicie formalmente el proceso de entrega.<\/p>\n<p>&nbsp;<\/p>\n<p>&#8220;Se determinar\u00e1 el jueves qu\u00e9 \u00e1reas ser\u00e1n las primeras en realizar el tr\u00e1mite, estaremos dando toda la informaci\u00f3n porque integramos un comit\u00e9 que dar\u00e1 a conocer el estado que guarda la entrega, para que la ciudadan\u00eda este enterada de los pasos en los que vamos para este cambio de gobierno&#8221;, puntualiz\u00f3 Villarreal Anaya.<\/p>\n<p>&nbsp;<\/p>\n<p>Desde el 3 de junio, mencion\u00f3 la alcaldesa electa, no ha dejado de trabajar y se ha reunido con autoridades Estatales y Federales, con el prop\u00f3sito de ampliar su panorama y buscar aterrizar proyectos y recursos que beneficien a Tampico y su gente.<\/p>\n<p>&nbsp;<\/p>\n<p>Villarreal Anaya dijo que, su equipo de trabajo est\u00e1 conformado en un 90%\u00a0 y que eligi\u00f3 los mejores perfiles para cada \u00e1rea; especialmente gente comprometida con la visi\u00f3n de un Tampico humano, un Tampico pr\u00f3spero, un Tampico para todos.<\/p>\n<p>&nbsp;<\/p>\n<p>&#8220;Tengan confianza, las cosas se est\u00e1n haciendo bien, hay una gran coordinaci\u00f3n y un gran respeto sobre todo por los tampique\u00f1os, entonces vamos a trabajar en armon\u00eda y unidad para lograr los resultados que todos est\u00e1n esperando&#8221;, concluy\u00f3 la alcaldesa electa.<\/p>\n","protected":false},"excerpt":{"rendered":"<p>Tampico, Tamaulipas.- La presidenta electa de Tampico, M\u00f3nica Villarreal Anaya, sostuvo una reuni\u00f3n privada la ma\u00f1ana de este lunes, con&hellip;<\/p>\n","protected":false},"author":1,"featured_media":51968,"comment_status":"open","ping_status":"open","sticky":false,"template":"","format":"standard","meta":{"footnotes":""},"categories":[3],"tags":[],"class_list":["post-51967","post","type-post","status-publish","format-standard","has-post-thumbnail","hentry","category-tampico"],"yoast_head":"<!-- This site is optimized with the Yoast SEO plugin v27.4 - https:\/\/yoast.com\/product\/yoast-seo-wordpress\/ -->\n<title>SE RE\u00daNE LA ALCALDESA ELECTA M\u00d3NICA VILLARREAL ANAYA CON EL PRESIDENTE MUNICIPAL SALIENTE JES\u00daS NADER - EL INFORMATIVO DE TAMAULIPAS<\/title>\n<meta name=\"description\" content=\"Tampico, Tamaulipas.- La presidenta electa de Tampico, M\u00f3nica Villarreal Anaya, sostuvo una reuni\u00f3n privada la ma\u00f1ana de este lunes, con el alcalde Jes\u00fas\" \/>\n<meta name=\"robots\" content=\"index, follow, max-snippet:-1, max-image-preview:large, max-video-preview:-1\" \/>\n<link rel=\"canonical\" href=\"https:\/\/elinformativotam.com\/index.php\/2024\/08\/05\/se-reune-la-alcaldesa-electa-monica-villarreal-anaya-con-el-presidente-municipal-saliente-jesus-nader\/\" \/>\n<meta property=\"og:locale\" content=\"es_MX\" \/>\n<meta property=\"og:type\" content=\"article\" \/>\n<meta property=\"og:title\" content=\"SE RE\u00daNE LA ALCALDESA ELECTA M\u00d3NICA VILLARREAL ANAYA CON EL PRESIDENTE MUNICIPAL SALIENTE JES\u00daS NADER - EL INFORMATIVO DE TAMAULIPAS\" \/>\n<meta property=\"og:description\" content=\"Tampico, Tamaulipas.- La presidenta electa de Tampico, M\u00f3nica Villarreal Anaya, sostuvo una reuni\u00f3n privada la ma\u00f1ana de este lunes, con el alcalde Jes\u00fas\" \/>\n<meta property=\"og:url\" content=\"https:\/\/elinformativotam.com\/index.php\/2024\/08\/05\/se-reune-la-alcaldesa-electa-monica-villarreal-anaya-con-el-presidente-municipal-saliente-jesus-nader\/\" \/>\n<meta property=\"og:site_name\" content=\"EL INFORMATIVO DE TAMAULIPAS\" \/>\n<meta property=\"article:published_time\" content=\"2024-08-06T01:45:40+00:00\" \/>\n<meta property=\"og:image\" content=\"https:\/\/elinformativotam.com\/wp-content\/uploads\/2024\/08\/Reunion-con-Ch.jpeg\" \/>\n\t<meta property=\"og:image:width\" content=\"1600\" \/>\n\t<meta property=\"og:image:height\" content=\"1200\" \/>\n\t<meta property=\"og:image:type\" content=\"image\/jpeg\" \/>\n<meta name=\"author\" content=\"El Informativo Tam\" \/>\n<meta name=\"twitter:card\" content=\"summary_large_image\" \/>\n<meta name=\"twitter:label1\" content=\"Escrito por\" \/>\n\t<meta name=\"twitter:data1\" content=\"El Informativo Tam\" \/>\n\t<meta name=\"twitter:label2\" content=\"Tiempo de lectura\" \/>\n\t<meta name=\"twitter:data2\" content=\"2 minutos\" \/>\n<script type=\"application\/ld+json\" class=\"yoast-schema-graph\">{\"@context\":\"https:\\\/\\\/schema.org\",\"@graph\":[{\"@type\":\"Article\",\"@id\":\"https:\\\/\\\/elinformativotam.com\\\/index.php\\\/2024\\\/08\\\/05\\\/se-reune-la-alcaldesa-electa-monica-villarreal-anaya-con-el-presidente-municipal-saliente-jesus-nader\\\/#article\",\"isPartOf\":{\"@id\":\"https:\\\/\\\/elinformativotam.com\\\/index.php\\\/2024\\\/08\\\/05\\\/se-reune-la-alcaldesa-electa-monica-villarreal-anaya-con-el-presidente-municipal-saliente-jesus-nader\\\/\"},\"author\":{\"name\":\"El Informativo Tam\",\"@id\":\"https:\\\/\\\/elinformativotam.com\\\/#\\\/schema\\\/person\\\/78e08040eed0f6110f0c5f83b6153590\"},\"headline\":\"SE RE\u00daNE LA ALCALDESA ELECTA M\u00d3NICA VILLARREAL ANAYA CON EL PRESIDENTE MUNICIPAL SALIENTE JES\u00daS NADER\",\"datePublished\":\"2024-08-06T01:45:40+00:00\",\"mainEntityOfPage\":{\"@id\":\"https:\\\/\\\/elinformativotam.com\\\/index.php\\\/2024\\\/08\\\/05\\\/se-reune-la-alcaldesa-electa-monica-villarreal-anaya-con-el-presidente-municipal-saliente-jesus-nader\\\/\"},\"wordCount\":401,\"commentCount\":0,\"publisher\":{\"@id\":\"https:\\\/\\\/elinformativotam.com\\\/#organization\"},\"image\":{\"@id\":\"https:\\\/\\\/elinformativotam.com\\\/index.php\\\/2024\\\/08\\\/05\\\/se-reune-la-alcaldesa-electa-monica-villarreal-anaya-con-el-presidente-municipal-saliente-jesus-nader\\\/#primaryimage\"},\"thumbnailUrl\":\"https:\\\/\\\/elinformativotam.com\\\/wp-content\\\/uploads\\\/2024\\\/08\\\/Reunion-con-Ch.jpeg\",\"articleSection\":[\"Tampico\"],\"inLanguage\":\"es\",\"potentialAction\":[{\"@type\":\"CommentAction\",\"name\":\"Comment\",\"target\":[\"https:\\\/\\\/elinformativotam.com\\\/index.php\\\/2024\\\/08\\\/05\\\/se-reune-la-alcaldesa-electa-monica-villarreal-anaya-con-el-presidente-municipal-saliente-jesus-nader\\\/#respond\"]}]},{\"@type\":\"WebPage\",\"@id\":\"https:\\\/\\\/elinformativotam.com\\\/index.php\\\/2024\\\/08\\\/05\\\/se-reune-la-alcaldesa-electa-monica-villarreal-anaya-con-el-presidente-municipal-saliente-jesus-nader\\\/\",\"url\":\"https:\\\/\\\/elinformativotam.com\\\/index.php\\\/2024\\\/08\\\/05\\\/se-reune-la-alcaldesa-electa-monica-villarreal-anaya-con-el-presidente-municipal-saliente-jesus-nader\\\/\",\"name\":\"SE RE\u00daNE LA ALCALDESA ELECTA M\u00d3NICA VILLARREAL ANAYA CON EL PRESIDENTE MUNICIPAL SALIENTE JES\u00daS NADER - EL INFORMATIVO DE TAMAULIPAS\",\"isPartOf\":{\"@id\":\"https:\\\/\\\/elinformativotam.com\\\/#website\"},\"primaryImageOfPage\":{\"@id\":\"https:\\\/\\\/elinformativotam.com\\\/index.php\\\/2024\\\/08\\\/05\\\/se-reune-la-alcaldesa-electa-monica-villarreal-anaya-con-el-presidente-municipal-saliente-jesus-nader\\\/#primaryimage\"},\"image\":{\"@id\":\"https:\\\/\\\/elinformativotam.com\\\/index.php\\\/2024\\\/08\\\/05\\\/se-reune-la-alcaldesa-electa-monica-villarreal-anaya-con-el-presidente-municipal-saliente-jesus-nader\\\/#primaryimage\"},\"thumbnailUrl\":\"https:\\\/\\\/elinformativotam.com\\\/wp-content\\\/uploads\\\/2024\\\/08\\\/Reunion-con-Ch.jpeg\",\"datePublished\":\"2024-08-06T01:45:40+00:00\",\"description\":\"Tampico, Tamaulipas.- La presidenta electa de Tampico, M\u00f3nica Villarreal Anaya, sostuvo una reuni\u00f3n privada la ma\u00f1ana de este lunes, con el alcalde Jes\u00fas\",\"inLanguage\":\"es\",\"potentialAction\":[{\"@type\":\"ReadAction\",\"target\":[\"https:\\\/\\\/elinformativotam.com\\\/index.php\\\/2024\\\/08\\\/05\\\/se-reune-la-alcaldesa-electa-monica-villarreal-anaya-con-el-presidente-municipal-saliente-jesus-nader\\\/\"]}]},{\"@type\":\"ImageObject\",\"inLanguage\":\"es\",\"@id\":\"https:\\\/\\\/elinformativotam.com\\\/index.php\\\/2024\\\/08\\\/05\\\/se-reune-la-alcaldesa-electa-monica-villarreal-anaya-con-el-presidente-municipal-saliente-jesus-nader\\\/#primaryimage\",\"url\":\"https:\\\/\\\/elinformativotam.com\\\/wp-content\\\/uploads\\\/2024\\\/08\\\/Reunion-con-Ch.jpeg\",\"contentUrl\":\"https:\\\/\\\/elinformativotam.com\\\/wp-content\\\/uploads\\\/2024\\\/08\\\/Reunion-con-Ch.jpeg\",\"width\":1600,\"height\":1200},{\"@type\":\"WebSite\",\"@id\":\"https:\\\/\\\/elinformativotam.com\\\/#website\",\"url\":\"https:\\\/\\\/elinformativotam.com\\\/\",\"name\":\"EL INFORMATIVO DE TAMAULIPAS\",\"description\":\"Desde la Zona Metropolitana Para Todo M\u00e9xico\",\"publisher\":{\"@id\":\"https:\\\/\\\/elinformativotam.com\\\/#organization\"},\"potentialAction\":[{\"@type\":\"SearchAction\",\"target\":{\"@type\":\"EntryPoint\",\"urlTemplate\":\"https:\\\/\\\/elinformativotam.com\\\/?s={search_term_string}\"},\"query-input\":{\"@type\":\"PropertyValueSpecification\",\"valueRequired\":true,\"valueName\":\"search_term_string\"}}],\"inLanguage\":\"es\"},{\"@type\":\"Organization\",\"@id\":\"https:\\\/\\\/elinformativotam.com\\\/#organization\",\"name\":\"EL INFORMATIVO DE TAMAULIPAS\",\"url\":\"https:\\\/\\\/elinformativotam.com\\\/\",\"logo\":{\"@type\":\"ImageObject\",\"inLanguage\":\"es\",\"@id\":\"https:\\\/\\\/elinformativotam.com\\\/#\\\/schema\\\/logo\\\/image\\\/\",\"url\":\"https:\\\/\\\/elinformativotam.com\\\/wp-content\\\/uploads\\\/2026\\\/02\\\/Cabezal.png\",\"contentUrl\":\"https:\\\/\\\/elinformativotam.com\\\/wp-content\\\/uploads\\\/2026\\\/02\\\/Cabezal.png\",\"width\":960,\"height\":640,\"caption\":\"EL INFORMATIVO DE TAMAULIPAS\"},\"image\":{\"@id\":\"https:\\\/\\\/elinformativotam.com\\\/#\\\/schema\\\/logo\\\/image\\\/\"}},{\"@type\":\"Person\",\"@id\":\"https:\\\/\\\/elinformativotam.com\\\/#\\\/schema\\\/person\\\/78e08040eed0f6110f0c5f83b6153590\",\"name\":\"El Informativo Tam\",\"image\":{\"@type\":\"ImageObject\",\"inLanguage\":\"es\",\"@id\":\"https:\\\/\\\/secure.gravatar.com\\\/avatar\\\/f3b7ad3af540688955925ac610647be00b0cf41feea9c4978b73a707ee86bc53?s=96&d=mm&r=g\",\"url\":\"https:\\\/\\\/secure.gravatar.com\\\/avatar\\\/f3b7ad3af540688955925ac610647be00b0cf41feea9c4978b73a707ee86bc53?s=96&d=mm&r=g\",\"contentUrl\":\"https:\\\/\\\/secure.gravatar.com\\\/avatar\\\/f3b7ad3af540688955925ac610647be00b0cf41feea9c4978b73a707ee86bc53?s=96&d=mm&r=g\",\"caption\":\"El Informativo Tam\"}}]}<\/script>\n<!-- \/ Yoast SEO plugin. -->","yoast_head_json":{"title":"SE RE\u00daNE LA ALCALDESA ELECTA M\u00d3NICA VILLARREAL ANAYA CON EL PRESIDENTE MUNICIPAL SALIENTE JES\u00daS NADER - EL INFORMATIVO DE TAMAULIPAS","description":"Tampico, Tamaulipas.- La presidenta electa de Tampico, M\u00f3nica Villarreal Anaya, sostuvo una reuni\u00f3n privada la ma\u00f1ana de este lunes, con el alcalde Jes\u00fas","robots":{"index":"index","follow":"follow","max-snippet":"max-snippet:-1","max-image-preview":"max-image-preview:large","max-video-preview":"max-video-preview:-1"},"canonical":"https:\/\/elinformativotam.com\/index.php\/2024\/08\/05\/se-reune-la-alcaldesa-electa-monica-villarreal-anaya-con-el-presidente-municipal-saliente-jesus-nader\/","og_locale":"es_MX","og_type":"article","og_title":"SE RE\u00daNE LA ALCALDESA ELECTA M\u00d3NICA VILLARREAL ANAYA CON EL PRESIDENTE MUNICIPAL SALIENTE JES\u00daS NADER - EL INFORMATIVO DE TAMAULIPAS","og_description":"Tampico, Tamaulipas.- La presidenta electa de Tampico, M\u00f3nica Villarreal Anaya, sostuvo una reuni\u00f3n privada la ma\u00f1ana de este lunes, con el alcalde Jes\u00fas","og_url":"https:\/\/elinformativotam.com\/index.php\/2024\/08\/05\/se-reune-la-alcaldesa-electa-monica-villarreal-anaya-con-el-presidente-municipal-saliente-jesus-nader\/","og_site_name":"EL INFORMATIVO DE TAMAULIPAS","article_published_time":"2024-08-06T01:45:40+00:00","og_image":[{"width":1600,"height":1200,"url":"https:\/\/elinformativotam.com\/wp-content\/uploads\/2024\/08\/Reunion-con-Ch.jpeg","type":"image\/jpeg"}],"author":"El Informativo Tam","twitter_card":"summary_large_image","twitter_misc":{"Escrito por":"El Informativo Tam","Tiempo de lectura":"2 minutos"},"schema":{"@context":"https:\/\/schema.org","@graph":[{"@type":"Article","@id":"https:\/\/elinformativotam.com\/index.php\/2024\/08\/05\/se-reune-la-alcaldesa-electa-monica-villarreal-anaya-con-el-presidente-municipal-saliente-jesus-nader\/#article","isPartOf":{"@id":"https:\/\/elinformativotam.com\/index.php\/2024\/08\/05\/se-reune-la-alcaldesa-electa-monica-villarreal-anaya-con-el-presidente-municipal-saliente-jesus-nader\/"},"author":{"name":"El Informativo Tam","@id":"https:\/\/elinformativotam.com\/#\/schema\/person\/78e08040eed0f6110f0c5f83b6153590"},"headline":"SE RE\u00daNE LA ALCALDESA ELECTA M\u00d3NICA VILLARREAL ANAYA CON EL PRESIDENTE MUNICIPAL SALIENTE JES\u00daS NADER","datePublished":"2024-08-06T01:45:40+00:00","mainEntityOfPage":{"@id":"https:\/\/elinformativotam.com\/index.php\/2024\/08\/05\/se-reune-la-alcaldesa-electa-monica-villarreal-anaya-con-el-presidente-municipal-saliente-jesus-nader\/"},"wordCount":401,"commentCount":0,"publisher":{"@id":"https:\/\/elinformativotam.com\/#organization"},"image":{"@id":"https:\/\/elinformativotam.com\/index.php\/2024\/08\/05\/se-reune-la-alcaldesa-electa-monica-villarreal-anaya-con-el-presidente-municipal-saliente-jesus-nader\/#primaryimage"},"thumbnailUrl":"https:\/\/elinformativotam.com\/wp-content\/uploads\/2024\/08\/Reunion-con-Ch.jpeg","articleSection":["Tampico"],"inLanguage":"es","potentialAction":[{"@type":"CommentAction","name":"Comment","target":["https:\/\/elinformativotam.com\/index.php\/2024\/08\/05\/se-reune-la-alcaldesa-electa-monica-villarreal-anaya-con-el-presidente-municipal-saliente-jesus-nader\/#respond"]}]},{"@type":"WebPage","@id":"https:\/\/elinformativotam.com\/index.php\/2024\/08\/05\/se-reune-la-alcaldesa-electa-monica-villarreal-anaya-con-el-presidente-municipal-saliente-jesus-nader\/","url":"https:\/\/elinformativotam.com\/index.php\/2024\/08\/05\/se-reune-la-alcaldesa-electa-monica-villarreal-anaya-con-el-presidente-municipal-saliente-jesus-nader\/","name":"SE RE\u00daNE LA ALCALDESA ELECTA M\u00d3NICA VILLARREAL ANAYA CON EL PRESIDENTE MUNICIPAL SALIENTE JES\u00daS NADER - EL INFORMATIVO DE TAMAULIPAS","isPartOf":{"@id":"https:\/\/elinformativotam.com\/#website"},"primaryImageOfPage":{"@id":"https:\/\/elinformativotam.com\/index.php\/2024\/08\/05\/se-reune-la-alcaldesa-electa-monica-villarreal-anaya-con-el-presidente-municipal-saliente-jesus-nader\/#primaryimage"},"image":{"@id":"https:\/\/elinformativotam.com\/index.php\/2024\/08\/05\/se-reune-la-alcaldesa-electa-monica-villarreal-anaya-con-el-presidente-municipal-saliente-jesus-nader\/#primaryimage"},"thumbnailUrl":"https:\/\/elinformativotam.com\/wp-content\/uploads\/2024\/08\/Reunion-con-Ch.jpeg","datePublished":"2024-08-06T01:45:40+00:00","description":"Tampico, Tamaulipas.- La presidenta electa de Tampico, M\u00f3nica Villarreal Anaya, sostuvo una reuni\u00f3n privada la ma\u00f1ana de este lunes, con el alcalde Jes\u00fas","inLanguage":"es","potentialAction":[{"@type":"ReadAction","target":["https:\/\/elinformativotam.com\/index.php\/2024\/08\/05\/se-reune-la-alcaldesa-electa-monica-villarreal-anaya-con-el-presidente-municipal-saliente-jesus-nader\/"]}]},{"@type":"ImageObject","inLanguage":"es","@id":"https:\/\/elinformativotam.com\/index.php\/2024\/08\/05\/se-reune-la-alcaldesa-electa-monica-villarreal-anaya-con-el-presidente-municipal-saliente-jesus-nader\/#primaryimage","url":"https:\/\/elinformativotam.com\/wp-content\/uploads\/2024\/08\/Reunion-con-Ch.jpeg","contentUrl":"https:\/\/elinformativotam.com\/wp-content\/uploads\/2024\/08\/Reunion-con-Ch.jpeg","width":1600,"height":1200},{"@type":"WebSite","@id":"https:\/\/elinformativotam.com\/#website","url":"https:\/\/elinformativotam.com\/","name":"EL INFORMATIVO DE TAMAULIPAS","description":"Desde la Zona Metropolitana Para Todo M\u00e9xico","publisher":{"@id":"https:\/\/elinformativotam.com\/#organization"},"potentialAction":[{"@type":"SearchAction","target":{"@type":"EntryPoint","urlTemplate":"https:\/\/elinformativotam.com\/?s={search_term_string}"},"query-input":{"@type":"PropertyValueSpecification","valueRequired":true,"valueName":"search_term_string"}}],"inLanguage":"es"},{"@type":"Organization","@id":"https:\/\/elinformativotam.com\/#organization","name":"EL INFORMATIVO DE TAMAULIPAS","url":"https:\/\/elinformativotam.com\/","logo":{"@type":"ImageObject","inLanguage":"es","@id":"https:\/\/elinformativotam.com\/#\/schema\/logo\/image\/","url":"https:\/\/elinformativotam.com\/wp-content\/uploads\/2026\/02\/Cabezal.png","contentUrl":"https:\/\/elinformativotam.com\/wp-content\/uploads\/2026\/02\/Cabezal.png","width":960,"height":640,"caption":"EL INFORMATIVO DE TAMAULIPAS"},"image":{"@id":"https:\/\/elinformativotam.com\/#\/schema\/logo\/image\/"}},{"@type":"Person","@id":"https:\/\/elinformativotam.com\/#\/schema\/person\/78e08040eed0f6110f0c5f83b6153590","name":"El Informativo Tam","image":{"@type":"ImageObject","inLanguage":"es","@id":"https:\/\/secure.gravatar.com\/avatar\/f3b7ad3af540688955925ac610647be00b0cf41feea9c4978b73a707ee86bc53?s=96&d=mm&r=g","url":"https:\/\/secure.gravatar.com\/avatar\/f3b7ad3af540688955925ac610647be00b0cf41feea9c4978b73a707ee86bc53?s=96&d=mm&r=g","contentUrl":"https:\/\/secure.gravatar.com\/avatar\/f3b7ad3af540688955925ac610647be00b0cf41feea9c4978b73a707ee86bc53?s=96&d=mm&r=g","caption":"El Informativo Tam"}}]}},"_links":{"self":[{"href":"https:\/\/elinformativotam.com\/index.php\/wp-json\/wp\/v2\/posts\/51967","targetHints":{"allow":["GET"]}}],"collection":[{"href":"https:\/\/elinformativotam.com\/index.php\/wp-json\/wp\/v2\/posts"}],"about":[{"href":"https:\/\/elinformativotam.com\/index.php\/wp-json\/wp\/v2\/types\/post"}],"author":[{"embeddable":true,"href":"https:\/\/elinformativotam.com\/index.php\/wp-json\/wp\/v2\/users\/1"}],"replies":[{"embeddable":true,"href":"https:\/\/elinformativotam.com\/index.php\/wp-json\/wp\/v2\/comments?post=51967"}],"version-history":[{"count":1,"href":"https:\/\/elinformativotam.com\/index.php\/wp-json\/wp\/v2\/posts\/51967\/revisions"}],"predecessor-version":[{"id":51969,"href":"https:\/\/elinformativotam.com\/index.php\/wp-json\/wp\/v2\/posts\/51967\/revisions\/51969"}],"wp:featuredmedia":[{"embeddable":true,"href":"https:\/\/elinformativotam.com\/index.php\/wp-json\/wp\/v2\/media\/51968"}],"wp:attachment":[{"href":"https:\/\/elinformativotam.com\/index.php\/wp-json\/wp\/v2\/media?parent=51967"}],"wp:term":[{"taxonomy":"category","embeddable":true,"href":"https:\/\/elinformativotam.com\/index.php\/wp-json\/wp\/v2\/categories?post=51967"},{"taxonomy":"post_tag","embeddable":true,"href":"https:\/\/elinformativotam.com\/index.php\/wp-json\/wp\/v2\/tags?post=51967"}],"curies":[{"name":"wp","href":"https:\/\/api.w.org\/{rel}","templated":true}]}}