{"id":51420,"date":"2024-06-28T12:11:13","date_gmt":"2024-06-28T18:11:13","guid":{"rendered":"https:\/\/elinformativotam.com\/?p=51420"},"modified":"2024-06-28T15:45:08","modified_gmt":"2024-06-28T21:45:08","slug":"autobus-arrolla-abuelita-en-el-cento-de-tampico","status":"publish","type":"post","link":"https:\/\/elinformativotam.com\/index.php\/2024\/06\/28\/autobus-arrolla-abuelita-en-el-cento-de-tampico\/","title":{"rendered":"AUTOBUS ARROLLA ABUELITA EN EL CENTO DE TAMPICO\u00a0"},"content":{"rendered":"<h2 style=\"text-align: center;\"><span style=\"font-family: 'times new roman', times;\"><em>*La se\u00f1ora se dirig\u00eda por una despensa al dif<\/em><\/span><\/h2>\n<p>&nbsp;<\/p>\n<p>Microb\u00fas de la ruta Germinal por Boulevard arrolla a una persona ade la tercera edad en la esquina de L\u00f3pez de Lara y Carranza en el centro de Tampico.<\/p>\n<p>&nbsp;<\/p>\n<p>Testigos se\u00f1alan que el transporte p\u00fablico se paso la luz roja del semaforo impactando de lleno a la sexagenaria .<\/p>\n<p>&nbsp;<\/p>\n<p>Al Lugar acudieron elementos de la cruz roja quienes al valorar a la lesionada determinaron que ya no contaba con signos vitales.<\/p>\n<p>&nbsp;<\/p>\n<p>Elementos de la fiscal\u00eda se presentaron en el lugar para tomar conocimiento de los hechos y deslindar responsabilidades.<\/p>\n<p>&nbsp;<\/p>\n<p>&nbsp;<\/p>\n","protected":false},"excerpt":{"rendered":"<p>*La se\u00f1ora se dirig\u00eda por una despensa al dif &nbsp; Microb\u00fas de la ruta Germinal por Boulevard arrolla a una&hellip;<\/p>\n","protected":false},"author":1,"featured_media":51422,"comment_status":"open","ping_status":"open","sticky":false,"template":"","format":"standard","meta":{"footnotes":""},"categories":[3],"tags":[],"class_list":["post-51420","post","type-post","status-publish","format-standard","has-post-thumbnail","hentry","category-tampico"],"yoast_head":"<!-- This site is optimized with the Yoast SEO plugin v27.4 - https:\/\/yoast.com\/product\/yoast-seo-wordpress\/ -->\n<title>AUTOBUS ARROLLA ABUELITA EN EL CENTO DE TAMPICO\u00a0 - EL INFORMATIVO DE TAMAULIPAS<\/title>\n<meta name=\"description\" content=\"*La se\u00f1ora se dirig\u00eda por una despensa al dif &nbsp; Microb\u00fas de la ruta Germinal por Boulevard arrolla a una persona ade la tercera edad en la esquina de\" \/>\n<meta name=\"robots\" content=\"index, follow, max-snippet:-1, max-image-preview:large, max-video-preview:-1\" \/>\n<link rel=\"canonical\" href=\"https:\/\/elinformativotam.com\/index.php\/2024\/06\/28\/autobus-arrolla-abuelita-en-el-cento-de-tampico\/\" \/>\n<meta property=\"og:locale\" content=\"es_MX\" \/>\n<meta property=\"og:type\" content=\"article\" \/>\n<meta property=\"og:title\" content=\"AUTOBUS ARROLLA ABUELITA EN EL CENTO DE TAMPICO\u00a0 - EL INFORMATIVO DE TAMAULIPAS\" \/>\n<meta property=\"og:description\" content=\"*La se\u00f1ora se dirig\u00eda por una despensa al dif &nbsp; Microb\u00fas de la ruta Germinal por Boulevard arrolla a una persona ade la tercera edad en la esquina de\" \/>\n<meta property=\"og:url\" content=\"https:\/\/elinformativotam.com\/index.php\/2024\/06\/28\/autobus-arrolla-abuelita-en-el-cento-de-tampico\/\" \/>\n<meta property=\"og:site_name\" content=\"EL INFORMATIVO DE TAMAULIPAS\" \/>\n<meta property=\"article:published_time\" content=\"2024-06-28T18:11:13+00:00\" \/>\n<meta property=\"article:modified_time\" content=\"2024-06-28T21:45:08+00:00\" \/>\n<meta property=\"og:image\" content=\"https:\/\/elinformativotam.com\/wp-content\/uploads\/2024\/06\/IMG-20240628-WA0118-scaled.jpg\" \/>\n\t<meta property=\"og:image:width\" content=\"2560\" \/>\n\t<meta property=\"og:image:height\" content=\"1440\" \/>\n\t<meta property=\"og:image:type\" content=\"image\/jpeg\" \/>\n<meta name=\"author\" content=\"El Informativo Tam\" \/>\n<meta name=\"twitter:card\" content=\"summary_large_image\" \/>\n<meta name=\"twitter:label1\" content=\"Escrito por\" \/>\n\t<meta name=\"twitter:data1\" content=\"El Informativo Tam\" \/>\n\t<meta name=\"twitter:label2\" content=\"Tiempo de lectura\" \/>\n\t<meta name=\"twitter:data2\" content=\"1 minuto\" \/>\n<script type=\"application\/ld+json\" class=\"yoast-schema-graph\">{\"@context\":\"https:\\\/\\\/schema.org\",\"@graph\":[{\"@type\":\"Article\",\"@id\":\"https:\\\/\\\/elinformativotam.com\\\/index.php\\\/2024\\\/06\\\/28\\\/autobus-arrolla-abuelita-en-el-cento-de-tampico\\\/#article\",\"isPartOf\":{\"@id\":\"https:\\\/\\\/elinformativotam.com\\\/index.php\\\/2024\\\/06\\\/28\\\/autobus-arrolla-abuelita-en-el-cento-de-tampico\\\/\"},\"author\":{\"name\":\"El Informativo Tam\",\"@id\":\"https:\\\/\\\/elinformativotam.com\\\/#\\\/schema\\\/person\\\/78e08040eed0f6110f0c5f83b6153590\"},\"headline\":\"AUTOBUS ARROLLA ABUELITA EN EL CENTO DE TAMPICO\u00a0\",\"datePublished\":\"2024-06-28T18:11:13+00:00\",\"dateModified\":\"2024-06-28T21:45:08+00:00\",\"mainEntityOfPage\":{\"@id\":\"https:\\\/\\\/elinformativotam.com\\\/index.php\\\/2024\\\/06\\\/28\\\/autobus-arrolla-abuelita-en-el-cento-de-tampico\\\/\"},\"wordCount\":118,\"commentCount\":0,\"publisher\":{\"@id\":\"https:\\\/\\\/elinformativotam.com\\\/#organization\"},\"image\":{\"@id\":\"https:\\\/\\\/elinformativotam.com\\\/index.php\\\/2024\\\/06\\\/28\\\/autobus-arrolla-abuelita-en-el-cento-de-tampico\\\/#primaryimage\"},\"thumbnailUrl\":\"https:\\\/\\\/elinformativotam.com\\\/wp-content\\\/uploads\\\/2024\\\/06\\\/IMG-20240628-WA0118-scaled.jpg\",\"articleSection\":[\"Tampico\"],\"inLanguage\":\"es\",\"potentialAction\":[{\"@type\":\"CommentAction\",\"name\":\"Comment\",\"target\":[\"https:\\\/\\\/elinformativotam.com\\\/index.php\\\/2024\\\/06\\\/28\\\/autobus-arrolla-abuelita-en-el-cento-de-tampico\\\/#respond\"]}]},{\"@type\":\"WebPage\",\"@id\":\"https:\\\/\\\/elinformativotam.com\\\/index.php\\\/2024\\\/06\\\/28\\\/autobus-arrolla-abuelita-en-el-cento-de-tampico\\\/\",\"url\":\"https:\\\/\\\/elinformativotam.com\\\/index.php\\\/2024\\\/06\\\/28\\\/autobus-arrolla-abuelita-en-el-cento-de-tampico\\\/\",\"name\":\"AUTOBUS ARROLLA ABUELITA EN EL CENTO DE TAMPICO\u00a0 - EL INFORMATIVO DE TAMAULIPAS\",\"isPartOf\":{\"@id\":\"https:\\\/\\\/elinformativotam.com\\\/#website\"},\"primaryImageOfPage\":{\"@id\":\"https:\\\/\\\/elinformativotam.com\\\/index.php\\\/2024\\\/06\\\/28\\\/autobus-arrolla-abuelita-en-el-cento-de-tampico\\\/#primaryimage\"},\"image\":{\"@id\":\"https:\\\/\\\/elinformativotam.com\\\/index.php\\\/2024\\\/06\\\/28\\\/autobus-arrolla-abuelita-en-el-cento-de-tampico\\\/#primaryimage\"},\"thumbnailUrl\":\"https:\\\/\\\/elinformativotam.com\\\/wp-content\\\/uploads\\\/2024\\\/06\\\/IMG-20240628-WA0118-scaled.jpg\",\"datePublished\":\"2024-06-28T18:11:13+00:00\",\"dateModified\":\"2024-06-28T21:45:08+00:00\",\"description\":\"*La se\u00f1ora se dirig\u00eda por una despensa al dif &nbsp; Microb\u00fas de la ruta Germinal por Boulevard arrolla a una persona ade la tercera edad en la esquina de\",\"inLanguage\":\"es\",\"potentialAction\":[{\"@type\":\"ReadAction\",\"target\":[\"https:\\\/\\\/elinformativotam.com\\\/index.php\\\/2024\\\/06\\\/28\\\/autobus-arrolla-abuelita-en-el-cento-de-tampico\\\/\"]}]},{\"@type\":\"ImageObject\",\"inLanguage\":\"es\",\"@id\":\"https:\\\/\\\/elinformativotam.com\\\/index.php\\\/2024\\\/06\\\/28\\\/autobus-arrolla-abuelita-en-el-cento-de-tampico\\\/#primaryimage\",\"url\":\"https:\\\/\\\/elinformativotam.com\\\/wp-content\\\/uploads\\\/2024\\\/06\\\/IMG-20240628-WA0118-scaled.jpg\",\"contentUrl\":\"https:\\\/\\\/elinformativotam.com\\\/wp-content\\\/uploads\\\/2024\\\/06\\\/IMG-20240628-WA0118-scaled.jpg\",\"width\":2560,\"height\":1440},{\"@type\":\"WebSite\",\"@id\":\"https:\\\/\\\/elinformativotam.com\\\/#website\",\"url\":\"https:\\\/\\\/elinformativotam.com\\\/\",\"name\":\"EL INFORMATIVO DE TAMAULIPAS\",\"description\":\"Desde la Zona Metropolitana Para Todo M\u00e9xico\",\"publisher\":{\"@id\":\"https:\\\/\\\/elinformativotam.com\\\/#organization\"},\"potentialAction\":[{\"@type\":\"SearchAction\",\"target\":{\"@type\":\"EntryPoint\",\"urlTemplate\":\"https:\\\/\\\/elinformativotam.com\\\/?s={search_term_string}\"},\"query-input\":{\"@type\":\"PropertyValueSpecification\",\"valueRequired\":true,\"valueName\":\"search_term_string\"}}],\"inLanguage\":\"es\"},{\"@type\":\"Organization\",\"@id\":\"https:\\\/\\\/elinformativotam.com\\\/#organization\",\"name\":\"EL INFORMATIVO DE TAMAULIPAS\",\"url\":\"https:\\\/\\\/elinformativotam.com\\\/\",\"logo\":{\"@type\":\"ImageObject\",\"inLanguage\":\"es\",\"@id\":\"https:\\\/\\\/elinformativotam.com\\\/#\\\/schema\\\/logo\\\/image\\\/\",\"url\":\"https:\\\/\\\/elinformativotam.com\\\/wp-content\\\/uploads\\\/2026\\\/02\\\/Cabezal.png\",\"contentUrl\":\"https:\\\/\\\/elinformativotam.com\\\/wp-content\\\/uploads\\\/2026\\\/02\\\/Cabezal.png\",\"width\":960,\"height\":640,\"caption\":\"EL INFORMATIVO DE TAMAULIPAS\"},\"image\":{\"@id\":\"https:\\\/\\\/elinformativotam.com\\\/#\\\/schema\\\/logo\\\/image\\\/\"}},{\"@type\":\"Person\",\"@id\":\"https:\\\/\\\/elinformativotam.com\\\/#\\\/schema\\\/person\\\/78e08040eed0f6110f0c5f83b6153590\",\"name\":\"El Informativo Tam\",\"image\":{\"@type\":\"ImageObject\",\"inLanguage\":\"es\",\"@id\":\"https:\\\/\\\/secure.gravatar.com\\\/avatar\\\/f3b7ad3af540688955925ac610647be00b0cf41feea9c4978b73a707ee86bc53?s=96&d=mm&r=g\",\"url\":\"https:\\\/\\\/secure.gravatar.com\\\/avatar\\\/f3b7ad3af540688955925ac610647be00b0cf41feea9c4978b73a707ee86bc53?s=96&d=mm&r=g\",\"contentUrl\":\"https:\\\/\\\/secure.gravatar.com\\\/avatar\\\/f3b7ad3af540688955925ac610647be00b0cf41feea9c4978b73a707ee86bc53?s=96&d=mm&r=g\",\"caption\":\"El Informativo Tam\"}}]}<\/script>\n<!-- \/ Yoast SEO plugin. -->","yoast_head_json":{"title":"AUTOBUS ARROLLA ABUELITA EN EL CENTO DE TAMPICO\u00a0 - EL INFORMATIVO DE TAMAULIPAS","description":"*La se\u00f1ora se dirig\u00eda por una despensa al dif &nbsp; Microb\u00fas de la ruta Germinal por Boulevard arrolla a una persona ade la tercera edad en la esquina de","robots":{"index":"index","follow":"follow","max-snippet":"max-snippet:-1","max-image-preview":"max-image-preview:large","max-video-preview":"max-video-preview:-1"},"canonical":"https:\/\/elinformativotam.com\/index.php\/2024\/06\/28\/autobus-arrolla-abuelita-en-el-cento-de-tampico\/","og_locale":"es_MX","og_type":"article","og_title":"AUTOBUS ARROLLA ABUELITA EN EL CENTO DE TAMPICO\u00a0 - EL INFORMATIVO DE TAMAULIPAS","og_description":"*La se\u00f1ora se dirig\u00eda por una despensa al dif &nbsp; Microb\u00fas de la ruta Germinal por Boulevard arrolla a una persona ade la tercera edad en la esquina de","og_url":"https:\/\/elinformativotam.com\/index.php\/2024\/06\/28\/autobus-arrolla-abuelita-en-el-cento-de-tampico\/","og_site_name":"EL INFORMATIVO DE TAMAULIPAS","article_published_time":"2024-06-28T18:11:13+00:00","article_modified_time":"2024-06-28T21:45:08+00:00","og_image":[{"width":2560,"height":1440,"url":"https:\/\/elinformativotam.com\/wp-content\/uploads\/2024\/06\/IMG-20240628-WA0118-scaled.jpg","type":"image\/jpeg"}],"author":"El Informativo Tam","twitter_card":"summary_large_image","twitter_misc":{"Escrito por":"El Informativo Tam","Tiempo de lectura":"1 minuto"},"schema":{"@context":"https:\/\/schema.org","@graph":[{"@type":"Article","@id":"https:\/\/elinformativotam.com\/index.php\/2024\/06\/28\/autobus-arrolla-abuelita-en-el-cento-de-tampico\/#article","isPartOf":{"@id":"https:\/\/elinformativotam.com\/index.php\/2024\/06\/28\/autobus-arrolla-abuelita-en-el-cento-de-tampico\/"},"author":{"name":"El Informativo Tam","@id":"https:\/\/elinformativotam.com\/#\/schema\/person\/78e08040eed0f6110f0c5f83b6153590"},"headline":"AUTOBUS ARROLLA ABUELITA EN EL CENTO DE TAMPICO\u00a0","datePublished":"2024-06-28T18:11:13+00:00","dateModified":"2024-06-28T21:45:08+00:00","mainEntityOfPage":{"@id":"https:\/\/elinformativotam.com\/index.php\/2024\/06\/28\/autobus-arrolla-abuelita-en-el-cento-de-tampico\/"},"wordCount":118,"commentCount":0,"publisher":{"@id":"https:\/\/elinformativotam.com\/#organization"},"image":{"@id":"https:\/\/elinformativotam.com\/index.php\/2024\/06\/28\/autobus-arrolla-abuelita-en-el-cento-de-tampico\/#primaryimage"},"thumbnailUrl":"https:\/\/elinformativotam.com\/wp-content\/uploads\/2024\/06\/IMG-20240628-WA0118-scaled.jpg","articleSection":["Tampico"],"inLanguage":"es","potentialAction":[{"@type":"CommentAction","name":"Comment","target":["https:\/\/elinformativotam.com\/index.php\/2024\/06\/28\/autobus-arrolla-abuelita-en-el-cento-de-tampico\/#respond"]}]},{"@type":"WebPage","@id":"https:\/\/elinformativotam.com\/index.php\/2024\/06\/28\/autobus-arrolla-abuelita-en-el-cento-de-tampico\/","url":"https:\/\/elinformativotam.com\/index.php\/2024\/06\/28\/autobus-arrolla-abuelita-en-el-cento-de-tampico\/","name":"AUTOBUS ARROLLA ABUELITA EN EL CENTO DE TAMPICO\u00a0 - EL INFORMATIVO DE TAMAULIPAS","isPartOf":{"@id":"https:\/\/elinformativotam.com\/#website"},"primaryImageOfPage":{"@id":"https:\/\/elinformativotam.com\/index.php\/2024\/06\/28\/autobus-arrolla-abuelita-en-el-cento-de-tampico\/#primaryimage"},"image":{"@id":"https:\/\/elinformativotam.com\/index.php\/2024\/06\/28\/autobus-arrolla-abuelita-en-el-cento-de-tampico\/#primaryimage"},"thumbnailUrl":"https:\/\/elinformativotam.com\/wp-content\/uploads\/2024\/06\/IMG-20240628-WA0118-scaled.jpg","datePublished":"2024-06-28T18:11:13+00:00","dateModified":"2024-06-28T21:45:08+00:00","description":"*La se\u00f1ora se dirig\u00eda por una despensa al dif &nbsp; Microb\u00fas de la ruta Germinal por Boulevard arrolla a una persona ade la tercera edad en la esquina de","inLanguage":"es","potentialAction":[{"@type":"ReadAction","target":["https:\/\/elinformativotam.com\/index.php\/2024\/06\/28\/autobus-arrolla-abuelita-en-el-cento-de-tampico\/"]}]},{"@type":"ImageObject","inLanguage":"es","@id":"https:\/\/elinformativotam.com\/index.php\/2024\/06\/28\/autobus-arrolla-abuelita-en-el-cento-de-tampico\/#primaryimage","url":"https:\/\/elinformativotam.com\/wp-content\/uploads\/2024\/06\/IMG-20240628-WA0118-scaled.jpg","contentUrl":"https:\/\/elinformativotam.com\/wp-content\/uploads\/2024\/06\/IMG-20240628-WA0118-scaled.jpg","width":2560,"height":1440},{"@type":"WebSite","@id":"https:\/\/elinformativotam.com\/#website","url":"https:\/\/elinformativotam.com\/","name":"EL INFORMATIVO DE TAMAULIPAS","description":"Desde la Zona Metropolitana Para Todo M\u00e9xico","publisher":{"@id":"https:\/\/elinformativotam.com\/#organization"},"potentialAction":[{"@type":"SearchAction","target":{"@type":"EntryPoint","urlTemplate":"https:\/\/elinformativotam.com\/?s={search_term_string}"},"query-input":{"@type":"PropertyValueSpecification","valueRequired":true,"valueName":"search_term_string"}}],"inLanguage":"es"},{"@type":"Organization","@id":"https:\/\/elinformativotam.com\/#organization","name":"EL INFORMATIVO DE TAMAULIPAS","url":"https:\/\/elinformativotam.com\/","logo":{"@type":"ImageObject","inLanguage":"es","@id":"https:\/\/elinformativotam.com\/#\/schema\/logo\/image\/","url":"https:\/\/elinformativotam.com\/wp-content\/uploads\/2026\/02\/Cabezal.png","contentUrl":"https:\/\/elinformativotam.com\/wp-content\/uploads\/2026\/02\/Cabezal.png","width":960,"height":640,"caption":"EL INFORMATIVO DE TAMAULIPAS"},"image":{"@id":"https:\/\/elinformativotam.com\/#\/schema\/logo\/image\/"}},{"@type":"Person","@id":"https:\/\/elinformativotam.com\/#\/schema\/person\/78e08040eed0f6110f0c5f83b6153590","name":"El Informativo Tam","image":{"@type":"ImageObject","inLanguage":"es","@id":"https:\/\/secure.gravatar.com\/avatar\/f3b7ad3af540688955925ac610647be00b0cf41feea9c4978b73a707ee86bc53?s=96&d=mm&r=g","url":"https:\/\/secure.gravatar.com\/avatar\/f3b7ad3af540688955925ac610647be00b0cf41feea9c4978b73a707ee86bc53?s=96&d=mm&r=g","contentUrl":"https:\/\/secure.gravatar.com\/avatar\/f3b7ad3af540688955925ac610647be00b0cf41feea9c4978b73a707ee86bc53?s=96&d=mm&r=g","caption":"El Informativo Tam"}}]}},"_links":{"self":[{"href":"https:\/\/elinformativotam.com\/index.php\/wp-json\/wp\/v2\/posts\/51420","targetHints":{"allow":["GET"]}}],"collection":[{"href":"https:\/\/elinformativotam.com\/index.php\/wp-json\/wp\/v2\/posts"}],"about":[{"href":"https:\/\/elinformativotam.com\/index.php\/wp-json\/wp\/v2\/types\/post"}],"author":[{"embeddable":true,"href":"https:\/\/elinformativotam.com\/index.php\/wp-json\/wp\/v2\/users\/1"}],"replies":[{"embeddable":true,"href":"https:\/\/elinformativotam.com\/index.php\/wp-json\/wp\/v2\/comments?post=51420"}],"version-history":[{"count":2,"href":"https:\/\/elinformativotam.com\/index.php\/wp-json\/wp\/v2\/posts\/51420\/revisions"}],"predecessor-version":[{"id":51425,"href":"https:\/\/elinformativotam.com\/index.php\/wp-json\/wp\/v2\/posts\/51420\/revisions\/51425"}],"wp:featuredmedia":[{"embeddable":true,"href":"https:\/\/elinformativotam.com\/index.php\/wp-json\/wp\/v2\/media\/51422"}],"wp:attachment":[{"href":"https:\/\/elinformativotam.com\/index.php\/wp-json\/wp\/v2\/media?parent=51420"}],"wp:term":[{"taxonomy":"category","embeddable":true,"href":"https:\/\/elinformativotam.com\/index.php\/wp-json\/wp\/v2\/categories?post=51420"},{"taxonomy":"post_tag","embeddable":true,"href":"https:\/\/elinformativotam.com\/index.php\/wp-json\/wp\/v2\/tags?post=51420"}],"curies":[{"name":"wp","href":"https:\/\/api.w.org\/{rel}","templated":true}]}}