{"id":51398,"date":"2024-06-27T21:13:39","date_gmt":"2024-06-28T03:13:39","guid":{"rendered":"https:\/\/elinformativotam.com\/?p=51398"},"modified":"2024-06-27T21:13:39","modified_gmt":"2024-06-28T03:13:39","slug":"aumentan-casos-de-dengue-y-covid-en-zona-metropolitana","status":"publish","type":"post","link":"https:\/\/elinformativotam.com\/index.php\/2024\/06\/27\/aumentan-casos-de-dengue-y-covid-en-zona-metropolitana\/","title":{"rendered":"AUMENTAN CASOS DE DENGUE Y COVID EN ZONA METROPOLITANA"},"content":{"rendered":"<h2 style=\"text-align: center;\"><em><span style=\"font-family: 'times new roman', times;\">*Exhortan A Seguir Con Las Medidas De Prevenci\u00f3n En Ambos Padecimientos<\/span><\/em><\/h2>\n<p>&nbsp;<\/p>\n<p>Los casos de Covid han tenido un incremento del 30% en las \u00faltimas semanas, y un 40% m\u00e1s en padecimientos por Dengue en la zona sur, advirti\u00f3 la edil porte\u00f1a y coordinadora de la comisi\u00f3n de salud en el cabildo, Juana Laura Rivera Salas<\/p>\n<p>&nbsp;<\/p>\n<p>La concejal del PAN en Tampico, exhort\u00f3 a la poblaci\u00f3n a cuidarse del impacto del Covid, que a poco m\u00e1s de tres a\u00f1os de pandemia, sigue causando da\u00f1o, pero ya como un padecimiento sin riesgo mayor.<\/p>\n<p>&nbsp;<\/p>\n<p>Expres\u00f3, que los casos han ido a la alza en las \u00faltimas semanas, al grado de que en la regi\u00f3n hay reportes de un incremento importante.<\/p>\n<p>&nbsp;<\/p>\n<p>&#8220;Sobre todo en las instituciones m\u00e9dicas privadas y consultorios, y de personas que son asintom\u00e1ticos y que no est\u00e1n acudiendo a hacerse la prueba&#8221;, dijo<\/p>\n<p>&nbsp;<\/p>\n<p>En torno a los casos de dengue, la concejal y presidenta de la comisi\u00f3n de salud en el cabildo, reiter\u00f3 que tambi\u00e9n es un padecimiento que est\u00e1 a la alza, con el factor principal del aumento en las lluvias.<\/p>\n<p>&nbsp;<\/p>\n<p>Apunt\u00f3, que el monitoreo es constante en las colonias que est\u00e1n situadas cerca del sistema lagunario y el R\u00edo P\u00e1nuco, adem\u00e1s de la alta acumulaci\u00f3n de agua potable en domicilios, luego de la escasez que se suscit\u00f3 del vital l\u00edquido.<\/p>\n<p>&nbsp;<\/p>\n<p>&#8220;Hay que recordar que habitamos una zona end\u00e9mica y con las lluvias m\u00e1s, de ah\u00ed la importancia de que la autoridad sanitaria insista en las campa\u00f1as de abatizaci\u00f3n y fumigaci\u00f3n, y que la poblaci\u00f3n no acumule cacharros ni agua expuesta al intemperie&#8221;<\/p>\n<p>&nbsp;<\/p>\n<p>Record\u00f3 que en la regi\u00f3n hay cuatro tipos de mosco transmisor que propagan el padecimiento, que no debe de salir de control en esta \u00e9poca cicl\u00f3nica y de pr\u00f3ximas lluvias.<\/p>\n","protected":false},"excerpt":{"rendered":"<p>*Exhortan A Seguir Con Las Medidas De Prevenci\u00f3n En Ambos Padecimientos &nbsp; Los casos de Covid han tenido un incremento&hellip;<\/p>\n","protected":false},"author":1,"featured_media":51399,"comment_status":"open","ping_status":"open","sticky":false,"template":"","format":"standard","meta":{"footnotes":""},"categories":[3],"tags":[],"class_list":["post-51398","post","type-post","status-publish","format-standard","has-post-thumbnail","hentry","category-tampico"],"yoast_head":"<!-- This site is optimized with the Yoast SEO plugin v27.4 - https:\/\/yoast.com\/product\/yoast-seo-wordpress\/ -->\n<title>AUMENTAN CASOS DE DENGUE Y COVID EN ZONA METROPOLITANA - EL INFORMATIVO DE TAMAULIPAS<\/title>\n<meta name=\"description\" content=\"*Exhortan A Seguir Con Las Medidas De Prevenci\u00f3n En Ambos Padecimientos &nbsp; Los casos de Covid han tenido un incremento del 30% en las \u00faltimas semanas,\" \/>\n<meta name=\"robots\" content=\"index, follow, max-snippet:-1, max-image-preview:large, max-video-preview:-1\" \/>\n<link rel=\"canonical\" href=\"https:\/\/elinformativotam.com\/index.php\/2024\/06\/27\/aumentan-casos-de-dengue-y-covid-en-zona-metropolitana\/\" \/>\n<meta property=\"og:locale\" content=\"es_MX\" \/>\n<meta property=\"og:type\" content=\"article\" \/>\n<meta property=\"og:title\" content=\"AUMENTAN CASOS DE DENGUE Y COVID EN ZONA METROPOLITANA - EL INFORMATIVO DE TAMAULIPAS\" \/>\n<meta property=\"og:description\" content=\"*Exhortan A Seguir Con Las Medidas De Prevenci\u00f3n En Ambos Padecimientos &nbsp; Los casos de Covid han tenido un incremento del 30% en las \u00faltimas semanas,\" \/>\n<meta property=\"og:url\" content=\"https:\/\/elinformativotam.com\/index.php\/2024\/06\/27\/aumentan-casos-de-dengue-y-covid-en-zona-metropolitana\/\" \/>\n<meta property=\"og:site_name\" content=\"EL INFORMATIVO DE TAMAULIPAS\" \/>\n<meta property=\"article:published_time\" content=\"2024-06-28T03:13:39+00:00\" \/>\n<meta property=\"og:image\" content=\"https:\/\/elinformativotam.com\/wp-content\/uploads\/2024\/06\/Juana-Laura.jpeg\" \/>\n\t<meta property=\"og:image:width\" content=\"1600\" \/>\n\t<meta property=\"og:image:height\" content=\"1204\" \/>\n\t<meta property=\"og:image:type\" content=\"image\/jpeg\" \/>\n<meta name=\"author\" content=\"El Informativo Tam\" \/>\n<meta name=\"twitter:card\" content=\"summary_large_image\" \/>\n<meta name=\"twitter:label1\" content=\"Escrito por\" \/>\n\t<meta name=\"twitter:data1\" content=\"El Informativo Tam\" \/>\n\t<meta name=\"twitter:label2\" content=\"Tiempo de lectura\" \/>\n\t<meta name=\"twitter:data2\" content=\"2 minutos\" \/>\n<script type=\"application\/ld+json\" class=\"yoast-schema-graph\">{\"@context\":\"https:\\\/\\\/schema.org\",\"@graph\":[{\"@type\":\"Article\",\"@id\":\"https:\\\/\\\/elinformativotam.com\\\/index.php\\\/2024\\\/06\\\/27\\\/aumentan-casos-de-dengue-y-covid-en-zona-metropolitana\\\/#article\",\"isPartOf\":{\"@id\":\"https:\\\/\\\/elinformativotam.com\\\/index.php\\\/2024\\\/06\\\/27\\\/aumentan-casos-de-dengue-y-covid-en-zona-metropolitana\\\/\"},\"author\":{\"name\":\"El Informativo Tam\",\"@id\":\"https:\\\/\\\/elinformativotam.com\\\/#\\\/schema\\\/person\\\/78e08040eed0f6110f0c5f83b6153590\"},\"headline\":\"AUMENTAN CASOS DE DENGUE Y COVID EN ZONA METROPOLITANA\",\"datePublished\":\"2024-06-28T03:13:39+00:00\",\"mainEntityOfPage\":{\"@id\":\"https:\\\/\\\/elinformativotam.com\\\/index.php\\\/2024\\\/06\\\/27\\\/aumentan-casos-de-dengue-y-covid-en-zona-metropolitana\\\/\"},\"wordCount\":337,\"commentCount\":0,\"publisher\":{\"@id\":\"https:\\\/\\\/elinformativotam.com\\\/#organization\"},\"image\":{\"@id\":\"https:\\\/\\\/elinformativotam.com\\\/index.php\\\/2024\\\/06\\\/27\\\/aumentan-casos-de-dengue-y-covid-en-zona-metropolitana\\\/#primaryimage\"},\"thumbnailUrl\":\"https:\\\/\\\/elinformativotam.com\\\/wp-content\\\/uploads\\\/2024\\\/06\\\/Juana-Laura.jpeg\",\"articleSection\":[\"Tampico\"],\"inLanguage\":\"es\",\"potentialAction\":[{\"@type\":\"CommentAction\",\"name\":\"Comment\",\"target\":[\"https:\\\/\\\/elinformativotam.com\\\/index.php\\\/2024\\\/06\\\/27\\\/aumentan-casos-de-dengue-y-covid-en-zona-metropolitana\\\/#respond\"]}]},{\"@type\":\"WebPage\",\"@id\":\"https:\\\/\\\/elinformativotam.com\\\/index.php\\\/2024\\\/06\\\/27\\\/aumentan-casos-de-dengue-y-covid-en-zona-metropolitana\\\/\",\"url\":\"https:\\\/\\\/elinformativotam.com\\\/index.php\\\/2024\\\/06\\\/27\\\/aumentan-casos-de-dengue-y-covid-en-zona-metropolitana\\\/\",\"name\":\"AUMENTAN CASOS DE DENGUE Y COVID EN ZONA METROPOLITANA - EL INFORMATIVO DE TAMAULIPAS\",\"isPartOf\":{\"@id\":\"https:\\\/\\\/elinformativotam.com\\\/#website\"},\"primaryImageOfPage\":{\"@id\":\"https:\\\/\\\/elinformativotam.com\\\/index.php\\\/2024\\\/06\\\/27\\\/aumentan-casos-de-dengue-y-covid-en-zona-metropolitana\\\/#primaryimage\"},\"image\":{\"@id\":\"https:\\\/\\\/elinformativotam.com\\\/index.php\\\/2024\\\/06\\\/27\\\/aumentan-casos-de-dengue-y-covid-en-zona-metropolitana\\\/#primaryimage\"},\"thumbnailUrl\":\"https:\\\/\\\/elinformativotam.com\\\/wp-content\\\/uploads\\\/2024\\\/06\\\/Juana-Laura.jpeg\",\"datePublished\":\"2024-06-28T03:13:39+00:00\",\"description\":\"*Exhortan A Seguir Con Las Medidas De Prevenci\u00f3n En Ambos Padecimientos &nbsp; Los casos de Covid han tenido un incremento del 30% en las \u00faltimas semanas,\",\"inLanguage\":\"es\",\"potentialAction\":[{\"@type\":\"ReadAction\",\"target\":[\"https:\\\/\\\/elinformativotam.com\\\/index.php\\\/2024\\\/06\\\/27\\\/aumentan-casos-de-dengue-y-covid-en-zona-metropolitana\\\/\"]}]},{\"@type\":\"ImageObject\",\"inLanguage\":\"es\",\"@id\":\"https:\\\/\\\/elinformativotam.com\\\/index.php\\\/2024\\\/06\\\/27\\\/aumentan-casos-de-dengue-y-covid-en-zona-metropolitana\\\/#primaryimage\",\"url\":\"https:\\\/\\\/elinformativotam.com\\\/wp-content\\\/uploads\\\/2024\\\/06\\\/Juana-Laura.jpeg\",\"contentUrl\":\"https:\\\/\\\/elinformativotam.com\\\/wp-content\\\/uploads\\\/2024\\\/06\\\/Juana-Laura.jpeg\",\"width\":1600,\"height\":1204},{\"@type\":\"WebSite\",\"@id\":\"https:\\\/\\\/elinformativotam.com\\\/#website\",\"url\":\"https:\\\/\\\/elinformativotam.com\\\/\",\"name\":\"EL INFORMATIVO DE TAMAULIPAS\",\"description\":\"Desde la Zona Metropolitana Para Todo M\u00e9xico\",\"publisher\":{\"@id\":\"https:\\\/\\\/elinformativotam.com\\\/#organization\"},\"potentialAction\":[{\"@type\":\"SearchAction\",\"target\":{\"@type\":\"EntryPoint\",\"urlTemplate\":\"https:\\\/\\\/elinformativotam.com\\\/?s={search_term_string}\"},\"query-input\":{\"@type\":\"PropertyValueSpecification\",\"valueRequired\":true,\"valueName\":\"search_term_string\"}}],\"inLanguage\":\"es\"},{\"@type\":\"Organization\",\"@id\":\"https:\\\/\\\/elinformativotam.com\\\/#organization\",\"name\":\"EL INFORMATIVO DE TAMAULIPAS\",\"url\":\"https:\\\/\\\/elinformativotam.com\\\/\",\"logo\":{\"@type\":\"ImageObject\",\"inLanguage\":\"es\",\"@id\":\"https:\\\/\\\/elinformativotam.com\\\/#\\\/schema\\\/logo\\\/image\\\/\",\"url\":\"https:\\\/\\\/elinformativotam.com\\\/wp-content\\\/uploads\\\/2026\\\/02\\\/Cabezal.png\",\"contentUrl\":\"https:\\\/\\\/elinformativotam.com\\\/wp-content\\\/uploads\\\/2026\\\/02\\\/Cabezal.png\",\"width\":960,\"height\":640,\"caption\":\"EL INFORMATIVO DE TAMAULIPAS\"},\"image\":{\"@id\":\"https:\\\/\\\/elinformativotam.com\\\/#\\\/schema\\\/logo\\\/image\\\/\"}},{\"@type\":\"Person\",\"@id\":\"https:\\\/\\\/elinformativotam.com\\\/#\\\/schema\\\/person\\\/78e08040eed0f6110f0c5f83b6153590\",\"name\":\"El Informativo Tam\",\"image\":{\"@type\":\"ImageObject\",\"inLanguage\":\"es\",\"@id\":\"https:\\\/\\\/secure.gravatar.com\\\/avatar\\\/f3b7ad3af540688955925ac610647be00b0cf41feea9c4978b73a707ee86bc53?s=96&d=mm&r=g\",\"url\":\"https:\\\/\\\/secure.gravatar.com\\\/avatar\\\/f3b7ad3af540688955925ac610647be00b0cf41feea9c4978b73a707ee86bc53?s=96&d=mm&r=g\",\"contentUrl\":\"https:\\\/\\\/secure.gravatar.com\\\/avatar\\\/f3b7ad3af540688955925ac610647be00b0cf41feea9c4978b73a707ee86bc53?s=96&d=mm&r=g\",\"caption\":\"El Informativo Tam\"}}]}<\/script>\n<!-- \/ Yoast SEO plugin. -->","yoast_head_json":{"title":"AUMENTAN CASOS DE DENGUE Y COVID EN ZONA METROPOLITANA - EL INFORMATIVO DE TAMAULIPAS","description":"*Exhortan A Seguir Con Las Medidas De Prevenci\u00f3n En Ambos Padecimientos &nbsp; Los casos de Covid han tenido un incremento del 30% en las \u00faltimas semanas,","robots":{"index":"index","follow":"follow","max-snippet":"max-snippet:-1","max-image-preview":"max-image-preview:large","max-video-preview":"max-video-preview:-1"},"canonical":"https:\/\/elinformativotam.com\/index.php\/2024\/06\/27\/aumentan-casos-de-dengue-y-covid-en-zona-metropolitana\/","og_locale":"es_MX","og_type":"article","og_title":"AUMENTAN CASOS DE DENGUE Y COVID EN ZONA METROPOLITANA - EL INFORMATIVO DE TAMAULIPAS","og_description":"*Exhortan A Seguir Con Las Medidas De Prevenci\u00f3n En Ambos Padecimientos &nbsp; Los casos de Covid han tenido un incremento del 30% en las \u00faltimas semanas,","og_url":"https:\/\/elinformativotam.com\/index.php\/2024\/06\/27\/aumentan-casos-de-dengue-y-covid-en-zona-metropolitana\/","og_site_name":"EL INFORMATIVO DE TAMAULIPAS","article_published_time":"2024-06-28T03:13:39+00:00","og_image":[{"width":1600,"height":1204,"url":"https:\/\/elinformativotam.com\/wp-content\/uploads\/2024\/06\/Juana-Laura.jpeg","type":"image\/jpeg"}],"author":"El Informativo Tam","twitter_card":"summary_large_image","twitter_misc":{"Escrito por":"El Informativo Tam","Tiempo de lectura":"2 minutos"},"schema":{"@context":"https:\/\/schema.org","@graph":[{"@type":"Article","@id":"https:\/\/elinformativotam.com\/index.php\/2024\/06\/27\/aumentan-casos-de-dengue-y-covid-en-zona-metropolitana\/#article","isPartOf":{"@id":"https:\/\/elinformativotam.com\/index.php\/2024\/06\/27\/aumentan-casos-de-dengue-y-covid-en-zona-metropolitana\/"},"author":{"name":"El Informativo Tam","@id":"https:\/\/elinformativotam.com\/#\/schema\/person\/78e08040eed0f6110f0c5f83b6153590"},"headline":"AUMENTAN CASOS DE DENGUE Y COVID EN ZONA METROPOLITANA","datePublished":"2024-06-28T03:13:39+00:00","mainEntityOfPage":{"@id":"https:\/\/elinformativotam.com\/index.php\/2024\/06\/27\/aumentan-casos-de-dengue-y-covid-en-zona-metropolitana\/"},"wordCount":337,"commentCount":0,"publisher":{"@id":"https:\/\/elinformativotam.com\/#organization"},"image":{"@id":"https:\/\/elinformativotam.com\/index.php\/2024\/06\/27\/aumentan-casos-de-dengue-y-covid-en-zona-metropolitana\/#primaryimage"},"thumbnailUrl":"https:\/\/elinformativotam.com\/wp-content\/uploads\/2024\/06\/Juana-Laura.jpeg","articleSection":["Tampico"],"inLanguage":"es","potentialAction":[{"@type":"CommentAction","name":"Comment","target":["https:\/\/elinformativotam.com\/index.php\/2024\/06\/27\/aumentan-casos-de-dengue-y-covid-en-zona-metropolitana\/#respond"]}]},{"@type":"WebPage","@id":"https:\/\/elinformativotam.com\/index.php\/2024\/06\/27\/aumentan-casos-de-dengue-y-covid-en-zona-metropolitana\/","url":"https:\/\/elinformativotam.com\/index.php\/2024\/06\/27\/aumentan-casos-de-dengue-y-covid-en-zona-metropolitana\/","name":"AUMENTAN CASOS DE DENGUE Y COVID EN ZONA METROPOLITANA - EL INFORMATIVO DE TAMAULIPAS","isPartOf":{"@id":"https:\/\/elinformativotam.com\/#website"},"primaryImageOfPage":{"@id":"https:\/\/elinformativotam.com\/index.php\/2024\/06\/27\/aumentan-casos-de-dengue-y-covid-en-zona-metropolitana\/#primaryimage"},"image":{"@id":"https:\/\/elinformativotam.com\/index.php\/2024\/06\/27\/aumentan-casos-de-dengue-y-covid-en-zona-metropolitana\/#primaryimage"},"thumbnailUrl":"https:\/\/elinformativotam.com\/wp-content\/uploads\/2024\/06\/Juana-Laura.jpeg","datePublished":"2024-06-28T03:13:39+00:00","description":"*Exhortan A Seguir Con Las Medidas De Prevenci\u00f3n En Ambos Padecimientos &nbsp; Los casos de Covid han tenido un incremento del 30% en las \u00faltimas semanas,","inLanguage":"es","potentialAction":[{"@type":"ReadAction","target":["https:\/\/elinformativotam.com\/index.php\/2024\/06\/27\/aumentan-casos-de-dengue-y-covid-en-zona-metropolitana\/"]}]},{"@type":"ImageObject","inLanguage":"es","@id":"https:\/\/elinformativotam.com\/index.php\/2024\/06\/27\/aumentan-casos-de-dengue-y-covid-en-zona-metropolitana\/#primaryimage","url":"https:\/\/elinformativotam.com\/wp-content\/uploads\/2024\/06\/Juana-Laura.jpeg","contentUrl":"https:\/\/elinformativotam.com\/wp-content\/uploads\/2024\/06\/Juana-Laura.jpeg","width":1600,"height":1204},{"@type":"WebSite","@id":"https:\/\/elinformativotam.com\/#website","url":"https:\/\/elinformativotam.com\/","name":"EL INFORMATIVO DE TAMAULIPAS","description":"Desde la Zona Metropolitana Para Todo M\u00e9xico","publisher":{"@id":"https:\/\/elinformativotam.com\/#organization"},"potentialAction":[{"@type":"SearchAction","target":{"@type":"EntryPoint","urlTemplate":"https:\/\/elinformativotam.com\/?s={search_term_string}"},"query-input":{"@type":"PropertyValueSpecification","valueRequired":true,"valueName":"search_term_string"}}],"inLanguage":"es"},{"@type":"Organization","@id":"https:\/\/elinformativotam.com\/#organization","name":"EL INFORMATIVO DE TAMAULIPAS","url":"https:\/\/elinformativotam.com\/","logo":{"@type":"ImageObject","inLanguage":"es","@id":"https:\/\/elinformativotam.com\/#\/schema\/logo\/image\/","url":"https:\/\/elinformativotam.com\/wp-content\/uploads\/2026\/02\/Cabezal.png","contentUrl":"https:\/\/elinformativotam.com\/wp-content\/uploads\/2026\/02\/Cabezal.png","width":960,"height":640,"caption":"EL INFORMATIVO DE TAMAULIPAS"},"image":{"@id":"https:\/\/elinformativotam.com\/#\/schema\/logo\/image\/"}},{"@type":"Person","@id":"https:\/\/elinformativotam.com\/#\/schema\/person\/78e08040eed0f6110f0c5f83b6153590","name":"El Informativo Tam","image":{"@type":"ImageObject","inLanguage":"es","@id":"https:\/\/secure.gravatar.com\/avatar\/f3b7ad3af540688955925ac610647be00b0cf41feea9c4978b73a707ee86bc53?s=96&d=mm&r=g","url":"https:\/\/secure.gravatar.com\/avatar\/f3b7ad3af540688955925ac610647be00b0cf41feea9c4978b73a707ee86bc53?s=96&d=mm&r=g","contentUrl":"https:\/\/secure.gravatar.com\/avatar\/f3b7ad3af540688955925ac610647be00b0cf41feea9c4978b73a707ee86bc53?s=96&d=mm&r=g","caption":"El Informativo Tam"}}]}},"_links":{"self":[{"href":"https:\/\/elinformativotam.com\/index.php\/wp-json\/wp\/v2\/posts\/51398","targetHints":{"allow":["GET"]}}],"collection":[{"href":"https:\/\/elinformativotam.com\/index.php\/wp-json\/wp\/v2\/posts"}],"about":[{"href":"https:\/\/elinformativotam.com\/index.php\/wp-json\/wp\/v2\/types\/post"}],"author":[{"embeddable":true,"href":"https:\/\/elinformativotam.com\/index.php\/wp-json\/wp\/v2\/users\/1"}],"replies":[{"embeddable":true,"href":"https:\/\/elinformativotam.com\/index.php\/wp-json\/wp\/v2\/comments?post=51398"}],"version-history":[{"count":1,"href":"https:\/\/elinformativotam.com\/index.php\/wp-json\/wp\/v2\/posts\/51398\/revisions"}],"predecessor-version":[{"id":51400,"href":"https:\/\/elinformativotam.com\/index.php\/wp-json\/wp\/v2\/posts\/51398\/revisions\/51400"}],"wp:featuredmedia":[{"embeddable":true,"href":"https:\/\/elinformativotam.com\/index.php\/wp-json\/wp\/v2\/media\/51399"}],"wp:attachment":[{"href":"https:\/\/elinformativotam.com\/index.php\/wp-json\/wp\/v2\/media?parent=51398"}],"wp:term":[{"taxonomy":"category","embeddable":true,"href":"https:\/\/elinformativotam.com\/index.php\/wp-json\/wp\/v2\/categories?post=51398"},{"taxonomy":"post_tag","embeddable":true,"href":"https:\/\/elinformativotam.com\/index.php\/wp-json\/wp\/v2\/tags?post=51398"}],"curies":[{"name":"wp","href":"https:\/\/api.w.org\/{rel}","templated":true}]}}