{"id":51385,"date":"2024-06-27T20:41:55","date_gmt":"2024-06-28T02:41:55","guid":{"rendered":"https:\/\/elinformativotam.com\/?p=51385"},"modified":"2024-06-27T20:41:55","modified_gmt":"2024-06-28T02:41:55","slug":"necesario-establecer-soluciones-a-mediano-y-largo-plazo-en-tema-del-agua-con-diagnostico-del-sistema-lagunario","status":"publish","type":"post","link":"https:\/\/elinformativotam.com\/index.php\/2024\/06\/27\/necesario-establecer-soluciones-a-mediano-y-largo-plazo-en-tema-del-agua-con-diagnostico-del-sistema-lagunario\/","title":{"rendered":"NECESARIO ESTABLECER SOLUCIONES A MEDIANO Y LARGO PLAZO EN TEMA DEL AGUA CON DIAGN\u00d3STICO DEL SISTEMA LAGUNARIO"},"content":{"rendered":"<h2 style=\"text-align: center;\"><em><span style=\"font-family: 'times new roman', times;\">*La Operaci\u00f3n De M\u00e1s Plantas Tratadoras De Aguas Residuales Permitir\u00e1 Conocer Si Es Necesario Construir Desalinizadoras<\/span><\/em>.<\/h2>\n<p>&nbsp;<\/p>\n<p>Con un plan estrat\u00e9gico que permita conocer en qu\u00e9 condiciones se encuentra el sistema lagunario y que proyectos realizar a corto, mediano y largo plazo para ya no tener escasez del vital l\u00edquido, la Mesa Ciudadana del Agua, se apresta a llevar a cabo una serie de acciones que iniciar\u00e1n en este a\u00f1o, que incluye la realizaci\u00f3n de un foro metropolitano del agua, donde participen todas las voces involucradas en el tema.<\/p>\n<p>&nbsp;<\/p>\n<p>Luis Apperti Llovet, coordinador de la mesa del agua, se\u00f1al\u00f3 que dentro de los planes est\u00e1 la formalizaci\u00f3n del ente con personalidad jur\u00eddica, es decir que pase a ser una asociaci\u00f3n civil, donde puedan sumarse todos los sectores con posturas y propuestas.<\/p>\n<p>&nbsp;<\/p>\n<p>Acompa\u00f1ado de integrantes, el coordinador del ente ciudadano del vital l\u00edquido, reiter\u00f3 que es necesario cristalizar el proyecto de la cortina del Moralillo, as\u00ed como atender otros ipuntos importantes<\/p>\n<p>&nbsp;<\/p>\n<p>&#8220;Como el contar con un diagn\u00f3stico de lo que pasa en el sistema lagunario, tener datos duros para comenzar a tomar decisiones de los proyectos son urgentes y necesarios&#8221;.<\/p>\n<p>&nbsp;<\/p>\n<p>Destac\u00f3 que dentro de ese plan estrat\u00e9gico de gran visi\u00f3n en el tema del abasto del agua, se encuentra el realizar un foro metropolitano del agua, en este mismo a\u00f1o, donde participen todas las voces, y de esta manera tengan un espacio para dar sus opiniones en torno al tema tan delicado hoy en d\u00eda.<\/p>\n<p>&nbsp;<\/p>\n<p>Resalt\u00f3 que al tener formalmente la Asociaci\u00f3n Civil se podr\u00e1 trabajar en los pr\u00f3ximos cien a\u00f1os &#8220;con una organizaci\u00f3n definida, que tome el liderazgo en los pr\u00f3ximos a\u00f1os para el manejo del agua y del medio ambiente&#8221;, resalt\u00f3<\/p>\n<p>&nbsp;<\/p>\n<p>Apperti, dej\u00f3 claro que los proyectos a largo plazo son la construcci\u00f3n de plantas de tratamiento de aguas residuales, que ayuden a sanear el 50% de las aguas negras que se generan en la zona sur &#8220;y esta agua la consuma la industria para que deje de tomar agua del sistema lagunario<\/p>\n<p>&nbsp;<\/p>\n<p>&#8220;Y de esta manera se conozca si esto alcanza o tengamos que comenzar a desalinizar agua del Mar o del P\u00e1nuco&#8221;, resalt\u00f3<\/p>\n<p>&nbsp;<\/p>\n<p>Puntualiz\u00f3 que la cuenca del R\u00edo Guayalejo y Tames\u00ed es la m\u00e1s rica en cuanto a flujo del vital l\u00edquido, incluso tres veces m\u00e1s por arriba del R\u00edo P\u00e1nuco<\/p>\n<p>&nbsp;<\/p>\n<p>Con las recientes lluvias que dej\u00f3 los dos fen\u00f3menos hidrometerol\u00f3gicos, el sistema lagunario presenta un 75% de su capacidad de almacenaje, con 63 cent\u00edmetros en la bocatoma Chairel.<\/p>\n","protected":false},"excerpt":{"rendered":"<p>*La Operaci\u00f3n De M\u00e1s Plantas Tratadoras De Aguas Residuales Permitir\u00e1 Conocer Si Es Necesario Construir Desalinizadoras. &nbsp; Con un plan&hellip;<\/p>\n","protected":false},"author":1,"featured_media":51386,"comment_status":"open","ping_status":"open","sticky":false,"template":"","format":"standard","meta":{"footnotes":""},"categories":[3],"tags":[],"class_list":["post-51385","post","type-post","status-publish","format-standard","has-post-thumbnail","hentry","category-tampico"],"yoast_head":"<!-- This site is optimized with the Yoast SEO plugin v27.4 - https:\/\/yoast.com\/product\/yoast-seo-wordpress\/ -->\n<title>NECESARIO ESTABLECER SOLUCIONES A MEDIANO Y LARGO PLAZO EN TEMA DEL AGUA CON DIAGN\u00d3STICO DEL SISTEMA LAGUNARIO - EL INFORMATIVO DE TAMAULIPAS<\/title>\n<meta name=\"description\" content=\"*La Operaci\u00f3n De M\u00e1s Plantas Tratadoras De Aguas Residuales Permitir\u00e1 Conocer Si Es Necesario Construir Desalinizadoras. &nbsp; Con un plan estrat\u00e9gico\" \/>\n<meta name=\"robots\" content=\"index, follow, max-snippet:-1, max-image-preview:large, max-video-preview:-1\" \/>\n<link rel=\"canonical\" href=\"https:\/\/elinformativotam.com\/index.php\/2024\/06\/27\/necesario-establecer-soluciones-a-mediano-y-largo-plazo-en-tema-del-agua-con-diagnostico-del-sistema-lagunario\/\" \/>\n<meta property=\"og:locale\" content=\"es_MX\" \/>\n<meta property=\"og:type\" content=\"article\" \/>\n<meta property=\"og:title\" content=\"NECESARIO ESTABLECER SOLUCIONES A MEDIANO Y LARGO PLAZO EN TEMA DEL AGUA CON DIAGN\u00d3STICO DEL SISTEMA LAGUNARIO - EL INFORMATIVO DE TAMAULIPAS\" \/>\n<meta property=\"og:description\" content=\"*La Operaci\u00f3n De M\u00e1s Plantas Tratadoras De Aguas Residuales Permitir\u00e1 Conocer Si Es Necesario Construir Desalinizadoras. &nbsp; Con un plan estrat\u00e9gico\" \/>\n<meta property=\"og:url\" content=\"https:\/\/elinformativotam.com\/index.php\/2024\/06\/27\/necesario-establecer-soluciones-a-mediano-y-largo-plazo-en-tema-del-agua-con-diagnostico-del-sistema-lagunario\/\" \/>\n<meta property=\"og:site_name\" content=\"EL INFORMATIVO DE TAMAULIPAS\" \/>\n<meta property=\"article:published_time\" content=\"2024-06-28T02:41:55+00:00\" \/>\n<meta property=\"og:image\" content=\"https:\/\/elinformativotam.com\/wp-content\/uploads\/2024\/06\/Apperti.jpeg\" \/>\n\t<meta property=\"og:image:width\" content=\"1600\" \/>\n\t<meta property=\"og:image:height\" content=\"1204\" \/>\n\t<meta property=\"og:image:type\" content=\"image\/jpeg\" \/>\n<meta name=\"author\" content=\"El Informativo Tam\" \/>\n<meta name=\"twitter:card\" content=\"summary_large_image\" \/>\n<meta name=\"twitter:label1\" content=\"Escrito por\" \/>\n\t<meta name=\"twitter:data1\" content=\"El Informativo Tam\" \/>\n\t<meta name=\"twitter:label2\" content=\"Tiempo de lectura\" \/>\n\t<meta name=\"twitter:data2\" content=\"3 minutos\" \/>\n<script type=\"application\/ld+json\" class=\"yoast-schema-graph\">{\"@context\":\"https:\\\/\\\/schema.org\",\"@graph\":[{\"@type\":\"Article\",\"@id\":\"https:\\\/\\\/elinformativotam.com\\\/index.php\\\/2024\\\/06\\\/27\\\/necesario-establecer-soluciones-a-mediano-y-largo-plazo-en-tema-del-agua-con-diagnostico-del-sistema-lagunario\\\/#article\",\"isPartOf\":{\"@id\":\"https:\\\/\\\/elinformativotam.com\\\/index.php\\\/2024\\\/06\\\/27\\\/necesario-establecer-soluciones-a-mediano-y-largo-plazo-en-tema-del-agua-con-diagnostico-del-sistema-lagunario\\\/\"},\"author\":{\"name\":\"El Informativo Tam\",\"@id\":\"https:\\\/\\\/elinformativotam.com\\\/#\\\/schema\\\/person\\\/78e08040eed0f6110f0c5f83b6153590\"},\"headline\":\"NECESARIO ESTABLECER SOLUCIONES A MEDIANO Y LARGO PLAZO EN TEMA DEL AGUA CON DIAGN\u00d3STICO DEL SISTEMA LAGUNARIO\",\"datePublished\":\"2024-06-28T02:41:55+00:00\",\"mainEntityOfPage\":{\"@id\":\"https:\\\/\\\/elinformativotam.com\\\/index.php\\\/2024\\\/06\\\/27\\\/necesario-establecer-soluciones-a-mediano-y-largo-plazo-en-tema-del-agua-con-diagnostico-del-sistema-lagunario\\\/\"},\"wordCount\":472,\"commentCount\":0,\"publisher\":{\"@id\":\"https:\\\/\\\/elinformativotam.com\\\/#organization\"},\"image\":{\"@id\":\"https:\\\/\\\/elinformativotam.com\\\/index.php\\\/2024\\\/06\\\/27\\\/necesario-establecer-soluciones-a-mediano-y-largo-plazo-en-tema-del-agua-con-diagnostico-del-sistema-lagunario\\\/#primaryimage\"},\"thumbnailUrl\":\"https:\\\/\\\/elinformativotam.com\\\/wp-content\\\/uploads\\\/2024\\\/06\\\/Apperti.jpeg\",\"articleSection\":[\"Tampico\"],\"inLanguage\":\"es\",\"potentialAction\":[{\"@type\":\"CommentAction\",\"name\":\"Comment\",\"target\":[\"https:\\\/\\\/elinformativotam.com\\\/index.php\\\/2024\\\/06\\\/27\\\/necesario-establecer-soluciones-a-mediano-y-largo-plazo-en-tema-del-agua-con-diagnostico-del-sistema-lagunario\\\/#respond\"]}]},{\"@type\":\"WebPage\",\"@id\":\"https:\\\/\\\/elinformativotam.com\\\/index.php\\\/2024\\\/06\\\/27\\\/necesario-establecer-soluciones-a-mediano-y-largo-plazo-en-tema-del-agua-con-diagnostico-del-sistema-lagunario\\\/\",\"url\":\"https:\\\/\\\/elinformativotam.com\\\/index.php\\\/2024\\\/06\\\/27\\\/necesario-establecer-soluciones-a-mediano-y-largo-plazo-en-tema-del-agua-con-diagnostico-del-sistema-lagunario\\\/\",\"name\":\"NECESARIO ESTABLECER SOLUCIONES A MEDIANO Y LARGO PLAZO EN TEMA DEL AGUA CON DIAGN\u00d3STICO DEL SISTEMA LAGUNARIO - EL INFORMATIVO DE TAMAULIPAS\",\"isPartOf\":{\"@id\":\"https:\\\/\\\/elinformativotam.com\\\/#website\"},\"primaryImageOfPage\":{\"@id\":\"https:\\\/\\\/elinformativotam.com\\\/index.php\\\/2024\\\/06\\\/27\\\/necesario-establecer-soluciones-a-mediano-y-largo-plazo-en-tema-del-agua-con-diagnostico-del-sistema-lagunario\\\/#primaryimage\"},\"image\":{\"@id\":\"https:\\\/\\\/elinformativotam.com\\\/index.php\\\/2024\\\/06\\\/27\\\/necesario-establecer-soluciones-a-mediano-y-largo-plazo-en-tema-del-agua-con-diagnostico-del-sistema-lagunario\\\/#primaryimage\"},\"thumbnailUrl\":\"https:\\\/\\\/elinformativotam.com\\\/wp-content\\\/uploads\\\/2024\\\/06\\\/Apperti.jpeg\",\"datePublished\":\"2024-06-28T02:41:55+00:00\",\"description\":\"*La Operaci\u00f3n De M\u00e1s Plantas Tratadoras De Aguas Residuales Permitir\u00e1 Conocer Si Es Necesario Construir Desalinizadoras. &nbsp; Con un plan estrat\u00e9gico\",\"inLanguage\":\"es\",\"potentialAction\":[{\"@type\":\"ReadAction\",\"target\":[\"https:\\\/\\\/elinformativotam.com\\\/index.php\\\/2024\\\/06\\\/27\\\/necesario-establecer-soluciones-a-mediano-y-largo-plazo-en-tema-del-agua-con-diagnostico-del-sistema-lagunario\\\/\"]}]},{\"@type\":\"ImageObject\",\"inLanguage\":\"es\",\"@id\":\"https:\\\/\\\/elinformativotam.com\\\/index.php\\\/2024\\\/06\\\/27\\\/necesario-establecer-soluciones-a-mediano-y-largo-plazo-en-tema-del-agua-con-diagnostico-del-sistema-lagunario\\\/#primaryimage\",\"url\":\"https:\\\/\\\/elinformativotam.com\\\/wp-content\\\/uploads\\\/2024\\\/06\\\/Apperti.jpeg\",\"contentUrl\":\"https:\\\/\\\/elinformativotam.com\\\/wp-content\\\/uploads\\\/2024\\\/06\\\/Apperti.jpeg\",\"width\":1600,\"height\":1204},{\"@type\":\"WebSite\",\"@id\":\"https:\\\/\\\/elinformativotam.com\\\/#website\",\"url\":\"https:\\\/\\\/elinformativotam.com\\\/\",\"name\":\"EL INFORMATIVO DE TAMAULIPAS\",\"description\":\"Desde la Zona Metropolitana Para Todo M\u00e9xico\",\"publisher\":{\"@id\":\"https:\\\/\\\/elinformativotam.com\\\/#organization\"},\"potentialAction\":[{\"@type\":\"SearchAction\",\"target\":{\"@type\":\"EntryPoint\",\"urlTemplate\":\"https:\\\/\\\/elinformativotam.com\\\/?s={search_term_string}\"},\"query-input\":{\"@type\":\"PropertyValueSpecification\",\"valueRequired\":true,\"valueName\":\"search_term_string\"}}],\"inLanguage\":\"es\"},{\"@type\":\"Organization\",\"@id\":\"https:\\\/\\\/elinformativotam.com\\\/#organization\",\"name\":\"EL INFORMATIVO DE TAMAULIPAS\",\"url\":\"https:\\\/\\\/elinformativotam.com\\\/\",\"logo\":{\"@type\":\"ImageObject\",\"inLanguage\":\"es\",\"@id\":\"https:\\\/\\\/elinformativotam.com\\\/#\\\/schema\\\/logo\\\/image\\\/\",\"url\":\"https:\\\/\\\/elinformativotam.com\\\/wp-content\\\/uploads\\\/2026\\\/02\\\/Cabezal.png\",\"contentUrl\":\"https:\\\/\\\/elinformativotam.com\\\/wp-content\\\/uploads\\\/2026\\\/02\\\/Cabezal.png\",\"width\":960,\"height\":640,\"caption\":\"EL INFORMATIVO DE TAMAULIPAS\"},\"image\":{\"@id\":\"https:\\\/\\\/elinformativotam.com\\\/#\\\/schema\\\/logo\\\/image\\\/\"}},{\"@type\":\"Person\",\"@id\":\"https:\\\/\\\/elinformativotam.com\\\/#\\\/schema\\\/person\\\/78e08040eed0f6110f0c5f83b6153590\",\"name\":\"El Informativo Tam\",\"image\":{\"@type\":\"ImageObject\",\"inLanguage\":\"es\",\"@id\":\"https:\\\/\\\/secure.gravatar.com\\\/avatar\\\/f3b7ad3af540688955925ac610647be00b0cf41feea9c4978b73a707ee86bc53?s=96&d=mm&r=g\",\"url\":\"https:\\\/\\\/secure.gravatar.com\\\/avatar\\\/f3b7ad3af540688955925ac610647be00b0cf41feea9c4978b73a707ee86bc53?s=96&d=mm&r=g\",\"contentUrl\":\"https:\\\/\\\/secure.gravatar.com\\\/avatar\\\/f3b7ad3af540688955925ac610647be00b0cf41feea9c4978b73a707ee86bc53?s=96&d=mm&r=g\",\"caption\":\"El Informativo Tam\"}}]}<\/script>\n<!-- \/ Yoast SEO plugin. -->","yoast_head_json":{"title":"NECESARIO ESTABLECER SOLUCIONES A MEDIANO Y LARGO PLAZO EN TEMA DEL AGUA CON DIAGN\u00d3STICO DEL SISTEMA LAGUNARIO - EL INFORMATIVO DE TAMAULIPAS","description":"*La Operaci\u00f3n De M\u00e1s Plantas Tratadoras De Aguas Residuales Permitir\u00e1 Conocer Si Es Necesario Construir Desalinizadoras. &nbsp; Con un plan estrat\u00e9gico","robots":{"index":"index","follow":"follow","max-snippet":"max-snippet:-1","max-image-preview":"max-image-preview:large","max-video-preview":"max-video-preview:-1"},"canonical":"https:\/\/elinformativotam.com\/index.php\/2024\/06\/27\/necesario-establecer-soluciones-a-mediano-y-largo-plazo-en-tema-del-agua-con-diagnostico-del-sistema-lagunario\/","og_locale":"es_MX","og_type":"article","og_title":"NECESARIO ESTABLECER SOLUCIONES A MEDIANO Y LARGO PLAZO EN TEMA DEL AGUA CON DIAGN\u00d3STICO DEL SISTEMA LAGUNARIO - EL INFORMATIVO DE TAMAULIPAS","og_description":"*La Operaci\u00f3n De M\u00e1s Plantas Tratadoras De Aguas Residuales Permitir\u00e1 Conocer Si Es Necesario Construir Desalinizadoras. &nbsp; Con un plan estrat\u00e9gico","og_url":"https:\/\/elinformativotam.com\/index.php\/2024\/06\/27\/necesario-establecer-soluciones-a-mediano-y-largo-plazo-en-tema-del-agua-con-diagnostico-del-sistema-lagunario\/","og_site_name":"EL INFORMATIVO DE TAMAULIPAS","article_published_time":"2024-06-28T02:41:55+00:00","og_image":[{"width":1600,"height":1204,"url":"https:\/\/elinformativotam.com\/wp-content\/uploads\/2024\/06\/Apperti.jpeg","type":"image\/jpeg"}],"author":"El Informativo Tam","twitter_card":"summary_large_image","twitter_misc":{"Escrito por":"El Informativo Tam","Tiempo de lectura":"3 minutos"},"schema":{"@context":"https:\/\/schema.org","@graph":[{"@type":"Article","@id":"https:\/\/elinformativotam.com\/index.php\/2024\/06\/27\/necesario-establecer-soluciones-a-mediano-y-largo-plazo-en-tema-del-agua-con-diagnostico-del-sistema-lagunario\/#article","isPartOf":{"@id":"https:\/\/elinformativotam.com\/index.php\/2024\/06\/27\/necesario-establecer-soluciones-a-mediano-y-largo-plazo-en-tema-del-agua-con-diagnostico-del-sistema-lagunario\/"},"author":{"name":"El Informativo Tam","@id":"https:\/\/elinformativotam.com\/#\/schema\/person\/78e08040eed0f6110f0c5f83b6153590"},"headline":"NECESARIO ESTABLECER SOLUCIONES A MEDIANO Y LARGO PLAZO EN TEMA DEL AGUA CON DIAGN\u00d3STICO DEL SISTEMA LAGUNARIO","datePublished":"2024-06-28T02:41:55+00:00","mainEntityOfPage":{"@id":"https:\/\/elinformativotam.com\/index.php\/2024\/06\/27\/necesario-establecer-soluciones-a-mediano-y-largo-plazo-en-tema-del-agua-con-diagnostico-del-sistema-lagunario\/"},"wordCount":472,"commentCount":0,"publisher":{"@id":"https:\/\/elinformativotam.com\/#organization"},"image":{"@id":"https:\/\/elinformativotam.com\/index.php\/2024\/06\/27\/necesario-establecer-soluciones-a-mediano-y-largo-plazo-en-tema-del-agua-con-diagnostico-del-sistema-lagunario\/#primaryimage"},"thumbnailUrl":"https:\/\/elinformativotam.com\/wp-content\/uploads\/2024\/06\/Apperti.jpeg","articleSection":["Tampico"],"inLanguage":"es","potentialAction":[{"@type":"CommentAction","name":"Comment","target":["https:\/\/elinformativotam.com\/index.php\/2024\/06\/27\/necesario-establecer-soluciones-a-mediano-y-largo-plazo-en-tema-del-agua-con-diagnostico-del-sistema-lagunario\/#respond"]}]},{"@type":"WebPage","@id":"https:\/\/elinformativotam.com\/index.php\/2024\/06\/27\/necesario-establecer-soluciones-a-mediano-y-largo-plazo-en-tema-del-agua-con-diagnostico-del-sistema-lagunario\/","url":"https:\/\/elinformativotam.com\/index.php\/2024\/06\/27\/necesario-establecer-soluciones-a-mediano-y-largo-plazo-en-tema-del-agua-con-diagnostico-del-sistema-lagunario\/","name":"NECESARIO ESTABLECER SOLUCIONES A MEDIANO Y LARGO PLAZO EN TEMA DEL AGUA CON DIAGN\u00d3STICO DEL SISTEMA LAGUNARIO - EL INFORMATIVO DE TAMAULIPAS","isPartOf":{"@id":"https:\/\/elinformativotam.com\/#website"},"primaryImageOfPage":{"@id":"https:\/\/elinformativotam.com\/index.php\/2024\/06\/27\/necesario-establecer-soluciones-a-mediano-y-largo-plazo-en-tema-del-agua-con-diagnostico-del-sistema-lagunario\/#primaryimage"},"image":{"@id":"https:\/\/elinformativotam.com\/index.php\/2024\/06\/27\/necesario-establecer-soluciones-a-mediano-y-largo-plazo-en-tema-del-agua-con-diagnostico-del-sistema-lagunario\/#primaryimage"},"thumbnailUrl":"https:\/\/elinformativotam.com\/wp-content\/uploads\/2024\/06\/Apperti.jpeg","datePublished":"2024-06-28T02:41:55+00:00","description":"*La Operaci\u00f3n De M\u00e1s Plantas Tratadoras De Aguas Residuales Permitir\u00e1 Conocer Si Es Necesario Construir Desalinizadoras. &nbsp; Con un plan estrat\u00e9gico","inLanguage":"es","potentialAction":[{"@type":"ReadAction","target":["https:\/\/elinformativotam.com\/index.php\/2024\/06\/27\/necesario-establecer-soluciones-a-mediano-y-largo-plazo-en-tema-del-agua-con-diagnostico-del-sistema-lagunario\/"]}]},{"@type":"ImageObject","inLanguage":"es","@id":"https:\/\/elinformativotam.com\/index.php\/2024\/06\/27\/necesario-establecer-soluciones-a-mediano-y-largo-plazo-en-tema-del-agua-con-diagnostico-del-sistema-lagunario\/#primaryimage","url":"https:\/\/elinformativotam.com\/wp-content\/uploads\/2024\/06\/Apperti.jpeg","contentUrl":"https:\/\/elinformativotam.com\/wp-content\/uploads\/2024\/06\/Apperti.jpeg","width":1600,"height":1204},{"@type":"WebSite","@id":"https:\/\/elinformativotam.com\/#website","url":"https:\/\/elinformativotam.com\/","name":"EL INFORMATIVO DE TAMAULIPAS","description":"Desde la Zona Metropolitana Para Todo M\u00e9xico","publisher":{"@id":"https:\/\/elinformativotam.com\/#organization"},"potentialAction":[{"@type":"SearchAction","target":{"@type":"EntryPoint","urlTemplate":"https:\/\/elinformativotam.com\/?s={search_term_string}"},"query-input":{"@type":"PropertyValueSpecification","valueRequired":true,"valueName":"search_term_string"}}],"inLanguage":"es"},{"@type":"Organization","@id":"https:\/\/elinformativotam.com\/#organization","name":"EL INFORMATIVO DE TAMAULIPAS","url":"https:\/\/elinformativotam.com\/","logo":{"@type":"ImageObject","inLanguage":"es","@id":"https:\/\/elinformativotam.com\/#\/schema\/logo\/image\/","url":"https:\/\/elinformativotam.com\/wp-content\/uploads\/2026\/02\/Cabezal.png","contentUrl":"https:\/\/elinformativotam.com\/wp-content\/uploads\/2026\/02\/Cabezal.png","width":960,"height":640,"caption":"EL INFORMATIVO DE TAMAULIPAS"},"image":{"@id":"https:\/\/elinformativotam.com\/#\/schema\/logo\/image\/"}},{"@type":"Person","@id":"https:\/\/elinformativotam.com\/#\/schema\/person\/78e08040eed0f6110f0c5f83b6153590","name":"El Informativo Tam","image":{"@type":"ImageObject","inLanguage":"es","@id":"https:\/\/secure.gravatar.com\/avatar\/f3b7ad3af540688955925ac610647be00b0cf41feea9c4978b73a707ee86bc53?s=96&d=mm&r=g","url":"https:\/\/secure.gravatar.com\/avatar\/f3b7ad3af540688955925ac610647be00b0cf41feea9c4978b73a707ee86bc53?s=96&d=mm&r=g","contentUrl":"https:\/\/secure.gravatar.com\/avatar\/f3b7ad3af540688955925ac610647be00b0cf41feea9c4978b73a707ee86bc53?s=96&d=mm&r=g","caption":"El Informativo Tam"}}]}},"_links":{"self":[{"href":"https:\/\/elinformativotam.com\/index.php\/wp-json\/wp\/v2\/posts\/51385","targetHints":{"allow":["GET"]}}],"collection":[{"href":"https:\/\/elinformativotam.com\/index.php\/wp-json\/wp\/v2\/posts"}],"about":[{"href":"https:\/\/elinformativotam.com\/index.php\/wp-json\/wp\/v2\/types\/post"}],"author":[{"embeddable":true,"href":"https:\/\/elinformativotam.com\/index.php\/wp-json\/wp\/v2\/users\/1"}],"replies":[{"embeddable":true,"href":"https:\/\/elinformativotam.com\/index.php\/wp-json\/wp\/v2\/comments?post=51385"}],"version-history":[{"count":1,"href":"https:\/\/elinformativotam.com\/index.php\/wp-json\/wp\/v2\/posts\/51385\/revisions"}],"predecessor-version":[{"id":51387,"href":"https:\/\/elinformativotam.com\/index.php\/wp-json\/wp\/v2\/posts\/51385\/revisions\/51387"}],"wp:featuredmedia":[{"embeddable":true,"href":"https:\/\/elinformativotam.com\/index.php\/wp-json\/wp\/v2\/media\/51386"}],"wp:attachment":[{"href":"https:\/\/elinformativotam.com\/index.php\/wp-json\/wp\/v2\/media?parent=51385"}],"wp:term":[{"taxonomy":"category","embeddable":true,"href":"https:\/\/elinformativotam.com\/index.php\/wp-json\/wp\/v2\/categories?post=51385"},{"taxonomy":"post_tag","embeddable":true,"href":"https:\/\/elinformativotam.com\/index.php\/wp-json\/wp\/v2\/tags?post=51385"}],"curies":[{"name":"wp","href":"https:\/\/api.w.org\/{rel}","templated":true}]}}