{"id":51382,"date":"2024-06-27T20:38:25","date_gmt":"2024-06-28T02:38:25","guid":{"rendered":"https:\/\/elinformativotam.com\/?p=51382"},"modified":"2024-06-27T20:38:25","modified_gmt":"2024-06-28T02:38:25","slug":"abogados-del-sur-en-contra-de-traslado-de-junta-federal-de-conciliacion-a-victoria","status":"publish","type":"post","link":"https:\/\/elinformativotam.com\/index.php\/2024\/06\/27\/abogados-del-sur-en-contra-de-traslado-de-junta-federal-de-conciliacion-a-victoria\/","title":{"rendered":"ABOGADOS DEL SUR EN CONTRA DE TRASLADO DE JUNTA FEDERAL DE CONCILIACI\u00d3N A VICTORIA"},"content":{"rendered":"<h2 style=\"text-align: center;\"><em><span style=\"font-family: 'times new roman', times;\">*Con Protesta Exigen A La Autoridad Que Detenga Dicho Traslado Que Ocasionar\u00e1 Da\u00f1o A La Econom\u00eda De Clientes Y De Los Profesionales De Las Leyes<\/span><\/em><\/h2>\n<p>&nbsp;<\/p>\n<p>Abogados de la zona sur se inconformaron, \u00e9ste mi\u00e9rcoles en las afueras del Palacio Federal ubicado en la zona centro de Tampico, para se\u00f1alar que el Gobierno Federal est\u00e1 encareciendo la procuraci\u00f3n de la justicia, luego de que este lunes fue trasladada a Ciudad Victoria, la Junta de Conciliaci\u00f3n y Arbitraje 39 con mas de 6 mil expedientes en tr\u00e1mite<\/p>\n<p>&nbsp;<\/p>\n<p>Julio C\u00e9sar Segura Mart\u00ednez, quien dijo dedicarse al litigio, se\u00f1al\u00f3 que con estos cambios autorizados por la Federaci\u00f3n, lo \u00fanico que provocan es que la econom\u00eda se complique para sus clientes, y qui\u00e9nes llevan asuntos jur\u00eddicos en dicha junta.<\/p>\n<p>&nbsp;<\/p>\n<p>Destac\u00f3 que desde el lunes pasado las oficinas fueron cerradas al p\u00fablico &#8220;sin un aviso claro de que habr\u00edan de llevar a cabo ese cambio&#8221;<\/p>\n<p>&nbsp;<\/p>\n<p>Melisa Le\u00f3n, abogada de la zona, indic\u00f3 que con ese cambio los gastos de los juicios se llevar\u00e1n, adem\u00e1s de ser m\u00e1s laboriosos para los profesionistas.<\/p>\n<p>&nbsp;<\/p>\n<p>&#8220;Y ahora tendremos que viajar a la capital del estado. En la junta de Ciudad Victoria(37) manejan mil expedientes y lo m\u00e1s l\u00f3gico era que la hubieran cambiado hacia ac\u00e1, y no llevarse \u00e9sta que tiene m\u00e1s de 6 mil asuntos y 24 trabajadores&#8221;.<\/p>\n<p>&nbsp;<\/p>\n<p>Aquiles Navarro, qui\u00e9n tambi\u00e9n dijo ser abogado, apunt\u00f3 que dichos cambios se deben a la nuevo sistema de justicia laboral iniciado en el 2022, y que entre otras cosas obedece a una serie de cambios administrativos con el fin de eficientar las juntas de conciliaci\u00f3n y arbitraje federales<\/p>\n<p>&nbsp;<\/p>\n<p>Finalmente, los litigantes dijeron que acudir\u00e1n a la acci\u00f3n de inconstitucionalidad para tratar de revocar los cambios hechos en esa oficina de gobierno.<\/p>\n<p>&nbsp;<\/p>\n<p>C\u00f3mo se recordar\u00e1 hace unos meses tambi\u00e9n fue cambiado de sede el Tribunal Agrario a Ciudad Mante, mismo que se situ\u00f3 en Tampico por muchos a\u00f1os, pues entre los inconformes se pudo ver al actual alcalde de Altamira, Armando Mart\u00ednez Manr\u00edquez.<\/p>\n<p>&nbsp;<\/p>\n","protected":false},"excerpt":{"rendered":"<p>*Con Protesta Exigen A La Autoridad Que Detenga Dicho Traslado Que Ocasionar\u00e1 Da\u00f1o A La Econom\u00eda De Clientes Y De&hellip;<\/p>\n","protected":false},"author":1,"featured_media":51383,"comment_status":"open","ping_status":"open","sticky":false,"template":"","format":"standard","meta":{"footnotes":""},"categories":[3],"tags":[],"class_list":["post-51382","post","type-post","status-publish","format-standard","has-post-thumbnail","hentry","category-tampico"],"yoast_head":"<!-- This site is optimized with the Yoast SEO plugin v27.4 - https:\/\/yoast.com\/product\/yoast-seo-wordpress\/ -->\n<title>ABOGADOS DEL SUR EN CONTRA DE TRASLADO DE JUNTA FEDERAL DE CONCILIACI\u00d3N A VICTORIA - EL INFORMATIVO DE TAMAULIPAS<\/title>\n<meta name=\"description\" content=\"*Con Protesta Exigen A La Autoridad Que Detenga Dicho Traslado Que Ocasionar\u00e1 Da\u00f1o A La Econom\u00eda De Clientes Y De Los Profesionales De Las Leyes &nbsp;\" \/>\n<meta name=\"robots\" content=\"index, follow, max-snippet:-1, max-image-preview:large, max-video-preview:-1\" \/>\n<link rel=\"canonical\" href=\"https:\/\/elinformativotam.com\/index.php\/2024\/06\/27\/abogados-del-sur-en-contra-de-traslado-de-junta-federal-de-conciliacion-a-victoria\/\" \/>\n<meta property=\"og:locale\" content=\"es_MX\" \/>\n<meta property=\"og:type\" content=\"article\" \/>\n<meta property=\"og:title\" content=\"ABOGADOS DEL SUR EN CONTRA DE TRASLADO DE JUNTA FEDERAL DE CONCILIACI\u00d3N A VICTORIA - EL INFORMATIVO DE TAMAULIPAS\" \/>\n<meta property=\"og:description\" content=\"*Con Protesta Exigen A La Autoridad Que Detenga Dicho Traslado Que Ocasionar\u00e1 Da\u00f1o A La Econom\u00eda De Clientes Y De Los Profesionales De Las Leyes &nbsp;\" \/>\n<meta property=\"og:url\" content=\"https:\/\/elinformativotam.com\/index.php\/2024\/06\/27\/abogados-del-sur-en-contra-de-traslado-de-junta-federal-de-conciliacion-a-victoria\/\" \/>\n<meta property=\"og:site_name\" content=\"EL INFORMATIVO DE TAMAULIPAS\" \/>\n<meta property=\"article:published_time\" content=\"2024-06-28T02:38:25+00:00\" \/>\n<meta property=\"og:image\" content=\"https:\/\/elinformativotam.com\/wp-content\/uploads\/2024\/06\/Junta.jpeg\" \/>\n\t<meta property=\"og:image:width\" content=\"1600\" \/>\n\t<meta property=\"og:image:height\" content=\"1204\" \/>\n\t<meta property=\"og:image:type\" content=\"image\/jpeg\" \/>\n<meta name=\"author\" content=\"El Informativo Tam\" \/>\n<meta name=\"twitter:card\" content=\"summary_large_image\" \/>\n<meta name=\"twitter:label1\" content=\"Escrito por\" \/>\n\t<meta name=\"twitter:data1\" content=\"El Informativo Tam\" \/>\n\t<meta name=\"twitter:label2\" content=\"Tiempo de lectura\" \/>\n\t<meta name=\"twitter:data2\" content=\"2 minutos\" \/>\n<script type=\"application\/ld+json\" class=\"yoast-schema-graph\">{\"@context\":\"https:\\\/\\\/schema.org\",\"@graph\":[{\"@type\":\"Article\",\"@id\":\"https:\\\/\\\/elinformativotam.com\\\/index.php\\\/2024\\\/06\\\/27\\\/abogados-del-sur-en-contra-de-traslado-de-junta-federal-de-conciliacion-a-victoria\\\/#article\",\"isPartOf\":{\"@id\":\"https:\\\/\\\/elinformativotam.com\\\/index.php\\\/2024\\\/06\\\/27\\\/abogados-del-sur-en-contra-de-traslado-de-junta-federal-de-conciliacion-a-victoria\\\/\"},\"author\":{\"name\":\"El Informativo Tam\",\"@id\":\"https:\\\/\\\/elinformativotam.com\\\/#\\\/schema\\\/person\\\/78e08040eed0f6110f0c5f83b6153590\"},\"headline\":\"ABOGADOS DEL SUR EN CONTRA DE TRASLADO DE JUNTA FEDERAL DE CONCILIACI\u00d3N A VICTORIA\",\"datePublished\":\"2024-06-28T02:38:25+00:00\",\"mainEntityOfPage\":{\"@id\":\"https:\\\/\\\/elinformativotam.com\\\/index.php\\\/2024\\\/06\\\/27\\\/abogados-del-sur-en-contra-de-traslado-de-junta-federal-de-conciliacion-a-victoria\\\/\"},\"wordCount\":383,\"commentCount\":0,\"publisher\":{\"@id\":\"https:\\\/\\\/elinformativotam.com\\\/#organization\"},\"image\":{\"@id\":\"https:\\\/\\\/elinformativotam.com\\\/index.php\\\/2024\\\/06\\\/27\\\/abogados-del-sur-en-contra-de-traslado-de-junta-federal-de-conciliacion-a-victoria\\\/#primaryimage\"},\"thumbnailUrl\":\"https:\\\/\\\/elinformativotam.com\\\/wp-content\\\/uploads\\\/2024\\\/06\\\/Junta.jpeg\",\"articleSection\":[\"Tampico\"],\"inLanguage\":\"es\",\"potentialAction\":[{\"@type\":\"CommentAction\",\"name\":\"Comment\",\"target\":[\"https:\\\/\\\/elinformativotam.com\\\/index.php\\\/2024\\\/06\\\/27\\\/abogados-del-sur-en-contra-de-traslado-de-junta-federal-de-conciliacion-a-victoria\\\/#respond\"]}]},{\"@type\":\"WebPage\",\"@id\":\"https:\\\/\\\/elinformativotam.com\\\/index.php\\\/2024\\\/06\\\/27\\\/abogados-del-sur-en-contra-de-traslado-de-junta-federal-de-conciliacion-a-victoria\\\/\",\"url\":\"https:\\\/\\\/elinformativotam.com\\\/index.php\\\/2024\\\/06\\\/27\\\/abogados-del-sur-en-contra-de-traslado-de-junta-federal-de-conciliacion-a-victoria\\\/\",\"name\":\"ABOGADOS DEL SUR EN CONTRA DE TRASLADO DE JUNTA FEDERAL DE CONCILIACI\u00d3N A VICTORIA - EL INFORMATIVO DE TAMAULIPAS\",\"isPartOf\":{\"@id\":\"https:\\\/\\\/elinformativotam.com\\\/#website\"},\"primaryImageOfPage\":{\"@id\":\"https:\\\/\\\/elinformativotam.com\\\/index.php\\\/2024\\\/06\\\/27\\\/abogados-del-sur-en-contra-de-traslado-de-junta-federal-de-conciliacion-a-victoria\\\/#primaryimage\"},\"image\":{\"@id\":\"https:\\\/\\\/elinformativotam.com\\\/index.php\\\/2024\\\/06\\\/27\\\/abogados-del-sur-en-contra-de-traslado-de-junta-federal-de-conciliacion-a-victoria\\\/#primaryimage\"},\"thumbnailUrl\":\"https:\\\/\\\/elinformativotam.com\\\/wp-content\\\/uploads\\\/2024\\\/06\\\/Junta.jpeg\",\"datePublished\":\"2024-06-28T02:38:25+00:00\",\"description\":\"*Con Protesta Exigen A La Autoridad Que Detenga Dicho Traslado Que Ocasionar\u00e1 Da\u00f1o A La Econom\u00eda De Clientes Y De Los Profesionales De Las Leyes &nbsp;\",\"inLanguage\":\"es\",\"potentialAction\":[{\"@type\":\"ReadAction\",\"target\":[\"https:\\\/\\\/elinformativotam.com\\\/index.php\\\/2024\\\/06\\\/27\\\/abogados-del-sur-en-contra-de-traslado-de-junta-federal-de-conciliacion-a-victoria\\\/\"]}]},{\"@type\":\"ImageObject\",\"inLanguage\":\"es\",\"@id\":\"https:\\\/\\\/elinformativotam.com\\\/index.php\\\/2024\\\/06\\\/27\\\/abogados-del-sur-en-contra-de-traslado-de-junta-federal-de-conciliacion-a-victoria\\\/#primaryimage\",\"url\":\"https:\\\/\\\/elinformativotam.com\\\/wp-content\\\/uploads\\\/2024\\\/06\\\/Junta.jpeg\",\"contentUrl\":\"https:\\\/\\\/elinformativotam.com\\\/wp-content\\\/uploads\\\/2024\\\/06\\\/Junta.jpeg\",\"width\":1600,\"height\":1204},{\"@type\":\"WebSite\",\"@id\":\"https:\\\/\\\/elinformativotam.com\\\/#website\",\"url\":\"https:\\\/\\\/elinformativotam.com\\\/\",\"name\":\"EL INFORMATIVO DE TAMAULIPAS\",\"description\":\"Desde la Zona Metropolitana Para Todo M\u00e9xico\",\"publisher\":{\"@id\":\"https:\\\/\\\/elinformativotam.com\\\/#organization\"},\"potentialAction\":[{\"@type\":\"SearchAction\",\"target\":{\"@type\":\"EntryPoint\",\"urlTemplate\":\"https:\\\/\\\/elinformativotam.com\\\/?s={search_term_string}\"},\"query-input\":{\"@type\":\"PropertyValueSpecification\",\"valueRequired\":true,\"valueName\":\"search_term_string\"}}],\"inLanguage\":\"es\"},{\"@type\":\"Organization\",\"@id\":\"https:\\\/\\\/elinformativotam.com\\\/#organization\",\"name\":\"EL INFORMATIVO DE TAMAULIPAS\",\"url\":\"https:\\\/\\\/elinformativotam.com\\\/\",\"logo\":{\"@type\":\"ImageObject\",\"inLanguage\":\"es\",\"@id\":\"https:\\\/\\\/elinformativotam.com\\\/#\\\/schema\\\/logo\\\/image\\\/\",\"url\":\"https:\\\/\\\/elinformativotam.com\\\/wp-content\\\/uploads\\\/2026\\\/02\\\/Cabezal.png\",\"contentUrl\":\"https:\\\/\\\/elinformativotam.com\\\/wp-content\\\/uploads\\\/2026\\\/02\\\/Cabezal.png\",\"width\":960,\"height\":640,\"caption\":\"EL INFORMATIVO DE TAMAULIPAS\"},\"image\":{\"@id\":\"https:\\\/\\\/elinformativotam.com\\\/#\\\/schema\\\/logo\\\/image\\\/\"}},{\"@type\":\"Person\",\"@id\":\"https:\\\/\\\/elinformativotam.com\\\/#\\\/schema\\\/person\\\/78e08040eed0f6110f0c5f83b6153590\",\"name\":\"El Informativo Tam\",\"image\":{\"@type\":\"ImageObject\",\"inLanguage\":\"es\",\"@id\":\"https:\\\/\\\/secure.gravatar.com\\\/avatar\\\/f3b7ad3af540688955925ac610647be00b0cf41feea9c4978b73a707ee86bc53?s=96&d=mm&r=g\",\"url\":\"https:\\\/\\\/secure.gravatar.com\\\/avatar\\\/f3b7ad3af540688955925ac610647be00b0cf41feea9c4978b73a707ee86bc53?s=96&d=mm&r=g\",\"contentUrl\":\"https:\\\/\\\/secure.gravatar.com\\\/avatar\\\/f3b7ad3af540688955925ac610647be00b0cf41feea9c4978b73a707ee86bc53?s=96&d=mm&r=g\",\"caption\":\"El Informativo Tam\"}}]}<\/script>\n<!-- \/ Yoast SEO plugin. -->","yoast_head_json":{"title":"ABOGADOS DEL SUR EN CONTRA DE TRASLADO DE JUNTA FEDERAL DE CONCILIACI\u00d3N A VICTORIA - EL INFORMATIVO DE TAMAULIPAS","description":"*Con Protesta Exigen A La Autoridad Que Detenga Dicho Traslado Que Ocasionar\u00e1 Da\u00f1o A La Econom\u00eda De Clientes Y De Los Profesionales De Las Leyes &nbsp;","robots":{"index":"index","follow":"follow","max-snippet":"max-snippet:-1","max-image-preview":"max-image-preview:large","max-video-preview":"max-video-preview:-1"},"canonical":"https:\/\/elinformativotam.com\/index.php\/2024\/06\/27\/abogados-del-sur-en-contra-de-traslado-de-junta-federal-de-conciliacion-a-victoria\/","og_locale":"es_MX","og_type":"article","og_title":"ABOGADOS DEL SUR EN CONTRA DE TRASLADO DE JUNTA FEDERAL DE CONCILIACI\u00d3N A VICTORIA - EL INFORMATIVO DE TAMAULIPAS","og_description":"*Con Protesta Exigen A La Autoridad Que Detenga Dicho Traslado Que Ocasionar\u00e1 Da\u00f1o A La Econom\u00eda De Clientes Y De Los Profesionales De Las Leyes &nbsp;","og_url":"https:\/\/elinformativotam.com\/index.php\/2024\/06\/27\/abogados-del-sur-en-contra-de-traslado-de-junta-federal-de-conciliacion-a-victoria\/","og_site_name":"EL INFORMATIVO DE TAMAULIPAS","article_published_time":"2024-06-28T02:38:25+00:00","og_image":[{"width":1600,"height":1204,"url":"https:\/\/elinformativotam.com\/wp-content\/uploads\/2024\/06\/Junta.jpeg","type":"image\/jpeg"}],"author":"El Informativo Tam","twitter_card":"summary_large_image","twitter_misc":{"Escrito por":"El Informativo Tam","Tiempo de lectura":"2 minutos"},"schema":{"@context":"https:\/\/schema.org","@graph":[{"@type":"Article","@id":"https:\/\/elinformativotam.com\/index.php\/2024\/06\/27\/abogados-del-sur-en-contra-de-traslado-de-junta-federal-de-conciliacion-a-victoria\/#article","isPartOf":{"@id":"https:\/\/elinformativotam.com\/index.php\/2024\/06\/27\/abogados-del-sur-en-contra-de-traslado-de-junta-federal-de-conciliacion-a-victoria\/"},"author":{"name":"El Informativo Tam","@id":"https:\/\/elinformativotam.com\/#\/schema\/person\/78e08040eed0f6110f0c5f83b6153590"},"headline":"ABOGADOS DEL SUR EN CONTRA DE TRASLADO DE JUNTA FEDERAL DE CONCILIACI\u00d3N A VICTORIA","datePublished":"2024-06-28T02:38:25+00:00","mainEntityOfPage":{"@id":"https:\/\/elinformativotam.com\/index.php\/2024\/06\/27\/abogados-del-sur-en-contra-de-traslado-de-junta-federal-de-conciliacion-a-victoria\/"},"wordCount":383,"commentCount":0,"publisher":{"@id":"https:\/\/elinformativotam.com\/#organization"},"image":{"@id":"https:\/\/elinformativotam.com\/index.php\/2024\/06\/27\/abogados-del-sur-en-contra-de-traslado-de-junta-federal-de-conciliacion-a-victoria\/#primaryimage"},"thumbnailUrl":"https:\/\/elinformativotam.com\/wp-content\/uploads\/2024\/06\/Junta.jpeg","articleSection":["Tampico"],"inLanguage":"es","potentialAction":[{"@type":"CommentAction","name":"Comment","target":["https:\/\/elinformativotam.com\/index.php\/2024\/06\/27\/abogados-del-sur-en-contra-de-traslado-de-junta-federal-de-conciliacion-a-victoria\/#respond"]}]},{"@type":"WebPage","@id":"https:\/\/elinformativotam.com\/index.php\/2024\/06\/27\/abogados-del-sur-en-contra-de-traslado-de-junta-federal-de-conciliacion-a-victoria\/","url":"https:\/\/elinformativotam.com\/index.php\/2024\/06\/27\/abogados-del-sur-en-contra-de-traslado-de-junta-federal-de-conciliacion-a-victoria\/","name":"ABOGADOS DEL SUR EN CONTRA DE TRASLADO DE JUNTA FEDERAL DE CONCILIACI\u00d3N A VICTORIA - EL INFORMATIVO DE TAMAULIPAS","isPartOf":{"@id":"https:\/\/elinformativotam.com\/#website"},"primaryImageOfPage":{"@id":"https:\/\/elinformativotam.com\/index.php\/2024\/06\/27\/abogados-del-sur-en-contra-de-traslado-de-junta-federal-de-conciliacion-a-victoria\/#primaryimage"},"image":{"@id":"https:\/\/elinformativotam.com\/index.php\/2024\/06\/27\/abogados-del-sur-en-contra-de-traslado-de-junta-federal-de-conciliacion-a-victoria\/#primaryimage"},"thumbnailUrl":"https:\/\/elinformativotam.com\/wp-content\/uploads\/2024\/06\/Junta.jpeg","datePublished":"2024-06-28T02:38:25+00:00","description":"*Con Protesta Exigen A La Autoridad Que Detenga Dicho Traslado Que Ocasionar\u00e1 Da\u00f1o A La Econom\u00eda De Clientes Y De Los Profesionales De Las Leyes &nbsp;","inLanguage":"es","potentialAction":[{"@type":"ReadAction","target":["https:\/\/elinformativotam.com\/index.php\/2024\/06\/27\/abogados-del-sur-en-contra-de-traslado-de-junta-federal-de-conciliacion-a-victoria\/"]}]},{"@type":"ImageObject","inLanguage":"es","@id":"https:\/\/elinformativotam.com\/index.php\/2024\/06\/27\/abogados-del-sur-en-contra-de-traslado-de-junta-federal-de-conciliacion-a-victoria\/#primaryimage","url":"https:\/\/elinformativotam.com\/wp-content\/uploads\/2024\/06\/Junta.jpeg","contentUrl":"https:\/\/elinformativotam.com\/wp-content\/uploads\/2024\/06\/Junta.jpeg","width":1600,"height":1204},{"@type":"WebSite","@id":"https:\/\/elinformativotam.com\/#website","url":"https:\/\/elinformativotam.com\/","name":"EL INFORMATIVO DE TAMAULIPAS","description":"Desde la Zona Metropolitana Para Todo M\u00e9xico","publisher":{"@id":"https:\/\/elinformativotam.com\/#organization"},"potentialAction":[{"@type":"SearchAction","target":{"@type":"EntryPoint","urlTemplate":"https:\/\/elinformativotam.com\/?s={search_term_string}"},"query-input":{"@type":"PropertyValueSpecification","valueRequired":true,"valueName":"search_term_string"}}],"inLanguage":"es"},{"@type":"Organization","@id":"https:\/\/elinformativotam.com\/#organization","name":"EL INFORMATIVO DE TAMAULIPAS","url":"https:\/\/elinformativotam.com\/","logo":{"@type":"ImageObject","inLanguage":"es","@id":"https:\/\/elinformativotam.com\/#\/schema\/logo\/image\/","url":"https:\/\/elinformativotam.com\/wp-content\/uploads\/2026\/02\/Cabezal.png","contentUrl":"https:\/\/elinformativotam.com\/wp-content\/uploads\/2026\/02\/Cabezal.png","width":960,"height":640,"caption":"EL INFORMATIVO DE TAMAULIPAS"},"image":{"@id":"https:\/\/elinformativotam.com\/#\/schema\/logo\/image\/"}},{"@type":"Person","@id":"https:\/\/elinformativotam.com\/#\/schema\/person\/78e08040eed0f6110f0c5f83b6153590","name":"El Informativo Tam","image":{"@type":"ImageObject","inLanguage":"es","@id":"https:\/\/secure.gravatar.com\/avatar\/f3b7ad3af540688955925ac610647be00b0cf41feea9c4978b73a707ee86bc53?s=96&d=mm&r=g","url":"https:\/\/secure.gravatar.com\/avatar\/f3b7ad3af540688955925ac610647be00b0cf41feea9c4978b73a707ee86bc53?s=96&d=mm&r=g","contentUrl":"https:\/\/secure.gravatar.com\/avatar\/f3b7ad3af540688955925ac610647be00b0cf41feea9c4978b73a707ee86bc53?s=96&d=mm&r=g","caption":"El Informativo Tam"}}]}},"_links":{"self":[{"href":"https:\/\/elinformativotam.com\/index.php\/wp-json\/wp\/v2\/posts\/51382","targetHints":{"allow":["GET"]}}],"collection":[{"href":"https:\/\/elinformativotam.com\/index.php\/wp-json\/wp\/v2\/posts"}],"about":[{"href":"https:\/\/elinformativotam.com\/index.php\/wp-json\/wp\/v2\/types\/post"}],"author":[{"embeddable":true,"href":"https:\/\/elinformativotam.com\/index.php\/wp-json\/wp\/v2\/users\/1"}],"replies":[{"embeddable":true,"href":"https:\/\/elinformativotam.com\/index.php\/wp-json\/wp\/v2\/comments?post=51382"}],"version-history":[{"count":1,"href":"https:\/\/elinformativotam.com\/index.php\/wp-json\/wp\/v2\/posts\/51382\/revisions"}],"predecessor-version":[{"id":51384,"href":"https:\/\/elinformativotam.com\/index.php\/wp-json\/wp\/v2\/posts\/51382\/revisions\/51384"}],"wp:featuredmedia":[{"embeddable":true,"href":"https:\/\/elinformativotam.com\/index.php\/wp-json\/wp\/v2\/media\/51383"}],"wp:attachment":[{"href":"https:\/\/elinformativotam.com\/index.php\/wp-json\/wp\/v2\/media?parent=51382"}],"wp:term":[{"taxonomy":"category","embeddable":true,"href":"https:\/\/elinformativotam.com\/index.php\/wp-json\/wp\/v2\/categories?post=51382"},{"taxonomy":"post_tag","embeddable":true,"href":"https:\/\/elinformativotam.com\/index.php\/wp-json\/wp\/v2\/tags?post=51382"}],"curies":[{"name":"wp","href":"https:\/\/api.w.org\/{rel}","templated":true}]}}