{"id":51379,"date":"2024-06-27T20:34:39","date_gmt":"2024-06-28T02:34:39","guid":{"rendered":"https:\/\/elinformativotam.com\/?p=51379"},"modified":"2024-06-27T20:34:39","modified_gmt":"2024-06-28T02:34:39","slug":"esperan-hoteleros-buena-derrama-economica-por-verano","status":"publish","type":"post","link":"https:\/\/elinformativotam.com\/index.php\/2024\/06\/27\/esperan-hoteleros-buena-derrama-economica-por-verano\/","title":{"rendered":"ESPERAN HOTELEROS BUENA DERRAMA ECON\u00d3MICA POR VERANO"},"content":{"rendered":"<h2 style=\"text-align: center;\"><em><span style=\"font-family: 'times new roman', times;\">*Las Reservaciones Ya Comenzaron En La Zona Sur<\/span><\/em><\/h2>\n<p>&nbsp;<\/p>\n<p>Los empresarios hoteleros de la zona sur ya se preparan para afrontar la temporada vacacional de verano, luego de obtener buenos dividendos en el pasado Congreso Mexicano del Petr\u00f3leo, qu\u00e9 dej\u00f3 cuantiosa derrama econ\u00f3mica a los prestadores de servicios.<\/p>\n<p>&nbsp;<\/p>\n<p>As\u00ed lo expres\u00f3 el gerente general del Hotel Posada de Tampico, V\u00edctor Purata San Mart\u00edn, qui\u00e9n agreg\u00f3 la importancia de que esa clase de Congresos lleguen a la regi\u00f3n sur, pues generan una importante activaci\u00f3n financiera en todos los rubros.<\/p>\n<p>&nbsp;<\/p>\n<p>Manifest\u00f3 que s\u00ed bien el sector a\u00fan no tiene cuantificada la derrama econ\u00f3mica obtenida en los cuatro d\u00edas de eventos, se sabe de manera extraoficial que &#8220;nos fue muy bien, con esta clase de eventos posicionamos a la zona sur en el turismo de reuniones,.pues en todos lados hubo derrama econ\u00f3mica&#8221;, recalc\u00f3<\/p>\n<p>&nbsp;<\/p>\n<p>Purata, dej\u00f3 claro que en el tema de las vacaciones de verano las reservaciones ya iniciaron y se espera, dijo, que para est\u00e1 temporada se alcance el 60%<\/p>\n<p>&nbsp;<\/p>\n<p>&#8220;Esperemos que sea un verano excelente. Ya hay reservaciones y queremos que se incrementen en los pr\u00f3ximos d\u00edas&#8221;, apunt\u00f3<\/p>\n<p>&nbsp;<\/p>\n<p>El gerente del Hotel Posada de Tampico, manifest\u00f3 que afortunadamente la contingencia h\u00eddrica qued\u00f3 atr\u00e1s, por el momento, debido a las lluvias que dejaron los dos meteoros hidrometerol\u00f3gicos que anduvieron cerca de la regi\u00f3n la semana pasada.<\/p>\n<p>&nbsp;<\/p>\n<p>&#8220;Pero hay que seguir trabajando en la prevenci\u00f3n y el ahorro del vital l\u00edquido, hay que lograr de una vez por todas esa conciencia en el cuidado del agua, pues necesita llover m\u00e1s&#8221;, acot\u00f3.<\/p>\n<p>&nbsp;<\/p>\n<p>&nbsp;<\/p>\n","protected":false},"excerpt":{"rendered":"<p>*Las Reservaciones Ya Comenzaron En La Zona Sur &nbsp; Los empresarios hoteleros de la zona sur ya se preparan para&hellip;<\/p>\n","protected":false},"author":1,"featured_media":51380,"comment_status":"open","ping_status":"open","sticky":false,"template":"","format":"standard","meta":{"footnotes":""},"categories":[3],"tags":[],"class_list":["post-51379","post","type-post","status-publish","format-standard","has-post-thumbnail","hentry","category-tampico"],"yoast_head":"<!-- This site is optimized with the Yoast SEO plugin v27.4 - https:\/\/yoast.com\/product\/yoast-seo-wordpress\/ -->\n<title>ESPERAN HOTELEROS BUENA DERRAMA ECON\u00d3MICA POR VERANO - EL INFORMATIVO DE TAMAULIPAS<\/title>\n<meta name=\"description\" content=\"*Las Reservaciones Ya Comenzaron En La Zona Sur &nbsp; Los empresarios hoteleros de la zona sur ya se preparan para afrontar la temporada vacacional de\" \/>\n<meta name=\"robots\" content=\"index, follow, max-snippet:-1, max-image-preview:large, max-video-preview:-1\" \/>\n<link rel=\"canonical\" href=\"https:\/\/elinformativotam.com\/index.php\/2024\/06\/27\/esperan-hoteleros-buena-derrama-economica-por-verano\/\" \/>\n<meta property=\"og:locale\" content=\"es_MX\" \/>\n<meta property=\"og:type\" content=\"article\" \/>\n<meta property=\"og:title\" content=\"ESPERAN HOTELEROS BUENA DERRAMA ECON\u00d3MICA POR VERANO - EL INFORMATIVO DE TAMAULIPAS\" \/>\n<meta property=\"og:description\" content=\"*Las Reservaciones Ya Comenzaron En La Zona Sur &nbsp; Los empresarios hoteleros de la zona sur ya se preparan para afrontar la temporada vacacional de\" \/>\n<meta property=\"og:url\" content=\"https:\/\/elinformativotam.com\/index.php\/2024\/06\/27\/esperan-hoteleros-buena-derrama-economica-por-verano\/\" \/>\n<meta property=\"og:site_name\" content=\"EL INFORMATIVO DE TAMAULIPAS\" \/>\n<meta property=\"article:published_time\" content=\"2024-06-28T02:34:39+00:00\" \/>\n<meta property=\"og:image\" content=\"https:\/\/elinformativotam.com\/wp-content\/uploads\/2024\/06\/Victor-Purata.jpeg\" \/>\n\t<meta property=\"og:image:width\" content=\"1600\" \/>\n\t<meta property=\"og:image:height\" content=\"1204\" \/>\n\t<meta property=\"og:image:type\" content=\"image\/jpeg\" \/>\n<meta name=\"author\" content=\"El Informativo Tam\" \/>\n<meta name=\"twitter:card\" content=\"summary_large_image\" \/>\n<meta name=\"twitter:label1\" content=\"Escrito por\" \/>\n\t<meta name=\"twitter:data1\" content=\"El Informativo Tam\" \/>\n\t<meta name=\"twitter:label2\" content=\"Tiempo de lectura\" \/>\n\t<meta name=\"twitter:data2\" content=\"2 minutos\" \/>\n<script type=\"application\/ld+json\" class=\"yoast-schema-graph\">{\"@context\":\"https:\\\/\\\/schema.org\",\"@graph\":[{\"@type\":\"Article\",\"@id\":\"https:\\\/\\\/elinformativotam.com\\\/index.php\\\/2024\\\/06\\\/27\\\/esperan-hoteleros-buena-derrama-economica-por-verano\\\/#article\",\"isPartOf\":{\"@id\":\"https:\\\/\\\/elinformativotam.com\\\/index.php\\\/2024\\\/06\\\/27\\\/esperan-hoteleros-buena-derrama-economica-por-verano\\\/\"},\"author\":{\"name\":\"El Informativo Tam\",\"@id\":\"https:\\\/\\\/elinformativotam.com\\\/#\\\/schema\\\/person\\\/78e08040eed0f6110f0c5f83b6153590\"},\"headline\":\"ESPERAN HOTELEROS BUENA DERRAMA ECON\u00d3MICA POR VERANO\",\"datePublished\":\"2024-06-28T02:34:39+00:00\",\"mainEntityOfPage\":{\"@id\":\"https:\\\/\\\/elinformativotam.com\\\/index.php\\\/2024\\\/06\\\/27\\\/esperan-hoteleros-buena-derrama-economica-por-verano\\\/\"},\"wordCount\":294,\"commentCount\":0,\"publisher\":{\"@id\":\"https:\\\/\\\/elinformativotam.com\\\/#organization\"},\"image\":{\"@id\":\"https:\\\/\\\/elinformativotam.com\\\/index.php\\\/2024\\\/06\\\/27\\\/esperan-hoteleros-buena-derrama-economica-por-verano\\\/#primaryimage\"},\"thumbnailUrl\":\"https:\\\/\\\/elinformativotam.com\\\/wp-content\\\/uploads\\\/2024\\\/06\\\/Victor-Purata.jpeg\",\"articleSection\":[\"Tampico\"],\"inLanguage\":\"es\",\"potentialAction\":[{\"@type\":\"CommentAction\",\"name\":\"Comment\",\"target\":[\"https:\\\/\\\/elinformativotam.com\\\/index.php\\\/2024\\\/06\\\/27\\\/esperan-hoteleros-buena-derrama-economica-por-verano\\\/#respond\"]}]},{\"@type\":\"WebPage\",\"@id\":\"https:\\\/\\\/elinformativotam.com\\\/index.php\\\/2024\\\/06\\\/27\\\/esperan-hoteleros-buena-derrama-economica-por-verano\\\/\",\"url\":\"https:\\\/\\\/elinformativotam.com\\\/index.php\\\/2024\\\/06\\\/27\\\/esperan-hoteleros-buena-derrama-economica-por-verano\\\/\",\"name\":\"ESPERAN HOTELEROS BUENA DERRAMA ECON\u00d3MICA POR VERANO - EL INFORMATIVO DE TAMAULIPAS\",\"isPartOf\":{\"@id\":\"https:\\\/\\\/elinformativotam.com\\\/#website\"},\"primaryImageOfPage\":{\"@id\":\"https:\\\/\\\/elinformativotam.com\\\/index.php\\\/2024\\\/06\\\/27\\\/esperan-hoteleros-buena-derrama-economica-por-verano\\\/#primaryimage\"},\"image\":{\"@id\":\"https:\\\/\\\/elinformativotam.com\\\/index.php\\\/2024\\\/06\\\/27\\\/esperan-hoteleros-buena-derrama-economica-por-verano\\\/#primaryimage\"},\"thumbnailUrl\":\"https:\\\/\\\/elinformativotam.com\\\/wp-content\\\/uploads\\\/2024\\\/06\\\/Victor-Purata.jpeg\",\"datePublished\":\"2024-06-28T02:34:39+00:00\",\"description\":\"*Las Reservaciones Ya Comenzaron En La Zona Sur &nbsp; Los empresarios hoteleros de la zona sur ya se preparan para afrontar la temporada vacacional de\",\"inLanguage\":\"es\",\"potentialAction\":[{\"@type\":\"ReadAction\",\"target\":[\"https:\\\/\\\/elinformativotam.com\\\/index.php\\\/2024\\\/06\\\/27\\\/esperan-hoteleros-buena-derrama-economica-por-verano\\\/\"]}]},{\"@type\":\"ImageObject\",\"inLanguage\":\"es\",\"@id\":\"https:\\\/\\\/elinformativotam.com\\\/index.php\\\/2024\\\/06\\\/27\\\/esperan-hoteleros-buena-derrama-economica-por-verano\\\/#primaryimage\",\"url\":\"https:\\\/\\\/elinformativotam.com\\\/wp-content\\\/uploads\\\/2024\\\/06\\\/Victor-Purata.jpeg\",\"contentUrl\":\"https:\\\/\\\/elinformativotam.com\\\/wp-content\\\/uploads\\\/2024\\\/06\\\/Victor-Purata.jpeg\",\"width\":1600,\"height\":1204},{\"@type\":\"WebSite\",\"@id\":\"https:\\\/\\\/elinformativotam.com\\\/#website\",\"url\":\"https:\\\/\\\/elinformativotam.com\\\/\",\"name\":\"EL INFORMATIVO DE TAMAULIPAS\",\"description\":\"Desde la Zona Metropolitana Para Todo M\u00e9xico\",\"publisher\":{\"@id\":\"https:\\\/\\\/elinformativotam.com\\\/#organization\"},\"potentialAction\":[{\"@type\":\"SearchAction\",\"target\":{\"@type\":\"EntryPoint\",\"urlTemplate\":\"https:\\\/\\\/elinformativotam.com\\\/?s={search_term_string}\"},\"query-input\":{\"@type\":\"PropertyValueSpecification\",\"valueRequired\":true,\"valueName\":\"search_term_string\"}}],\"inLanguage\":\"es\"},{\"@type\":\"Organization\",\"@id\":\"https:\\\/\\\/elinformativotam.com\\\/#organization\",\"name\":\"EL INFORMATIVO DE TAMAULIPAS\",\"url\":\"https:\\\/\\\/elinformativotam.com\\\/\",\"logo\":{\"@type\":\"ImageObject\",\"inLanguage\":\"es\",\"@id\":\"https:\\\/\\\/elinformativotam.com\\\/#\\\/schema\\\/logo\\\/image\\\/\",\"url\":\"https:\\\/\\\/elinformativotam.com\\\/wp-content\\\/uploads\\\/2026\\\/02\\\/Cabezal.png\",\"contentUrl\":\"https:\\\/\\\/elinformativotam.com\\\/wp-content\\\/uploads\\\/2026\\\/02\\\/Cabezal.png\",\"width\":960,\"height\":640,\"caption\":\"EL INFORMATIVO DE TAMAULIPAS\"},\"image\":{\"@id\":\"https:\\\/\\\/elinformativotam.com\\\/#\\\/schema\\\/logo\\\/image\\\/\"}},{\"@type\":\"Person\",\"@id\":\"https:\\\/\\\/elinformativotam.com\\\/#\\\/schema\\\/person\\\/78e08040eed0f6110f0c5f83b6153590\",\"name\":\"El Informativo Tam\",\"image\":{\"@type\":\"ImageObject\",\"inLanguage\":\"es\",\"@id\":\"https:\\\/\\\/secure.gravatar.com\\\/avatar\\\/f3b7ad3af540688955925ac610647be00b0cf41feea9c4978b73a707ee86bc53?s=96&d=mm&r=g\",\"url\":\"https:\\\/\\\/secure.gravatar.com\\\/avatar\\\/f3b7ad3af540688955925ac610647be00b0cf41feea9c4978b73a707ee86bc53?s=96&d=mm&r=g\",\"contentUrl\":\"https:\\\/\\\/secure.gravatar.com\\\/avatar\\\/f3b7ad3af540688955925ac610647be00b0cf41feea9c4978b73a707ee86bc53?s=96&d=mm&r=g\",\"caption\":\"El Informativo Tam\"}}]}<\/script>\n<!-- \/ Yoast SEO plugin. -->","yoast_head_json":{"title":"ESPERAN HOTELEROS BUENA DERRAMA ECON\u00d3MICA POR VERANO - EL INFORMATIVO DE TAMAULIPAS","description":"*Las Reservaciones Ya Comenzaron En La Zona Sur &nbsp; Los empresarios hoteleros de la zona sur ya se preparan para afrontar la temporada vacacional de","robots":{"index":"index","follow":"follow","max-snippet":"max-snippet:-1","max-image-preview":"max-image-preview:large","max-video-preview":"max-video-preview:-1"},"canonical":"https:\/\/elinformativotam.com\/index.php\/2024\/06\/27\/esperan-hoteleros-buena-derrama-economica-por-verano\/","og_locale":"es_MX","og_type":"article","og_title":"ESPERAN HOTELEROS BUENA DERRAMA ECON\u00d3MICA POR VERANO - EL INFORMATIVO DE TAMAULIPAS","og_description":"*Las Reservaciones Ya Comenzaron En La Zona Sur &nbsp; Los empresarios hoteleros de la zona sur ya se preparan para afrontar la temporada vacacional de","og_url":"https:\/\/elinformativotam.com\/index.php\/2024\/06\/27\/esperan-hoteleros-buena-derrama-economica-por-verano\/","og_site_name":"EL INFORMATIVO DE TAMAULIPAS","article_published_time":"2024-06-28T02:34:39+00:00","og_image":[{"width":1600,"height":1204,"url":"https:\/\/elinformativotam.com\/wp-content\/uploads\/2024\/06\/Victor-Purata.jpeg","type":"image\/jpeg"}],"author":"El Informativo Tam","twitter_card":"summary_large_image","twitter_misc":{"Escrito por":"El Informativo Tam","Tiempo de lectura":"2 minutos"},"schema":{"@context":"https:\/\/schema.org","@graph":[{"@type":"Article","@id":"https:\/\/elinformativotam.com\/index.php\/2024\/06\/27\/esperan-hoteleros-buena-derrama-economica-por-verano\/#article","isPartOf":{"@id":"https:\/\/elinformativotam.com\/index.php\/2024\/06\/27\/esperan-hoteleros-buena-derrama-economica-por-verano\/"},"author":{"name":"El Informativo Tam","@id":"https:\/\/elinformativotam.com\/#\/schema\/person\/78e08040eed0f6110f0c5f83b6153590"},"headline":"ESPERAN HOTELEROS BUENA DERRAMA ECON\u00d3MICA POR VERANO","datePublished":"2024-06-28T02:34:39+00:00","mainEntityOfPage":{"@id":"https:\/\/elinformativotam.com\/index.php\/2024\/06\/27\/esperan-hoteleros-buena-derrama-economica-por-verano\/"},"wordCount":294,"commentCount":0,"publisher":{"@id":"https:\/\/elinformativotam.com\/#organization"},"image":{"@id":"https:\/\/elinformativotam.com\/index.php\/2024\/06\/27\/esperan-hoteleros-buena-derrama-economica-por-verano\/#primaryimage"},"thumbnailUrl":"https:\/\/elinformativotam.com\/wp-content\/uploads\/2024\/06\/Victor-Purata.jpeg","articleSection":["Tampico"],"inLanguage":"es","potentialAction":[{"@type":"CommentAction","name":"Comment","target":["https:\/\/elinformativotam.com\/index.php\/2024\/06\/27\/esperan-hoteleros-buena-derrama-economica-por-verano\/#respond"]}]},{"@type":"WebPage","@id":"https:\/\/elinformativotam.com\/index.php\/2024\/06\/27\/esperan-hoteleros-buena-derrama-economica-por-verano\/","url":"https:\/\/elinformativotam.com\/index.php\/2024\/06\/27\/esperan-hoteleros-buena-derrama-economica-por-verano\/","name":"ESPERAN HOTELEROS BUENA DERRAMA ECON\u00d3MICA POR VERANO - EL INFORMATIVO DE TAMAULIPAS","isPartOf":{"@id":"https:\/\/elinformativotam.com\/#website"},"primaryImageOfPage":{"@id":"https:\/\/elinformativotam.com\/index.php\/2024\/06\/27\/esperan-hoteleros-buena-derrama-economica-por-verano\/#primaryimage"},"image":{"@id":"https:\/\/elinformativotam.com\/index.php\/2024\/06\/27\/esperan-hoteleros-buena-derrama-economica-por-verano\/#primaryimage"},"thumbnailUrl":"https:\/\/elinformativotam.com\/wp-content\/uploads\/2024\/06\/Victor-Purata.jpeg","datePublished":"2024-06-28T02:34:39+00:00","description":"*Las Reservaciones Ya Comenzaron En La Zona Sur &nbsp; Los empresarios hoteleros de la zona sur ya se preparan para afrontar la temporada vacacional de","inLanguage":"es","potentialAction":[{"@type":"ReadAction","target":["https:\/\/elinformativotam.com\/index.php\/2024\/06\/27\/esperan-hoteleros-buena-derrama-economica-por-verano\/"]}]},{"@type":"ImageObject","inLanguage":"es","@id":"https:\/\/elinformativotam.com\/index.php\/2024\/06\/27\/esperan-hoteleros-buena-derrama-economica-por-verano\/#primaryimage","url":"https:\/\/elinformativotam.com\/wp-content\/uploads\/2024\/06\/Victor-Purata.jpeg","contentUrl":"https:\/\/elinformativotam.com\/wp-content\/uploads\/2024\/06\/Victor-Purata.jpeg","width":1600,"height":1204},{"@type":"WebSite","@id":"https:\/\/elinformativotam.com\/#website","url":"https:\/\/elinformativotam.com\/","name":"EL INFORMATIVO DE TAMAULIPAS","description":"Desde la Zona Metropolitana Para Todo M\u00e9xico","publisher":{"@id":"https:\/\/elinformativotam.com\/#organization"},"potentialAction":[{"@type":"SearchAction","target":{"@type":"EntryPoint","urlTemplate":"https:\/\/elinformativotam.com\/?s={search_term_string}"},"query-input":{"@type":"PropertyValueSpecification","valueRequired":true,"valueName":"search_term_string"}}],"inLanguage":"es"},{"@type":"Organization","@id":"https:\/\/elinformativotam.com\/#organization","name":"EL INFORMATIVO DE TAMAULIPAS","url":"https:\/\/elinformativotam.com\/","logo":{"@type":"ImageObject","inLanguage":"es","@id":"https:\/\/elinformativotam.com\/#\/schema\/logo\/image\/","url":"https:\/\/elinformativotam.com\/wp-content\/uploads\/2026\/02\/Cabezal.png","contentUrl":"https:\/\/elinformativotam.com\/wp-content\/uploads\/2026\/02\/Cabezal.png","width":960,"height":640,"caption":"EL INFORMATIVO DE TAMAULIPAS"},"image":{"@id":"https:\/\/elinformativotam.com\/#\/schema\/logo\/image\/"}},{"@type":"Person","@id":"https:\/\/elinformativotam.com\/#\/schema\/person\/78e08040eed0f6110f0c5f83b6153590","name":"El Informativo Tam","image":{"@type":"ImageObject","inLanguage":"es","@id":"https:\/\/secure.gravatar.com\/avatar\/f3b7ad3af540688955925ac610647be00b0cf41feea9c4978b73a707ee86bc53?s=96&d=mm&r=g","url":"https:\/\/secure.gravatar.com\/avatar\/f3b7ad3af540688955925ac610647be00b0cf41feea9c4978b73a707ee86bc53?s=96&d=mm&r=g","contentUrl":"https:\/\/secure.gravatar.com\/avatar\/f3b7ad3af540688955925ac610647be00b0cf41feea9c4978b73a707ee86bc53?s=96&d=mm&r=g","caption":"El Informativo Tam"}}]}},"_links":{"self":[{"href":"https:\/\/elinformativotam.com\/index.php\/wp-json\/wp\/v2\/posts\/51379","targetHints":{"allow":["GET"]}}],"collection":[{"href":"https:\/\/elinformativotam.com\/index.php\/wp-json\/wp\/v2\/posts"}],"about":[{"href":"https:\/\/elinformativotam.com\/index.php\/wp-json\/wp\/v2\/types\/post"}],"author":[{"embeddable":true,"href":"https:\/\/elinformativotam.com\/index.php\/wp-json\/wp\/v2\/users\/1"}],"replies":[{"embeddable":true,"href":"https:\/\/elinformativotam.com\/index.php\/wp-json\/wp\/v2\/comments?post=51379"}],"version-history":[{"count":1,"href":"https:\/\/elinformativotam.com\/index.php\/wp-json\/wp\/v2\/posts\/51379\/revisions"}],"predecessor-version":[{"id":51381,"href":"https:\/\/elinformativotam.com\/index.php\/wp-json\/wp\/v2\/posts\/51379\/revisions\/51381"}],"wp:featuredmedia":[{"embeddable":true,"href":"https:\/\/elinformativotam.com\/index.php\/wp-json\/wp\/v2\/media\/51380"}],"wp:attachment":[{"href":"https:\/\/elinformativotam.com\/index.php\/wp-json\/wp\/v2\/media?parent=51379"}],"wp:term":[{"taxonomy":"category","embeddable":true,"href":"https:\/\/elinformativotam.com\/index.php\/wp-json\/wp\/v2\/categories?post=51379"},{"taxonomy":"post_tag","embeddable":true,"href":"https:\/\/elinformativotam.com\/index.php\/wp-json\/wp\/v2\/tags?post=51379"}],"curies":[{"name":"wp","href":"https:\/\/api.w.org\/{rel}","templated":true}]}}