{"id":51372,"date":"2024-06-25T20:46:03","date_gmt":"2024-06-26T02:46:03","guid":{"rendered":"https:\/\/elinformativotam.com\/?p=51372"},"modified":"2024-06-25T20:46:03","modified_gmt":"2024-06-26T02:46:03","slug":"no-quitara-adrian-oseguera-dedo-del-renglon-en-tema-de-drenes-pluviales","status":"publish","type":"post","link":"https:\/\/elinformativotam.com\/index.php\/2024\/06\/25\/no-quitara-adrian-oseguera-dedo-del-renglon-en-tema-de-drenes-pluviales\/","title":{"rendered":"NO QUITAR\u00c1 ADRI\u00c1N OSEGUERA DEDO DEL RENGL\u00d3N EN TEMA DE DRENES PLUVIALES."},"content":{"rendered":"<p>Cd. Madero, Tamaulipas.- No se quitar\u00e1 el dedo del rengl\u00f3n en lo relacionado a los drenes pluviales, por lo que es un tema que se trae para la pr\u00f3xima agenda legislativa federal.<\/p>\n<p>&nbsp;<\/p>\n<p>El alcalde de Madero, Adri\u00e1n Oseguera Kernion,\u00a0 se\u00f1al\u00f3 que sostuvo una reuni\u00f3n en la Ciudad de M\u00e9xico con Marcelo Ebrard, quien formar\u00e1 parte del gabinete de Claudia Sheinbaum y con Ricardo Monreal, quien ser\u00e1 uno de los coordinadores en el Congreso de la Uni\u00f3n, a quienes expuso los temas que se desea impulsar para Ciudad Madero.<\/p>\n<p>&nbsp;<\/p>\n<p>Mencion\u00f3 que se busca la forma de lograr obtener los 1200 millones de pesos que se necesitan para la realizaci\u00f3n de los drenes pluviales para la urbe petrolera y con ello mitigar las inundaciones en sectores que han padecido este problema desde hace muchos a\u00f1os como la colonia Hip\u00f3dromo.<\/p>\n<p>&nbsp;<\/p>\n<p>Expuso que se pretende llevar a cabo una reforma hacendar\u00eda que le permita a los municipios contar con un mayor presupuesto, ya que es algo que se puede lograr a trav\u00e9s de esta v\u00eda.<\/p>\n<p>&nbsp;<\/p>\n<p>A\u00f1adi\u00f3 que el 85 por ciento del presupuesto que tiene Madero es proveniente de partidas federales, por ello la necesidad de obtener m\u00e1s recursos para la realizaci\u00f3n de m\u00e1s obras en beneficio de la poblaci\u00f3n maderense, algo que incluso ya se dialog\u00f3 con el alcalde electo, Erasmo Gonz\u00e1lez.<\/p>\n<p>&nbsp;<\/p>\n","protected":false},"excerpt":{"rendered":"<p>Cd. Madero, Tamaulipas.- No se quitar\u00e1 el dedo del rengl\u00f3n en lo relacionado a los drenes pluviales, por lo que&hellip;<\/p>\n","protected":false},"author":1,"featured_media":51373,"comment_status":"open","ping_status":"open","sticky":false,"template":"","format":"standard","meta":{"footnotes":""},"categories":[4],"tags":[],"class_list":["post-51372","post","type-post","status-publish","format-standard","has-post-thumbnail","hentry","category-madero"],"yoast_head":"<!-- This site is optimized with the Yoast SEO plugin v27.4 - https:\/\/yoast.com\/product\/yoast-seo-wordpress\/ -->\n<title>NO QUITAR\u00c1 ADRI\u00c1N OSEGUERA DEDO DEL RENGL\u00d3N EN TEMA DE DRENES PLUVIALES. - EL INFORMATIVO DE TAMAULIPAS<\/title>\n<meta name=\"description\" content=\"Cd. Madero, Tamaulipas.- No se quitar\u00e1 el dedo del rengl\u00f3n en lo relacionado a los drenes pluviales, por lo que es un tema que se trae para la pr\u00f3xima\" \/>\n<meta name=\"robots\" content=\"index, follow, max-snippet:-1, max-image-preview:large, max-video-preview:-1\" \/>\n<link rel=\"canonical\" href=\"https:\/\/elinformativotam.com\/index.php\/2024\/06\/25\/no-quitara-adrian-oseguera-dedo-del-renglon-en-tema-de-drenes-pluviales\/\" \/>\n<meta property=\"og:locale\" content=\"es_MX\" \/>\n<meta property=\"og:type\" content=\"article\" \/>\n<meta property=\"og:title\" content=\"NO QUITAR\u00c1 ADRI\u00c1N OSEGUERA DEDO DEL RENGL\u00d3N EN TEMA DE DRENES PLUVIALES. - EL INFORMATIVO DE TAMAULIPAS\" \/>\n<meta property=\"og:description\" content=\"Cd. Madero, Tamaulipas.- No se quitar\u00e1 el dedo del rengl\u00f3n en lo relacionado a los drenes pluviales, por lo que es un tema que se trae para la pr\u00f3xima\" \/>\n<meta property=\"og:url\" content=\"https:\/\/elinformativotam.com\/index.php\/2024\/06\/25\/no-quitara-adrian-oseguera-dedo-del-renglon-en-tema-de-drenes-pluviales\/\" \/>\n<meta property=\"og:site_name\" content=\"EL INFORMATIVO DE TAMAULIPAS\" \/>\n<meta property=\"article:published_time\" content=\"2024-06-26T02:46:03+00:00\" \/>\n<meta property=\"og:image\" content=\"https:\/\/elinformativotam.com\/wp-content\/uploads\/2024\/06\/Adrian.jpeg\" \/>\n\t<meta property=\"og:image:width\" content=\"1242\" \/>\n\t<meta property=\"og:image:height\" content=\"720\" \/>\n\t<meta property=\"og:image:type\" content=\"image\/jpeg\" \/>\n<meta name=\"author\" content=\"El Informativo Tam\" \/>\n<meta name=\"twitter:card\" content=\"summary_large_image\" \/>\n<meta name=\"twitter:label1\" content=\"Escrito por\" \/>\n\t<meta name=\"twitter:data1\" content=\"El Informativo Tam\" \/>\n\t<meta name=\"twitter:label2\" content=\"Tiempo de lectura\" \/>\n\t<meta name=\"twitter:data2\" content=\"2 minutos\" \/>\n<script type=\"application\/ld+json\" class=\"yoast-schema-graph\">{\"@context\":\"https:\\\/\\\/schema.org\",\"@graph\":[{\"@type\":\"Article\",\"@id\":\"https:\\\/\\\/elinformativotam.com\\\/index.php\\\/2024\\\/06\\\/25\\\/no-quitara-adrian-oseguera-dedo-del-renglon-en-tema-de-drenes-pluviales\\\/#article\",\"isPartOf\":{\"@id\":\"https:\\\/\\\/elinformativotam.com\\\/index.php\\\/2024\\\/06\\\/25\\\/no-quitara-adrian-oseguera-dedo-del-renglon-en-tema-de-drenes-pluviales\\\/\"},\"author\":{\"name\":\"El Informativo Tam\",\"@id\":\"https:\\\/\\\/elinformativotam.com\\\/#\\\/schema\\\/person\\\/78e08040eed0f6110f0c5f83b6153590\"},\"headline\":\"NO QUITAR\u00c1 ADRI\u00c1N OSEGUERA DEDO DEL RENGL\u00d3N EN TEMA DE DRENES PLUVIALES.\",\"datePublished\":\"2024-06-26T02:46:03+00:00\",\"mainEntityOfPage\":{\"@id\":\"https:\\\/\\\/elinformativotam.com\\\/index.php\\\/2024\\\/06\\\/25\\\/no-quitara-adrian-oseguera-dedo-del-renglon-en-tema-de-drenes-pluviales\\\/\"},\"wordCount\":256,\"commentCount\":0,\"publisher\":{\"@id\":\"https:\\\/\\\/elinformativotam.com\\\/#organization\"},\"image\":{\"@id\":\"https:\\\/\\\/elinformativotam.com\\\/index.php\\\/2024\\\/06\\\/25\\\/no-quitara-adrian-oseguera-dedo-del-renglon-en-tema-de-drenes-pluviales\\\/#primaryimage\"},\"thumbnailUrl\":\"https:\\\/\\\/elinformativotam.com\\\/wp-content\\\/uploads\\\/2024\\\/06\\\/Adrian.jpeg\",\"articleSection\":[\"Cd Madero\"],\"inLanguage\":\"es\",\"potentialAction\":[{\"@type\":\"CommentAction\",\"name\":\"Comment\",\"target\":[\"https:\\\/\\\/elinformativotam.com\\\/index.php\\\/2024\\\/06\\\/25\\\/no-quitara-adrian-oseguera-dedo-del-renglon-en-tema-de-drenes-pluviales\\\/#respond\"]}]},{\"@type\":\"WebPage\",\"@id\":\"https:\\\/\\\/elinformativotam.com\\\/index.php\\\/2024\\\/06\\\/25\\\/no-quitara-adrian-oseguera-dedo-del-renglon-en-tema-de-drenes-pluviales\\\/\",\"url\":\"https:\\\/\\\/elinformativotam.com\\\/index.php\\\/2024\\\/06\\\/25\\\/no-quitara-adrian-oseguera-dedo-del-renglon-en-tema-de-drenes-pluviales\\\/\",\"name\":\"NO QUITAR\u00c1 ADRI\u00c1N OSEGUERA DEDO DEL RENGL\u00d3N EN TEMA DE DRENES PLUVIALES. - EL INFORMATIVO DE TAMAULIPAS\",\"isPartOf\":{\"@id\":\"https:\\\/\\\/elinformativotam.com\\\/#website\"},\"primaryImageOfPage\":{\"@id\":\"https:\\\/\\\/elinformativotam.com\\\/index.php\\\/2024\\\/06\\\/25\\\/no-quitara-adrian-oseguera-dedo-del-renglon-en-tema-de-drenes-pluviales\\\/#primaryimage\"},\"image\":{\"@id\":\"https:\\\/\\\/elinformativotam.com\\\/index.php\\\/2024\\\/06\\\/25\\\/no-quitara-adrian-oseguera-dedo-del-renglon-en-tema-de-drenes-pluviales\\\/#primaryimage\"},\"thumbnailUrl\":\"https:\\\/\\\/elinformativotam.com\\\/wp-content\\\/uploads\\\/2024\\\/06\\\/Adrian.jpeg\",\"datePublished\":\"2024-06-26T02:46:03+00:00\",\"description\":\"Cd. Madero, Tamaulipas.- No se quitar\u00e1 el dedo del rengl\u00f3n en lo relacionado a los drenes pluviales, por lo que es un tema que se trae para la pr\u00f3xima\",\"inLanguage\":\"es\",\"potentialAction\":[{\"@type\":\"ReadAction\",\"target\":[\"https:\\\/\\\/elinformativotam.com\\\/index.php\\\/2024\\\/06\\\/25\\\/no-quitara-adrian-oseguera-dedo-del-renglon-en-tema-de-drenes-pluviales\\\/\"]}]},{\"@type\":\"ImageObject\",\"inLanguage\":\"es\",\"@id\":\"https:\\\/\\\/elinformativotam.com\\\/index.php\\\/2024\\\/06\\\/25\\\/no-quitara-adrian-oseguera-dedo-del-renglon-en-tema-de-drenes-pluviales\\\/#primaryimage\",\"url\":\"https:\\\/\\\/elinformativotam.com\\\/wp-content\\\/uploads\\\/2024\\\/06\\\/Adrian.jpeg\",\"contentUrl\":\"https:\\\/\\\/elinformativotam.com\\\/wp-content\\\/uploads\\\/2024\\\/06\\\/Adrian.jpeg\",\"width\":1242,\"height\":720},{\"@type\":\"WebSite\",\"@id\":\"https:\\\/\\\/elinformativotam.com\\\/#website\",\"url\":\"https:\\\/\\\/elinformativotam.com\\\/\",\"name\":\"EL INFORMATIVO DE TAMAULIPAS\",\"description\":\"Desde la Zona Metropolitana Para Todo M\u00e9xico\",\"publisher\":{\"@id\":\"https:\\\/\\\/elinformativotam.com\\\/#organization\"},\"potentialAction\":[{\"@type\":\"SearchAction\",\"target\":{\"@type\":\"EntryPoint\",\"urlTemplate\":\"https:\\\/\\\/elinformativotam.com\\\/?s={search_term_string}\"},\"query-input\":{\"@type\":\"PropertyValueSpecification\",\"valueRequired\":true,\"valueName\":\"search_term_string\"}}],\"inLanguage\":\"es\"},{\"@type\":\"Organization\",\"@id\":\"https:\\\/\\\/elinformativotam.com\\\/#organization\",\"name\":\"EL INFORMATIVO DE TAMAULIPAS\",\"url\":\"https:\\\/\\\/elinformativotam.com\\\/\",\"logo\":{\"@type\":\"ImageObject\",\"inLanguage\":\"es\",\"@id\":\"https:\\\/\\\/elinformativotam.com\\\/#\\\/schema\\\/logo\\\/image\\\/\",\"url\":\"https:\\\/\\\/elinformativotam.com\\\/wp-content\\\/uploads\\\/2026\\\/02\\\/Cabezal.png\",\"contentUrl\":\"https:\\\/\\\/elinformativotam.com\\\/wp-content\\\/uploads\\\/2026\\\/02\\\/Cabezal.png\",\"width\":960,\"height\":640,\"caption\":\"EL INFORMATIVO DE TAMAULIPAS\"},\"image\":{\"@id\":\"https:\\\/\\\/elinformativotam.com\\\/#\\\/schema\\\/logo\\\/image\\\/\"}},{\"@type\":\"Person\",\"@id\":\"https:\\\/\\\/elinformativotam.com\\\/#\\\/schema\\\/person\\\/78e08040eed0f6110f0c5f83b6153590\",\"name\":\"El Informativo Tam\",\"image\":{\"@type\":\"ImageObject\",\"inLanguage\":\"es\",\"@id\":\"https:\\\/\\\/secure.gravatar.com\\\/avatar\\\/f3b7ad3af540688955925ac610647be00b0cf41feea9c4978b73a707ee86bc53?s=96&d=mm&r=g\",\"url\":\"https:\\\/\\\/secure.gravatar.com\\\/avatar\\\/f3b7ad3af540688955925ac610647be00b0cf41feea9c4978b73a707ee86bc53?s=96&d=mm&r=g\",\"contentUrl\":\"https:\\\/\\\/secure.gravatar.com\\\/avatar\\\/f3b7ad3af540688955925ac610647be00b0cf41feea9c4978b73a707ee86bc53?s=96&d=mm&r=g\",\"caption\":\"El Informativo Tam\"}}]}<\/script>\n<!-- \/ Yoast SEO plugin. -->","yoast_head_json":{"title":"NO QUITAR\u00c1 ADRI\u00c1N OSEGUERA DEDO DEL RENGL\u00d3N EN TEMA DE DRENES PLUVIALES. - EL INFORMATIVO DE TAMAULIPAS","description":"Cd. Madero, Tamaulipas.- No se quitar\u00e1 el dedo del rengl\u00f3n en lo relacionado a los drenes pluviales, por lo que es un tema que se trae para la pr\u00f3xima","robots":{"index":"index","follow":"follow","max-snippet":"max-snippet:-1","max-image-preview":"max-image-preview:large","max-video-preview":"max-video-preview:-1"},"canonical":"https:\/\/elinformativotam.com\/index.php\/2024\/06\/25\/no-quitara-adrian-oseguera-dedo-del-renglon-en-tema-de-drenes-pluviales\/","og_locale":"es_MX","og_type":"article","og_title":"NO QUITAR\u00c1 ADRI\u00c1N OSEGUERA DEDO DEL RENGL\u00d3N EN TEMA DE DRENES PLUVIALES. - EL INFORMATIVO DE TAMAULIPAS","og_description":"Cd. Madero, Tamaulipas.- No se quitar\u00e1 el dedo del rengl\u00f3n en lo relacionado a los drenes pluviales, por lo que es un tema que se trae para la pr\u00f3xima","og_url":"https:\/\/elinformativotam.com\/index.php\/2024\/06\/25\/no-quitara-adrian-oseguera-dedo-del-renglon-en-tema-de-drenes-pluviales\/","og_site_name":"EL INFORMATIVO DE TAMAULIPAS","article_published_time":"2024-06-26T02:46:03+00:00","og_image":[{"width":1242,"height":720,"url":"https:\/\/elinformativotam.com\/wp-content\/uploads\/2024\/06\/Adrian.jpeg","type":"image\/jpeg"}],"author":"El Informativo Tam","twitter_card":"summary_large_image","twitter_misc":{"Escrito por":"El Informativo Tam","Tiempo de lectura":"2 minutos"},"schema":{"@context":"https:\/\/schema.org","@graph":[{"@type":"Article","@id":"https:\/\/elinformativotam.com\/index.php\/2024\/06\/25\/no-quitara-adrian-oseguera-dedo-del-renglon-en-tema-de-drenes-pluviales\/#article","isPartOf":{"@id":"https:\/\/elinformativotam.com\/index.php\/2024\/06\/25\/no-quitara-adrian-oseguera-dedo-del-renglon-en-tema-de-drenes-pluviales\/"},"author":{"name":"El Informativo Tam","@id":"https:\/\/elinformativotam.com\/#\/schema\/person\/78e08040eed0f6110f0c5f83b6153590"},"headline":"NO QUITAR\u00c1 ADRI\u00c1N OSEGUERA DEDO DEL RENGL\u00d3N EN TEMA DE DRENES PLUVIALES.","datePublished":"2024-06-26T02:46:03+00:00","mainEntityOfPage":{"@id":"https:\/\/elinformativotam.com\/index.php\/2024\/06\/25\/no-quitara-adrian-oseguera-dedo-del-renglon-en-tema-de-drenes-pluviales\/"},"wordCount":256,"commentCount":0,"publisher":{"@id":"https:\/\/elinformativotam.com\/#organization"},"image":{"@id":"https:\/\/elinformativotam.com\/index.php\/2024\/06\/25\/no-quitara-adrian-oseguera-dedo-del-renglon-en-tema-de-drenes-pluviales\/#primaryimage"},"thumbnailUrl":"https:\/\/elinformativotam.com\/wp-content\/uploads\/2024\/06\/Adrian.jpeg","articleSection":["Cd Madero"],"inLanguage":"es","potentialAction":[{"@type":"CommentAction","name":"Comment","target":["https:\/\/elinformativotam.com\/index.php\/2024\/06\/25\/no-quitara-adrian-oseguera-dedo-del-renglon-en-tema-de-drenes-pluviales\/#respond"]}]},{"@type":"WebPage","@id":"https:\/\/elinformativotam.com\/index.php\/2024\/06\/25\/no-quitara-adrian-oseguera-dedo-del-renglon-en-tema-de-drenes-pluviales\/","url":"https:\/\/elinformativotam.com\/index.php\/2024\/06\/25\/no-quitara-adrian-oseguera-dedo-del-renglon-en-tema-de-drenes-pluviales\/","name":"NO QUITAR\u00c1 ADRI\u00c1N OSEGUERA DEDO DEL RENGL\u00d3N EN TEMA DE DRENES PLUVIALES. - EL INFORMATIVO DE TAMAULIPAS","isPartOf":{"@id":"https:\/\/elinformativotam.com\/#website"},"primaryImageOfPage":{"@id":"https:\/\/elinformativotam.com\/index.php\/2024\/06\/25\/no-quitara-adrian-oseguera-dedo-del-renglon-en-tema-de-drenes-pluviales\/#primaryimage"},"image":{"@id":"https:\/\/elinformativotam.com\/index.php\/2024\/06\/25\/no-quitara-adrian-oseguera-dedo-del-renglon-en-tema-de-drenes-pluviales\/#primaryimage"},"thumbnailUrl":"https:\/\/elinformativotam.com\/wp-content\/uploads\/2024\/06\/Adrian.jpeg","datePublished":"2024-06-26T02:46:03+00:00","description":"Cd. Madero, Tamaulipas.- No se quitar\u00e1 el dedo del rengl\u00f3n en lo relacionado a los drenes pluviales, por lo que es un tema que se trae para la pr\u00f3xima","inLanguage":"es","potentialAction":[{"@type":"ReadAction","target":["https:\/\/elinformativotam.com\/index.php\/2024\/06\/25\/no-quitara-adrian-oseguera-dedo-del-renglon-en-tema-de-drenes-pluviales\/"]}]},{"@type":"ImageObject","inLanguage":"es","@id":"https:\/\/elinformativotam.com\/index.php\/2024\/06\/25\/no-quitara-adrian-oseguera-dedo-del-renglon-en-tema-de-drenes-pluviales\/#primaryimage","url":"https:\/\/elinformativotam.com\/wp-content\/uploads\/2024\/06\/Adrian.jpeg","contentUrl":"https:\/\/elinformativotam.com\/wp-content\/uploads\/2024\/06\/Adrian.jpeg","width":1242,"height":720},{"@type":"WebSite","@id":"https:\/\/elinformativotam.com\/#website","url":"https:\/\/elinformativotam.com\/","name":"EL INFORMATIVO DE TAMAULIPAS","description":"Desde la Zona Metropolitana Para Todo M\u00e9xico","publisher":{"@id":"https:\/\/elinformativotam.com\/#organization"},"potentialAction":[{"@type":"SearchAction","target":{"@type":"EntryPoint","urlTemplate":"https:\/\/elinformativotam.com\/?s={search_term_string}"},"query-input":{"@type":"PropertyValueSpecification","valueRequired":true,"valueName":"search_term_string"}}],"inLanguage":"es"},{"@type":"Organization","@id":"https:\/\/elinformativotam.com\/#organization","name":"EL INFORMATIVO DE TAMAULIPAS","url":"https:\/\/elinformativotam.com\/","logo":{"@type":"ImageObject","inLanguage":"es","@id":"https:\/\/elinformativotam.com\/#\/schema\/logo\/image\/","url":"https:\/\/elinformativotam.com\/wp-content\/uploads\/2026\/02\/Cabezal.png","contentUrl":"https:\/\/elinformativotam.com\/wp-content\/uploads\/2026\/02\/Cabezal.png","width":960,"height":640,"caption":"EL INFORMATIVO DE TAMAULIPAS"},"image":{"@id":"https:\/\/elinformativotam.com\/#\/schema\/logo\/image\/"}},{"@type":"Person","@id":"https:\/\/elinformativotam.com\/#\/schema\/person\/78e08040eed0f6110f0c5f83b6153590","name":"El Informativo Tam","image":{"@type":"ImageObject","inLanguage":"es","@id":"https:\/\/secure.gravatar.com\/avatar\/f3b7ad3af540688955925ac610647be00b0cf41feea9c4978b73a707ee86bc53?s=96&d=mm&r=g","url":"https:\/\/secure.gravatar.com\/avatar\/f3b7ad3af540688955925ac610647be00b0cf41feea9c4978b73a707ee86bc53?s=96&d=mm&r=g","contentUrl":"https:\/\/secure.gravatar.com\/avatar\/f3b7ad3af540688955925ac610647be00b0cf41feea9c4978b73a707ee86bc53?s=96&d=mm&r=g","caption":"El Informativo Tam"}}]}},"_links":{"self":[{"href":"https:\/\/elinformativotam.com\/index.php\/wp-json\/wp\/v2\/posts\/51372","targetHints":{"allow":["GET"]}}],"collection":[{"href":"https:\/\/elinformativotam.com\/index.php\/wp-json\/wp\/v2\/posts"}],"about":[{"href":"https:\/\/elinformativotam.com\/index.php\/wp-json\/wp\/v2\/types\/post"}],"author":[{"embeddable":true,"href":"https:\/\/elinformativotam.com\/index.php\/wp-json\/wp\/v2\/users\/1"}],"replies":[{"embeddable":true,"href":"https:\/\/elinformativotam.com\/index.php\/wp-json\/wp\/v2\/comments?post=51372"}],"version-history":[{"count":1,"href":"https:\/\/elinformativotam.com\/index.php\/wp-json\/wp\/v2\/posts\/51372\/revisions"}],"predecessor-version":[{"id":51374,"href":"https:\/\/elinformativotam.com\/index.php\/wp-json\/wp\/v2\/posts\/51372\/revisions\/51374"}],"wp:featuredmedia":[{"embeddable":true,"href":"https:\/\/elinformativotam.com\/index.php\/wp-json\/wp\/v2\/media\/51373"}],"wp:attachment":[{"href":"https:\/\/elinformativotam.com\/index.php\/wp-json\/wp\/v2\/media?parent=51372"}],"wp:term":[{"taxonomy":"category","embeddable":true,"href":"https:\/\/elinformativotam.com\/index.php\/wp-json\/wp\/v2\/categories?post=51372"},{"taxonomy":"post_tag","embeddable":true,"href":"https:\/\/elinformativotam.com\/index.php\/wp-json\/wp\/v2\/tags?post=51372"}],"curies":[{"name":"wp","href":"https:\/\/api.w.org\/{rel}","templated":true}]}}