{"id":51366,"date":"2024-06-25T20:41:09","date_gmt":"2024-06-26T02:41:09","guid":{"rendered":"https:\/\/elinformativotam.com\/?p=51366"},"modified":"2024-06-25T20:41:09","modified_gmt":"2024-06-26T02:41:09","slug":"pretende-regidora-panista-batir-record-en-gestiones-lograria-15-mil-en-tampico","status":"publish","type":"post","link":"https:\/\/elinformativotam.com\/index.php\/2024\/06\/25\/pretende-regidora-panista-batir-record-en-gestiones-lograria-15-mil-en-tampico\/","title":{"rendered":"PRETENDE REGIDORA PANISTA BATIR R\u00c9CORD EN GESTIONES; LOGRAR\u00cdA 15 MIL EN TAMPICO"},"content":{"rendered":"<h2 style=\"text-align: center;\"><em><span style=\"font-family: 'times new roman', times;\">*Apoyos De Todo Tipo Ha Brindado La Concejal Hacia La Poblaci\u00f3n De Esta Ciudad<\/span><\/em><\/h2>\n<p>&nbsp;<\/p>\n<p>Al se\u00f1alar que es la \u00fanica regidora de la zona sur que a la fecha tiene contabilizadas 14 mil gestiones ciudadanas &#8220;comprobables y documentadas&#8221; Mar\u00eda de la Luz Mar Estrada, advirti\u00f3 que desde hace 30 a\u00f1os &#8220;soy una gestora dentro de la pol\u00edtica, que me atrevo a decir, muy pocos tienen, y en el cabildo de Tampico soy la \u00fanica con este trabajo hecho en estos casi 3 a\u00f1os&#8221;<\/p>\n<p>&nbsp;<\/p>\n<p>La edil porte\u00f1a y presidenta de la comisi\u00f3n de bienestar social en el cabildo, subray\u00f3 que busca sentar un precedente en \u00e9ste tema, y sobre todo, dijo, de apoyar a las personas que necesitan ayuda de un funcionario, o de un gobierno de cualquier partido pol\u00edtico.<\/p>\n<p>&nbsp;<\/p>\n<p>Resalt\u00f3 que a lo largo de su labor como edil del PAN, las peticiones qu\u00e9 m\u00e1s le han solicitado son medicamentos y ex\u00e1menes m\u00e9dicos con especialistas.<\/p>\n<p>&nbsp;<\/p>\n<p>&#8220;Es lo que m\u00e1s nos han pedido, hasta el momento, y por supuesto otras gestiones m\u00e1s como servicios funerarios, operaciones de catarata, carnosidad y retinopat\u00eda diab\u00e9tica&#8221; d\u00f3nde nos han apoyado empresarios y dependencias del gobierno del estado<\/p>\n<p>&nbsp;<\/p>\n<p>Explic\u00f3, que el estigma del nulo trabajo de la figura del regidor es un tema que dif\u00edcilmente habr\u00e1 de cambiar ante la poblaci\u00f3n, sin embargo, dijo, particularmente busca dejar un precedente.<\/p>\n<p>&nbsp;<\/p>\n<p>&#8220;De que no todos somos iguales, algunos otros m\u00e1s si trabajan, y pues yo pretendo llegar a las 15 mil gestiones hasta que termine mi labor en este cabildo&#8221;, acot\u00f3<\/p>\n<p>&nbsp;<\/p>\n<p>&#8220;Tengo 30 a\u00f1os como gestora social, hoy con cargo p\u00fablico y ma\u00f1ana quiz\u00e1 sin cargo, pero seguir\u00e9 apoyando a toda persona que as\u00ed lo requiera, eso es algo nato que se lleva cuando buscas ayudar realmente a alguien&#8221;, resalt\u00f3 la edil de Tampico.<\/p>\n<p>&nbsp;<\/p>\n","protected":false},"excerpt":{"rendered":"<p>*Apoyos De Todo Tipo Ha Brindado La Concejal Hacia La Poblaci\u00f3n De Esta Ciudad &nbsp; Al se\u00f1alar que es la&hellip;<\/p>\n","protected":false},"author":1,"featured_media":51367,"comment_status":"open","ping_status":"open","sticky":false,"template":"","format":"standard","meta":{"footnotes":""},"categories":[3],"tags":[],"class_list":["post-51366","post","type-post","status-publish","format-standard","has-post-thumbnail","hentry","category-tampico"],"yoast_head":"<!-- This site is optimized with the Yoast SEO plugin v27.4 - https:\/\/yoast.com\/product\/yoast-seo-wordpress\/ -->\n<title>PRETENDE REGIDORA PANISTA BATIR R\u00c9CORD EN GESTIONES; LOGRAR\u00cdA 15 MIL EN TAMPICO - EL INFORMATIVO DE TAMAULIPAS<\/title>\n<meta name=\"description\" content=\"*Apoyos De Todo Tipo Ha Brindado La Concejal Hacia La Poblaci\u00f3n De Esta Ciudad &nbsp; Al se\u00f1alar que es la \u00fanica regidora de la zona sur que a la fecha\" \/>\n<meta name=\"robots\" content=\"index, follow, max-snippet:-1, max-image-preview:large, max-video-preview:-1\" \/>\n<link rel=\"canonical\" href=\"https:\/\/elinformativotam.com\/index.php\/2024\/06\/25\/pretende-regidora-panista-batir-record-en-gestiones-lograria-15-mil-en-tampico\/\" \/>\n<meta property=\"og:locale\" content=\"es_MX\" \/>\n<meta property=\"og:type\" content=\"article\" \/>\n<meta property=\"og:title\" content=\"PRETENDE REGIDORA PANISTA BATIR R\u00c9CORD EN GESTIONES; LOGRAR\u00cdA 15 MIL EN TAMPICO - EL INFORMATIVO DE TAMAULIPAS\" \/>\n<meta property=\"og:description\" content=\"*Apoyos De Todo Tipo Ha Brindado La Concejal Hacia La Poblaci\u00f3n De Esta Ciudad &nbsp; Al se\u00f1alar que es la \u00fanica regidora de la zona sur que a la fecha\" \/>\n<meta property=\"og:url\" content=\"https:\/\/elinformativotam.com\/index.php\/2024\/06\/25\/pretende-regidora-panista-batir-record-en-gestiones-lograria-15-mil-en-tampico\/\" \/>\n<meta property=\"og:site_name\" content=\"EL INFORMATIVO DE TAMAULIPAS\" \/>\n<meta property=\"article:published_time\" content=\"2024-06-26T02:41:09+00:00\" \/>\n<meta property=\"og:image\" content=\"https:\/\/elinformativotam.com\/wp-content\/uploads\/2024\/06\/Regidora.jpeg\" \/>\n\t<meta property=\"og:image:width\" content=\"1600\" \/>\n\t<meta property=\"og:image:height\" content=\"1204\" \/>\n\t<meta property=\"og:image:type\" content=\"image\/jpeg\" \/>\n<meta name=\"author\" content=\"El Informativo Tam\" \/>\n<meta name=\"twitter:card\" content=\"summary_large_image\" \/>\n<meta name=\"twitter:label1\" content=\"Escrito por\" \/>\n\t<meta name=\"twitter:data1\" content=\"El Informativo Tam\" \/>\n\t<meta name=\"twitter:label2\" content=\"Tiempo de lectura\" \/>\n\t<meta name=\"twitter:data2\" content=\"2 minutos\" \/>\n<script type=\"application\/ld+json\" class=\"yoast-schema-graph\">{\"@context\":\"https:\\\/\\\/schema.org\",\"@graph\":[{\"@type\":\"Article\",\"@id\":\"https:\\\/\\\/elinformativotam.com\\\/index.php\\\/2024\\\/06\\\/25\\\/pretende-regidora-panista-batir-record-en-gestiones-lograria-15-mil-en-tampico\\\/#article\",\"isPartOf\":{\"@id\":\"https:\\\/\\\/elinformativotam.com\\\/index.php\\\/2024\\\/06\\\/25\\\/pretende-regidora-panista-batir-record-en-gestiones-lograria-15-mil-en-tampico\\\/\"},\"author\":{\"name\":\"El Informativo Tam\",\"@id\":\"https:\\\/\\\/elinformativotam.com\\\/#\\\/schema\\\/person\\\/78e08040eed0f6110f0c5f83b6153590\"},\"headline\":\"PRETENDE REGIDORA PANISTA BATIR R\u00c9CORD EN GESTIONES; LOGRAR\u00cdA 15 MIL EN TAMPICO\",\"datePublished\":\"2024-06-26T02:41:09+00:00\",\"mainEntityOfPage\":{\"@id\":\"https:\\\/\\\/elinformativotam.com\\\/index.php\\\/2024\\\/06\\\/25\\\/pretende-regidora-panista-batir-record-en-gestiones-lograria-15-mil-en-tampico\\\/\"},\"wordCount\":335,\"commentCount\":0,\"publisher\":{\"@id\":\"https:\\\/\\\/elinformativotam.com\\\/#organization\"},\"image\":{\"@id\":\"https:\\\/\\\/elinformativotam.com\\\/index.php\\\/2024\\\/06\\\/25\\\/pretende-regidora-panista-batir-record-en-gestiones-lograria-15-mil-en-tampico\\\/#primaryimage\"},\"thumbnailUrl\":\"https:\\\/\\\/elinformativotam.com\\\/wp-content\\\/uploads\\\/2024\\\/06\\\/Regidora.jpeg\",\"articleSection\":[\"Tampico\"],\"inLanguage\":\"es\",\"potentialAction\":[{\"@type\":\"CommentAction\",\"name\":\"Comment\",\"target\":[\"https:\\\/\\\/elinformativotam.com\\\/index.php\\\/2024\\\/06\\\/25\\\/pretende-regidora-panista-batir-record-en-gestiones-lograria-15-mil-en-tampico\\\/#respond\"]}]},{\"@type\":\"WebPage\",\"@id\":\"https:\\\/\\\/elinformativotam.com\\\/index.php\\\/2024\\\/06\\\/25\\\/pretende-regidora-panista-batir-record-en-gestiones-lograria-15-mil-en-tampico\\\/\",\"url\":\"https:\\\/\\\/elinformativotam.com\\\/index.php\\\/2024\\\/06\\\/25\\\/pretende-regidora-panista-batir-record-en-gestiones-lograria-15-mil-en-tampico\\\/\",\"name\":\"PRETENDE REGIDORA PANISTA BATIR R\u00c9CORD EN GESTIONES; LOGRAR\u00cdA 15 MIL EN TAMPICO - EL INFORMATIVO DE TAMAULIPAS\",\"isPartOf\":{\"@id\":\"https:\\\/\\\/elinformativotam.com\\\/#website\"},\"primaryImageOfPage\":{\"@id\":\"https:\\\/\\\/elinformativotam.com\\\/index.php\\\/2024\\\/06\\\/25\\\/pretende-regidora-panista-batir-record-en-gestiones-lograria-15-mil-en-tampico\\\/#primaryimage\"},\"image\":{\"@id\":\"https:\\\/\\\/elinformativotam.com\\\/index.php\\\/2024\\\/06\\\/25\\\/pretende-regidora-panista-batir-record-en-gestiones-lograria-15-mil-en-tampico\\\/#primaryimage\"},\"thumbnailUrl\":\"https:\\\/\\\/elinformativotam.com\\\/wp-content\\\/uploads\\\/2024\\\/06\\\/Regidora.jpeg\",\"datePublished\":\"2024-06-26T02:41:09+00:00\",\"description\":\"*Apoyos De Todo Tipo Ha Brindado La Concejal Hacia La Poblaci\u00f3n De Esta Ciudad &nbsp; Al se\u00f1alar que es la \u00fanica regidora de la zona sur que a la fecha\",\"inLanguage\":\"es\",\"potentialAction\":[{\"@type\":\"ReadAction\",\"target\":[\"https:\\\/\\\/elinformativotam.com\\\/index.php\\\/2024\\\/06\\\/25\\\/pretende-regidora-panista-batir-record-en-gestiones-lograria-15-mil-en-tampico\\\/\"]}]},{\"@type\":\"ImageObject\",\"inLanguage\":\"es\",\"@id\":\"https:\\\/\\\/elinformativotam.com\\\/index.php\\\/2024\\\/06\\\/25\\\/pretende-regidora-panista-batir-record-en-gestiones-lograria-15-mil-en-tampico\\\/#primaryimage\",\"url\":\"https:\\\/\\\/elinformativotam.com\\\/wp-content\\\/uploads\\\/2024\\\/06\\\/Regidora.jpeg\",\"contentUrl\":\"https:\\\/\\\/elinformativotam.com\\\/wp-content\\\/uploads\\\/2024\\\/06\\\/Regidora.jpeg\",\"width\":1600,\"height\":1204},{\"@type\":\"WebSite\",\"@id\":\"https:\\\/\\\/elinformativotam.com\\\/#website\",\"url\":\"https:\\\/\\\/elinformativotam.com\\\/\",\"name\":\"EL INFORMATIVO DE TAMAULIPAS\",\"description\":\"Desde la Zona Metropolitana Para Todo M\u00e9xico\",\"publisher\":{\"@id\":\"https:\\\/\\\/elinformativotam.com\\\/#organization\"},\"potentialAction\":[{\"@type\":\"SearchAction\",\"target\":{\"@type\":\"EntryPoint\",\"urlTemplate\":\"https:\\\/\\\/elinformativotam.com\\\/?s={search_term_string}\"},\"query-input\":{\"@type\":\"PropertyValueSpecification\",\"valueRequired\":true,\"valueName\":\"search_term_string\"}}],\"inLanguage\":\"es\"},{\"@type\":\"Organization\",\"@id\":\"https:\\\/\\\/elinformativotam.com\\\/#organization\",\"name\":\"EL INFORMATIVO DE TAMAULIPAS\",\"url\":\"https:\\\/\\\/elinformativotam.com\\\/\",\"logo\":{\"@type\":\"ImageObject\",\"inLanguage\":\"es\",\"@id\":\"https:\\\/\\\/elinformativotam.com\\\/#\\\/schema\\\/logo\\\/image\\\/\",\"url\":\"https:\\\/\\\/elinformativotam.com\\\/wp-content\\\/uploads\\\/2026\\\/02\\\/Cabezal.png\",\"contentUrl\":\"https:\\\/\\\/elinformativotam.com\\\/wp-content\\\/uploads\\\/2026\\\/02\\\/Cabezal.png\",\"width\":960,\"height\":640,\"caption\":\"EL INFORMATIVO DE TAMAULIPAS\"},\"image\":{\"@id\":\"https:\\\/\\\/elinformativotam.com\\\/#\\\/schema\\\/logo\\\/image\\\/\"}},{\"@type\":\"Person\",\"@id\":\"https:\\\/\\\/elinformativotam.com\\\/#\\\/schema\\\/person\\\/78e08040eed0f6110f0c5f83b6153590\",\"name\":\"El Informativo Tam\",\"image\":{\"@type\":\"ImageObject\",\"inLanguage\":\"es\",\"@id\":\"https:\\\/\\\/secure.gravatar.com\\\/avatar\\\/f3b7ad3af540688955925ac610647be00b0cf41feea9c4978b73a707ee86bc53?s=96&d=mm&r=g\",\"url\":\"https:\\\/\\\/secure.gravatar.com\\\/avatar\\\/f3b7ad3af540688955925ac610647be00b0cf41feea9c4978b73a707ee86bc53?s=96&d=mm&r=g\",\"contentUrl\":\"https:\\\/\\\/secure.gravatar.com\\\/avatar\\\/f3b7ad3af540688955925ac610647be00b0cf41feea9c4978b73a707ee86bc53?s=96&d=mm&r=g\",\"caption\":\"El Informativo Tam\"}}]}<\/script>\n<!-- \/ Yoast SEO plugin. -->","yoast_head_json":{"title":"PRETENDE REGIDORA PANISTA BATIR R\u00c9CORD EN GESTIONES; LOGRAR\u00cdA 15 MIL EN TAMPICO - EL INFORMATIVO DE TAMAULIPAS","description":"*Apoyos De Todo Tipo Ha Brindado La Concejal Hacia La Poblaci\u00f3n De Esta Ciudad &nbsp; Al se\u00f1alar que es la \u00fanica regidora de la zona sur que a la fecha","robots":{"index":"index","follow":"follow","max-snippet":"max-snippet:-1","max-image-preview":"max-image-preview:large","max-video-preview":"max-video-preview:-1"},"canonical":"https:\/\/elinformativotam.com\/index.php\/2024\/06\/25\/pretende-regidora-panista-batir-record-en-gestiones-lograria-15-mil-en-tampico\/","og_locale":"es_MX","og_type":"article","og_title":"PRETENDE REGIDORA PANISTA BATIR R\u00c9CORD EN GESTIONES; LOGRAR\u00cdA 15 MIL EN TAMPICO - EL INFORMATIVO DE TAMAULIPAS","og_description":"*Apoyos De Todo Tipo Ha Brindado La Concejal Hacia La Poblaci\u00f3n De Esta Ciudad &nbsp; Al se\u00f1alar que es la \u00fanica regidora de la zona sur que a la fecha","og_url":"https:\/\/elinformativotam.com\/index.php\/2024\/06\/25\/pretende-regidora-panista-batir-record-en-gestiones-lograria-15-mil-en-tampico\/","og_site_name":"EL INFORMATIVO DE TAMAULIPAS","article_published_time":"2024-06-26T02:41:09+00:00","og_image":[{"width":1600,"height":1204,"url":"https:\/\/elinformativotam.com\/wp-content\/uploads\/2024\/06\/Regidora.jpeg","type":"image\/jpeg"}],"author":"El Informativo Tam","twitter_card":"summary_large_image","twitter_misc":{"Escrito por":"El Informativo Tam","Tiempo de lectura":"2 minutos"},"schema":{"@context":"https:\/\/schema.org","@graph":[{"@type":"Article","@id":"https:\/\/elinformativotam.com\/index.php\/2024\/06\/25\/pretende-regidora-panista-batir-record-en-gestiones-lograria-15-mil-en-tampico\/#article","isPartOf":{"@id":"https:\/\/elinformativotam.com\/index.php\/2024\/06\/25\/pretende-regidora-panista-batir-record-en-gestiones-lograria-15-mil-en-tampico\/"},"author":{"name":"El Informativo Tam","@id":"https:\/\/elinformativotam.com\/#\/schema\/person\/78e08040eed0f6110f0c5f83b6153590"},"headline":"PRETENDE REGIDORA PANISTA BATIR R\u00c9CORD EN GESTIONES; LOGRAR\u00cdA 15 MIL EN TAMPICO","datePublished":"2024-06-26T02:41:09+00:00","mainEntityOfPage":{"@id":"https:\/\/elinformativotam.com\/index.php\/2024\/06\/25\/pretende-regidora-panista-batir-record-en-gestiones-lograria-15-mil-en-tampico\/"},"wordCount":335,"commentCount":0,"publisher":{"@id":"https:\/\/elinformativotam.com\/#organization"},"image":{"@id":"https:\/\/elinformativotam.com\/index.php\/2024\/06\/25\/pretende-regidora-panista-batir-record-en-gestiones-lograria-15-mil-en-tampico\/#primaryimage"},"thumbnailUrl":"https:\/\/elinformativotam.com\/wp-content\/uploads\/2024\/06\/Regidora.jpeg","articleSection":["Tampico"],"inLanguage":"es","potentialAction":[{"@type":"CommentAction","name":"Comment","target":["https:\/\/elinformativotam.com\/index.php\/2024\/06\/25\/pretende-regidora-panista-batir-record-en-gestiones-lograria-15-mil-en-tampico\/#respond"]}]},{"@type":"WebPage","@id":"https:\/\/elinformativotam.com\/index.php\/2024\/06\/25\/pretende-regidora-panista-batir-record-en-gestiones-lograria-15-mil-en-tampico\/","url":"https:\/\/elinformativotam.com\/index.php\/2024\/06\/25\/pretende-regidora-panista-batir-record-en-gestiones-lograria-15-mil-en-tampico\/","name":"PRETENDE REGIDORA PANISTA BATIR R\u00c9CORD EN GESTIONES; LOGRAR\u00cdA 15 MIL EN TAMPICO - EL INFORMATIVO DE TAMAULIPAS","isPartOf":{"@id":"https:\/\/elinformativotam.com\/#website"},"primaryImageOfPage":{"@id":"https:\/\/elinformativotam.com\/index.php\/2024\/06\/25\/pretende-regidora-panista-batir-record-en-gestiones-lograria-15-mil-en-tampico\/#primaryimage"},"image":{"@id":"https:\/\/elinformativotam.com\/index.php\/2024\/06\/25\/pretende-regidora-panista-batir-record-en-gestiones-lograria-15-mil-en-tampico\/#primaryimage"},"thumbnailUrl":"https:\/\/elinformativotam.com\/wp-content\/uploads\/2024\/06\/Regidora.jpeg","datePublished":"2024-06-26T02:41:09+00:00","description":"*Apoyos De Todo Tipo Ha Brindado La Concejal Hacia La Poblaci\u00f3n De Esta Ciudad &nbsp; Al se\u00f1alar que es la \u00fanica regidora de la zona sur que a la fecha","inLanguage":"es","potentialAction":[{"@type":"ReadAction","target":["https:\/\/elinformativotam.com\/index.php\/2024\/06\/25\/pretende-regidora-panista-batir-record-en-gestiones-lograria-15-mil-en-tampico\/"]}]},{"@type":"ImageObject","inLanguage":"es","@id":"https:\/\/elinformativotam.com\/index.php\/2024\/06\/25\/pretende-regidora-panista-batir-record-en-gestiones-lograria-15-mil-en-tampico\/#primaryimage","url":"https:\/\/elinformativotam.com\/wp-content\/uploads\/2024\/06\/Regidora.jpeg","contentUrl":"https:\/\/elinformativotam.com\/wp-content\/uploads\/2024\/06\/Regidora.jpeg","width":1600,"height":1204},{"@type":"WebSite","@id":"https:\/\/elinformativotam.com\/#website","url":"https:\/\/elinformativotam.com\/","name":"EL INFORMATIVO DE TAMAULIPAS","description":"Desde la Zona Metropolitana Para Todo M\u00e9xico","publisher":{"@id":"https:\/\/elinformativotam.com\/#organization"},"potentialAction":[{"@type":"SearchAction","target":{"@type":"EntryPoint","urlTemplate":"https:\/\/elinformativotam.com\/?s={search_term_string}"},"query-input":{"@type":"PropertyValueSpecification","valueRequired":true,"valueName":"search_term_string"}}],"inLanguage":"es"},{"@type":"Organization","@id":"https:\/\/elinformativotam.com\/#organization","name":"EL INFORMATIVO DE TAMAULIPAS","url":"https:\/\/elinformativotam.com\/","logo":{"@type":"ImageObject","inLanguage":"es","@id":"https:\/\/elinformativotam.com\/#\/schema\/logo\/image\/","url":"https:\/\/elinformativotam.com\/wp-content\/uploads\/2026\/02\/Cabezal.png","contentUrl":"https:\/\/elinformativotam.com\/wp-content\/uploads\/2026\/02\/Cabezal.png","width":960,"height":640,"caption":"EL INFORMATIVO DE TAMAULIPAS"},"image":{"@id":"https:\/\/elinformativotam.com\/#\/schema\/logo\/image\/"}},{"@type":"Person","@id":"https:\/\/elinformativotam.com\/#\/schema\/person\/78e08040eed0f6110f0c5f83b6153590","name":"El Informativo Tam","image":{"@type":"ImageObject","inLanguage":"es","@id":"https:\/\/secure.gravatar.com\/avatar\/f3b7ad3af540688955925ac610647be00b0cf41feea9c4978b73a707ee86bc53?s=96&d=mm&r=g","url":"https:\/\/secure.gravatar.com\/avatar\/f3b7ad3af540688955925ac610647be00b0cf41feea9c4978b73a707ee86bc53?s=96&d=mm&r=g","contentUrl":"https:\/\/secure.gravatar.com\/avatar\/f3b7ad3af540688955925ac610647be00b0cf41feea9c4978b73a707ee86bc53?s=96&d=mm&r=g","caption":"El Informativo Tam"}}]}},"_links":{"self":[{"href":"https:\/\/elinformativotam.com\/index.php\/wp-json\/wp\/v2\/posts\/51366","targetHints":{"allow":["GET"]}}],"collection":[{"href":"https:\/\/elinformativotam.com\/index.php\/wp-json\/wp\/v2\/posts"}],"about":[{"href":"https:\/\/elinformativotam.com\/index.php\/wp-json\/wp\/v2\/types\/post"}],"author":[{"embeddable":true,"href":"https:\/\/elinformativotam.com\/index.php\/wp-json\/wp\/v2\/users\/1"}],"replies":[{"embeddable":true,"href":"https:\/\/elinformativotam.com\/index.php\/wp-json\/wp\/v2\/comments?post=51366"}],"version-history":[{"count":1,"href":"https:\/\/elinformativotam.com\/index.php\/wp-json\/wp\/v2\/posts\/51366\/revisions"}],"predecessor-version":[{"id":51368,"href":"https:\/\/elinformativotam.com\/index.php\/wp-json\/wp\/v2\/posts\/51366\/revisions\/51368"}],"wp:featuredmedia":[{"embeddable":true,"href":"https:\/\/elinformativotam.com\/index.php\/wp-json\/wp\/v2\/media\/51367"}],"wp:attachment":[{"href":"https:\/\/elinformativotam.com\/index.php\/wp-json\/wp\/v2\/media?parent=51366"}],"wp:term":[{"taxonomy":"category","embeddable":true,"href":"https:\/\/elinformativotam.com\/index.php\/wp-json\/wp\/v2\/categories?post=51366"},{"taxonomy":"post_tag","embeddable":true,"href":"https:\/\/elinformativotam.com\/index.php\/wp-json\/wp\/v2\/tags?post=51366"}],"curies":[{"name":"wp","href":"https:\/\/api.w.org\/{rel}","templated":true}]}}