{"id":51357,"date":"2024-06-25T20:28:38","date_gmt":"2024-06-26T02:28:38","guid":{"rendered":"https:\/\/elinformativotam.com\/?p=51357"},"modified":"2024-06-25T20:28:38","modified_gmt":"2024-06-26T02:28:38","slug":"planteles-educativos-de-tampico-requieren-recursos-del-itife","status":"publish","type":"post","link":"https:\/\/elinformativotam.com\/index.php\/2024\/06\/25\/planteles-educativos-de-tampico-requieren-recursos-del-itife\/","title":{"rendered":"PLANTELES EDUCATIVOS DE TAMPICO REQUIEREN RECURSOS DEL ITIFE"},"content":{"rendered":"<h2 style=\"text-align: center;\"><em><span style=\"font-family: 'times new roman', times;\">*Infraestructura De Todo Tipo, Aires Acondicionados E Impermeabilizantes, Necesitan Las Escuelas De La Ciudad<\/span><\/em><\/h2>\n<p>&nbsp;<\/p>\n<p>Pese a que los maestros y padres de familia(aglutinados en las asociaciones de padres de familia) &#8220;casi son due\u00f1os&#8221; de los planteles educativos de Tampico, y cada a\u00f1o buscan mejoras para sus escuelas, es necesario que los recursos del ITIFE se dejen ver en la ciudad, pues al menos 3 de cada 10 planteles requieren de alg\u00fan tipo de obra o beneficio.<\/p>\n<p>&nbsp;<\/p>\n<p>Al respecto, el regidor porte\u00f1o y presidente de la comisi\u00f3n de educaci\u00f3n en el cabildo, Sergio Daniel Aguirre Contreras, extern\u00f3 que a pocas semanas de concluir el ciclo escolar 2023-2024 los planteles de nivel b\u00e1sico siguen a la espera de que el Instituto Tamaulipeco de Infraestructura F\u00edsica y Educativa aterrice mejores recursos para solventar las necesidades y peticiones<\/p>\n<p>&nbsp;<\/p>\n<p>Resalt\u00f3 que las necesidades en este momento son impermeabilizaci\u00f3n debido a la temporada de fen\u00f3menos hidrometerol\u00f3gicos, aires acondicionados en esta \u00e9poca de altas temperaturas y transformadores.<\/p>\n<p>&nbsp;<\/p>\n<p>&#8220;Las peticiones siguen vigentes de este a\u00f1o, hay que sumarle las que ya estaban del a\u00f1o pasado, sabemos que los padres de familia son los que mantienen muchas escuelas, pero tambi\u00e9n es obligaci\u00f3n del ITIFE canalizar un mejor presupuesto para esas necesidades&#8221;, dijo<\/p>\n<p>&nbsp;<\/p>\n<p>El regidor de la comisi\u00f3n explic\u00f3 que hoy la tecnolog\u00eda permite conocer ya por medio de una base de datos, que necesidades concretas tiene una instituci\u00f3n educativa.<\/p>\n<p>&nbsp;<\/p>\n<p>&#8220;Mediante una plataforma denominada 911 que es un subsistema que tiene el gobierno estatal y federal para estar enterado de lo que requieren los planteles&#8221;, explic\u00f3<\/p>\n<p>&nbsp;<\/p>\n<p>Aguirre, dej\u00f3 claro que hasta el momento no conoce al titular de esa dependencia estatal, sin embargo reiter\u00f3 que la administraci\u00f3n municipal actual se ha caracterizado por anteponer el trabajo interinstitucional.<\/p>\n<p>&nbsp;<\/p>\n<p>&#8220;Con cualquier nivel de gobierno, con cualquier color, nunca se trabaja con colores(partidos pol\u00edticos) y en lo particular si nos gustar\u00eda conocer qui\u00e9n est\u00e1 al frente de esa dependencia clave para las escuelas de Tamaulipas&#8221;, a\u00f1adi\u00f3.<\/p>\n","protected":false},"excerpt":{"rendered":"<p>*Infraestructura De Todo Tipo, Aires Acondicionados E Impermeabilizantes, Necesitan Las Escuelas De La Ciudad &nbsp; Pese a que los maestros&hellip;<\/p>\n","protected":false},"author":1,"featured_media":51358,"comment_status":"open","ping_status":"open","sticky":false,"template":"","format":"standard","meta":{"footnotes":""},"categories":[3],"tags":[],"class_list":["post-51357","post","type-post","status-publish","format-standard","has-post-thumbnail","hentry","category-tampico"],"yoast_head":"<!-- This site is optimized with the Yoast SEO plugin v27.4 - https:\/\/yoast.com\/product\/yoast-seo-wordpress\/ -->\n<title>PLANTELES EDUCATIVOS DE TAMPICO REQUIEREN RECURSOS DEL ITIFE - EL INFORMATIVO DE TAMAULIPAS<\/title>\n<meta name=\"description\" content=\"*Infraestructura De Todo Tipo, Aires Acondicionados E Impermeabilizantes, Necesitan Las Escuelas De La Ciudad &nbsp; Pese a que los maestros y padres de\" \/>\n<meta name=\"robots\" content=\"index, follow, max-snippet:-1, max-image-preview:large, max-video-preview:-1\" \/>\n<link rel=\"canonical\" href=\"https:\/\/elinformativotam.com\/index.php\/2024\/06\/25\/planteles-educativos-de-tampico-requieren-recursos-del-itife\/\" \/>\n<meta property=\"og:locale\" content=\"es_MX\" \/>\n<meta property=\"og:type\" content=\"article\" \/>\n<meta property=\"og:title\" content=\"PLANTELES EDUCATIVOS DE TAMPICO REQUIEREN RECURSOS DEL ITIFE - EL INFORMATIVO DE TAMAULIPAS\" \/>\n<meta property=\"og:description\" content=\"*Infraestructura De Todo Tipo, Aires Acondicionados E Impermeabilizantes, Necesitan Las Escuelas De La Ciudad &nbsp; Pese a que los maestros y padres de\" \/>\n<meta property=\"og:url\" content=\"https:\/\/elinformativotam.com\/index.php\/2024\/06\/25\/planteles-educativos-de-tampico-requieren-recursos-del-itife\/\" \/>\n<meta property=\"og:site_name\" content=\"EL INFORMATIVO DE TAMAULIPAS\" \/>\n<meta property=\"article:published_time\" content=\"2024-06-26T02:28:38+00:00\" \/>\n<meta property=\"og:image\" content=\"https:\/\/elinformativotam.com\/wp-content\/uploads\/2024\/06\/Daniel-Aguirre.jpeg\" \/>\n\t<meta property=\"og:image:width\" content=\"1600\" \/>\n\t<meta property=\"og:image:height\" content=\"1204\" \/>\n\t<meta property=\"og:image:type\" content=\"image\/jpeg\" \/>\n<meta name=\"author\" content=\"El Informativo Tam\" \/>\n<meta name=\"twitter:card\" content=\"summary_large_image\" \/>\n<meta name=\"twitter:label1\" content=\"Escrito por\" \/>\n\t<meta name=\"twitter:data1\" content=\"El Informativo Tam\" \/>\n\t<meta name=\"twitter:label2\" content=\"Tiempo de lectura\" \/>\n\t<meta name=\"twitter:data2\" content=\"2 minutos\" \/>\n<script type=\"application\/ld+json\" class=\"yoast-schema-graph\">{\"@context\":\"https:\\\/\\\/schema.org\",\"@graph\":[{\"@type\":\"Article\",\"@id\":\"https:\\\/\\\/elinformativotam.com\\\/index.php\\\/2024\\\/06\\\/25\\\/planteles-educativos-de-tampico-requieren-recursos-del-itife\\\/#article\",\"isPartOf\":{\"@id\":\"https:\\\/\\\/elinformativotam.com\\\/index.php\\\/2024\\\/06\\\/25\\\/planteles-educativos-de-tampico-requieren-recursos-del-itife\\\/\"},\"author\":{\"name\":\"El Informativo Tam\",\"@id\":\"https:\\\/\\\/elinformativotam.com\\\/#\\\/schema\\\/person\\\/78e08040eed0f6110f0c5f83b6153590\"},\"headline\":\"PLANTELES EDUCATIVOS DE TAMPICO REQUIEREN RECURSOS DEL ITIFE\",\"datePublished\":\"2024-06-26T02:28:38+00:00\",\"mainEntityOfPage\":{\"@id\":\"https:\\\/\\\/elinformativotam.com\\\/index.php\\\/2024\\\/06\\\/25\\\/planteles-educativos-de-tampico-requieren-recursos-del-itife\\\/\"},\"wordCount\":361,\"commentCount\":0,\"publisher\":{\"@id\":\"https:\\\/\\\/elinformativotam.com\\\/#organization\"},\"image\":{\"@id\":\"https:\\\/\\\/elinformativotam.com\\\/index.php\\\/2024\\\/06\\\/25\\\/planteles-educativos-de-tampico-requieren-recursos-del-itife\\\/#primaryimage\"},\"thumbnailUrl\":\"https:\\\/\\\/elinformativotam.com\\\/wp-content\\\/uploads\\\/2024\\\/06\\\/Daniel-Aguirre.jpeg\",\"articleSection\":[\"Tampico\"],\"inLanguage\":\"es\",\"potentialAction\":[{\"@type\":\"CommentAction\",\"name\":\"Comment\",\"target\":[\"https:\\\/\\\/elinformativotam.com\\\/index.php\\\/2024\\\/06\\\/25\\\/planteles-educativos-de-tampico-requieren-recursos-del-itife\\\/#respond\"]}]},{\"@type\":\"WebPage\",\"@id\":\"https:\\\/\\\/elinformativotam.com\\\/index.php\\\/2024\\\/06\\\/25\\\/planteles-educativos-de-tampico-requieren-recursos-del-itife\\\/\",\"url\":\"https:\\\/\\\/elinformativotam.com\\\/index.php\\\/2024\\\/06\\\/25\\\/planteles-educativos-de-tampico-requieren-recursos-del-itife\\\/\",\"name\":\"PLANTELES EDUCATIVOS DE TAMPICO REQUIEREN RECURSOS DEL ITIFE - EL INFORMATIVO DE TAMAULIPAS\",\"isPartOf\":{\"@id\":\"https:\\\/\\\/elinformativotam.com\\\/#website\"},\"primaryImageOfPage\":{\"@id\":\"https:\\\/\\\/elinformativotam.com\\\/index.php\\\/2024\\\/06\\\/25\\\/planteles-educativos-de-tampico-requieren-recursos-del-itife\\\/#primaryimage\"},\"image\":{\"@id\":\"https:\\\/\\\/elinformativotam.com\\\/index.php\\\/2024\\\/06\\\/25\\\/planteles-educativos-de-tampico-requieren-recursos-del-itife\\\/#primaryimage\"},\"thumbnailUrl\":\"https:\\\/\\\/elinformativotam.com\\\/wp-content\\\/uploads\\\/2024\\\/06\\\/Daniel-Aguirre.jpeg\",\"datePublished\":\"2024-06-26T02:28:38+00:00\",\"description\":\"*Infraestructura De Todo Tipo, Aires Acondicionados E Impermeabilizantes, Necesitan Las Escuelas De La Ciudad &nbsp; Pese a que los maestros y padres de\",\"inLanguage\":\"es\",\"potentialAction\":[{\"@type\":\"ReadAction\",\"target\":[\"https:\\\/\\\/elinformativotam.com\\\/index.php\\\/2024\\\/06\\\/25\\\/planteles-educativos-de-tampico-requieren-recursos-del-itife\\\/\"]}]},{\"@type\":\"ImageObject\",\"inLanguage\":\"es\",\"@id\":\"https:\\\/\\\/elinformativotam.com\\\/index.php\\\/2024\\\/06\\\/25\\\/planteles-educativos-de-tampico-requieren-recursos-del-itife\\\/#primaryimage\",\"url\":\"https:\\\/\\\/elinformativotam.com\\\/wp-content\\\/uploads\\\/2024\\\/06\\\/Daniel-Aguirre.jpeg\",\"contentUrl\":\"https:\\\/\\\/elinformativotam.com\\\/wp-content\\\/uploads\\\/2024\\\/06\\\/Daniel-Aguirre.jpeg\",\"width\":1600,\"height\":1204},{\"@type\":\"WebSite\",\"@id\":\"https:\\\/\\\/elinformativotam.com\\\/#website\",\"url\":\"https:\\\/\\\/elinformativotam.com\\\/\",\"name\":\"EL INFORMATIVO DE TAMAULIPAS\",\"description\":\"Desde la Zona Metropolitana Para Todo M\u00e9xico\",\"publisher\":{\"@id\":\"https:\\\/\\\/elinformativotam.com\\\/#organization\"},\"potentialAction\":[{\"@type\":\"SearchAction\",\"target\":{\"@type\":\"EntryPoint\",\"urlTemplate\":\"https:\\\/\\\/elinformativotam.com\\\/?s={search_term_string}\"},\"query-input\":{\"@type\":\"PropertyValueSpecification\",\"valueRequired\":true,\"valueName\":\"search_term_string\"}}],\"inLanguage\":\"es\"},{\"@type\":\"Organization\",\"@id\":\"https:\\\/\\\/elinformativotam.com\\\/#organization\",\"name\":\"EL INFORMATIVO DE TAMAULIPAS\",\"url\":\"https:\\\/\\\/elinformativotam.com\\\/\",\"logo\":{\"@type\":\"ImageObject\",\"inLanguage\":\"es\",\"@id\":\"https:\\\/\\\/elinformativotam.com\\\/#\\\/schema\\\/logo\\\/image\\\/\",\"url\":\"https:\\\/\\\/elinformativotam.com\\\/wp-content\\\/uploads\\\/2026\\\/02\\\/Cabezal.png\",\"contentUrl\":\"https:\\\/\\\/elinformativotam.com\\\/wp-content\\\/uploads\\\/2026\\\/02\\\/Cabezal.png\",\"width\":960,\"height\":640,\"caption\":\"EL INFORMATIVO DE TAMAULIPAS\"},\"image\":{\"@id\":\"https:\\\/\\\/elinformativotam.com\\\/#\\\/schema\\\/logo\\\/image\\\/\"}},{\"@type\":\"Person\",\"@id\":\"https:\\\/\\\/elinformativotam.com\\\/#\\\/schema\\\/person\\\/78e08040eed0f6110f0c5f83b6153590\",\"name\":\"El Informativo Tam\",\"image\":{\"@type\":\"ImageObject\",\"inLanguage\":\"es\",\"@id\":\"https:\\\/\\\/secure.gravatar.com\\\/avatar\\\/f3b7ad3af540688955925ac610647be00b0cf41feea9c4978b73a707ee86bc53?s=96&d=mm&r=g\",\"url\":\"https:\\\/\\\/secure.gravatar.com\\\/avatar\\\/f3b7ad3af540688955925ac610647be00b0cf41feea9c4978b73a707ee86bc53?s=96&d=mm&r=g\",\"contentUrl\":\"https:\\\/\\\/secure.gravatar.com\\\/avatar\\\/f3b7ad3af540688955925ac610647be00b0cf41feea9c4978b73a707ee86bc53?s=96&d=mm&r=g\",\"caption\":\"El Informativo Tam\"}}]}<\/script>\n<!-- \/ Yoast SEO plugin. -->","yoast_head_json":{"title":"PLANTELES EDUCATIVOS DE TAMPICO REQUIEREN RECURSOS DEL ITIFE - EL INFORMATIVO DE TAMAULIPAS","description":"*Infraestructura De Todo Tipo, Aires Acondicionados E Impermeabilizantes, Necesitan Las Escuelas De La Ciudad &nbsp; Pese a que los maestros y padres de","robots":{"index":"index","follow":"follow","max-snippet":"max-snippet:-1","max-image-preview":"max-image-preview:large","max-video-preview":"max-video-preview:-1"},"canonical":"https:\/\/elinformativotam.com\/index.php\/2024\/06\/25\/planteles-educativos-de-tampico-requieren-recursos-del-itife\/","og_locale":"es_MX","og_type":"article","og_title":"PLANTELES EDUCATIVOS DE TAMPICO REQUIEREN RECURSOS DEL ITIFE - EL INFORMATIVO DE TAMAULIPAS","og_description":"*Infraestructura De Todo Tipo, Aires Acondicionados E Impermeabilizantes, Necesitan Las Escuelas De La Ciudad &nbsp; Pese a que los maestros y padres de","og_url":"https:\/\/elinformativotam.com\/index.php\/2024\/06\/25\/planteles-educativos-de-tampico-requieren-recursos-del-itife\/","og_site_name":"EL INFORMATIVO DE TAMAULIPAS","article_published_time":"2024-06-26T02:28:38+00:00","og_image":[{"width":1600,"height":1204,"url":"https:\/\/elinformativotam.com\/wp-content\/uploads\/2024\/06\/Daniel-Aguirre.jpeg","type":"image\/jpeg"}],"author":"El Informativo Tam","twitter_card":"summary_large_image","twitter_misc":{"Escrito por":"El Informativo Tam","Tiempo de lectura":"2 minutos"},"schema":{"@context":"https:\/\/schema.org","@graph":[{"@type":"Article","@id":"https:\/\/elinformativotam.com\/index.php\/2024\/06\/25\/planteles-educativos-de-tampico-requieren-recursos-del-itife\/#article","isPartOf":{"@id":"https:\/\/elinformativotam.com\/index.php\/2024\/06\/25\/planteles-educativos-de-tampico-requieren-recursos-del-itife\/"},"author":{"name":"El Informativo Tam","@id":"https:\/\/elinformativotam.com\/#\/schema\/person\/78e08040eed0f6110f0c5f83b6153590"},"headline":"PLANTELES EDUCATIVOS DE TAMPICO REQUIEREN RECURSOS DEL ITIFE","datePublished":"2024-06-26T02:28:38+00:00","mainEntityOfPage":{"@id":"https:\/\/elinformativotam.com\/index.php\/2024\/06\/25\/planteles-educativos-de-tampico-requieren-recursos-del-itife\/"},"wordCount":361,"commentCount":0,"publisher":{"@id":"https:\/\/elinformativotam.com\/#organization"},"image":{"@id":"https:\/\/elinformativotam.com\/index.php\/2024\/06\/25\/planteles-educativos-de-tampico-requieren-recursos-del-itife\/#primaryimage"},"thumbnailUrl":"https:\/\/elinformativotam.com\/wp-content\/uploads\/2024\/06\/Daniel-Aguirre.jpeg","articleSection":["Tampico"],"inLanguage":"es","potentialAction":[{"@type":"CommentAction","name":"Comment","target":["https:\/\/elinformativotam.com\/index.php\/2024\/06\/25\/planteles-educativos-de-tampico-requieren-recursos-del-itife\/#respond"]}]},{"@type":"WebPage","@id":"https:\/\/elinformativotam.com\/index.php\/2024\/06\/25\/planteles-educativos-de-tampico-requieren-recursos-del-itife\/","url":"https:\/\/elinformativotam.com\/index.php\/2024\/06\/25\/planteles-educativos-de-tampico-requieren-recursos-del-itife\/","name":"PLANTELES EDUCATIVOS DE TAMPICO REQUIEREN RECURSOS DEL ITIFE - EL INFORMATIVO DE TAMAULIPAS","isPartOf":{"@id":"https:\/\/elinformativotam.com\/#website"},"primaryImageOfPage":{"@id":"https:\/\/elinformativotam.com\/index.php\/2024\/06\/25\/planteles-educativos-de-tampico-requieren-recursos-del-itife\/#primaryimage"},"image":{"@id":"https:\/\/elinformativotam.com\/index.php\/2024\/06\/25\/planteles-educativos-de-tampico-requieren-recursos-del-itife\/#primaryimage"},"thumbnailUrl":"https:\/\/elinformativotam.com\/wp-content\/uploads\/2024\/06\/Daniel-Aguirre.jpeg","datePublished":"2024-06-26T02:28:38+00:00","description":"*Infraestructura De Todo Tipo, Aires Acondicionados E Impermeabilizantes, Necesitan Las Escuelas De La Ciudad &nbsp; Pese a que los maestros y padres de","inLanguage":"es","potentialAction":[{"@type":"ReadAction","target":["https:\/\/elinformativotam.com\/index.php\/2024\/06\/25\/planteles-educativos-de-tampico-requieren-recursos-del-itife\/"]}]},{"@type":"ImageObject","inLanguage":"es","@id":"https:\/\/elinformativotam.com\/index.php\/2024\/06\/25\/planteles-educativos-de-tampico-requieren-recursos-del-itife\/#primaryimage","url":"https:\/\/elinformativotam.com\/wp-content\/uploads\/2024\/06\/Daniel-Aguirre.jpeg","contentUrl":"https:\/\/elinformativotam.com\/wp-content\/uploads\/2024\/06\/Daniel-Aguirre.jpeg","width":1600,"height":1204},{"@type":"WebSite","@id":"https:\/\/elinformativotam.com\/#website","url":"https:\/\/elinformativotam.com\/","name":"EL INFORMATIVO DE TAMAULIPAS","description":"Desde la Zona Metropolitana Para Todo M\u00e9xico","publisher":{"@id":"https:\/\/elinformativotam.com\/#organization"},"potentialAction":[{"@type":"SearchAction","target":{"@type":"EntryPoint","urlTemplate":"https:\/\/elinformativotam.com\/?s={search_term_string}"},"query-input":{"@type":"PropertyValueSpecification","valueRequired":true,"valueName":"search_term_string"}}],"inLanguage":"es"},{"@type":"Organization","@id":"https:\/\/elinformativotam.com\/#organization","name":"EL INFORMATIVO DE TAMAULIPAS","url":"https:\/\/elinformativotam.com\/","logo":{"@type":"ImageObject","inLanguage":"es","@id":"https:\/\/elinformativotam.com\/#\/schema\/logo\/image\/","url":"https:\/\/elinformativotam.com\/wp-content\/uploads\/2026\/02\/Cabezal.png","contentUrl":"https:\/\/elinformativotam.com\/wp-content\/uploads\/2026\/02\/Cabezal.png","width":960,"height":640,"caption":"EL INFORMATIVO DE TAMAULIPAS"},"image":{"@id":"https:\/\/elinformativotam.com\/#\/schema\/logo\/image\/"}},{"@type":"Person","@id":"https:\/\/elinformativotam.com\/#\/schema\/person\/78e08040eed0f6110f0c5f83b6153590","name":"El Informativo Tam","image":{"@type":"ImageObject","inLanguage":"es","@id":"https:\/\/secure.gravatar.com\/avatar\/f3b7ad3af540688955925ac610647be00b0cf41feea9c4978b73a707ee86bc53?s=96&d=mm&r=g","url":"https:\/\/secure.gravatar.com\/avatar\/f3b7ad3af540688955925ac610647be00b0cf41feea9c4978b73a707ee86bc53?s=96&d=mm&r=g","contentUrl":"https:\/\/secure.gravatar.com\/avatar\/f3b7ad3af540688955925ac610647be00b0cf41feea9c4978b73a707ee86bc53?s=96&d=mm&r=g","caption":"El Informativo Tam"}}]}},"_links":{"self":[{"href":"https:\/\/elinformativotam.com\/index.php\/wp-json\/wp\/v2\/posts\/51357","targetHints":{"allow":["GET"]}}],"collection":[{"href":"https:\/\/elinformativotam.com\/index.php\/wp-json\/wp\/v2\/posts"}],"about":[{"href":"https:\/\/elinformativotam.com\/index.php\/wp-json\/wp\/v2\/types\/post"}],"author":[{"embeddable":true,"href":"https:\/\/elinformativotam.com\/index.php\/wp-json\/wp\/v2\/users\/1"}],"replies":[{"embeddable":true,"href":"https:\/\/elinformativotam.com\/index.php\/wp-json\/wp\/v2\/comments?post=51357"}],"version-history":[{"count":1,"href":"https:\/\/elinformativotam.com\/index.php\/wp-json\/wp\/v2\/posts\/51357\/revisions"}],"predecessor-version":[{"id":51359,"href":"https:\/\/elinformativotam.com\/index.php\/wp-json\/wp\/v2\/posts\/51357\/revisions\/51359"}],"wp:featuredmedia":[{"embeddable":true,"href":"https:\/\/elinformativotam.com\/index.php\/wp-json\/wp\/v2\/media\/51358"}],"wp:attachment":[{"href":"https:\/\/elinformativotam.com\/index.php\/wp-json\/wp\/v2\/media?parent=51357"}],"wp:term":[{"taxonomy":"category","embeddable":true,"href":"https:\/\/elinformativotam.com\/index.php\/wp-json\/wp\/v2\/categories?post=51357"},{"taxonomy":"post_tag","embeddable":true,"href":"https:\/\/elinformativotam.com\/index.php\/wp-json\/wp\/v2\/tags?post=51357"}],"curies":[{"name":"wp","href":"https:\/\/api.w.org\/{rel}","templated":true}]}}