{"id":51351,"date":"2024-06-25T20:23:22","date_gmt":"2024-06-26T02:23:22","guid":{"rendered":"https:\/\/elinformativotam.com\/?p=51351"},"modified":"2024-06-25T20:23:22","modified_gmt":"2024-06-26T02:23:22","slug":"sostiene-presidente-de-altamira-reunion-con-sct-para-tratar-tema-de-municipalizar-un-tramo-carretero","status":"publish","type":"post","link":"https:\/\/elinformativotam.com\/index.php\/2024\/06\/25\/sostiene-presidente-de-altamira-reunion-con-sct-para-tratar-tema-de-municipalizar-un-tramo-carretero\/","title":{"rendered":"SOSTIENE PRESIDENTE DE ALTAMIRA REUNI\u00d3N CON SCT, PARA TRATAR TEMA DE MUNICIPALIZAR UN TRAMO CARRETERO"},"content":{"rendered":"<p>Para poder municipalizar el tramo de &#8216;El Chocolate&#8217; hacia el Puente de &#8220;La Esperanza&#8221; es necesario crear un fideicomiso, se\u00f1al\u00f3 el alcalde Armando Mart\u00ednez Manr\u00edquez y para ello se llevar\u00e1 a cabo una reuni\u00f3n con autoridades de la Secretar\u00eda de Comunicaciones y Transportes para entablar el tema.<\/p>\n<p>&nbsp;<\/p>\n<p>Expuso que lo que se est\u00e1 solicitando es parte que inicia en el punto conocido &#8220;El Chocolate&#8221; hacia el Puente de &#8220;La Esperanza&#8221;, esto ayudar\u00e1 a colocar los retornos correctamente y la iluminaci\u00f3n del mismo.<\/p>\n<p>&nbsp;<\/p>\n<p>&#8220;Una de las cosas que queremos hacer es darle mantenimiento ya que se encuentra en mal estado y la federaci\u00f3n no tiene recurso para hacerlo y para ello hay un programa de mantenimiento de caminos del gobierno de Tamaulipas y es lo que queremos hacer&#8221;, coment\u00f3.<\/p>\n<p>&nbsp;<\/p>\n<p>Explic\u00f3 que el fideicomiso, es un requisito que est\u00e1 pidiendo la Secretar\u00eda de Comunicaciones y Transportes, ya que en otras ocasiones se han cedido tramos carreteros y no les dan el mantenimiento debido, por lo que el fideicomiso es para garantizar que se va a mantener en buenas condiciones.<\/p>\n<p>&nbsp;<\/p>\n<p>Agreg\u00f3 que lo que se quiere es que Altamira comience en este lugar, adem\u00e1s se va a aprovechar para pedir el permiso para sacar el tr\u00e1fico pesado hacia el libramiento Poniente y evitar que las unidades entren al \u00e1rea urbana.<\/p>\n","protected":false},"excerpt":{"rendered":"<p>Para poder municipalizar el tramo de &#8216;El Chocolate&#8217; hacia el Puente de &#8220;La Esperanza&#8221; es necesario crear un fideicomiso, se\u00f1al\u00f3&hellip;<\/p>\n","protected":false},"author":1,"featured_media":51352,"comment_status":"open","ping_status":"open","sticky":false,"template":"","format":"standard","meta":{"footnotes":""},"categories":[5],"tags":[],"class_list":["post-51351","post","type-post","status-publish","format-standard","has-post-thumbnail","hentry","category-altamira"],"yoast_head":"<!-- This site is optimized with the Yoast SEO plugin v27.4 - https:\/\/yoast.com\/product\/yoast-seo-wordpress\/ -->\n<title>SOSTIENE PRESIDENTE DE ALTAMIRA REUNI\u00d3N CON SCT, PARA TRATAR TEMA DE MUNICIPALIZAR UN TRAMO CARRETERO - EL INFORMATIVO DE TAMAULIPAS<\/title>\n<meta name=\"description\" content=\"Para poder municipalizar el tramo de &#039;El Chocolate&#039; hacia el Puente de &quot;La Esperanza&quot; es necesario crear un fideicomiso, se\u00f1al\u00f3 el alcalde Armando\" \/>\n<meta name=\"robots\" content=\"index, follow, max-snippet:-1, max-image-preview:large, max-video-preview:-1\" \/>\n<link rel=\"canonical\" href=\"https:\/\/elinformativotam.com\/index.php\/2024\/06\/25\/sostiene-presidente-de-altamira-reunion-con-sct-para-tratar-tema-de-municipalizar-un-tramo-carretero\/\" \/>\n<meta property=\"og:locale\" content=\"es_MX\" \/>\n<meta property=\"og:type\" content=\"article\" \/>\n<meta property=\"og:title\" content=\"SOSTIENE PRESIDENTE DE ALTAMIRA REUNI\u00d3N CON SCT, PARA TRATAR TEMA DE MUNICIPALIZAR UN TRAMO CARRETERO - EL INFORMATIVO DE TAMAULIPAS\" \/>\n<meta property=\"og:description\" content=\"Para poder municipalizar el tramo de &#039;El Chocolate&#039; hacia el Puente de &quot;La Esperanza&quot; es necesario crear un fideicomiso, se\u00f1al\u00f3 el alcalde Armando\" \/>\n<meta property=\"og:url\" content=\"https:\/\/elinformativotam.com\/index.php\/2024\/06\/25\/sostiene-presidente-de-altamira-reunion-con-sct-para-tratar-tema-de-municipalizar-un-tramo-carretero\/\" \/>\n<meta property=\"og:site_name\" content=\"EL INFORMATIVO DE TAMAULIPAS\" \/>\n<meta property=\"article:published_time\" content=\"2024-06-26T02:23:22+00:00\" \/>\n<meta property=\"og:image\" content=\"https:\/\/elinformativotam.com\/wp-content\/uploads\/2024\/06\/Alcalde.jpeg\" \/>\n\t<meta property=\"og:image:width\" content=\"1600\" \/>\n\t<meta property=\"og:image:height\" content=\"1200\" \/>\n\t<meta property=\"og:image:type\" content=\"image\/jpeg\" \/>\n<meta name=\"author\" content=\"El Informativo Tam\" \/>\n<meta name=\"twitter:card\" content=\"summary_large_image\" \/>\n<meta name=\"twitter:label1\" content=\"Escrito por\" \/>\n\t<meta name=\"twitter:data1\" content=\"El Informativo Tam\" \/>\n\t<meta name=\"twitter:label2\" content=\"Tiempo de lectura\" \/>\n\t<meta name=\"twitter:data2\" content=\"2 minutos\" \/>\n<script type=\"application\/ld+json\" class=\"yoast-schema-graph\">{\"@context\":\"https:\\\/\\\/schema.org\",\"@graph\":[{\"@type\":\"Article\",\"@id\":\"https:\\\/\\\/elinformativotam.com\\\/index.php\\\/2024\\\/06\\\/25\\\/sostiene-presidente-de-altamira-reunion-con-sct-para-tratar-tema-de-municipalizar-un-tramo-carretero\\\/#article\",\"isPartOf\":{\"@id\":\"https:\\\/\\\/elinformativotam.com\\\/index.php\\\/2024\\\/06\\\/25\\\/sostiene-presidente-de-altamira-reunion-con-sct-para-tratar-tema-de-municipalizar-un-tramo-carretero\\\/\"},\"author\":{\"name\":\"El Informativo Tam\",\"@id\":\"https:\\\/\\\/elinformativotam.com\\\/#\\\/schema\\\/person\\\/78e08040eed0f6110f0c5f83b6153590\"},\"headline\":\"SOSTIENE PRESIDENTE DE ALTAMIRA REUNI\u00d3N CON SCT, PARA TRATAR TEMA DE MUNICIPALIZAR UN TRAMO CARRETERO\",\"datePublished\":\"2024-06-26T02:23:22+00:00\",\"mainEntityOfPage\":{\"@id\":\"https:\\\/\\\/elinformativotam.com\\\/index.php\\\/2024\\\/06\\\/25\\\/sostiene-presidente-de-altamira-reunion-con-sct-para-tratar-tema-de-municipalizar-un-tramo-carretero\\\/\"},\"wordCount\":247,\"commentCount\":0,\"publisher\":{\"@id\":\"https:\\\/\\\/elinformativotam.com\\\/#organization\"},\"image\":{\"@id\":\"https:\\\/\\\/elinformativotam.com\\\/index.php\\\/2024\\\/06\\\/25\\\/sostiene-presidente-de-altamira-reunion-con-sct-para-tratar-tema-de-municipalizar-un-tramo-carretero\\\/#primaryimage\"},\"thumbnailUrl\":\"https:\\\/\\\/elinformativotam.com\\\/wp-content\\\/uploads\\\/2024\\\/06\\\/Alcalde.jpeg\",\"articleSection\":[\"Altamira\"],\"inLanguage\":\"es\",\"potentialAction\":[{\"@type\":\"CommentAction\",\"name\":\"Comment\",\"target\":[\"https:\\\/\\\/elinformativotam.com\\\/index.php\\\/2024\\\/06\\\/25\\\/sostiene-presidente-de-altamira-reunion-con-sct-para-tratar-tema-de-municipalizar-un-tramo-carretero\\\/#respond\"]}]},{\"@type\":\"WebPage\",\"@id\":\"https:\\\/\\\/elinformativotam.com\\\/index.php\\\/2024\\\/06\\\/25\\\/sostiene-presidente-de-altamira-reunion-con-sct-para-tratar-tema-de-municipalizar-un-tramo-carretero\\\/\",\"url\":\"https:\\\/\\\/elinformativotam.com\\\/index.php\\\/2024\\\/06\\\/25\\\/sostiene-presidente-de-altamira-reunion-con-sct-para-tratar-tema-de-municipalizar-un-tramo-carretero\\\/\",\"name\":\"SOSTIENE PRESIDENTE DE ALTAMIRA REUNI\u00d3N CON SCT, PARA TRATAR TEMA DE MUNICIPALIZAR UN TRAMO CARRETERO - EL INFORMATIVO DE TAMAULIPAS\",\"isPartOf\":{\"@id\":\"https:\\\/\\\/elinformativotam.com\\\/#website\"},\"primaryImageOfPage\":{\"@id\":\"https:\\\/\\\/elinformativotam.com\\\/index.php\\\/2024\\\/06\\\/25\\\/sostiene-presidente-de-altamira-reunion-con-sct-para-tratar-tema-de-municipalizar-un-tramo-carretero\\\/#primaryimage\"},\"image\":{\"@id\":\"https:\\\/\\\/elinformativotam.com\\\/index.php\\\/2024\\\/06\\\/25\\\/sostiene-presidente-de-altamira-reunion-con-sct-para-tratar-tema-de-municipalizar-un-tramo-carretero\\\/#primaryimage\"},\"thumbnailUrl\":\"https:\\\/\\\/elinformativotam.com\\\/wp-content\\\/uploads\\\/2024\\\/06\\\/Alcalde.jpeg\",\"datePublished\":\"2024-06-26T02:23:22+00:00\",\"description\":\"Para poder municipalizar el tramo de 'El Chocolate' hacia el Puente de \\\"La Esperanza\\\" es necesario crear un fideicomiso, se\u00f1al\u00f3 el alcalde Armando\",\"inLanguage\":\"es\",\"potentialAction\":[{\"@type\":\"ReadAction\",\"target\":[\"https:\\\/\\\/elinformativotam.com\\\/index.php\\\/2024\\\/06\\\/25\\\/sostiene-presidente-de-altamira-reunion-con-sct-para-tratar-tema-de-municipalizar-un-tramo-carretero\\\/\"]}]},{\"@type\":\"ImageObject\",\"inLanguage\":\"es\",\"@id\":\"https:\\\/\\\/elinformativotam.com\\\/index.php\\\/2024\\\/06\\\/25\\\/sostiene-presidente-de-altamira-reunion-con-sct-para-tratar-tema-de-municipalizar-un-tramo-carretero\\\/#primaryimage\",\"url\":\"https:\\\/\\\/elinformativotam.com\\\/wp-content\\\/uploads\\\/2024\\\/06\\\/Alcalde.jpeg\",\"contentUrl\":\"https:\\\/\\\/elinformativotam.com\\\/wp-content\\\/uploads\\\/2024\\\/06\\\/Alcalde.jpeg\",\"width\":1600,\"height\":1200},{\"@type\":\"WebSite\",\"@id\":\"https:\\\/\\\/elinformativotam.com\\\/#website\",\"url\":\"https:\\\/\\\/elinformativotam.com\\\/\",\"name\":\"EL INFORMATIVO DE TAMAULIPAS\",\"description\":\"Desde la Zona Metropolitana Para Todo M\u00e9xico\",\"publisher\":{\"@id\":\"https:\\\/\\\/elinformativotam.com\\\/#organization\"},\"potentialAction\":[{\"@type\":\"SearchAction\",\"target\":{\"@type\":\"EntryPoint\",\"urlTemplate\":\"https:\\\/\\\/elinformativotam.com\\\/?s={search_term_string}\"},\"query-input\":{\"@type\":\"PropertyValueSpecification\",\"valueRequired\":true,\"valueName\":\"search_term_string\"}}],\"inLanguage\":\"es\"},{\"@type\":\"Organization\",\"@id\":\"https:\\\/\\\/elinformativotam.com\\\/#organization\",\"name\":\"EL INFORMATIVO DE TAMAULIPAS\",\"url\":\"https:\\\/\\\/elinformativotam.com\\\/\",\"logo\":{\"@type\":\"ImageObject\",\"inLanguage\":\"es\",\"@id\":\"https:\\\/\\\/elinformativotam.com\\\/#\\\/schema\\\/logo\\\/image\\\/\",\"url\":\"https:\\\/\\\/elinformativotam.com\\\/wp-content\\\/uploads\\\/2026\\\/02\\\/Cabezal.png\",\"contentUrl\":\"https:\\\/\\\/elinformativotam.com\\\/wp-content\\\/uploads\\\/2026\\\/02\\\/Cabezal.png\",\"width\":960,\"height\":640,\"caption\":\"EL INFORMATIVO DE TAMAULIPAS\"},\"image\":{\"@id\":\"https:\\\/\\\/elinformativotam.com\\\/#\\\/schema\\\/logo\\\/image\\\/\"}},{\"@type\":\"Person\",\"@id\":\"https:\\\/\\\/elinformativotam.com\\\/#\\\/schema\\\/person\\\/78e08040eed0f6110f0c5f83b6153590\",\"name\":\"El Informativo Tam\",\"image\":{\"@type\":\"ImageObject\",\"inLanguage\":\"es\",\"@id\":\"https:\\\/\\\/secure.gravatar.com\\\/avatar\\\/f3b7ad3af540688955925ac610647be00b0cf41feea9c4978b73a707ee86bc53?s=96&d=mm&r=g\",\"url\":\"https:\\\/\\\/secure.gravatar.com\\\/avatar\\\/f3b7ad3af540688955925ac610647be00b0cf41feea9c4978b73a707ee86bc53?s=96&d=mm&r=g\",\"contentUrl\":\"https:\\\/\\\/secure.gravatar.com\\\/avatar\\\/f3b7ad3af540688955925ac610647be00b0cf41feea9c4978b73a707ee86bc53?s=96&d=mm&r=g\",\"caption\":\"El Informativo Tam\"}}]}<\/script>\n<!-- \/ Yoast SEO plugin. -->","yoast_head_json":{"title":"SOSTIENE PRESIDENTE DE ALTAMIRA REUNI\u00d3N CON SCT, PARA TRATAR TEMA DE MUNICIPALIZAR UN TRAMO CARRETERO - EL INFORMATIVO DE TAMAULIPAS","description":"Para poder municipalizar el tramo de 'El Chocolate' hacia el Puente de \"La Esperanza\" es necesario crear un fideicomiso, se\u00f1al\u00f3 el alcalde Armando","robots":{"index":"index","follow":"follow","max-snippet":"max-snippet:-1","max-image-preview":"max-image-preview:large","max-video-preview":"max-video-preview:-1"},"canonical":"https:\/\/elinformativotam.com\/index.php\/2024\/06\/25\/sostiene-presidente-de-altamira-reunion-con-sct-para-tratar-tema-de-municipalizar-un-tramo-carretero\/","og_locale":"es_MX","og_type":"article","og_title":"SOSTIENE PRESIDENTE DE ALTAMIRA REUNI\u00d3N CON SCT, PARA TRATAR TEMA DE MUNICIPALIZAR UN TRAMO CARRETERO - EL INFORMATIVO DE TAMAULIPAS","og_description":"Para poder municipalizar el tramo de 'El Chocolate' hacia el Puente de \"La Esperanza\" es necesario crear un fideicomiso, se\u00f1al\u00f3 el alcalde Armando","og_url":"https:\/\/elinformativotam.com\/index.php\/2024\/06\/25\/sostiene-presidente-de-altamira-reunion-con-sct-para-tratar-tema-de-municipalizar-un-tramo-carretero\/","og_site_name":"EL INFORMATIVO DE TAMAULIPAS","article_published_time":"2024-06-26T02:23:22+00:00","og_image":[{"width":1600,"height":1200,"url":"https:\/\/elinformativotam.com\/wp-content\/uploads\/2024\/06\/Alcalde.jpeg","type":"image\/jpeg"}],"author":"El Informativo Tam","twitter_card":"summary_large_image","twitter_misc":{"Escrito por":"El Informativo Tam","Tiempo de lectura":"2 minutos"},"schema":{"@context":"https:\/\/schema.org","@graph":[{"@type":"Article","@id":"https:\/\/elinformativotam.com\/index.php\/2024\/06\/25\/sostiene-presidente-de-altamira-reunion-con-sct-para-tratar-tema-de-municipalizar-un-tramo-carretero\/#article","isPartOf":{"@id":"https:\/\/elinformativotam.com\/index.php\/2024\/06\/25\/sostiene-presidente-de-altamira-reunion-con-sct-para-tratar-tema-de-municipalizar-un-tramo-carretero\/"},"author":{"name":"El Informativo Tam","@id":"https:\/\/elinformativotam.com\/#\/schema\/person\/78e08040eed0f6110f0c5f83b6153590"},"headline":"SOSTIENE PRESIDENTE DE ALTAMIRA REUNI\u00d3N CON SCT, PARA TRATAR TEMA DE MUNICIPALIZAR UN TRAMO CARRETERO","datePublished":"2024-06-26T02:23:22+00:00","mainEntityOfPage":{"@id":"https:\/\/elinformativotam.com\/index.php\/2024\/06\/25\/sostiene-presidente-de-altamira-reunion-con-sct-para-tratar-tema-de-municipalizar-un-tramo-carretero\/"},"wordCount":247,"commentCount":0,"publisher":{"@id":"https:\/\/elinformativotam.com\/#organization"},"image":{"@id":"https:\/\/elinformativotam.com\/index.php\/2024\/06\/25\/sostiene-presidente-de-altamira-reunion-con-sct-para-tratar-tema-de-municipalizar-un-tramo-carretero\/#primaryimage"},"thumbnailUrl":"https:\/\/elinformativotam.com\/wp-content\/uploads\/2024\/06\/Alcalde.jpeg","articleSection":["Altamira"],"inLanguage":"es","potentialAction":[{"@type":"CommentAction","name":"Comment","target":["https:\/\/elinformativotam.com\/index.php\/2024\/06\/25\/sostiene-presidente-de-altamira-reunion-con-sct-para-tratar-tema-de-municipalizar-un-tramo-carretero\/#respond"]}]},{"@type":"WebPage","@id":"https:\/\/elinformativotam.com\/index.php\/2024\/06\/25\/sostiene-presidente-de-altamira-reunion-con-sct-para-tratar-tema-de-municipalizar-un-tramo-carretero\/","url":"https:\/\/elinformativotam.com\/index.php\/2024\/06\/25\/sostiene-presidente-de-altamira-reunion-con-sct-para-tratar-tema-de-municipalizar-un-tramo-carretero\/","name":"SOSTIENE PRESIDENTE DE ALTAMIRA REUNI\u00d3N CON SCT, PARA TRATAR TEMA DE MUNICIPALIZAR UN TRAMO CARRETERO - EL INFORMATIVO DE TAMAULIPAS","isPartOf":{"@id":"https:\/\/elinformativotam.com\/#website"},"primaryImageOfPage":{"@id":"https:\/\/elinformativotam.com\/index.php\/2024\/06\/25\/sostiene-presidente-de-altamira-reunion-con-sct-para-tratar-tema-de-municipalizar-un-tramo-carretero\/#primaryimage"},"image":{"@id":"https:\/\/elinformativotam.com\/index.php\/2024\/06\/25\/sostiene-presidente-de-altamira-reunion-con-sct-para-tratar-tema-de-municipalizar-un-tramo-carretero\/#primaryimage"},"thumbnailUrl":"https:\/\/elinformativotam.com\/wp-content\/uploads\/2024\/06\/Alcalde.jpeg","datePublished":"2024-06-26T02:23:22+00:00","description":"Para poder municipalizar el tramo de 'El Chocolate' hacia el Puente de \"La Esperanza\" es necesario crear un fideicomiso, se\u00f1al\u00f3 el alcalde Armando","inLanguage":"es","potentialAction":[{"@type":"ReadAction","target":["https:\/\/elinformativotam.com\/index.php\/2024\/06\/25\/sostiene-presidente-de-altamira-reunion-con-sct-para-tratar-tema-de-municipalizar-un-tramo-carretero\/"]}]},{"@type":"ImageObject","inLanguage":"es","@id":"https:\/\/elinformativotam.com\/index.php\/2024\/06\/25\/sostiene-presidente-de-altamira-reunion-con-sct-para-tratar-tema-de-municipalizar-un-tramo-carretero\/#primaryimage","url":"https:\/\/elinformativotam.com\/wp-content\/uploads\/2024\/06\/Alcalde.jpeg","contentUrl":"https:\/\/elinformativotam.com\/wp-content\/uploads\/2024\/06\/Alcalde.jpeg","width":1600,"height":1200},{"@type":"WebSite","@id":"https:\/\/elinformativotam.com\/#website","url":"https:\/\/elinformativotam.com\/","name":"EL INFORMATIVO DE TAMAULIPAS","description":"Desde la Zona Metropolitana Para Todo M\u00e9xico","publisher":{"@id":"https:\/\/elinformativotam.com\/#organization"},"potentialAction":[{"@type":"SearchAction","target":{"@type":"EntryPoint","urlTemplate":"https:\/\/elinformativotam.com\/?s={search_term_string}"},"query-input":{"@type":"PropertyValueSpecification","valueRequired":true,"valueName":"search_term_string"}}],"inLanguage":"es"},{"@type":"Organization","@id":"https:\/\/elinformativotam.com\/#organization","name":"EL INFORMATIVO DE TAMAULIPAS","url":"https:\/\/elinformativotam.com\/","logo":{"@type":"ImageObject","inLanguage":"es","@id":"https:\/\/elinformativotam.com\/#\/schema\/logo\/image\/","url":"https:\/\/elinformativotam.com\/wp-content\/uploads\/2026\/02\/Cabezal.png","contentUrl":"https:\/\/elinformativotam.com\/wp-content\/uploads\/2026\/02\/Cabezal.png","width":960,"height":640,"caption":"EL INFORMATIVO DE TAMAULIPAS"},"image":{"@id":"https:\/\/elinformativotam.com\/#\/schema\/logo\/image\/"}},{"@type":"Person","@id":"https:\/\/elinformativotam.com\/#\/schema\/person\/78e08040eed0f6110f0c5f83b6153590","name":"El Informativo Tam","image":{"@type":"ImageObject","inLanguage":"es","@id":"https:\/\/secure.gravatar.com\/avatar\/f3b7ad3af540688955925ac610647be00b0cf41feea9c4978b73a707ee86bc53?s=96&d=mm&r=g","url":"https:\/\/secure.gravatar.com\/avatar\/f3b7ad3af540688955925ac610647be00b0cf41feea9c4978b73a707ee86bc53?s=96&d=mm&r=g","contentUrl":"https:\/\/secure.gravatar.com\/avatar\/f3b7ad3af540688955925ac610647be00b0cf41feea9c4978b73a707ee86bc53?s=96&d=mm&r=g","caption":"El Informativo Tam"}}]}},"_links":{"self":[{"href":"https:\/\/elinformativotam.com\/index.php\/wp-json\/wp\/v2\/posts\/51351","targetHints":{"allow":["GET"]}}],"collection":[{"href":"https:\/\/elinformativotam.com\/index.php\/wp-json\/wp\/v2\/posts"}],"about":[{"href":"https:\/\/elinformativotam.com\/index.php\/wp-json\/wp\/v2\/types\/post"}],"author":[{"embeddable":true,"href":"https:\/\/elinformativotam.com\/index.php\/wp-json\/wp\/v2\/users\/1"}],"replies":[{"embeddable":true,"href":"https:\/\/elinformativotam.com\/index.php\/wp-json\/wp\/v2\/comments?post=51351"}],"version-history":[{"count":1,"href":"https:\/\/elinformativotam.com\/index.php\/wp-json\/wp\/v2\/posts\/51351\/revisions"}],"predecessor-version":[{"id":51353,"href":"https:\/\/elinformativotam.com\/index.php\/wp-json\/wp\/v2\/posts\/51351\/revisions\/51353"}],"wp:featuredmedia":[{"embeddable":true,"href":"https:\/\/elinformativotam.com\/index.php\/wp-json\/wp\/v2\/media\/51352"}],"wp:attachment":[{"href":"https:\/\/elinformativotam.com\/index.php\/wp-json\/wp\/v2\/media?parent=51351"}],"wp:term":[{"taxonomy":"category","embeddable":true,"href":"https:\/\/elinformativotam.com\/index.php\/wp-json\/wp\/v2\/categories?post=51351"},{"taxonomy":"post_tag","embeddable":true,"href":"https:\/\/elinformativotam.com\/index.php\/wp-json\/wp\/v2\/tags?post=51351"}],"curies":[{"name":"wp","href":"https:\/\/api.w.org\/{rel}","templated":true}]}}