{"id":51344,"date":"2024-06-25T09:24:30","date_gmt":"2024-06-25T15:24:30","guid":{"rendered":"https:\/\/elinformativotam.com\/?p=51344"},"modified":"2024-06-25T09:26:24","modified_gmt":"2024-06-25T15:26:24","slug":"regresaron-estudiantes-a-las-aulas-tras-paso-de-ciclones-y-crisis-hidrica","status":"publish","type":"post","link":"https:\/\/elinformativotam.com\/index.php\/2024\/06\/25\/regresaron-estudiantes-a-las-aulas-tras-paso-de-ciclones-y-crisis-hidrica\/","title":{"rendered":"REGRESARON ESTUDIANTES A LAS AULAS TRAS PASO DE CICLONES Y CRISIS H\u00cdDRICA"},"content":{"rendered":"<h2 style=\"text-align: center;\"><em><span style=\"font-family: 'times new roman', times;\">*A Terminar El Ciclo Escolar<\/span><\/em><\/h2>\n<p>&nbsp;<\/p>\n<p>Todos los planteles educativos de Tampico, de nivel b\u00e1sico, regresaron \u00e9ste lunes a sus actividades, luego de acabar con la suspensi\u00f3n de clases por la falta del vital l\u00edquido y superar las condiciones clim\u00e1ticas adversas de los dos fen\u00f3menos hidrometerol\u00f3gicos que pusieron en riesgo a la regi\u00f3n.<\/p>\n<p>&nbsp;<\/p>\n<p>Rogelio Carlos Caballero Silva, Secretario de Educaci\u00f3n del Municipio, detall\u00f3 que el reporte que obtuvo de las dependencias estatales de la SET es que la gran mayor\u00eda de los planteles educativos retornaron a sus actividades \u00e9ste d\u00eda.<\/p>\n<p>&nbsp;<\/p>\n<p>Destac\u00f3 que alrededor de 154 escuelas de nivel b\u00e1sico debieron de haber reanudado clases, tras dejar atr\u00e1s(por el momento) la contingencia h\u00eddrica y haber sorteado la tormenta tropical &#8220;Alberto&#8221; y la baja presi\u00f3n que peg\u00f3 hace unas horas en los l\u00edmites de Soto La Marina y la Pesca.<\/p>\n<p>&nbsp;<\/p>\n<p>Indic\u00f3 que en estos momentos la responsabilidad de regresar al ciclo escolar recae en los directores de los planteles y las mesas directivas de padres de familia, qui\u00e9nes deber\u00e1n notificar a la Secretar\u00eda de Educaci\u00f3n del Gobierno del Estado cualquier situaci\u00f3n que pudiera derivar en el regreso a las aulas.<\/p>\n<p>&nbsp;<\/p>\n<p>Caballero, enfatiz\u00f3 que pr\u00e1cticamente todas las escuelas primarias y secundarias cuentan ya con agua potable, problema que hab\u00eda ocasionado la suspensi\u00f3n de clases en gran parte de \u00e9stas.<\/p>\n<p>&nbsp;<\/p>\n<p>El impacto cercano de los dos fen\u00f3menos hidrometerol\u00f3gicos fue otra de las causas por la cual el Gobierno del Estado decidi\u00f3 suspender clases los d\u00edas jueves y viernes de la semana pasada.<\/p>\n<p>&nbsp;<\/p>\n<p>&#8220;Se puede decir que los dos problemas ya pasaron, uno por el momento, esperemos que las clases ya no se vean interrumpidas pues hay que recordar que el ciclo escolar est\u00e1 por terminar, y se necesita cumplirlo de la menor manera&#8221;, apunt\u00f3<\/p>\n","protected":false},"excerpt":{"rendered":"<p>*A Terminar El Ciclo Escolar &nbsp; Todos los planteles educativos de Tampico, de nivel b\u00e1sico, regresaron \u00e9ste lunes a sus&hellip;<\/p>\n","protected":false},"author":1,"featured_media":15308,"comment_status":"open","ping_status":"open","sticky":false,"template":"","format":"standard","meta":{"footnotes":""},"categories":[3],"tags":[],"class_list":["post-51344","post","type-post","status-publish","format-standard","has-post-thumbnail","hentry","category-tampico"],"yoast_head":"<!-- This site is optimized with the Yoast SEO plugin v27.4 - https:\/\/yoast.com\/product\/yoast-seo-wordpress\/ -->\n<title>REGRESARON ESTUDIANTES A LAS AULAS TRAS PASO DE CICLONES Y CRISIS H\u00cdDRICA - EL INFORMATIVO DE TAMAULIPAS<\/title>\n<meta name=\"description\" content=\"*A Terminar El Ciclo Escolar &nbsp; Todos los planteles educativos de Tampico, de nivel b\u00e1sico, regresaron \u00e9ste lunes a sus actividades, luego de acabar\" \/>\n<meta name=\"robots\" content=\"index, follow, max-snippet:-1, max-image-preview:large, max-video-preview:-1\" \/>\n<link rel=\"canonical\" href=\"https:\/\/elinformativotam.com\/index.php\/2024\/06\/25\/regresaron-estudiantes-a-las-aulas-tras-paso-de-ciclones-y-crisis-hidrica\/\" \/>\n<meta property=\"og:locale\" content=\"es_MX\" \/>\n<meta property=\"og:type\" content=\"article\" \/>\n<meta property=\"og:title\" content=\"REGRESARON ESTUDIANTES A LAS AULAS TRAS PASO DE CICLONES Y CRISIS H\u00cdDRICA - EL INFORMATIVO DE TAMAULIPAS\" \/>\n<meta property=\"og:description\" content=\"*A Terminar El Ciclo Escolar &nbsp; Todos los planteles educativos de Tampico, de nivel b\u00e1sico, regresaron \u00e9ste lunes a sus actividades, luego de acabar\" \/>\n<meta property=\"og:url\" content=\"https:\/\/elinformativotam.com\/index.php\/2024\/06\/25\/regresaron-estudiantes-a-las-aulas-tras-paso-de-ciclones-y-crisis-hidrica\/\" \/>\n<meta property=\"og:site_name\" content=\"EL INFORMATIVO DE TAMAULIPAS\" \/>\n<meta property=\"article:published_time\" content=\"2024-06-25T15:24:30+00:00\" \/>\n<meta property=\"article:modified_time\" content=\"2024-06-25T15:26:24+00:00\" \/>\n<meta property=\"og:image\" content=\"https:\/\/elinformativotam.com\/wp-content\/uploads\/2021\/02\/Escuela-scaled.jpg\" \/>\n\t<meta property=\"og:image:width\" content=\"2560\" \/>\n\t<meta property=\"og:image:height\" content=\"1709\" \/>\n\t<meta property=\"og:image:type\" content=\"image\/jpeg\" \/>\n<meta name=\"author\" content=\"El Informativo Tam\" \/>\n<meta name=\"twitter:card\" content=\"summary_large_image\" \/>\n<meta name=\"twitter:label1\" content=\"Escrito por\" \/>\n\t<meta name=\"twitter:data1\" content=\"El Informativo Tam\" \/>\n\t<meta name=\"twitter:label2\" content=\"Tiempo de lectura\" \/>\n\t<meta name=\"twitter:data2\" content=\"2 minutos\" \/>\n<script type=\"application\/ld+json\" class=\"yoast-schema-graph\">{\"@context\":\"https:\\\/\\\/schema.org\",\"@graph\":[{\"@type\":\"Article\",\"@id\":\"https:\\\/\\\/elinformativotam.com\\\/index.php\\\/2024\\\/06\\\/25\\\/regresaron-estudiantes-a-las-aulas-tras-paso-de-ciclones-y-crisis-hidrica\\\/#article\",\"isPartOf\":{\"@id\":\"https:\\\/\\\/elinformativotam.com\\\/index.php\\\/2024\\\/06\\\/25\\\/regresaron-estudiantes-a-las-aulas-tras-paso-de-ciclones-y-crisis-hidrica\\\/\"},\"author\":{\"name\":\"El Informativo Tam\",\"@id\":\"https:\\\/\\\/elinformativotam.com\\\/#\\\/schema\\\/person\\\/78e08040eed0f6110f0c5f83b6153590\"},\"headline\":\"REGRESARON ESTUDIANTES A LAS AULAS TRAS PASO DE CICLONES Y CRISIS H\u00cdDRICA\",\"datePublished\":\"2024-06-25T15:24:30+00:00\",\"dateModified\":\"2024-06-25T15:26:24+00:00\",\"mainEntityOfPage\":{\"@id\":\"https:\\\/\\\/elinformativotam.com\\\/index.php\\\/2024\\\/06\\\/25\\\/regresaron-estudiantes-a-las-aulas-tras-paso-de-ciclones-y-crisis-hidrica\\\/\"},\"wordCount\":335,\"commentCount\":0,\"publisher\":{\"@id\":\"https:\\\/\\\/elinformativotam.com\\\/#organization\"},\"image\":{\"@id\":\"https:\\\/\\\/elinformativotam.com\\\/index.php\\\/2024\\\/06\\\/25\\\/regresaron-estudiantes-a-las-aulas-tras-paso-de-ciclones-y-crisis-hidrica\\\/#primaryimage\"},\"thumbnailUrl\":\"https:\\\/\\\/elinformativotam.com\\\/wp-content\\\/uploads\\\/2021\\\/02\\\/Escuela-scaled.jpg\",\"articleSection\":[\"Tampico\"],\"inLanguage\":\"es\",\"potentialAction\":[{\"@type\":\"CommentAction\",\"name\":\"Comment\",\"target\":[\"https:\\\/\\\/elinformativotam.com\\\/index.php\\\/2024\\\/06\\\/25\\\/regresaron-estudiantes-a-las-aulas-tras-paso-de-ciclones-y-crisis-hidrica\\\/#respond\"]}]},{\"@type\":\"WebPage\",\"@id\":\"https:\\\/\\\/elinformativotam.com\\\/index.php\\\/2024\\\/06\\\/25\\\/regresaron-estudiantes-a-las-aulas-tras-paso-de-ciclones-y-crisis-hidrica\\\/\",\"url\":\"https:\\\/\\\/elinformativotam.com\\\/index.php\\\/2024\\\/06\\\/25\\\/regresaron-estudiantes-a-las-aulas-tras-paso-de-ciclones-y-crisis-hidrica\\\/\",\"name\":\"REGRESARON ESTUDIANTES A LAS AULAS TRAS PASO DE CICLONES Y CRISIS H\u00cdDRICA - EL INFORMATIVO DE TAMAULIPAS\",\"isPartOf\":{\"@id\":\"https:\\\/\\\/elinformativotam.com\\\/#website\"},\"primaryImageOfPage\":{\"@id\":\"https:\\\/\\\/elinformativotam.com\\\/index.php\\\/2024\\\/06\\\/25\\\/regresaron-estudiantes-a-las-aulas-tras-paso-de-ciclones-y-crisis-hidrica\\\/#primaryimage\"},\"image\":{\"@id\":\"https:\\\/\\\/elinformativotam.com\\\/index.php\\\/2024\\\/06\\\/25\\\/regresaron-estudiantes-a-las-aulas-tras-paso-de-ciclones-y-crisis-hidrica\\\/#primaryimage\"},\"thumbnailUrl\":\"https:\\\/\\\/elinformativotam.com\\\/wp-content\\\/uploads\\\/2021\\\/02\\\/Escuela-scaled.jpg\",\"datePublished\":\"2024-06-25T15:24:30+00:00\",\"dateModified\":\"2024-06-25T15:26:24+00:00\",\"description\":\"*A Terminar El Ciclo Escolar &nbsp; Todos los planteles educativos de Tampico, de nivel b\u00e1sico, regresaron \u00e9ste lunes a sus actividades, luego de acabar\",\"inLanguage\":\"es\",\"potentialAction\":[{\"@type\":\"ReadAction\",\"target\":[\"https:\\\/\\\/elinformativotam.com\\\/index.php\\\/2024\\\/06\\\/25\\\/regresaron-estudiantes-a-las-aulas-tras-paso-de-ciclones-y-crisis-hidrica\\\/\"]}]},{\"@type\":\"ImageObject\",\"inLanguage\":\"es\",\"@id\":\"https:\\\/\\\/elinformativotam.com\\\/index.php\\\/2024\\\/06\\\/25\\\/regresaron-estudiantes-a-las-aulas-tras-paso-de-ciclones-y-crisis-hidrica\\\/#primaryimage\",\"url\":\"https:\\\/\\\/elinformativotam.com\\\/wp-content\\\/uploads\\\/2021\\\/02\\\/Escuela-scaled.jpg\",\"contentUrl\":\"https:\\\/\\\/elinformativotam.com\\\/wp-content\\\/uploads\\\/2021\\\/02\\\/Escuela-scaled.jpg\",\"width\":2560,\"height\":1709},{\"@type\":\"WebSite\",\"@id\":\"https:\\\/\\\/elinformativotam.com\\\/#website\",\"url\":\"https:\\\/\\\/elinformativotam.com\\\/\",\"name\":\"EL INFORMATIVO DE TAMAULIPAS\",\"description\":\"Desde la Zona Metropolitana Para Todo M\u00e9xico\",\"publisher\":{\"@id\":\"https:\\\/\\\/elinformativotam.com\\\/#organization\"},\"potentialAction\":[{\"@type\":\"SearchAction\",\"target\":{\"@type\":\"EntryPoint\",\"urlTemplate\":\"https:\\\/\\\/elinformativotam.com\\\/?s={search_term_string}\"},\"query-input\":{\"@type\":\"PropertyValueSpecification\",\"valueRequired\":true,\"valueName\":\"search_term_string\"}}],\"inLanguage\":\"es\"},{\"@type\":\"Organization\",\"@id\":\"https:\\\/\\\/elinformativotam.com\\\/#organization\",\"name\":\"EL INFORMATIVO DE TAMAULIPAS\",\"url\":\"https:\\\/\\\/elinformativotam.com\\\/\",\"logo\":{\"@type\":\"ImageObject\",\"inLanguage\":\"es\",\"@id\":\"https:\\\/\\\/elinformativotam.com\\\/#\\\/schema\\\/logo\\\/image\\\/\",\"url\":\"https:\\\/\\\/elinformativotam.com\\\/wp-content\\\/uploads\\\/2026\\\/02\\\/Cabezal.png\",\"contentUrl\":\"https:\\\/\\\/elinformativotam.com\\\/wp-content\\\/uploads\\\/2026\\\/02\\\/Cabezal.png\",\"width\":960,\"height\":640,\"caption\":\"EL INFORMATIVO DE TAMAULIPAS\"},\"image\":{\"@id\":\"https:\\\/\\\/elinformativotam.com\\\/#\\\/schema\\\/logo\\\/image\\\/\"}},{\"@type\":\"Person\",\"@id\":\"https:\\\/\\\/elinformativotam.com\\\/#\\\/schema\\\/person\\\/78e08040eed0f6110f0c5f83b6153590\",\"name\":\"El Informativo Tam\",\"image\":{\"@type\":\"ImageObject\",\"inLanguage\":\"es\",\"@id\":\"https:\\\/\\\/secure.gravatar.com\\\/avatar\\\/f3b7ad3af540688955925ac610647be00b0cf41feea9c4978b73a707ee86bc53?s=96&d=mm&r=g\",\"url\":\"https:\\\/\\\/secure.gravatar.com\\\/avatar\\\/f3b7ad3af540688955925ac610647be00b0cf41feea9c4978b73a707ee86bc53?s=96&d=mm&r=g\",\"contentUrl\":\"https:\\\/\\\/secure.gravatar.com\\\/avatar\\\/f3b7ad3af540688955925ac610647be00b0cf41feea9c4978b73a707ee86bc53?s=96&d=mm&r=g\",\"caption\":\"El Informativo Tam\"}}]}<\/script>\n<!-- \/ Yoast SEO plugin. -->","yoast_head_json":{"title":"REGRESARON ESTUDIANTES A LAS AULAS TRAS PASO DE CICLONES Y CRISIS H\u00cdDRICA - EL INFORMATIVO DE TAMAULIPAS","description":"*A Terminar El Ciclo Escolar &nbsp; Todos los planteles educativos de Tampico, de nivel b\u00e1sico, regresaron \u00e9ste lunes a sus actividades, luego de acabar","robots":{"index":"index","follow":"follow","max-snippet":"max-snippet:-1","max-image-preview":"max-image-preview:large","max-video-preview":"max-video-preview:-1"},"canonical":"https:\/\/elinformativotam.com\/index.php\/2024\/06\/25\/regresaron-estudiantes-a-las-aulas-tras-paso-de-ciclones-y-crisis-hidrica\/","og_locale":"es_MX","og_type":"article","og_title":"REGRESARON ESTUDIANTES A LAS AULAS TRAS PASO DE CICLONES Y CRISIS H\u00cdDRICA - EL INFORMATIVO DE TAMAULIPAS","og_description":"*A Terminar El Ciclo Escolar &nbsp; Todos los planteles educativos de Tampico, de nivel b\u00e1sico, regresaron \u00e9ste lunes a sus actividades, luego de acabar","og_url":"https:\/\/elinformativotam.com\/index.php\/2024\/06\/25\/regresaron-estudiantes-a-las-aulas-tras-paso-de-ciclones-y-crisis-hidrica\/","og_site_name":"EL INFORMATIVO DE TAMAULIPAS","article_published_time":"2024-06-25T15:24:30+00:00","article_modified_time":"2024-06-25T15:26:24+00:00","og_image":[{"width":2560,"height":1709,"url":"https:\/\/elinformativotam.com\/wp-content\/uploads\/2021\/02\/Escuela-scaled.jpg","type":"image\/jpeg"}],"author":"El Informativo Tam","twitter_card":"summary_large_image","twitter_misc":{"Escrito por":"El Informativo Tam","Tiempo de lectura":"2 minutos"},"schema":{"@context":"https:\/\/schema.org","@graph":[{"@type":"Article","@id":"https:\/\/elinformativotam.com\/index.php\/2024\/06\/25\/regresaron-estudiantes-a-las-aulas-tras-paso-de-ciclones-y-crisis-hidrica\/#article","isPartOf":{"@id":"https:\/\/elinformativotam.com\/index.php\/2024\/06\/25\/regresaron-estudiantes-a-las-aulas-tras-paso-de-ciclones-y-crisis-hidrica\/"},"author":{"name":"El Informativo Tam","@id":"https:\/\/elinformativotam.com\/#\/schema\/person\/78e08040eed0f6110f0c5f83b6153590"},"headline":"REGRESARON ESTUDIANTES A LAS AULAS TRAS PASO DE CICLONES Y CRISIS H\u00cdDRICA","datePublished":"2024-06-25T15:24:30+00:00","dateModified":"2024-06-25T15:26:24+00:00","mainEntityOfPage":{"@id":"https:\/\/elinformativotam.com\/index.php\/2024\/06\/25\/regresaron-estudiantes-a-las-aulas-tras-paso-de-ciclones-y-crisis-hidrica\/"},"wordCount":335,"commentCount":0,"publisher":{"@id":"https:\/\/elinformativotam.com\/#organization"},"image":{"@id":"https:\/\/elinformativotam.com\/index.php\/2024\/06\/25\/regresaron-estudiantes-a-las-aulas-tras-paso-de-ciclones-y-crisis-hidrica\/#primaryimage"},"thumbnailUrl":"https:\/\/elinformativotam.com\/wp-content\/uploads\/2021\/02\/Escuela-scaled.jpg","articleSection":["Tampico"],"inLanguage":"es","potentialAction":[{"@type":"CommentAction","name":"Comment","target":["https:\/\/elinformativotam.com\/index.php\/2024\/06\/25\/regresaron-estudiantes-a-las-aulas-tras-paso-de-ciclones-y-crisis-hidrica\/#respond"]}]},{"@type":"WebPage","@id":"https:\/\/elinformativotam.com\/index.php\/2024\/06\/25\/regresaron-estudiantes-a-las-aulas-tras-paso-de-ciclones-y-crisis-hidrica\/","url":"https:\/\/elinformativotam.com\/index.php\/2024\/06\/25\/regresaron-estudiantes-a-las-aulas-tras-paso-de-ciclones-y-crisis-hidrica\/","name":"REGRESARON ESTUDIANTES A LAS AULAS TRAS PASO DE CICLONES Y CRISIS H\u00cdDRICA - EL INFORMATIVO DE TAMAULIPAS","isPartOf":{"@id":"https:\/\/elinformativotam.com\/#website"},"primaryImageOfPage":{"@id":"https:\/\/elinformativotam.com\/index.php\/2024\/06\/25\/regresaron-estudiantes-a-las-aulas-tras-paso-de-ciclones-y-crisis-hidrica\/#primaryimage"},"image":{"@id":"https:\/\/elinformativotam.com\/index.php\/2024\/06\/25\/regresaron-estudiantes-a-las-aulas-tras-paso-de-ciclones-y-crisis-hidrica\/#primaryimage"},"thumbnailUrl":"https:\/\/elinformativotam.com\/wp-content\/uploads\/2021\/02\/Escuela-scaled.jpg","datePublished":"2024-06-25T15:24:30+00:00","dateModified":"2024-06-25T15:26:24+00:00","description":"*A Terminar El Ciclo Escolar &nbsp; Todos los planteles educativos de Tampico, de nivel b\u00e1sico, regresaron \u00e9ste lunes a sus actividades, luego de acabar","inLanguage":"es","potentialAction":[{"@type":"ReadAction","target":["https:\/\/elinformativotam.com\/index.php\/2024\/06\/25\/regresaron-estudiantes-a-las-aulas-tras-paso-de-ciclones-y-crisis-hidrica\/"]}]},{"@type":"ImageObject","inLanguage":"es","@id":"https:\/\/elinformativotam.com\/index.php\/2024\/06\/25\/regresaron-estudiantes-a-las-aulas-tras-paso-de-ciclones-y-crisis-hidrica\/#primaryimage","url":"https:\/\/elinformativotam.com\/wp-content\/uploads\/2021\/02\/Escuela-scaled.jpg","contentUrl":"https:\/\/elinformativotam.com\/wp-content\/uploads\/2021\/02\/Escuela-scaled.jpg","width":2560,"height":1709},{"@type":"WebSite","@id":"https:\/\/elinformativotam.com\/#website","url":"https:\/\/elinformativotam.com\/","name":"EL INFORMATIVO DE TAMAULIPAS","description":"Desde la Zona Metropolitana Para Todo M\u00e9xico","publisher":{"@id":"https:\/\/elinformativotam.com\/#organization"},"potentialAction":[{"@type":"SearchAction","target":{"@type":"EntryPoint","urlTemplate":"https:\/\/elinformativotam.com\/?s={search_term_string}"},"query-input":{"@type":"PropertyValueSpecification","valueRequired":true,"valueName":"search_term_string"}}],"inLanguage":"es"},{"@type":"Organization","@id":"https:\/\/elinformativotam.com\/#organization","name":"EL INFORMATIVO DE TAMAULIPAS","url":"https:\/\/elinformativotam.com\/","logo":{"@type":"ImageObject","inLanguage":"es","@id":"https:\/\/elinformativotam.com\/#\/schema\/logo\/image\/","url":"https:\/\/elinformativotam.com\/wp-content\/uploads\/2026\/02\/Cabezal.png","contentUrl":"https:\/\/elinformativotam.com\/wp-content\/uploads\/2026\/02\/Cabezal.png","width":960,"height":640,"caption":"EL INFORMATIVO DE TAMAULIPAS"},"image":{"@id":"https:\/\/elinformativotam.com\/#\/schema\/logo\/image\/"}},{"@type":"Person","@id":"https:\/\/elinformativotam.com\/#\/schema\/person\/78e08040eed0f6110f0c5f83b6153590","name":"El Informativo Tam","image":{"@type":"ImageObject","inLanguage":"es","@id":"https:\/\/secure.gravatar.com\/avatar\/f3b7ad3af540688955925ac610647be00b0cf41feea9c4978b73a707ee86bc53?s=96&d=mm&r=g","url":"https:\/\/secure.gravatar.com\/avatar\/f3b7ad3af540688955925ac610647be00b0cf41feea9c4978b73a707ee86bc53?s=96&d=mm&r=g","contentUrl":"https:\/\/secure.gravatar.com\/avatar\/f3b7ad3af540688955925ac610647be00b0cf41feea9c4978b73a707ee86bc53?s=96&d=mm&r=g","caption":"El Informativo Tam"}}]}},"_links":{"self":[{"href":"https:\/\/elinformativotam.com\/index.php\/wp-json\/wp\/v2\/posts\/51344","targetHints":{"allow":["GET"]}}],"collection":[{"href":"https:\/\/elinformativotam.com\/index.php\/wp-json\/wp\/v2\/posts"}],"about":[{"href":"https:\/\/elinformativotam.com\/index.php\/wp-json\/wp\/v2\/types\/post"}],"author":[{"embeddable":true,"href":"https:\/\/elinformativotam.com\/index.php\/wp-json\/wp\/v2\/users\/1"}],"replies":[{"embeddable":true,"href":"https:\/\/elinformativotam.com\/index.php\/wp-json\/wp\/v2\/comments?post=51344"}],"version-history":[{"count":1,"href":"https:\/\/elinformativotam.com\/index.php\/wp-json\/wp\/v2\/posts\/51344\/revisions"}],"predecessor-version":[{"id":51345,"href":"https:\/\/elinformativotam.com\/index.php\/wp-json\/wp\/v2\/posts\/51344\/revisions\/51345"}],"wp:featuredmedia":[{"embeddable":true,"href":"https:\/\/elinformativotam.com\/index.php\/wp-json\/wp\/v2\/media\/15308"}],"wp:attachment":[{"href":"https:\/\/elinformativotam.com\/index.php\/wp-json\/wp\/v2\/media?parent=51344"}],"wp:term":[{"taxonomy":"category","embeddable":true,"href":"https:\/\/elinformativotam.com\/index.php\/wp-json\/wp\/v2\/categories?post=51344"},{"taxonomy":"post_tag","embeddable":true,"href":"https:\/\/elinformativotam.com\/index.php\/wp-json\/wp\/v2\/tags?post=51344"}],"curies":[{"name":"wp","href":"https:\/\/api.w.org\/{rel}","templated":true}]}}