{"id":51341,"date":"2024-06-25T09:20:49","date_gmt":"2024-06-25T15:20:49","guid":{"rendered":"https:\/\/elinformativotam.com\/?p=51341"},"modified":"2024-06-25T09:20:49","modified_gmt":"2024-06-25T15:20:49","slug":"descartan-que-el-panuco-y-sistema-lagunario-se-desborden-por-ciclones","status":"publish","type":"post","link":"https:\/\/elinformativotam.com\/index.php\/2024\/06\/25\/descartan-que-el-panuco-y-sistema-lagunario-se-desborden-por-ciclones\/","title":{"rendered":"DESCARTAN QUE EL P\u00c1NUCO Y SISTEMA LAGUNARIO SE DESBORDEN POR CICLONES"},"content":{"rendered":"<h2 style=\"text-align: center;\"><em><span style=\"font-family: 'times new roman', times;\">*Al Menos El Vaso De Captaci\u00f3n De La Zona Tiene Espacio Para Recibir Los Escurrimientos Del R\u00edo Guayalejo<\/span><\/em><\/h2>\n<p>&nbsp;<\/p>\n<p>Debido a las lluvias copiosas que ha dejado a la zona sur los dos recientes disturbios hidrometerol\u00f3gicos en sitios cercanos a Tamaulipas, se espera que en los pr\u00f3ximos d\u00edas el Sistema Lagunario y el R\u00edo P\u00e1nuco, alcancen importantes niveles en captaci\u00f3n, derivado de los escurrimientos de la Sierra Madre Oriental que desembocan en los r\u00edos Guayalejo y Tames\u00ed hasta llegar a la zona sur.<\/p>\n<p>&nbsp;<\/p>\n<p>Sin embargo, con todos estos primeros beneficios que han dejado las primeras lluvias a la regi\u00f3n sur, la Secretar\u00eda de Protecci\u00f3n Civil de Tampico, descart\u00f3 que para los pr\u00f3ximos d\u00edas se vaya a suscitar avenidas importantes y desbordamientos en el vaso de captaci\u00f3n de la regi\u00f3n.<\/p>\n<p>&nbsp;<\/p>\n<p>Pedro Romero S\u00e1nchez, titular de esa dependencia, explic\u00f3 que el periodo de estiaje ha provocado que los cuerpos de contenci\u00f3n del vital l\u00edquido est\u00e9n en condiciones de recibir toda esa carga de agua que llega de r\u00edo arriba, ya que los dos meteoros no tuvieron gran impacto en la regi\u00f3n, pero si en entidades vecinas y municipios cercanos.<\/p>\n<p>&nbsp;<\/p>\n<p>&#8220;El sistema lagunario est\u00e1 en condiciones de recibir de manera importante toda el agua que est\u00e1 bajando del R\u00edo Guayalejo y Tames\u00ed, y que decir del R\u00edo P\u00e1nuco que trae importante carga de agua&#8221;.<\/p>\n<p>&nbsp;<\/p>\n<p>Romero, dej\u00f3 ver que las alertas por m\u00e1s precipitaciones pluviales seguir\u00e1n para las pr\u00f3ximas horas, empero sin representar alg\u00fan peligro importante para los habitantes<\/p>\n<p>&nbsp;<\/p>\n<p>Recalc\u00f3 que ahora la dependencia municipal pone especial \u00e9nfasis en los deslaves est\u00e1n ocasionado el reblandecimiento en cerros, donde habitan un n\u00famero importante de familias.<\/p>\n<p>&nbsp;<\/p>\n<p>Coment\u00f3 que \u00e9ste lunes se desgaj\u00f3 una secci\u00f3n del cerro de la obrera donde por fortuna no hubo situaciones personales que lamentar, sin embargo con las lluvias el peligro es latente<\/p>\n<p>&nbsp;<\/p>\n<p>Detall\u00f3 que ser\u00e1 la Secretar\u00eda de Obras P\u00fablicas del Municipio qui\u00e9n se encargue de realizar un dictamen de lo sucedido, y encontrar opciones preventivas hacia los lugare\u00f1os.<\/p>\n<p>&nbsp;<\/p>\n","protected":false},"excerpt":{"rendered":"<p>*Al Menos El Vaso De Captaci\u00f3n De La Zona Tiene Espacio Para Recibir Los Escurrimientos Del R\u00edo Guayalejo &nbsp; Debido&hellip;<\/p>\n","protected":false},"author":1,"featured_media":51342,"comment_status":"open","ping_status":"open","sticky":false,"template":"","format":"standard","meta":{"footnotes":""},"categories":[3],"tags":[],"class_list":["post-51341","post","type-post","status-publish","format-standard","has-post-thumbnail","hentry","category-tampico"],"yoast_head":"<!-- This site is optimized with the Yoast SEO plugin v27.4 - https:\/\/yoast.com\/product\/yoast-seo-wordpress\/ -->\n<title>DESCARTAN QUE EL P\u00c1NUCO Y SISTEMA LAGUNARIO SE DESBORDEN POR CICLONES - EL INFORMATIVO DE TAMAULIPAS<\/title>\n<meta name=\"description\" content=\"*Al Menos El Vaso De Captaci\u00f3n De La Zona Tiene Espacio Para Recibir Los Escurrimientos Del R\u00edo Guayalejo &nbsp; Debido a las lluvias copiosas que ha\" \/>\n<meta name=\"robots\" content=\"index, follow, max-snippet:-1, max-image-preview:large, max-video-preview:-1\" \/>\n<link rel=\"canonical\" href=\"https:\/\/elinformativotam.com\/index.php\/2024\/06\/25\/descartan-que-el-panuco-y-sistema-lagunario-se-desborden-por-ciclones\/\" \/>\n<meta property=\"og:locale\" content=\"es_MX\" \/>\n<meta property=\"og:type\" content=\"article\" \/>\n<meta property=\"og:title\" content=\"DESCARTAN QUE EL P\u00c1NUCO Y SISTEMA LAGUNARIO SE DESBORDEN POR CICLONES - EL INFORMATIVO DE TAMAULIPAS\" \/>\n<meta property=\"og:description\" content=\"*Al Menos El Vaso De Captaci\u00f3n De La Zona Tiene Espacio Para Recibir Los Escurrimientos Del R\u00edo Guayalejo &nbsp; Debido a las lluvias copiosas que ha\" \/>\n<meta property=\"og:url\" content=\"https:\/\/elinformativotam.com\/index.php\/2024\/06\/25\/descartan-que-el-panuco-y-sistema-lagunario-se-desborden-por-ciclones\/\" \/>\n<meta property=\"og:site_name\" content=\"EL INFORMATIVO DE TAMAULIPAS\" \/>\n<meta property=\"article:published_time\" content=\"2024-06-25T15:20:49+00:00\" \/>\n<meta property=\"og:image\" content=\"https:\/\/elinformativotam.com\/wp-content\/uploads\/2024\/06\/Pedro-Romero-1.jpg\" \/>\n\t<meta property=\"og:image:width\" content=\"1600\" \/>\n\t<meta property=\"og:image:height\" content=\"1204\" \/>\n\t<meta property=\"og:image:type\" content=\"image\/jpeg\" \/>\n<meta name=\"author\" content=\"El Informativo Tam\" \/>\n<meta name=\"twitter:card\" content=\"summary_large_image\" \/>\n<meta name=\"twitter:label1\" content=\"Escrito por\" \/>\n\t<meta name=\"twitter:data1\" content=\"El Informativo Tam\" \/>\n\t<meta name=\"twitter:label2\" content=\"Tiempo de lectura\" \/>\n\t<meta name=\"twitter:data2\" content=\"2 minutos\" \/>\n<script type=\"application\/ld+json\" class=\"yoast-schema-graph\">{\"@context\":\"https:\\\/\\\/schema.org\",\"@graph\":[{\"@type\":\"Article\",\"@id\":\"https:\\\/\\\/elinformativotam.com\\\/index.php\\\/2024\\\/06\\\/25\\\/descartan-que-el-panuco-y-sistema-lagunario-se-desborden-por-ciclones\\\/#article\",\"isPartOf\":{\"@id\":\"https:\\\/\\\/elinformativotam.com\\\/index.php\\\/2024\\\/06\\\/25\\\/descartan-que-el-panuco-y-sistema-lagunario-se-desborden-por-ciclones\\\/\"},\"author\":{\"name\":\"El Informativo Tam\",\"@id\":\"https:\\\/\\\/elinformativotam.com\\\/#\\\/schema\\\/person\\\/78e08040eed0f6110f0c5f83b6153590\"},\"headline\":\"DESCARTAN QUE EL P\u00c1NUCO Y SISTEMA LAGUNARIO SE DESBORDEN POR CICLONES\",\"datePublished\":\"2024-06-25T15:20:49+00:00\",\"mainEntityOfPage\":{\"@id\":\"https:\\\/\\\/elinformativotam.com\\\/index.php\\\/2024\\\/06\\\/25\\\/descartan-que-el-panuco-y-sistema-lagunario-se-desborden-por-ciclones\\\/\"},\"wordCount\":384,\"commentCount\":0,\"publisher\":{\"@id\":\"https:\\\/\\\/elinformativotam.com\\\/#organization\"},\"image\":{\"@id\":\"https:\\\/\\\/elinformativotam.com\\\/index.php\\\/2024\\\/06\\\/25\\\/descartan-que-el-panuco-y-sistema-lagunario-se-desborden-por-ciclones\\\/#primaryimage\"},\"thumbnailUrl\":\"https:\\\/\\\/elinformativotam.com\\\/wp-content\\\/uploads\\\/2024\\\/06\\\/Pedro-Romero-1.jpg\",\"articleSection\":[\"Tampico\"],\"inLanguage\":\"es\",\"potentialAction\":[{\"@type\":\"CommentAction\",\"name\":\"Comment\",\"target\":[\"https:\\\/\\\/elinformativotam.com\\\/index.php\\\/2024\\\/06\\\/25\\\/descartan-que-el-panuco-y-sistema-lagunario-se-desborden-por-ciclones\\\/#respond\"]}]},{\"@type\":\"WebPage\",\"@id\":\"https:\\\/\\\/elinformativotam.com\\\/index.php\\\/2024\\\/06\\\/25\\\/descartan-que-el-panuco-y-sistema-lagunario-se-desborden-por-ciclones\\\/\",\"url\":\"https:\\\/\\\/elinformativotam.com\\\/index.php\\\/2024\\\/06\\\/25\\\/descartan-que-el-panuco-y-sistema-lagunario-se-desborden-por-ciclones\\\/\",\"name\":\"DESCARTAN QUE EL P\u00c1NUCO Y SISTEMA LAGUNARIO SE DESBORDEN POR CICLONES - EL INFORMATIVO DE TAMAULIPAS\",\"isPartOf\":{\"@id\":\"https:\\\/\\\/elinformativotam.com\\\/#website\"},\"primaryImageOfPage\":{\"@id\":\"https:\\\/\\\/elinformativotam.com\\\/index.php\\\/2024\\\/06\\\/25\\\/descartan-que-el-panuco-y-sistema-lagunario-se-desborden-por-ciclones\\\/#primaryimage\"},\"image\":{\"@id\":\"https:\\\/\\\/elinformativotam.com\\\/index.php\\\/2024\\\/06\\\/25\\\/descartan-que-el-panuco-y-sistema-lagunario-se-desborden-por-ciclones\\\/#primaryimage\"},\"thumbnailUrl\":\"https:\\\/\\\/elinformativotam.com\\\/wp-content\\\/uploads\\\/2024\\\/06\\\/Pedro-Romero-1.jpg\",\"datePublished\":\"2024-06-25T15:20:49+00:00\",\"description\":\"*Al Menos El Vaso De Captaci\u00f3n De La Zona Tiene Espacio Para Recibir Los Escurrimientos Del R\u00edo Guayalejo &nbsp; Debido a las lluvias copiosas que ha\",\"inLanguage\":\"es\",\"potentialAction\":[{\"@type\":\"ReadAction\",\"target\":[\"https:\\\/\\\/elinformativotam.com\\\/index.php\\\/2024\\\/06\\\/25\\\/descartan-que-el-panuco-y-sistema-lagunario-se-desborden-por-ciclones\\\/\"]}]},{\"@type\":\"ImageObject\",\"inLanguage\":\"es\",\"@id\":\"https:\\\/\\\/elinformativotam.com\\\/index.php\\\/2024\\\/06\\\/25\\\/descartan-que-el-panuco-y-sistema-lagunario-se-desborden-por-ciclones\\\/#primaryimage\",\"url\":\"https:\\\/\\\/elinformativotam.com\\\/wp-content\\\/uploads\\\/2024\\\/06\\\/Pedro-Romero-1.jpg\",\"contentUrl\":\"https:\\\/\\\/elinformativotam.com\\\/wp-content\\\/uploads\\\/2024\\\/06\\\/Pedro-Romero-1.jpg\",\"width\":1600,\"height\":1204},{\"@type\":\"WebSite\",\"@id\":\"https:\\\/\\\/elinformativotam.com\\\/#website\",\"url\":\"https:\\\/\\\/elinformativotam.com\\\/\",\"name\":\"EL INFORMATIVO DE TAMAULIPAS\",\"description\":\"Desde la Zona Metropolitana Para Todo M\u00e9xico\",\"publisher\":{\"@id\":\"https:\\\/\\\/elinformativotam.com\\\/#organization\"},\"potentialAction\":[{\"@type\":\"SearchAction\",\"target\":{\"@type\":\"EntryPoint\",\"urlTemplate\":\"https:\\\/\\\/elinformativotam.com\\\/?s={search_term_string}\"},\"query-input\":{\"@type\":\"PropertyValueSpecification\",\"valueRequired\":true,\"valueName\":\"search_term_string\"}}],\"inLanguage\":\"es\"},{\"@type\":\"Organization\",\"@id\":\"https:\\\/\\\/elinformativotam.com\\\/#organization\",\"name\":\"EL INFORMATIVO DE TAMAULIPAS\",\"url\":\"https:\\\/\\\/elinformativotam.com\\\/\",\"logo\":{\"@type\":\"ImageObject\",\"inLanguage\":\"es\",\"@id\":\"https:\\\/\\\/elinformativotam.com\\\/#\\\/schema\\\/logo\\\/image\\\/\",\"url\":\"https:\\\/\\\/elinformativotam.com\\\/wp-content\\\/uploads\\\/2026\\\/02\\\/Cabezal.png\",\"contentUrl\":\"https:\\\/\\\/elinformativotam.com\\\/wp-content\\\/uploads\\\/2026\\\/02\\\/Cabezal.png\",\"width\":960,\"height\":640,\"caption\":\"EL INFORMATIVO DE TAMAULIPAS\"},\"image\":{\"@id\":\"https:\\\/\\\/elinformativotam.com\\\/#\\\/schema\\\/logo\\\/image\\\/\"}},{\"@type\":\"Person\",\"@id\":\"https:\\\/\\\/elinformativotam.com\\\/#\\\/schema\\\/person\\\/78e08040eed0f6110f0c5f83b6153590\",\"name\":\"El Informativo Tam\",\"image\":{\"@type\":\"ImageObject\",\"inLanguage\":\"es\",\"@id\":\"https:\\\/\\\/secure.gravatar.com\\\/avatar\\\/f3b7ad3af540688955925ac610647be00b0cf41feea9c4978b73a707ee86bc53?s=96&d=mm&r=g\",\"url\":\"https:\\\/\\\/secure.gravatar.com\\\/avatar\\\/f3b7ad3af540688955925ac610647be00b0cf41feea9c4978b73a707ee86bc53?s=96&d=mm&r=g\",\"contentUrl\":\"https:\\\/\\\/secure.gravatar.com\\\/avatar\\\/f3b7ad3af540688955925ac610647be00b0cf41feea9c4978b73a707ee86bc53?s=96&d=mm&r=g\",\"caption\":\"El Informativo Tam\"}}]}<\/script>\n<!-- \/ Yoast SEO plugin. -->","yoast_head_json":{"title":"DESCARTAN QUE EL P\u00c1NUCO Y SISTEMA LAGUNARIO SE DESBORDEN POR CICLONES - EL INFORMATIVO DE TAMAULIPAS","description":"*Al Menos El Vaso De Captaci\u00f3n De La Zona Tiene Espacio Para Recibir Los Escurrimientos Del R\u00edo Guayalejo &nbsp; Debido a las lluvias copiosas que ha","robots":{"index":"index","follow":"follow","max-snippet":"max-snippet:-1","max-image-preview":"max-image-preview:large","max-video-preview":"max-video-preview:-1"},"canonical":"https:\/\/elinformativotam.com\/index.php\/2024\/06\/25\/descartan-que-el-panuco-y-sistema-lagunario-se-desborden-por-ciclones\/","og_locale":"es_MX","og_type":"article","og_title":"DESCARTAN QUE EL P\u00c1NUCO Y SISTEMA LAGUNARIO SE DESBORDEN POR CICLONES - EL INFORMATIVO DE TAMAULIPAS","og_description":"*Al Menos El Vaso De Captaci\u00f3n De La Zona Tiene Espacio Para Recibir Los Escurrimientos Del R\u00edo Guayalejo &nbsp; Debido a las lluvias copiosas que ha","og_url":"https:\/\/elinformativotam.com\/index.php\/2024\/06\/25\/descartan-que-el-panuco-y-sistema-lagunario-se-desborden-por-ciclones\/","og_site_name":"EL INFORMATIVO DE TAMAULIPAS","article_published_time":"2024-06-25T15:20:49+00:00","og_image":[{"width":1600,"height":1204,"url":"https:\/\/elinformativotam.com\/wp-content\/uploads\/2024\/06\/Pedro-Romero-1.jpg","type":"image\/jpeg"}],"author":"El Informativo Tam","twitter_card":"summary_large_image","twitter_misc":{"Escrito por":"El Informativo Tam","Tiempo de lectura":"2 minutos"},"schema":{"@context":"https:\/\/schema.org","@graph":[{"@type":"Article","@id":"https:\/\/elinformativotam.com\/index.php\/2024\/06\/25\/descartan-que-el-panuco-y-sistema-lagunario-se-desborden-por-ciclones\/#article","isPartOf":{"@id":"https:\/\/elinformativotam.com\/index.php\/2024\/06\/25\/descartan-que-el-panuco-y-sistema-lagunario-se-desborden-por-ciclones\/"},"author":{"name":"El Informativo Tam","@id":"https:\/\/elinformativotam.com\/#\/schema\/person\/78e08040eed0f6110f0c5f83b6153590"},"headline":"DESCARTAN QUE EL P\u00c1NUCO Y SISTEMA LAGUNARIO SE DESBORDEN POR CICLONES","datePublished":"2024-06-25T15:20:49+00:00","mainEntityOfPage":{"@id":"https:\/\/elinformativotam.com\/index.php\/2024\/06\/25\/descartan-que-el-panuco-y-sistema-lagunario-se-desborden-por-ciclones\/"},"wordCount":384,"commentCount":0,"publisher":{"@id":"https:\/\/elinformativotam.com\/#organization"},"image":{"@id":"https:\/\/elinformativotam.com\/index.php\/2024\/06\/25\/descartan-que-el-panuco-y-sistema-lagunario-se-desborden-por-ciclones\/#primaryimage"},"thumbnailUrl":"https:\/\/elinformativotam.com\/wp-content\/uploads\/2024\/06\/Pedro-Romero-1.jpg","articleSection":["Tampico"],"inLanguage":"es","potentialAction":[{"@type":"CommentAction","name":"Comment","target":["https:\/\/elinformativotam.com\/index.php\/2024\/06\/25\/descartan-que-el-panuco-y-sistema-lagunario-se-desborden-por-ciclones\/#respond"]}]},{"@type":"WebPage","@id":"https:\/\/elinformativotam.com\/index.php\/2024\/06\/25\/descartan-que-el-panuco-y-sistema-lagunario-se-desborden-por-ciclones\/","url":"https:\/\/elinformativotam.com\/index.php\/2024\/06\/25\/descartan-que-el-panuco-y-sistema-lagunario-se-desborden-por-ciclones\/","name":"DESCARTAN QUE EL P\u00c1NUCO Y SISTEMA LAGUNARIO SE DESBORDEN POR CICLONES - EL INFORMATIVO DE TAMAULIPAS","isPartOf":{"@id":"https:\/\/elinformativotam.com\/#website"},"primaryImageOfPage":{"@id":"https:\/\/elinformativotam.com\/index.php\/2024\/06\/25\/descartan-que-el-panuco-y-sistema-lagunario-se-desborden-por-ciclones\/#primaryimage"},"image":{"@id":"https:\/\/elinformativotam.com\/index.php\/2024\/06\/25\/descartan-que-el-panuco-y-sistema-lagunario-se-desborden-por-ciclones\/#primaryimage"},"thumbnailUrl":"https:\/\/elinformativotam.com\/wp-content\/uploads\/2024\/06\/Pedro-Romero-1.jpg","datePublished":"2024-06-25T15:20:49+00:00","description":"*Al Menos El Vaso De Captaci\u00f3n De La Zona Tiene Espacio Para Recibir Los Escurrimientos Del R\u00edo Guayalejo &nbsp; Debido a las lluvias copiosas que ha","inLanguage":"es","potentialAction":[{"@type":"ReadAction","target":["https:\/\/elinformativotam.com\/index.php\/2024\/06\/25\/descartan-que-el-panuco-y-sistema-lagunario-se-desborden-por-ciclones\/"]}]},{"@type":"ImageObject","inLanguage":"es","@id":"https:\/\/elinformativotam.com\/index.php\/2024\/06\/25\/descartan-que-el-panuco-y-sistema-lagunario-se-desborden-por-ciclones\/#primaryimage","url":"https:\/\/elinformativotam.com\/wp-content\/uploads\/2024\/06\/Pedro-Romero-1.jpg","contentUrl":"https:\/\/elinformativotam.com\/wp-content\/uploads\/2024\/06\/Pedro-Romero-1.jpg","width":1600,"height":1204},{"@type":"WebSite","@id":"https:\/\/elinformativotam.com\/#website","url":"https:\/\/elinformativotam.com\/","name":"EL INFORMATIVO DE TAMAULIPAS","description":"Desde la Zona Metropolitana Para Todo M\u00e9xico","publisher":{"@id":"https:\/\/elinformativotam.com\/#organization"},"potentialAction":[{"@type":"SearchAction","target":{"@type":"EntryPoint","urlTemplate":"https:\/\/elinformativotam.com\/?s={search_term_string}"},"query-input":{"@type":"PropertyValueSpecification","valueRequired":true,"valueName":"search_term_string"}}],"inLanguage":"es"},{"@type":"Organization","@id":"https:\/\/elinformativotam.com\/#organization","name":"EL INFORMATIVO DE TAMAULIPAS","url":"https:\/\/elinformativotam.com\/","logo":{"@type":"ImageObject","inLanguage":"es","@id":"https:\/\/elinformativotam.com\/#\/schema\/logo\/image\/","url":"https:\/\/elinformativotam.com\/wp-content\/uploads\/2026\/02\/Cabezal.png","contentUrl":"https:\/\/elinformativotam.com\/wp-content\/uploads\/2026\/02\/Cabezal.png","width":960,"height":640,"caption":"EL INFORMATIVO DE TAMAULIPAS"},"image":{"@id":"https:\/\/elinformativotam.com\/#\/schema\/logo\/image\/"}},{"@type":"Person","@id":"https:\/\/elinformativotam.com\/#\/schema\/person\/78e08040eed0f6110f0c5f83b6153590","name":"El Informativo Tam","image":{"@type":"ImageObject","inLanguage":"es","@id":"https:\/\/secure.gravatar.com\/avatar\/f3b7ad3af540688955925ac610647be00b0cf41feea9c4978b73a707ee86bc53?s=96&d=mm&r=g","url":"https:\/\/secure.gravatar.com\/avatar\/f3b7ad3af540688955925ac610647be00b0cf41feea9c4978b73a707ee86bc53?s=96&d=mm&r=g","contentUrl":"https:\/\/secure.gravatar.com\/avatar\/f3b7ad3af540688955925ac610647be00b0cf41feea9c4978b73a707ee86bc53?s=96&d=mm&r=g","caption":"El Informativo Tam"}}]}},"_links":{"self":[{"href":"https:\/\/elinformativotam.com\/index.php\/wp-json\/wp\/v2\/posts\/51341","targetHints":{"allow":["GET"]}}],"collection":[{"href":"https:\/\/elinformativotam.com\/index.php\/wp-json\/wp\/v2\/posts"}],"about":[{"href":"https:\/\/elinformativotam.com\/index.php\/wp-json\/wp\/v2\/types\/post"}],"author":[{"embeddable":true,"href":"https:\/\/elinformativotam.com\/index.php\/wp-json\/wp\/v2\/users\/1"}],"replies":[{"embeddable":true,"href":"https:\/\/elinformativotam.com\/index.php\/wp-json\/wp\/v2\/comments?post=51341"}],"version-history":[{"count":1,"href":"https:\/\/elinformativotam.com\/index.php\/wp-json\/wp\/v2\/posts\/51341\/revisions"}],"predecessor-version":[{"id":51343,"href":"https:\/\/elinformativotam.com\/index.php\/wp-json\/wp\/v2\/posts\/51341\/revisions\/51343"}],"wp:featuredmedia":[{"embeddable":true,"href":"https:\/\/elinformativotam.com\/index.php\/wp-json\/wp\/v2\/media\/51342"}],"wp:attachment":[{"href":"https:\/\/elinformativotam.com\/index.php\/wp-json\/wp\/v2\/media?parent=51341"}],"wp:term":[{"taxonomy":"category","embeddable":true,"href":"https:\/\/elinformativotam.com\/index.php\/wp-json\/wp\/v2\/categories?post=51341"},{"taxonomy":"post_tag","embeddable":true,"href":"https:\/\/elinformativotam.com\/index.php\/wp-json\/wp\/v2\/tags?post=51341"}],"curies":[{"name":"wp","href":"https:\/\/api.w.org\/{rel}","templated":true}]}}