{"id":51338,"date":"2024-06-25T09:15:26","date_gmt":"2024-06-25T15:15:26","guid":{"rendered":"https:\/\/elinformativotam.com\/?p=51338"},"modified":"2024-06-25T09:15:26","modified_gmt":"2024-06-25T15:15:26","slug":"necesario-que-automovilistas-sigan-manejando-con-precaucion-lluvias-seguiran","status":"publish","type":"post","link":"https:\/\/elinformativotam.com\/index.php\/2024\/06\/25\/necesario-que-automovilistas-sigan-manejando-con-precaucion-lluvias-seguiran\/","title":{"rendered":"NECESARIO QUE AUTOMOVILISTAS SIGAN MANEJANDO CON PRECAUCI\u00d3N; LLUVIAS SEGUIR\u00c1N"},"content":{"rendered":"<h2 style=\"text-align: center;\"><em><span style=\"font-family: 'times new roman', times;\">*Ha Habido Accidentes Viales En Las Principales Avenidas De La Ciudad Debido A Lo Resbaloso De La Cinta Asf\u00e1ltica Por \u00c9sta \u00c9poca De Lluvias<\/span><\/em><\/h2>\n<p>&nbsp;<\/p>\n<p>La Secretar\u00eda de Tr\u00e1nsito y Vialidad en Tampico hizo de nueva cuenta el llamado a todos los automovilistas a extremar precauciones por las lluvias, pues seg\u00fan los pron\u00f3sticos el pavimento mojado seguir\u00e1 por espacio de algunos d\u00edas m\u00e1s .<\/p>\n<p>&nbsp;<\/p>\n<p>H\u00e9ctor Rodr\u00edguez Silva, encargado de despacho de esa dependencia municipal, indic\u00f3 que los choques por alcance se incrementaron de manera significativa la semana pasada, luego de las primeras lluvias que ocasion\u00f3 que el pavimento se mostrara resbaladizo.<\/p>\n<p>&nbsp;<\/p>\n<p>Recalc\u00f3 que el jueves, viernes y s\u00e1bado pasado fueron d\u00edas de trabajo para los agentes viales, toda vez que acudieron a atender accidentes viales propiciados por las precipitaciones pluviales<\/p>\n<p>&nbsp;<\/p>\n<p>Abund\u00f3 que la Secretar\u00eda de Vialidad estar\u00e1 atenta en los d\u00edas pr\u00f3ximos, pues todo indica que la lluvia seguir\u00e1 presente en la regi\u00f3n.<\/p>\n<p>&nbsp;<\/p>\n<p>El encargado de Tr\u00e1nsito y Vialidad reiter\u00f3 que hasta el momento no ha habido situaciones que lamentar en dichos accidentes, sin embargo dijo que es de vital importancia que la poblaci\u00f3n automovil\u00edstica se apegue al reglamento vial.<\/p>\n<p>&nbsp;<\/p>\n<p>&#8220;Estamos en \u00e9pocas de ciclones, las lluvias van a seguir, la dependencia estar\u00e1 muy al pendiente de lo que pase en la ciudad, y por supuesto ayudando a todos los automovilistas&#8221;, recalc\u00f3.<\/p>\n<p>&nbsp;<\/p>\n","protected":false},"excerpt":{"rendered":"<p>*Ha Habido Accidentes Viales En Las Principales Avenidas De La Ciudad Debido A Lo Resbaloso De La Cinta Asf\u00e1ltica Por&hellip;<\/p>\n","protected":false},"author":1,"featured_media":51339,"comment_status":"open","ping_status":"open","sticky":false,"template":"","format":"standard","meta":{"footnotes":""},"categories":[3],"tags":[],"class_list":["post-51338","post","type-post","status-publish","format-standard","has-post-thumbnail","hentry","category-tampico"],"yoast_head":"<!-- This site is optimized with the Yoast SEO plugin v27.4 - https:\/\/yoast.com\/product\/yoast-seo-wordpress\/ -->\n<title>NECESARIO QUE AUTOMOVILISTAS SIGAN MANEJANDO CON PRECAUCI\u00d3N; LLUVIAS SEGUIR\u00c1N - EL INFORMATIVO DE TAMAULIPAS<\/title>\n<meta name=\"description\" content=\"*Ha Habido Accidentes Viales En Las Principales Avenidas De La Ciudad Debido A Lo Resbaloso De La Cinta Asf\u00e1ltica Por \u00c9sta \u00c9poca De Lluvias &nbsp; La\" \/>\n<meta name=\"robots\" content=\"index, follow, max-snippet:-1, max-image-preview:large, max-video-preview:-1\" \/>\n<link rel=\"canonical\" href=\"https:\/\/elinformativotam.com\/index.php\/2024\/06\/25\/necesario-que-automovilistas-sigan-manejando-con-precaucion-lluvias-seguiran\/\" \/>\n<meta property=\"og:locale\" content=\"es_MX\" \/>\n<meta property=\"og:type\" content=\"article\" \/>\n<meta property=\"og:title\" content=\"NECESARIO QUE AUTOMOVILISTAS SIGAN MANEJANDO CON PRECAUCI\u00d3N; LLUVIAS SEGUIR\u00c1N - EL INFORMATIVO DE TAMAULIPAS\" \/>\n<meta property=\"og:description\" content=\"*Ha Habido Accidentes Viales En Las Principales Avenidas De La Ciudad Debido A Lo Resbaloso De La Cinta Asf\u00e1ltica Por \u00c9sta \u00c9poca De Lluvias &nbsp; La\" \/>\n<meta property=\"og:url\" content=\"https:\/\/elinformativotam.com\/index.php\/2024\/06\/25\/necesario-que-automovilistas-sigan-manejando-con-precaucion-lluvias-seguiran\/\" \/>\n<meta property=\"og:site_name\" content=\"EL INFORMATIVO DE TAMAULIPAS\" \/>\n<meta property=\"article:published_time\" content=\"2024-06-25T15:15:26+00:00\" \/>\n<meta property=\"og:image\" content=\"https:\/\/elinformativotam.com\/wp-content\/uploads\/2024\/06\/Kid.jpg\" \/>\n\t<meta property=\"og:image:width\" content=\"1280\" \/>\n\t<meta property=\"og:image:height\" content=\"963\" \/>\n\t<meta property=\"og:image:type\" content=\"image\/jpeg\" \/>\n<meta name=\"author\" content=\"El Informativo Tam\" \/>\n<meta name=\"twitter:card\" content=\"summary_large_image\" \/>\n<meta name=\"twitter:label1\" content=\"Escrito por\" \/>\n\t<meta name=\"twitter:data1\" content=\"El Informativo Tam\" \/>\n\t<meta name=\"twitter:label2\" content=\"Tiempo de lectura\" \/>\n\t<meta name=\"twitter:data2\" content=\"2 minutos\" \/>\n<script type=\"application\/ld+json\" class=\"yoast-schema-graph\">{\"@context\":\"https:\\\/\\\/schema.org\",\"@graph\":[{\"@type\":\"Article\",\"@id\":\"https:\\\/\\\/elinformativotam.com\\\/index.php\\\/2024\\\/06\\\/25\\\/necesario-que-automovilistas-sigan-manejando-con-precaucion-lluvias-seguiran\\\/#article\",\"isPartOf\":{\"@id\":\"https:\\\/\\\/elinformativotam.com\\\/index.php\\\/2024\\\/06\\\/25\\\/necesario-que-automovilistas-sigan-manejando-con-precaucion-lluvias-seguiran\\\/\"},\"author\":{\"name\":\"El Informativo Tam\",\"@id\":\"https:\\\/\\\/elinformativotam.com\\\/#\\\/schema\\\/person\\\/78e08040eed0f6110f0c5f83b6153590\"},\"headline\":\"NECESARIO QUE AUTOMOVILISTAS SIGAN MANEJANDO CON PRECAUCI\u00d3N; LLUVIAS SEGUIR\u00c1N\",\"datePublished\":\"2024-06-25T15:15:26+00:00\",\"mainEntityOfPage\":{\"@id\":\"https:\\\/\\\/elinformativotam.com\\\/index.php\\\/2024\\\/06\\\/25\\\/necesario-que-automovilistas-sigan-manejando-con-precaucion-lluvias-seguiran\\\/\"},\"wordCount\":256,\"commentCount\":0,\"publisher\":{\"@id\":\"https:\\\/\\\/elinformativotam.com\\\/#organization\"},\"image\":{\"@id\":\"https:\\\/\\\/elinformativotam.com\\\/index.php\\\/2024\\\/06\\\/25\\\/necesario-que-automovilistas-sigan-manejando-con-precaucion-lluvias-seguiran\\\/#primaryimage\"},\"thumbnailUrl\":\"https:\\\/\\\/elinformativotam.com\\\/wp-content\\\/uploads\\\/2024\\\/06\\\/Kid.jpg\",\"articleSection\":[\"Tampico\"],\"inLanguage\":\"es\",\"potentialAction\":[{\"@type\":\"CommentAction\",\"name\":\"Comment\",\"target\":[\"https:\\\/\\\/elinformativotam.com\\\/index.php\\\/2024\\\/06\\\/25\\\/necesario-que-automovilistas-sigan-manejando-con-precaucion-lluvias-seguiran\\\/#respond\"]}]},{\"@type\":\"WebPage\",\"@id\":\"https:\\\/\\\/elinformativotam.com\\\/index.php\\\/2024\\\/06\\\/25\\\/necesario-que-automovilistas-sigan-manejando-con-precaucion-lluvias-seguiran\\\/\",\"url\":\"https:\\\/\\\/elinformativotam.com\\\/index.php\\\/2024\\\/06\\\/25\\\/necesario-que-automovilistas-sigan-manejando-con-precaucion-lluvias-seguiran\\\/\",\"name\":\"NECESARIO QUE AUTOMOVILISTAS SIGAN MANEJANDO CON PRECAUCI\u00d3N; LLUVIAS SEGUIR\u00c1N - EL INFORMATIVO DE TAMAULIPAS\",\"isPartOf\":{\"@id\":\"https:\\\/\\\/elinformativotam.com\\\/#website\"},\"primaryImageOfPage\":{\"@id\":\"https:\\\/\\\/elinformativotam.com\\\/index.php\\\/2024\\\/06\\\/25\\\/necesario-que-automovilistas-sigan-manejando-con-precaucion-lluvias-seguiran\\\/#primaryimage\"},\"image\":{\"@id\":\"https:\\\/\\\/elinformativotam.com\\\/index.php\\\/2024\\\/06\\\/25\\\/necesario-que-automovilistas-sigan-manejando-con-precaucion-lluvias-seguiran\\\/#primaryimage\"},\"thumbnailUrl\":\"https:\\\/\\\/elinformativotam.com\\\/wp-content\\\/uploads\\\/2024\\\/06\\\/Kid.jpg\",\"datePublished\":\"2024-06-25T15:15:26+00:00\",\"description\":\"*Ha Habido Accidentes Viales En Las Principales Avenidas De La Ciudad Debido A Lo Resbaloso De La Cinta Asf\u00e1ltica Por \u00c9sta \u00c9poca De Lluvias &nbsp; La\",\"inLanguage\":\"es\",\"potentialAction\":[{\"@type\":\"ReadAction\",\"target\":[\"https:\\\/\\\/elinformativotam.com\\\/index.php\\\/2024\\\/06\\\/25\\\/necesario-que-automovilistas-sigan-manejando-con-precaucion-lluvias-seguiran\\\/\"]}]},{\"@type\":\"ImageObject\",\"inLanguage\":\"es\",\"@id\":\"https:\\\/\\\/elinformativotam.com\\\/index.php\\\/2024\\\/06\\\/25\\\/necesario-que-automovilistas-sigan-manejando-con-precaucion-lluvias-seguiran\\\/#primaryimage\",\"url\":\"https:\\\/\\\/elinformativotam.com\\\/wp-content\\\/uploads\\\/2024\\\/06\\\/Kid.jpg\",\"contentUrl\":\"https:\\\/\\\/elinformativotam.com\\\/wp-content\\\/uploads\\\/2024\\\/06\\\/Kid.jpg\",\"width\":1280,\"height\":963},{\"@type\":\"WebSite\",\"@id\":\"https:\\\/\\\/elinformativotam.com\\\/#website\",\"url\":\"https:\\\/\\\/elinformativotam.com\\\/\",\"name\":\"EL INFORMATIVO DE TAMAULIPAS\",\"description\":\"Desde la Zona Metropolitana Para Todo M\u00e9xico\",\"publisher\":{\"@id\":\"https:\\\/\\\/elinformativotam.com\\\/#organization\"},\"potentialAction\":[{\"@type\":\"SearchAction\",\"target\":{\"@type\":\"EntryPoint\",\"urlTemplate\":\"https:\\\/\\\/elinformativotam.com\\\/?s={search_term_string}\"},\"query-input\":{\"@type\":\"PropertyValueSpecification\",\"valueRequired\":true,\"valueName\":\"search_term_string\"}}],\"inLanguage\":\"es\"},{\"@type\":\"Organization\",\"@id\":\"https:\\\/\\\/elinformativotam.com\\\/#organization\",\"name\":\"EL INFORMATIVO DE TAMAULIPAS\",\"url\":\"https:\\\/\\\/elinformativotam.com\\\/\",\"logo\":{\"@type\":\"ImageObject\",\"inLanguage\":\"es\",\"@id\":\"https:\\\/\\\/elinformativotam.com\\\/#\\\/schema\\\/logo\\\/image\\\/\",\"url\":\"https:\\\/\\\/elinformativotam.com\\\/wp-content\\\/uploads\\\/2026\\\/02\\\/Cabezal.png\",\"contentUrl\":\"https:\\\/\\\/elinformativotam.com\\\/wp-content\\\/uploads\\\/2026\\\/02\\\/Cabezal.png\",\"width\":960,\"height\":640,\"caption\":\"EL INFORMATIVO DE TAMAULIPAS\"},\"image\":{\"@id\":\"https:\\\/\\\/elinformativotam.com\\\/#\\\/schema\\\/logo\\\/image\\\/\"}},{\"@type\":\"Person\",\"@id\":\"https:\\\/\\\/elinformativotam.com\\\/#\\\/schema\\\/person\\\/78e08040eed0f6110f0c5f83b6153590\",\"name\":\"El Informativo Tam\",\"image\":{\"@type\":\"ImageObject\",\"inLanguage\":\"es\",\"@id\":\"https:\\\/\\\/secure.gravatar.com\\\/avatar\\\/f3b7ad3af540688955925ac610647be00b0cf41feea9c4978b73a707ee86bc53?s=96&d=mm&r=g\",\"url\":\"https:\\\/\\\/secure.gravatar.com\\\/avatar\\\/f3b7ad3af540688955925ac610647be00b0cf41feea9c4978b73a707ee86bc53?s=96&d=mm&r=g\",\"contentUrl\":\"https:\\\/\\\/secure.gravatar.com\\\/avatar\\\/f3b7ad3af540688955925ac610647be00b0cf41feea9c4978b73a707ee86bc53?s=96&d=mm&r=g\",\"caption\":\"El Informativo Tam\"}}]}<\/script>\n<!-- \/ Yoast SEO plugin. -->","yoast_head_json":{"title":"NECESARIO QUE AUTOMOVILISTAS SIGAN MANEJANDO CON PRECAUCI\u00d3N; LLUVIAS SEGUIR\u00c1N - EL INFORMATIVO DE TAMAULIPAS","description":"*Ha Habido Accidentes Viales En Las Principales Avenidas De La Ciudad Debido A Lo Resbaloso De La Cinta Asf\u00e1ltica Por \u00c9sta \u00c9poca De Lluvias &nbsp; La","robots":{"index":"index","follow":"follow","max-snippet":"max-snippet:-1","max-image-preview":"max-image-preview:large","max-video-preview":"max-video-preview:-1"},"canonical":"https:\/\/elinformativotam.com\/index.php\/2024\/06\/25\/necesario-que-automovilistas-sigan-manejando-con-precaucion-lluvias-seguiran\/","og_locale":"es_MX","og_type":"article","og_title":"NECESARIO QUE AUTOMOVILISTAS SIGAN MANEJANDO CON PRECAUCI\u00d3N; LLUVIAS SEGUIR\u00c1N - EL INFORMATIVO DE TAMAULIPAS","og_description":"*Ha Habido Accidentes Viales En Las Principales Avenidas De La Ciudad Debido A Lo Resbaloso De La Cinta Asf\u00e1ltica Por \u00c9sta \u00c9poca De Lluvias &nbsp; La","og_url":"https:\/\/elinformativotam.com\/index.php\/2024\/06\/25\/necesario-que-automovilistas-sigan-manejando-con-precaucion-lluvias-seguiran\/","og_site_name":"EL INFORMATIVO DE TAMAULIPAS","article_published_time":"2024-06-25T15:15:26+00:00","og_image":[{"width":1280,"height":963,"url":"https:\/\/elinformativotam.com\/wp-content\/uploads\/2024\/06\/Kid.jpg","type":"image\/jpeg"}],"author":"El Informativo Tam","twitter_card":"summary_large_image","twitter_misc":{"Escrito por":"El Informativo Tam","Tiempo de lectura":"2 minutos"},"schema":{"@context":"https:\/\/schema.org","@graph":[{"@type":"Article","@id":"https:\/\/elinformativotam.com\/index.php\/2024\/06\/25\/necesario-que-automovilistas-sigan-manejando-con-precaucion-lluvias-seguiran\/#article","isPartOf":{"@id":"https:\/\/elinformativotam.com\/index.php\/2024\/06\/25\/necesario-que-automovilistas-sigan-manejando-con-precaucion-lluvias-seguiran\/"},"author":{"name":"El Informativo Tam","@id":"https:\/\/elinformativotam.com\/#\/schema\/person\/78e08040eed0f6110f0c5f83b6153590"},"headline":"NECESARIO QUE AUTOMOVILISTAS SIGAN MANEJANDO CON PRECAUCI\u00d3N; LLUVIAS SEGUIR\u00c1N","datePublished":"2024-06-25T15:15:26+00:00","mainEntityOfPage":{"@id":"https:\/\/elinformativotam.com\/index.php\/2024\/06\/25\/necesario-que-automovilistas-sigan-manejando-con-precaucion-lluvias-seguiran\/"},"wordCount":256,"commentCount":0,"publisher":{"@id":"https:\/\/elinformativotam.com\/#organization"},"image":{"@id":"https:\/\/elinformativotam.com\/index.php\/2024\/06\/25\/necesario-que-automovilistas-sigan-manejando-con-precaucion-lluvias-seguiran\/#primaryimage"},"thumbnailUrl":"https:\/\/elinformativotam.com\/wp-content\/uploads\/2024\/06\/Kid.jpg","articleSection":["Tampico"],"inLanguage":"es","potentialAction":[{"@type":"CommentAction","name":"Comment","target":["https:\/\/elinformativotam.com\/index.php\/2024\/06\/25\/necesario-que-automovilistas-sigan-manejando-con-precaucion-lluvias-seguiran\/#respond"]}]},{"@type":"WebPage","@id":"https:\/\/elinformativotam.com\/index.php\/2024\/06\/25\/necesario-que-automovilistas-sigan-manejando-con-precaucion-lluvias-seguiran\/","url":"https:\/\/elinformativotam.com\/index.php\/2024\/06\/25\/necesario-que-automovilistas-sigan-manejando-con-precaucion-lluvias-seguiran\/","name":"NECESARIO QUE AUTOMOVILISTAS SIGAN MANEJANDO CON PRECAUCI\u00d3N; LLUVIAS SEGUIR\u00c1N - EL INFORMATIVO DE TAMAULIPAS","isPartOf":{"@id":"https:\/\/elinformativotam.com\/#website"},"primaryImageOfPage":{"@id":"https:\/\/elinformativotam.com\/index.php\/2024\/06\/25\/necesario-que-automovilistas-sigan-manejando-con-precaucion-lluvias-seguiran\/#primaryimage"},"image":{"@id":"https:\/\/elinformativotam.com\/index.php\/2024\/06\/25\/necesario-que-automovilistas-sigan-manejando-con-precaucion-lluvias-seguiran\/#primaryimage"},"thumbnailUrl":"https:\/\/elinformativotam.com\/wp-content\/uploads\/2024\/06\/Kid.jpg","datePublished":"2024-06-25T15:15:26+00:00","description":"*Ha Habido Accidentes Viales En Las Principales Avenidas De La Ciudad Debido A Lo Resbaloso De La Cinta Asf\u00e1ltica Por \u00c9sta \u00c9poca De Lluvias &nbsp; La","inLanguage":"es","potentialAction":[{"@type":"ReadAction","target":["https:\/\/elinformativotam.com\/index.php\/2024\/06\/25\/necesario-que-automovilistas-sigan-manejando-con-precaucion-lluvias-seguiran\/"]}]},{"@type":"ImageObject","inLanguage":"es","@id":"https:\/\/elinformativotam.com\/index.php\/2024\/06\/25\/necesario-que-automovilistas-sigan-manejando-con-precaucion-lluvias-seguiran\/#primaryimage","url":"https:\/\/elinformativotam.com\/wp-content\/uploads\/2024\/06\/Kid.jpg","contentUrl":"https:\/\/elinformativotam.com\/wp-content\/uploads\/2024\/06\/Kid.jpg","width":1280,"height":963},{"@type":"WebSite","@id":"https:\/\/elinformativotam.com\/#website","url":"https:\/\/elinformativotam.com\/","name":"EL INFORMATIVO DE TAMAULIPAS","description":"Desde la Zona Metropolitana Para Todo M\u00e9xico","publisher":{"@id":"https:\/\/elinformativotam.com\/#organization"},"potentialAction":[{"@type":"SearchAction","target":{"@type":"EntryPoint","urlTemplate":"https:\/\/elinformativotam.com\/?s={search_term_string}"},"query-input":{"@type":"PropertyValueSpecification","valueRequired":true,"valueName":"search_term_string"}}],"inLanguage":"es"},{"@type":"Organization","@id":"https:\/\/elinformativotam.com\/#organization","name":"EL INFORMATIVO DE TAMAULIPAS","url":"https:\/\/elinformativotam.com\/","logo":{"@type":"ImageObject","inLanguage":"es","@id":"https:\/\/elinformativotam.com\/#\/schema\/logo\/image\/","url":"https:\/\/elinformativotam.com\/wp-content\/uploads\/2026\/02\/Cabezal.png","contentUrl":"https:\/\/elinformativotam.com\/wp-content\/uploads\/2026\/02\/Cabezal.png","width":960,"height":640,"caption":"EL INFORMATIVO DE TAMAULIPAS"},"image":{"@id":"https:\/\/elinformativotam.com\/#\/schema\/logo\/image\/"}},{"@type":"Person","@id":"https:\/\/elinformativotam.com\/#\/schema\/person\/78e08040eed0f6110f0c5f83b6153590","name":"El Informativo Tam","image":{"@type":"ImageObject","inLanguage":"es","@id":"https:\/\/secure.gravatar.com\/avatar\/f3b7ad3af540688955925ac610647be00b0cf41feea9c4978b73a707ee86bc53?s=96&d=mm&r=g","url":"https:\/\/secure.gravatar.com\/avatar\/f3b7ad3af540688955925ac610647be00b0cf41feea9c4978b73a707ee86bc53?s=96&d=mm&r=g","contentUrl":"https:\/\/secure.gravatar.com\/avatar\/f3b7ad3af540688955925ac610647be00b0cf41feea9c4978b73a707ee86bc53?s=96&d=mm&r=g","caption":"El Informativo Tam"}}]}},"_links":{"self":[{"href":"https:\/\/elinformativotam.com\/index.php\/wp-json\/wp\/v2\/posts\/51338","targetHints":{"allow":["GET"]}}],"collection":[{"href":"https:\/\/elinformativotam.com\/index.php\/wp-json\/wp\/v2\/posts"}],"about":[{"href":"https:\/\/elinformativotam.com\/index.php\/wp-json\/wp\/v2\/types\/post"}],"author":[{"embeddable":true,"href":"https:\/\/elinformativotam.com\/index.php\/wp-json\/wp\/v2\/users\/1"}],"replies":[{"embeddable":true,"href":"https:\/\/elinformativotam.com\/index.php\/wp-json\/wp\/v2\/comments?post=51338"}],"version-history":[{"count":1,"href":"https:\/\/elinformativotam.com\/index.php\/wp-json\/wp\/v2\/posts\/51338\/revisions"}],"predecessor-version":[{"id":51340,"href":"https:\/\/elinformativotam.com\/index.php\/wp-json\/wp\/v2\/posts\/51338\/revisions\/51340"}],"wp:featuredmedia":[{"embeddable":true,"href":"https:\/\/elinformativotam.com\/index.php\/wp-json\/wp\/v2\/media\/51339"}],"wp:attachment":[{"href":"https:\/\/elinformativotam.com\/index.php\/wp-json\/wp\/v2\/media?parent=51338"}],"wp:term":[{"taxonomy":"category","embeddable":true,"href":"https:\/\/elinformativotam.com\/index.php\/wp-json\/wp\/v2\/categories?post=51338"},{"taxonomy":"post_tag","embeddable":true,"href":"https:\/\/elinformativotam.com\/index.php\/wp-json\/wp\/v2\/tags?post=51338"}],"curies":[{"name":"wp","href":"https:\/\/api.w.org\/{rel}","templated":true}]}}