{"id":51311,"date":"2024-06-22T11:27:22","date_gmt":"2024-06-22T17:27:22","guid":{"rendered":"https:\/\/elinformativotam.com\/?p=51311"},"modified":"2024-06-22T11:27:22","modified_gmt":"2024-06-22T17:27:22","slug":"en-puerta-otro-operativo-de-ordenamiento-en-mercados-portenos","status":"publish","type":"post","link":"https:\/\/elinformativotam.com\/index.php\/2024\/06\/22\/en-puerta-otro-operativo-de-ordenamiento-en-mercados-portenos\/","title":{"rendered":"EN PUERTA OTRO OPERATIVO DE ORDENAMIENTO EN MERCADOS PORTE\u00d1OS"},"content":{"rendered":"<h2 style=\"text-align: center;\"><em><span style=\"font-family: 'times new roman', times;\">*Ser\u00e1 Este Pr\u00f3ximo Martes Cuando Se Lleve A Cabo Otro Reordenamiento Vial En Las Calles H\u00e9roe De Nacozari Y Sor Juana In\u00e9s De La Cruz, Ya Que Locatarios Insisten En Invadirlas<\/span><\/em><\/h2>\n<p>&nbsp;<\/p>\n<p>&nbsp;<\/p>\n<p>La comisi\u00f3n de mercados del cabildo porte\u00f1o retomar\u00e1, para \u00e9ste pr\u00f3ximo martes, otro operativo vial para liberar totalmente las calles H\u00e9roe de Nacozari y Sor Juana In\u00e9s de la Cruz, donde locatarios las han invadido por largo tiempo.<\/p>\n<p>&nbsp;<\/p>\n<p>Las dos vialidades, en sus tramos cercanos a los centros de abasto, volvieron a ser invadidas por algunos comerciantes que se resisten a que sean transitables para veh\u00edculos, y personas que todos los d\u00edas acuden a realizar sus compras.<\/p>\n<p>&nbsp;<\/p>\n<p>Alberto S\u00e1nchez Neri, edil de la comisi\u00f3n, detall\u00f3 que ser\u00e1 el martes pr\u00f3ximo cuando en coordinaci\u00f3n con diversas dependencias municipales, se lleve a cabo otro operativo de ordenamiento en esas dos arterias, que iniciar\u00e1 a las 4 de la ma\u00f1ana.<\/p>\n<p>&nbsp;<\/p>\n<p>Destac\u00f3 que en diciembre pasado se ten\u00eda un orden vial importante, sin embargo con la llegada de la derrama econ\u00f3mica dicho ordenamiento qued\u00f3 en el olvido<\/p>\n<p>&nbsp;<\/p>\n<p>Manifest\u00f3 que tramos de banquetas, sitios prohibidos e invasi\u00f3n de carriles, son algunos aspectos negativos que buscan dar soluci\u00f3n, y con ello heredar un trabajo positivo en este rengl\u00f3n a la siguente administraci\u00f3n municipal.<\/p>\n<p>&nbsp;<\/p>\n<p>Asimismo, remarc\u00f3 que dependencias como la Comapa Sur se comprometi\u00f3 a realizar trabajos de desazolve de l\u00edneas de drenaje; el retiro de basura por parte de Servicios P\u00fablicos y otras acciones m\u00e1s de beneficio para locatarios y las personas que ah\u00ed acuden.<\/p>\n<p>&nbsp;<\/p>\n<p>La idea es que en el pr\u00f3ximo trienio se establezca un programa ambicioso que tenga como objeto que el transporte p\u00fablico circule por esas arterias y comunique con los mercados, al ser una petici\u00f3n constante de la poblaci\u00f3n.<\/p>\n<p>&nbsp;<\/p>\n<p>En ese operativo de ordenamiento vial participar\u00e1 la Guardia Estatal, Protecci\u00f3n Civil, Tr\u00e1nsito y otras \u00e1reas del gobierno porte\u00f1o y estatal.<\/p>\n<p>&nbsp;<\/p>\n","protected":false},"excerpt":{"rendered":"<p>*Ser\u00e1 Este Pr\u00f3ximo Martes Cuando Se Lleve A Cabo Otro Reordenamiento Vial En Las Calles H\u00e9roe De Nacozari Y Sor&hellip;<\/p>\n","protected":false},"author":1,"featured_media":51312,"comment_status":"open","ping_status":"open","sticky":false,"template":"","format":"standard","meta":{"footnotes":""},"categories":[3],"tags":[],"class_list":["post-51311","post","type-post","status-publish","format-standard","has-post-thumbnail","hentry","category-tampico"],"yoast_head":"<!-- This site is optimized with the Yoast SEO plugin v27.4 - https:\/\/yoast.com\/product\/yoast-seo-wordpress\/ -->\n<title>EN PUERTA OTRO OPERATIVO DE ORDENAMIENTO EN MERCADOS PORTE\u00d1OS - EL INFORMATIVO DE TAMAULIPAS<\/title>\n<meta name=\"description\" content=\"*Ser\u00e1 Este Pr\u00f3ximo Martes Cuando Se Lleve A Cabo Otro Reordenamiento Vial En Las Calles H\u00e9roe De Nacozari Y Sor Juana In\u00e9s De La Cruz, Ya Que Locatarios\" \/>\n<meta name=\"robots\" content=\"index, follow, max-snippet:-1, max-image-preview:large, max-video-preview:-1\" \/>\n<link rel=\"canonical\" href=\"https:\/\/elinformativotam.com\/index.php\/2024\/06\/22\/en-puerta-otro-operativo-de-ordenamiento-en-mercados-portenos\/\" \/>\n<meta property=\"og:locale\" content=\"es_MX\" \/>\n<meta property=\"og:type\" content=\"article\" \/>\n<meta property=\"og:title\" content=\"EN PUERTA OTRO OPERATIVO DE ORDENAMIENTO EN MERCADOS PORTE\u00d1OS - EL INFORMATIVO DE TAMAULIPAS\" \/>\n<meta property=\"og:description\" content=\"*Ser\u00e1 Este Pr\u00f3ximo Martes Cuando Se Lleve A Cabo Otro Reordenamiento Vial En Las Calles H\u00e9roe De Nacozari Y Sor Juana In\u00e9s De La Cruz, Ya Que Locatarios\" \/>\n<meta property=\"og:url\" content=\"https:\/\/elinformativotam.com\/index.php\/2024\/06\/22\/en-puerta-otro-operativo-de-ordenamiento-en-mercados-portenos\/\" \/>\n<meta property=\"og:site_name\" content=\"EL INFORMATIVO DE TAMAULIPAS\" \/>\n<meta property=\"article:published_time\" content=\"2024-06-22T17:27:22+00:00\" \/>\n<meta property=\"og:image\" content=\"https:\/\/elinformativotam.com\/wp-content\/uploads\/2024\/06\/Sanches-Neri.jpeg\" \/>\n\t<meta property=\"og:image:width\" content=\"1600\" \/>\n\t<meta property=\"og:image:height\" content=\"1204\" \/>\n\t<meta property=\"og:image:type\" content=\"image\/jpeg\" \/>\n<meta name=\"author\" content=\"El Informativo Tam\" \/>\n<meta name=\"twitter:card\" content=\"summary_large_image\" \/>\n<meta name=\"twitter:label1\" content=\"Escrito por\" \/>\n\t<meta name=\"twitter:data1\" content=\"El Informativo Tam\" \/>\n\t<meta name=\"twitter:label2\" content=\"Tiempo de lectura\" \/>\n\t<meta name=\"twitter:data2\" content=\"2 minutos\" \/>\n<script type=\"application\/ld+json\" class=\"yoast-schema-graph\">{\"@context\":\"https:\\\/\\\/schema.org\",\"@graph\":[{\"@type\":\"Article\",\"@id\":\"https:\\\/\\\/elinformativotam.com\\\/index.php\\\/2024\\\/06\\\/22\\\/en-puerta-otro-operativo-de-ordenamiento-en-mercados-portenos\\\/#article\",\"isPartOf\":{\"@id\":\"https:\\\/\\\/elinformativotam.com\\\/index.php\\\/2024\\\/06\\\/22\\\/en-puerta-otro-operativo-de-ordenamiento-en-mercados-portenos\\\/\"},\"author\":{\"name\":\"El Informativo Tam\",\"@id\":\"https:\\\/\\\/elinformativotam.com\\\/#\\\/schema\\\/person\\\/78e08040eed0f6110f0c5f83b6153590\"},\"headline\":\"EN PUERTA OTRO OPERATIVO DE ORDENAMIENTO EN MERCADOS PORTE\u00d1OS\",\"datePublished\":\"2024-06-22T17:27:22+00:00\",\"mainEntityOfPage\":{\"@id\":\"https:\\\/\\\/elinformativotam.com\\\/index.php\\\/2024\\\/06\\\/22\\\/en-puerta-otro-operativo-de-ordenamiento-en-mercados-portenos\\\/\"},\"wordCount\":359,\"commentCount\":0,\"publisher\":{\"@id\":\"https:\\\/\\\/elinformativotam.com\\\/#organization\"},\"image\":{\"@id\":\"https:\\\/\\\/elinformativotam.com\\\/index.php\\\/2024\\\/06\\\/22\\\/en-puerta-otro-operativo-de-ordenamiento-en-mercados-portenos\\\/#primaryimage\"},\"thumbnailUrl\":\"https:\\\/\\\/elinformativotam.com\\\/wp-content\\\/uploads\\\/2024\\\/06\\\/Sanches-Neri.jpeg\",\"articleSection\":[\"Tampico\"],\"inLanguage\":\"es\",\"potentialAction\":[{\"@type\":\"CommentAction\",\"name\":\"Comment\",\"target\":[\"https:\\\/\\\/elinformativotam.com\\\/index.php\\\/2024\\\/06\\\/22\\\/en-puerta-otro-operativo-de-ordenamiento-en-mercados-portenos\\\/#respond\"]}]},{\"@type\":\"WebPage\",\"@id\":\"https:\\\/\\\/elinformativotam.com\\\/index.php\\\/2024\\\/06\\\/22\\\/en-puerta-otro-operativo-de-ordenamiento-en-mercados-portenos\\\/\",\"url\":\"https:\\\/\\\/elinformativotam.com\\\/index.php\\\/2024\\\/06\\\/22\\\/en-puerta-otro-operativo-de-ordenamiento-en-mercados-portenos\\\/\",\"name\":\"EN PUERTA OTRO OPERATIVO DE ORDENAMIENTO EN MERCADOS PORTE\u00d1OS - EL INFORMATIVO DE TAMAULIPAS\",\"isPartOf\":{\"@id\":\"https:\\\/\\\/elinformativotam.com\\\/#website\"},\"primaryImageOfPage\":{\"@id\":\"https:\\\/\\\/elinformativotam.com\\\/index.php\\\/2024\\\/06\\\/22\\\/en-puerta-otro-operativo-de-ordenamiento-en-mercados-portenos\\\/#primaryimage\"},\"image\":{\"@id\":\"https:\\\/\\\/elinformativotam.com\\\/index.php\\\/2024\\\/06\\\/22\\\/en-puerta-otro-operativo-de-ordenamiento-en-mercados-portenos\\\/#primaryimage\"},\"thumbnailUrl\":\"https:\\\/\\\/elinformativotam.com\\\/wp-content\\\/uploads\\\/2024\\\/06\\\/Sanches-Neri.jpeg\",\"datePublished\":\"2024-06-22T17:27:22+00:00\",\"description\":\"*Ser\u00e1 Este Pr\u00f3ximo Martes Cuando Se Lleve A Cabo Otro Reordenamiento Vial En Las Calles H\u00e9roe De Nacozari Y Sor Juana In\u00e9s De La Cruz, Ya Que Locatarios\",\"inLanguage\":\"es\",\"potentialAction\":[{\"@type\":\"ReadAction\",\"target\":[\"https:\\\/\\\/elinformativotam.com\\\/index.php\\\/2024\\\/06\\\/22\\\/en-puerta-otro-operativo-de-ordenamiento-en-mercados-portenos\\\/\"]}]},{\"@type\":\"ImageObject\",\"inLanguage\":\"es\",\"@id\":\"https:\\\/\\\/elinformativotam.com\\\/index.php\\\/2024\\\/06\\\/22\\\/en-puerta-otro-operativo-de-ordenamiento-en-mercados-portenos\\\/#primaryimage\",\"url\":\"https:\\\/\\\/elinformativotam.com\\\/wp-content\\\/uploads\\\/2024\\\/06\\\/Sanches-Neri.jpeg\",\"contentUrl\":\"https:\\\/\\\/elinformativotam.com\\\/wp-content\\\/uploads\\\/2024\\\/06\\\/Sanches-Neri.jpeg\",\"width\":1600,\"height\":1204},{\"@type\":\"WebSite\",\"@id\":\"https:\\\/\\\/elinformativotam.com\\\/#website\",\"url\":\"https:\\\/\\\/elinformativotam.com\\\/\",\"name\":\"EL INFORMATIVO DE TAMAULIPAS\",\"description\":\"Desde la Zona Metropolitana Para Todo M\u00e9xico\",\"publisher\":{\"@id\":\"https:\\\/\\\/elinformativotam.com\\\/#organization\"},\"potentialAction\":[{\"@type\":\"SearchAction\",\"target\":{\"@type\":\"EntryPoint\",\"urlTemplate\":\"https:\\\/\\\/elinformativotam.com\\\/?s={search_term_string}\"},\"query-input\":{\"@type\":\"PropertyValueSpecification\",\"valueRequired\":true,\"valueName\":\"search_term_string\"}}],\"inLanguage\":\"es\"},{\"@type\":\"Organization\",\"@id\":\"https:\\\/\\\/elinformativotam.com\\\/#organization\",\"name\":\"EL INFORMATIVO DE TAMAULIPAS\",\"url\":\"https:\\\/\\\/elinformativotam.com\\\/\",\"logo\":{\"@type\":\"ImageObject\",\"inLanguage\":\"es\",\"@id\":\"https:\\\/\\\/elinformativotam.com\\\/#\\\/schema\\\/logo\\\/image\\\/\",\"url\":\"https:\\\/\\\/elinformativotam.com\\\/wp-content\\\/uploads\\\/2026\\\/02\\\/Cabezal.png\",\"contentUrl\":\"https:\\\/\\\/elinformativotam.com\\\/wp-content\\\/uploads\\\/2026\\\/02\\\/Cabezal.png\",\"width\":960,\"height\":640,\"caption\":\"EL INFORMATIVO DE TAMAULIPAS\"},\"image\":{\"@id\":\"https:\\\/\\\/elinformativotam.com\\\/#\\\/schema\\\/logo\\\/image\\\/\"}},{\"@type\":\"Person\",\"@id\":\"https:\\\/\\\/elinformativotam.com\\\/#\\\/schema\\\/person\\\/78e08040eed0f6110f0c5f83b6153590\",\"name\":\"El Informativo Tam\",\"image\":{\"@type\":\"ImageObject\",\"inLanguage\":\"es\",\"@id\":\"https:\\\/\\\/secure.gravatar.com\\\/avatar\\\/f3b7ad3af540688955925ac610647be00b0cf41feea9c4978b73a707ee86bc53?s=96&d=mm&r=g\",\"url\":\"https:\\\/\\\/secure.gravatar.com\\\/avatar\\\/f3b7ad3af540688955925ac610647be00b0cf41feea9c4978b73a707ee86bc53?s=96&d=mm&r=g\",\"contentUrl\":\"https:\\\/\\\/secure.gravatar.com\\\/avatar\\\/f3b7ad3af540688955925ac610647be00b0cf41feea9c4978b73a707ee86bc53?s=96&d=mm&r=g\",\"caption\":\"El Informativo Tam\"}}]}<\/script>\n<!-- \/ Yoast SEO plugin. -->","yoast_head_json":{"title":"EN PUERTA OTRO OPERATIVO DE ORDENAMIENTO EN MERCADOS PORTE\u00d1OS - EL INFORMATIVO DE TAMAULIPAS","description":"*Ser\u00e1 Este Pr\u00f3ximo Martes Cuando Se Lleve A Cabo Otro Reordenamiento Vial En Las Calles H\u00e9roe De Nacozari Y Sor Juana In\u00e9s De La Cruz, Ya Que Locatarios","robots":{"index":"index","follow":"follow","max-snippet":"max-snippet:-1","max-image-preview":"max-image-preview:large","max-video-preview":"max-video-preview:-1"},"canonical":"https:\/\/elinformativotam.com\/index.php\/2024\/06\/22\/en-puerta-otro-operativo-de-ordenamiento-en-mercados-portenos\/","og_locale":"es_MX","og_type":"article","og_title":"EN PUERTA OTRO OPERATIVO DE ORDENAMIENTO EN MERCADOS PORTE\u00d1OS - EL INFORMATIVO DE TAMAULIPAS","og_description":"*Ser\u00e1 Este Pr\u00f3ximo Martes Cuando Se Lleve A Cabo Otro Reordenamiento Vial En Las Calles H\u00e9roe De Nacozari Y Sor Juana In\u00e9s De La Cruz, Ya Que Locatarios","og_url":"https:\/\/elinformativotam.com\/index.php\/2024\/06\/22\/en-puerta-otro-operativo-de-ordenamiento-en-mercados-portenos\/","og_site_name":"EL INFORMATIVO DE TAMAULIPAS","article_published_time":"2024-06-22T17:27:22+00:00","og_image":[{"width":1600,"height":1204,"url":"https:\/\/elinformativotam.com\/wp-content\/uploads\/2024\/06\/Sanches-Neri.jpeg","type":"image\/jpeg"}],"author":"El Informativo Tam","twitter_card":"summary_large_image","twitter_misc":{"Escrito por":"El Informativo Tam","Tiempo de lectura":"2 minutos"},"schema":{"@context":"https:\/\/schema.org","@graph":[{"@type":"Article","@id":"https:\/\/elinformativotam.com\/index.php\/2024\/06\/22\/en-puerta-otro-operativo-de-ordenamiento-en-mercados-portenos\/#article","isPartOf":{"@id":"https:\/\/elinformativotam.com\/index.php\/2024\/06\/22\/en-puerta-otro-operativo-de-ordenamiento-en-mercados-portenos\/"},"author":{"name":"El Informativo Tam","@id":"https:\/\/elinformativotam.com\/#\/schema\/person\/78e08040eed0f6110f0c5f83b6153590"},"headline":"EN PUERTA OTRO OPERATIVO DE ORDENAMIENTO EN MERCADOS PORTE\u00d1OS","datePublished":"2024-06-22T17:27:22+00:00","mainEntityOfPage":{"@id":"https:\/\/elinformativotam.com\/index.php\/2024\/06\/22\/en-puerta-otro-operativo-de-ordenamiento-en-mercados-portenos\/"},"wordCount":359,"commentCount":0,"publisher":{"@id":"https:\/\/elinformativotam.com\/#organization"},"image":{"@id":"https:\/\/elinformativotam.com\/index.php\/2024\/06\/22\/en-puerta-otro-operativo-de-ordenamiento-en-mercados-portenos\/#primaryimage"},"thumbnailUrl":"https:\/\/elinformativotam.com\/wp-content\/uploads\/2024\/06\/Sanches-Neri.jpeg","articleSection":["Tampico"],"inLanguage":"es","potentialAction":[{"@type":"CommentAction","name":"Comment","target":["https:\/\/elinformativotam.com\/index.php\/2024\/06\/22\/en-puerta-otro-operativo-de-ordenamiento-en-mercados-portenos\/#respond"]}]},{"@type":"WebPage","@id":"https:\/\/elinformativotam.com\/index.php\/2024\/06\/22\/en-puerta-otro-operativo-de-ordenamiento-en-mercados-portenos\/","url":"https:\/\/elinformativotam.com\/index.php\/2024\/06\/22\/en-puerta-otro-operativo-de-ordenamiento-en-mercados-portenos\/","name":"EN PUERTA OTRO OPERATIVO DE ORDENAMIENTO EN MERCADOS PORTE\u00d1OS - EL INFORMATIVO DE TAMAULIPAS","isPartOf":{"@id":"https:\/\/elinformativotam.com\/#website"},"primaryImageOfPage":{"@id":"https:\/\/elinformativotam.com\/index.php\/2024\/06\/22\/en-puerta-otro-operativo-de-ordenamiento-en-mercados-portenos\/#primaryimage"},"image":{"@id":"https:\/\/elinformativotam.com\/index.php\/2024\/06\/22\/en-puerta-otro-operativo-de-ordenamiento-en-mercados-portenos\/#primaryimage"},"thumbnailUrl":"https:\/\/elinformativotam.com\/wp-content\/uploads\/2024\/06\/Sanches-Neri.jpeg","datePublished":"2024-06-22T17:27:22+00:00","description":"*Ser\u00e1 Este Pr\u00f3ximo Martes Cuando Se Lleve A Cabo Otro Reordenamiento Vial En Las Calles H\u00e9roe De Nacozari Y Sor Juana In\u00e9s De La Cruz, Ya Que Locatarios","inLanguage":"es","potentialAction":[{"@type":"ReadAction","target":["https:\/\/elinformativotam.com\/index.php\/2024\/06\/22\/en-puerta-otro-operativo-de-ordenamiento-en-mercados-portenos\/"]}]},{"@type":"ImageObject","inLanguage":"es","@id":"https:\/\/elinformativotam.com\/index.php\/2024\/06\/22\/en-puerta-otro-operativo-de-ordenamiento-en-mercados-portenos\/#primaryimage","url":"https:\/\/elinformativotam.com\/wp-content\/uploads\/2024\/06\/Sanches-Neri.jpeg","contentUrl":"https:\/\/elinformativotam.com\/wp-content\/uploads\/2024\/06\/Sanches-Neri.jpeg","width":1600,"height":1204},{"@type":"WebSite","@id":"https:\/\/elinformativotam.com\/#website","url":"https:\/\/elinformativotam.com\/","name":"EL INFORMATIVO DE TAMAULIPAS","description":"Desde la Zona Metropolitana Para Todo M\u00e9xico","publisher":{"@id":"https:\/\/elinformativotam.com\/#organization"},"potentialAction":[{"@type":"SearchAction","target":{"@type":"EntryPoint","urlTemplate":"https:\/\/elinformativotam.com\/?s={search_term_string}"},"query-input":{"@type":"PropertyValueSpecification","valueRequired":true,"valueName":"search_term_string"}}],"inLanguage":"es"},{"@type":"Organization","@id":"https:\/\/elinformativotam.com\/#organization","name":"EL INFORMATIVO DE TAMAULIPAS","url":"https:\/\/elinformativotam.com\/","logo":{"@type":"ImageObject","inLanguage":"es","@id":"https:\/\/elinformativotam.com\/#\/schema\/logo\/image\/","url":"https:\/\/elinformativotam.com\/wp-content\/uploads\/2026\/02\/Cabezal.png","contentUrl":"https:\/\/elinformativotam.com\/wp-content\/uploads\/2026\/02\/Cabezal.png","width":960,"height":640,"caption":"EL INFORMATIVO DE TAMAULIPAS"},"image":{"@id":"https:\/\/elinformativotam.com\/#\/schema\/logo\/image\/"}},{"@type":"Person","@id":"https:\/\/elinformativotam.com\/#\/schema\/person\/78e08040eed0f6110f0c5f83b6153590","name":"El Informativo Tam","image":{"@type":"ImageObject","inLanguage":"es","@id":"https:\/\/secure.gravatar.com\/avatar\/f3b7ad3af540688955925ac610647be00b0cf41feea9c4978b73a707ee86bc53?s=96&d=mm&r=g","url":"https:\/\/secure.gravatar.com\/avatar\/f3b7ad3af540688955925ac610647be00b0cf41feea9c4978b73a707ee86bc53?s=96&d=mm&r=g","contentUrl":"https:\/\/secure.gravatar.com\/avatar\/f3b7ad3af540688955925ac610647be00b0cf41feea9c4978b73a707ee86bc53?s=96&d=mm&r=g","caption":"El Informativo Tam"}}]}},"_links":{"self":[{"href":"https:\/\/elinformativotam.com\/index.php\/wp-json\/wp\/v2\/posts\/51311","targetHints":{"allow":["GET"]}}],"collection":[{"href":"https:\/\/elinformativotam.com\/index.php\/wp-json\/wp\/v2\/posts"}],"about":[{"href":"https:\/\/elinformativotam.com\/index.php\/wp-json\/wp\/v2\/types\/post"}],"author":[{"embeddable":true,"href":"https:\/\/elinformativotam.com\/index.php\/wp-json\/wp\/v2\/users\/1"}],"replies":[{"embeddable":true,"href":"https:\/\/elinformativotam.com\/index.php\/wp-json\/wp\/v2\/comments?post=51311"}],"version-history":[{"count":1,"href":"https:\/\/elinformativotam.com\/index.php\/wp-json\/wp\/v2\/posts\/51311\/revisions"}],"predecessor-version":[{"id":51313,"href":"https:\/\/elinformativotam.com\/index.php\/wp-json\/wp\/v2\/posts\/51311\/revisions\/51313"}],"wp:featuredmedia":[{"embeddable":true,"href":"https:\/\/elinformativotam.com\/index.php\/wp-json\/wp\/v2\/media\/51312"}],"wp:attachment":[{"href":"https:\/\/elinformativotam.com\/index.php\/wp-json\/wp\/v2\/media?parent=51311"}],"wp:term":[{"taxonomy":"category","embeddable":true,"href":"https:\/\/elinformativotam.com\/index.php\/wp-json\/wp\/v2\/categories?post=51311"},{"taxonomy":"post_tag","embeddable":true,"href":"https:\/\/elinformativotam.com\/index.php\/wp-json\/wp\/v2\/tags?post=51311"}],"curies":[{"name":"wp","href":"https:\/\/api.w.org\/{rel}","templated":true}]}}