{"id":51296,"date":"2024-06-22T11:04:02","date_gmt":"2024-06-22T17:04:02","guid":{"rendered":"https:\/\/elinformativotam.com\/?p=51296"},"modified":"2024-06-22T11:04:02","modified_gmt":"2024-06-22T17:04:02","slug":"alertan-a-la-poblacion-de-zonas-bajas-estar-al-pendiente-de-las-recomendaciones-de-proteccion-civil","status":"publish","type":"post","link":"https:\/\/elinformativotam.com\/index.php\/2024\/06\/22\/alertan-a-la-poblacion-de-zonas-bajas-estar-al-pendiente-de-las-recomendaciones-de-proteccion-civil\/","title":{"rendered":"ALERTAN A LA POBLACI\u00d3N  DE ZONAS BAJAS ESTAR AL PENDIENTE DE LAS RECOMENDACIONES DE PROTECCI\u00d3N CIVIL"},"content":{"rendered":"<p>La directora de Protecci\u00f3n Civil municipal, Mar\u00eda Luisa Cuevas Rivera, mencion\u00f3 que tras el paso de Alberto ahora vienen remanentes que dejan en la zona lluvias aisladas, por lo que estar\u00e1n al pendiente principalmente de las zonas bajas; adem\u00e1s que vigilan otro fen\u00f3meno ubicado en el Golfo de M\u00e9xico que pudiera afectar a la zona.<\/p>\n<p>&nbsp;<\/p>\n<p>Detall\u00f3 que mientras tanto la aportaci\u00f3n de Alberto a la zona, ser\u00e1 lluvia, aunque hasta el momento no sabe qu\u00e9 tanta agua pudiera traer la creciente.<\/p>\n<p>&nbsp;<\/p>\n<p>&#8220;En este momento ya pas\u00f3 la emergencia, pero se trata de una trayectoria bipolar, ya que se espera un radio de lluvias y vientos, esto por tres d\u00edas. En este momento no se esperan inundaciones&#8221;, coment\u00f3.<\/p>\n<p>&nbsp;<\/p>\n<p>Expuso que existe presente un fen\u00f3meno ubicado en el Golfo de M\u00e9xico, por lo que est\u00e1n vigilando su comportamiento, ya que posiblemente tambi\u00e9n estar\u00eda afectando al sur de Tamaulipas.<\/p>\n<p>&nbsp;<\/p>\n<p>Agreg\u00f3 que en este momento a\u00fan no tiene nombre, porque no se sabe c\u00f3mo se desarrollar\u00e1 si como cicl\u00f3n o tormenta.<\/p>\n<p>&nbsp;<\/p>\n<p>&nbsp;<\/p>\n","protected":false},"excerpt":{"rendered":"<p>La directora de Protecci\u00f3n Civil municipal, Mar\u00eda Luisa Cuevas Rivera, mencion\u00f3 que tras el paso de Alberto ahora vienen remanentes&hellip;<\/p>\n","protected":false},"author":1,"featured_media":49932,"comment_status":"open","ping_status":"open","sticky":false,"template":"","format":"standard","meta":{"footnotes":""},"categories":[5],"tags":[],"class_list":["post-51296","post","type-post","status-publish","format-standard","has-post-thumbnail","hentry","category-altamira"],"yoast_head":"<!-- This site is optimized with the Yoast SEO plugin v27.4 - https:\/\/yoast.com\/product\/yoast-seo-wordpress\/ -->\n<title>ALERTAN A LA POBLACI\u00d3N DE ZONAS BAJAS ESTAR AL PENDIENTE DE LAS RECOMENDACIONES DE PROTECCI\u00d3N CIVIL - EL INFORMATIVO DE TAMAULIPAS<\/title>\n<meta name=\"description\" content=\"La directora de Protecci\u00f3n Civil municipal, Mar\u00eda Luisa Cuevas Rivera, mencion\u00f3 que tras el paso de Alberto ahora vienen remanentes que dejan en la zona\" \/>\n<meta name=\"robots\" content=\"index, follow, max-snippet:-1, max-image-preview:large, max-video-preview:-1\" \/>\n<link rel=\"canonical\" href=\"https:\/\/elinformativotam.com\/index.php\/2024\/06\/22\/alertan-a-la-poblacion-de-zonas-bajas-estar-al-pendiente-de-las-recomendaciones-de-proteccion-civil\/\" \/>\n<meta property=\"og:locale\" content=\"es_MX\" \/>\n<meta property=\"og:type\" content=\"article\" \/>\n<meta property=\"og:title\" content=\"ALERTAN A LA POBLACI\u00d3N DE ZONAS BAJAS ESTAR AL PENDIENTE DE LAS RECOMENDACIONES DE PROTECCI\u00d3N CIVIL - EL INFORMATIVO DE TAMAULIPAS\" \/>\n<meta property=\"og:description\" content=\"La directora de Protecci\u00f3n Civil municipal, Mar\u00eda Luisa Cuevas Rivera, mencion\u00f3 que tras el paso de Alberto ahora vienen remanentes que dejan en la zona\" \/>\n<meta property=\"og:url\" content=\"https:\/\/elinformativotam.com\/index.php\/2024\/06\/22\/alertan-a-la-poblacion-de-zonas-bajas-estar-al-pendiente-de-las-recomendaciones-de-proteccion-civil\/\" \/>\n<meta property=\"og:site_name\" content=\"EL INFORMATIVO DE TAMAULIPAS\" \/>\n<meta property=\"article:published_time\" content=\"2024-06-22T17:04:02+00:00\" \/>\n<meta property=\"og:image\" content=\"https:\/\/elinformativotam.com\/wp-content\/uploads\/2024\/03\/Luisa.jpeg\" \/>\n\t<meta property=\"og:image:width\" content=\"1280\" \/>\n\t<meta property=\"og:image:height\" content=\"960\" \/>\n\t<meta property=\"og:image:type\" content=\"image\/jpeg\" \/>\n<meta name=\"author\" content=\"El Informativo Tam\" \/>\n<meta name=\"twitter:card\" content=\"summary_large_image\" \/>\n<meta name=\"twitter:label1\" content=\"Escrito por\" \/>\n\t<meta name=\"twitter:data1\" content=\"El Informativo Tam\" \/>\n\t<meta name=\"twitter:label2\" content=\"Tiempo de lectura\" \/>\n\t<meta name=\"twitter:data2\" content=\"1 minuto\" \/>\n<script type=\"application\/ld+json\" class=\"yoast-schema-graph\">{\"@context\":\"https:\\\/\\\/schema.org\",\"@graph\":[{\"@type\":\"Article\",\"@id\":\"https:\\\/\\\/elinformativotam.com\\\/index.php\\\/2024\\\/06\\\/22\\\/alertan-a-la-poblacion-de-zonas-bajas-estar-al-pendiente-de-las-recomendaciones-de-proteccion-civil\\\/#article\",\"isPartOf\":{\"@id\":\"https:\\\/\\\/elinformativotam.com\\\/index.php\\\/2024\\\/06\\\/22\\\/alertan-a-la-poblacion-de-zonas-bajas-estar-al-pendiente-de-las-recomendaciones-de-proteccion-civil\\\/\"},\"author\":{\"name\":\"El Informativo Tam\",\"@id\":\"https:\\\/\\\/elinformativotam.com\\\/#\\\/schema\\\/person\\\/78e08040eed0f6110f0c5f83b6153590\"},\"headline\":\"ALERTAN A LA POBLACI\u00d3N DE ZONAS BAJAS ESTAR AL PENDIENTE DE LAS RECOMENDACIONES DE PROTECCI\u00d3N CIVIL\",\"datePublished\":\"2024-06-22T17:04:02+00:00\",\"mainEntityOfPage\":{\"@id\":\"https:\\\/\\\/elinformativotam.com\\\/index.php\\\/2024\\\/06\\\/22\\\/alertan-a-la-poblacion-de-zonas-bajas-estar-al-pendiente-de-las-recomendaciones-de-proteccion-civil\\\/\"},\"wordCount\":207,\"commentCount\":0,\"publisher\":{\"@id\":\"https:\\\/\\\/elinformativotam.com\\\/#organization\"},\"image\":{\"@id\":\"https:\\\/\\\/elinformativotam.com\\\/index.php\\\/2024\\\/06\\\/22\\\/alertan-a-la-poblacion-de-zonas-bajas-estar-al-pendiente-de-las-recomendaciones-de-proteccion-civil\\\/#primaryimage\"},\"thumbnailUrl\":\"https:\\\/\\\/elinformativotam.com\\\/wp-content\\\/uploads\\\/2024\\\/03\\\/Luisa.jpeg\",\"articleSection\":[\"Altamira\"],\"inLanguage\":\"es\",\"potentialAction\":[{\"@type\":\"CommentAction\",\"name\":\"Comment\",\"target\":[\"https:\\\/\\\/elinformativotam.com\\\/index.php\\\/2024\\\/06\\\/22\\\/alertan-a-la-poblacion-de-zonas-bajas-estar-al-pendiente-de-las-recomendaciones-de-proteccion-civil\\\/#respond\"]}]},{\"@type\":\"WebPage\",\"@id\":\"https:\\\/\\\/elinformativotam.com\\\/index.php\\\/2024\\\/06\\\/22\\\/alertan-a-la-poblacion-de-zonas-bajas-estar-al-pendiente-de-las-recomendaciones-de-proteccion-civil\\\/\",\"url\":\"https:\\\/\\\/elinformativotam.com\\\/index.php\\\/2024\\\/06\\\/22\\\/alertan-a-la-poblacion-de-zonas-bajas-estar-al-pendiente-de-las-recomendaciones-de-proteccion-civil\\\/\",\"name\":\"ALERTAN A LA POBLACI\u00d3N DE ZONAS BAJAS ESTAR AL PENDIENTE DE LAS RECOMENDACIONES DE PROTECCI\u00d3N CIVIL - EL INFORMATIVO DE TAMAULIPAS\",\"isPartOf\":{\"@id\":\"https:\\\/\\\/elinformativotam.com\\\/#website\"},\"primaryImageOfPage\":{\"@id\":\"https:\\\/\\\/elinformativotam.com\\\/index.php\\\/2024\\\/06\\\/22\\\/alertan-a-la-poblacion-de-zonas-bajas-estar-al-pendiente-de-las-recomendaciones-de-proteccion-civil\\\/#primaryimage\"},\"image\":{\"@id\":\"https:\\\/\\\/elinformativotam.com\\\/index.php\\\/2024\\\/06\\\/22\\\/alertan-a-la-poblacion-de-zonas-bajas-estar-al-pendiente-de-las-recomendaciones-de-proteccion-civil\\\/#primaryimage\"},\"thumbnailUrl\":\"https:\\\/\\\/elinformativotam.com\\\/wp-content\\\/uploads\\\/2024\\\/03\\\/Luisa.jpeg\",\"datePublished\":\"2024-06-22T17:04:02+00:00\",\"description\":\"La directora de Protecci\u00f3n Civil municipal, Mar\u00eda Luisa Cuevas Rivera, mencion\u00f3 que tras el paso de Alberto ahora vienen remanentes que dejan en la zona\",\"inLanguage\":\"es\",\"potentialAction\":[{\"@type\":\"ReadAction\",\"target\":[\"https:\\\/\\\/elinformativotam.com\\\/index.php\\\/2024\\\/06\\\/22\\\/alertan-a-la-poblacion-de-zonas-bajas-estar-al-pendiente-de-las-recomendaciones-de-proteccion-civil\\\/\"]}]},{\"@type\":\"ImageObject\",\"inLanguage\":\"es\",\"@id\":\"https:\\\/\\\/elinformativotam.com\\\/index.php\\\/2024\\\/06\\\/22\\\/alertan-a-la-poblacion-de-zonas-bajas-estar-al-pendiente-de-las-recomendaciones-de-proteccion-civil\\\/#primaryimage\",\"url\":\"https:\\\/\\\/elinformativotam.com\\\/wp-content\\\/uploads\\\/2024\\\/03\\\/Luisa.jpeg\",\"contentUrl\":\"https:\\\/\\\/elinformativotam.com\\\/wp-content\\\/uploads\\\/2024\\\/03\\\/Luisa.jpeg\",\"width\":1280,\"height\":960},{\"@type\":\"WebSite\",\"@id\":\"https:\\\/\\\/elinformativotam.com\\\/#website\",\"url\":\"https:\\\/\\\/elinformativotam.com\\\/\",\"name\":\"EL INFORMATIVO DE TAMAULIPAS\",\"description\":\"Desde la Zona Metropolitana Para Todo M\u00e9xico\",\"publisher\":{\"@id\":\"https:\\\/\\\/elinformativotam.com\\\/#organization\"},\"potentialAction\":[{\"@type\":\"SearchAction\",\"target\":{\"@type\":\"EntryPoint\",\"urlTemplate\":\"https:\\\/\\\/elinformativotam.com\\\/?s={search_term_string}\"},\"query-input\":{\"@type\":\"PropertyValueSpecification\",\"valueRequired\":true,\"valueName\":\"search_term_string\"}}],\"inLanguage\":\"es\"},{\"@type\":\"Organization\",\"@id\":\"https:\\\/\\\/elinformativotam.com\\\/#organization\",\"name\":\"EL INFORMATIVO DE TAMAULIPAS\",\"url\":\"https:\\\/\\\/elinformativotam.com\\\/\",\"logo\":{\"@type\":\"ImageObject\",\"inLanguage\":\"es\",\"@id\":\"https:\\\/\\\/elinformativotam.com\\\/#\\\/schema\\\/logo\\\/image\\\/\",\"url\":\"https:\\\/\\\/elinformativotam.com\\\/wp-content\\\/uploads\\\/2026\\\/02\\\/Cabezal.png\",\"contentUrl\":\"https:\\\/\\\/elinformativotam.com\\\/wp-content\\\/uploads\\\/2026\\\/02\\\/Cabezal.png\",\"width\":960,\"height\":640,\"caption\":\"EL INFORMATIVO DE TAMAULIPAS\"},\"image\":{\"@id\":\"https:\\\/\\\/elinformativotam.com\\\/#\\\/schema\\\/logo\\\/image\\\/\"}},{\"@type\":\"Person\",\"@id\":\"https:\\\/\\\/elinformativotam.com\\\/#\\\/schema\\\/person\\\/78e08040eed0f6110f0c5f83b6153590\",\"name\":\"El Informativo Tam\",\"image\":{\"@type\":\"ImageObject\",\"inLanguage\":\"es\",\"@id\":\"https:\\\/\\\/secure.gravatar.com\\\/avatar\\\/f3b7ad3af540688955925ac610647be00b0cf41feea9c4978b73a707ee86bc53?s=96&d=mm&r=g\",\"url\":\"https:\\\/\\\/secure.gravatar.com\\\/avatar\\\/f3b7ad3af540688955925ac610647be00b0cf41feea9c4978b73a707ee86bc53?s=96&d=mm&r=g\",\"contentUrl\":\"https:\\\/\\\/secure.gravatar.com\\\/avatar\\\/f3b7ad3af540688955925ac610647be00b0cf41feea9c4978b73a707ee86bc53?s=96&d=mm&r=g\",\"caption\":\"El Informativo Tam\"}}]}<\/script>\n<!-- \/ Yoast SEO plugin. -->","yoast_head_json":{"title":"ALERTAN A LA POBLACI\u00d3N DE ZONAS BAJAS ESTAR AL PENDIENTE DE LAS RECOMENDACIONES DE PROTECCI\u00d3N CIVIL - EL INFORMATIVO DE TAMAULIPAS","description":"La directora de Protecci\u00f3n Civil municipal, Mar\u00eda Luisa Cuevas Rivera, mencion\u00f3 que tras el paso de Alberto ahora vienen remanentes que dejan en la zona","robots":{"index":"index","follow":"follow","max-snippet":"max-snippet:-1","max-image-preview":"max-image-preview:large","max-video-preview":"max-video-preview:-1"},"canonical":"https:\/\/elinformativotam.com\/index.php\/2024\/06\/22\/alertan-a-la-poblacion-de-zonas-bajas-estar-al-pendiente-de-las-recomendaciones-de-proteccion-civil\/","og_locale":"es_MX","og_type":"article","og_title":"ALERTAN A LA POBLACI\u00d3N DE ZONAS BAJAS ESTAR AL PENDIENTE DE LAS RECOMENDACIONES DE PROTECCI\u00d3N CIVIL - EL INFORMATIVO DE TAMAULIPAS","og_description":"La directora de Protecci\u00f3n Civil municipal, Mar\u00eda Luisa Cuevas Rivera, mencion\u00f3 que tras el paso de Alberto ahora vienen remanentes que dejan en la zona","og_url":"https:\/\/elinformativotam.com\/index.php\/2024\/06\/22\/alertan-a-la-poblacion-de-zonas-bajas-estar-al-pendiente-de-las-recomendaciones-de-proteccion-civil\/","og_site_name":"EL INFORMATIVO DE TAMAULIPAS","article_published_time":"2024-06-22T17:04:02+00:00","og_image":[{"width":1280,"height":960,"url":"https:\/\/elinformativotam.com\/wp-content\/uploads\/2024\/03\/Luisa.jpeg","type":"image\/jpeg"}],"author":"El Informativo Tam","twitter_card":"summary_large_image","twitter_misc":{"Escrito por":"El Informativo Tam","Tiempo de lectura":"1 minuto"},"schema":{"@context":"https:\/\/schema.org","@graph":[{"@type":"Article","@id":"https:\/\/elinformativotam.com\/index.php\/2024\/06\/22\/alertan-a-la-poblacion-de-zonas-bajas-estar-al-pendiente-de-las-recomendaciones-de-proteccion-civil\/#article","isPartOf":{"@id":"https:\/\/elinformativotam.com\/index.php\/2024\/06\/22\/alertan-a-la-poblacion-de-zonas-bajas-estar-al-pendiente-de-las-recomendaciones-de-proteccion-civil\/"},"author":{"name":"El Informativo Tam","@id":"https:\/\/elinformativotam.com\/#\/schema\/person\/78e08040eed0f6110f0c5f83b6153590"},"headline":"ALERTAN A LA POBLACI\u00d3N DE ZONAS BAJAS ESTAR AL PENDIENTE DE LAS RECOMENDACIONES DE PROTECCI\u00d3N CIVIL","datePublished":"2024-06-22T17:04:02+00:00","mainEntityOfPage":{"@id":"https:\/\/elinformativotam.com\/index.php\/2024\/06\/22\/alertan-a-la-poblacion-de-zonas-bajas-estar-al-pendiente-de-las-recomendaciones-de-proteccion-civil\/"},"wordCount":207,"commentCount":0,"publisher":{"@id":"https:\/\/elinformativotam.com\/#organization"},"image":{"@id":"https:\/\/elinformativotam.com\/index.php\/2024\/06\/22\/alertan-a-la-poblacion-de-zonas-bajas-estar-al-pendiente-de-las-recomendaciones-de-proteccion-civil\/#primaryimage"},"thumbnailUrl":"https:\/\/elinformativotam.com\/wp-content\/uploads\/2024\/03\/Luisa.jpeg","articleSection":["Altamira"],"inLanguage":"es","potentialAction":[{"@type":"CommentAction","name":"Comment","target":["https:\/\/elinformativotam.com\/index.php\/2024\/06\/22\/alertan-a-la-poblacion-de-zonas-bajas-estar-al-pendiente-de-las-recomendaciones-de-proteccion-civil\/#respond"]}]},{"@type":"WebPage","@id":"https:\/\/elinformativotam.com\/index.php\/2024\/06\/22\/alertan-a-la-poblacion-de-zonas-bajas-estar-al-pendiente-de-las-recomendaciones-de-proteccion-civil\/","url":"https:\/\/elinformativotam.com\/index.php\/2024\/06\/22\/alertan-a-la-poblacion-de-zonas-bajas-estar-al-pendiente-de-las-recomendaciones-de-proteccion-civil\/","name":"ALERTAN A LA POBLACI\u00d3N DE ZONAS BAJAS ESTAR AL PENDIENTE DE LAS RECOMENDACIONES DE PROTECCI\u00d3N CIVIL - EL INFORMATIVO DE TAMAULIPAS","isPartOf":{"@id":"https:\/\/elinformativotam.com\/#website"},"primaryImageOfPage":{"@id":"https:\/\/elinformativotam.com\/index.php\/2024\/06\/22\/alertan-a-la-poblacion-de-zonas-bajas-estar-al-pendiente-de-las-recomendaciones-de-proteccion-civil\/#primaryimage"},"image":{"@id":"https:\/\/elinformativotam.com\/index.php\/2024\/06\/22\/alertan-a-la-poblacion-de-zonas-bajas-estar-al-pendiente-de-las-recomendaciones-de-proteccion-civil\/#primaryimage"},"thumbnailUrl":"https:\/\/elinformativotam.com\/wp-content\/uploads\/2024\/03\/Luisa.jpeg","datePublished":"2024-06-22T17:04:02+00:00","description":"La directora de Protecci\u00f3n Civil municipal, Mar\u00eda Luisa Cuevas Rivera, mencion\u00f3 que tras el paso de Alberto ahora vienen remanentes que dejan en la zona","inLanguage":"es","potentialAction":[{"@type":"ReadAction","target":["https:\/\/elinformativotam.com\/index.php\/2024\/06\/22\/alertan-a-la-poblacion-de-zonas-bajas-estar-al-pendiente-de-las-recomendaciones-de-proteccion-civil\/"]}]},{"@type":"ImageObject","inLanguage":"es","@id":"https:\/\/elinformativotam.com\/index.php\/2024\/06\/22\/alertan-a-la-poblacion-de-zonas-bajas-estar-al-pendiente-de-las-recomendaciones-de-proteccion-civil\/#primaryimage","url":"https:\/\/elinformativotam.com\/wp-content\/uploads\/2024\/03\/Luisa.jpeg","contentUrl":"https:\/\/elinformativotam.com\/wp-content\/uploads\/2024\/03\/Luisa.jpeg","width":1280,"height":960},{"@type":"WebSite","@id":"https:\/\/elinformativotam.com\/#website","url":"https:\/\/elinformativotam.com\/","name":"EL INFORMATIVO DE TAMAULIPAS","description":"Desde la Zona Metropolitana Para Todo M\u00e9xico","publisher":{"@id":"https:\/\/elinformativotam.com\/#organization"},"potentialAction":[{"@type":"SearchAction","target":{"@type":"EntryPoint","urlTemplate":"https:\/\/elinformativotam.com\/?s={search_term_string}"},"query-input":{"@type":"PropertyValueSpecification","valueRequired":true,"valueName":"search_term_string"}}],"inLanguage":"es"},{"@type":"Organization","@id":"https:\/\/elinformativotam.com\/#organization","name":"EL INFORMATIVO DE TAMAULIPAS","url":"https:\/\/elinformativotam.com\/","logo":{"@type":"ImageObject","inLanguage":"es","@id":"https:\/\/elinformativotam.com\/#\/schema\/logo\/image\/","url":"https:\/\/elinformativotam.com\/wp-content\/uploads\/2026\/02\/Cabezal.png","contentUrl":"https:\/\/elinformativotam.com\/wp-content\/uploads\/2026\/02\/Cabezal.png","width":960,"height":640,"caption":"EL INFORMATIVO DE TAMAULIPAS"},"image":{"@id":"https:\/\/elinformativotam.com\/#\/schema\/logo\/image\/"}},{"@type":"Person","@id":"https:\/\/elinformativotam.com\/#\/schema\/person\/78e08040eed0f6110f0c5f83b6153590","name":"El Informativo Tam","image":{"@type":"ImageObject","inLanguage":"es","@id":"https:\/\/secure.gravatar.com\/avatar\/f3b7ad3af540688955925ac610647be00b0cf41feea9c4978b73a707ee86bc53?s=96&d=mm&r=g","url":"https:\/\/secure.gravatar.com\/avatar\/f3b7ad3af540688955925ac610647be00b0cf41feea9c4978b73a707ee86bc53?s=96&d=mm&r=g","contentUrl":"https:\/\/secure.gravatar.com\/avatar\/f3b7ad3af540688955925ac610647be00b0cf41feea9c4978b73a707ee86bc53?s=96&d=mm&r=g","caption":"El Informativo Tam"}}]}},"_links":{"self":[{"href":"https:\/\/elinformativotam.com\/index.php\/wp-json\/wp\/v2\/posts\/51296","targetHints":{"allow":["GET"]}}],"collection":[{"href":"https:\/\/elinformativotam.com\/index.php\/wp-json\/wp\/v2\/posts"}],"about":[{"href":"https:\/\/elinformativotam.com\/index.php\/wp-json\/wp\/v2\/types\/post"}],"author":[{"embeddable":true,"href":"https:\/\/elinformativotam.com\/index.php\/wp-json\/wp\/v2\/users\/1"}],"replies":[{"embeddable":true,"href":"https:\/\/elinformativotam.com\/index.php\/wp-json\/wp\/v2\/comments?post=51296"}],"version-history":[{"count":1,"href":"https:\/\/elinformativotam.com\/index.php\/wp-json\/wp\/v2\/posts\/51296\/revisions"}],"predecessor-version":[{"id":51297,"href":"https:\/\/elinformativotam.com\/index.php\/wp-json\/wp\/v2\/posts\/51296\/revisions\/51297"}],"wp:featuredmedia":[{"embeddable":true,"href":"https:\/\/elinformativotam.com\/index.php\/wp-json\/wp\/v2\/media\/49932"}],"wp:attachment":[{"href":"https:\/\/elinformativotam.com\/index.php\/wp-json\/wp\/v2\/media?parent=51296"}],"wp:term":[{"taxonomy":"category","embeddable":true,"href":"https:\/\/elinformativotam.com\/index.php\/wp-json\/wp\/v2\/categories?post=51296"},{"taxonomy":"post_tag","embeddable":true,"href":"https:\/\/elinformativotam.com\/index.php\/wp-json\/wp\/v2\/tags?post=51296"}],"curies":[{"name":"wp","href":"https:\/\/api.w.org\/{rel}","templated":true}]}}