{"id":51294,"date":"2024-06-22T11:01:19","date_gmt":"2024-06-22T17:01:19","guid":{"rendered":"https:\/\/elinformativotam.com\/?p=51294"},"modified":"2024-06-22T11:01:19","modified_gmt":"2024-06-22T17:01:19","slug":"somos-un-gobierno-cercano-a-su-gente-adrian-oseguera","status":"publish","type":"post","link":"https:\/\/elinformativotam.com\/index.php\/2024\/06\/22\/somos-un-gobierno-cercano-a-su-gente-adrian-oseguera\/","title":{"rendered":"SOMOS UN GOBIERNO CERCANO A SU GENTE: ADRI\u00c1N OSEGUERA"},"content":{"rendered":"<p>Al encabezar un gobierno cercano a las necesidades de los maderenses, el alcalde Adri\u00e1n Oseguera Kernion contin\u00faa escuchando las peticiones de la ciudadan\u00eda, a fin de dar oportuna atenci\u00f3n y respuesta de acuerdo a las posibilidades de la administraci\u00f3n municipal.<\/p>\n<p>&nbsp;<\/p>\n<p>As\u00ed queda de manifiesto dentro de los recorridos que el Mun\u00edcipe lleva a cabo por las diferentes colonias de Ciudad Madero, en donde tiene la oportunidad de dialogar con los ciudadanos, manteniendo as\u00ed, un contacto directo con los maderenses, quienes adem\u00e1s le reconocen el trabajo en materia de infraestructura urbana, lo que se refleja en un mayor bienestar y mejores condiciones de vida para la poblaci\u00f3n.<\/p>\n<p>&nbsp;<\/p>\n<p>En ese contexto, la primera autoridad del municipio dijo que para seguir construyendo una mejor ciudad, a trav\u00e9s de diversas acciones, en\u00a0 cada arranque de obra o inauguraci\u00f3n, se atienden las solicitudes ciudadanas.<\/p>\n<p>&nbsp;<\/p>\n<p>\u201cSeguimos trabajando d\u00eda a d\u00eda para disminuir el rezago en obras de pavimentaci\u00f3n, sobre todo en aquellos sectores en los que desde hace m\u00e1s de 40 a\u00f1os solicitaban calles en \u00f3ptimas condiciones y seguras\u201d, refiri\u00f3 Oseguera Kernion.<\/p>\n<p>&nbsp;<\/p>\n<p>Cabe se\u00f1alar, que en los recorridos de trabajo el edil maderense es acompa\u00f1ado por su equipo de trabajo.<\/p>\n<p>&nbsp;<\/p>\n<p>Finalmente, el Presidente Municipal expres\u00f3 que continuar\u00e1 trabajando para dotar a la poblaci\u00f3n de m\u00e1s infraestructura urbana, principalmente en aquellas colonias, que presentan mayor retraso en materia de pavimentaci\u00f3n.<\/p>\n","protected":false},"excerpt":{"rendered":"<p>Al encabezar un gobierno cercano a las necesidades de los maderenses, el alcalde Adri\u00e1n Oseguera Kernion contin\u00faa escuchando las peticiones&hellip;<\/p>\n","protected":false},"author":1,"featured_media":44784,"comment_status":"open","ping_status":"open","sticky":false,"template":"","format":"standard","meta":{"footnotes":""},"categories":[4],"tags":[],"class_list":["post-51294","post","type-post","status-publish","format-standard","has-post-thumbnail","hentry","category-madero"],"yoast_head":"<!-- This site is optimized with the Yoast SEO plugin v27.4 - https:\/\/yoast.com\/product\/yoast-seo-wordpress\/ -->\n<title>SOMOS UN GOBIERNO CERCANO A SU GENTE: ADRI\u00c1N OSEGUERA - EL INFORMATIVO DE TAMAULIPAS<\/title>\n<meta name=\"description\" content=\"Al encabezar un gobierno cercano a las necesidades de los maderenses, el alcalde Adri\u00e1n Oseguera Kernion contin\u00faa escuchando las peticiones de la\" \/>\n<meta name=\"robots\" content=\"index, follow, max-snippet:-1, max-image-preview:large, max-video-preview:-1\" \/>\n<link rel=\"canonical\" href=\"https:\/\/elinformativotam.com\/index.php\/2024\/06\/22\/somos-un-gobierno-cercano-a-su-gente-adrian-oseguera\/\" \/>\n<meta property=\"og:locale\" content=\"es_MX\" \/>\n<meta property=\"og:type\" content=\"article\" \/>\n<meta property=\"og:title\" content=\"SOMOS UN GOBIERNO CERCANO A SU GENTE: ADRI\u00c1N OSEGUERA - EL INFORMATIVO DE TAMAULIPAS\" \/>\n<meta property=\"og:description\" content=\"Al encabezar un gobierno cercano a las necesidades de los maderenses, el alcalde Adri\u00e1n Oseguera Kernion contin\u00faa escuchando las peticiones de la\" \/>\n<meta property=\"og:url\" content=\"https:\/\/elinformativotam.com\/index.php\/2024\/06\/22\/somos-un-gobierno-cercano-a-su-gente-adrian-oseguera\/\" \/>\n<meta property=\"og:site_name\" content=\"EL INFORMATIVO DE TAMAULIPAS\" \/>\n<meta property=\"article:published_time\" content=\"2024-06-22T17:01:19+00:00\" \/>\n<meta property=\"og:image\" content=\"https:\/\/elinformativotam.com\/wp-content\/uploads\/2023\/08\/AOK-scaled.jpg\" \/>\n\t<meta property=\"og:image:width\" content=\"2560\" \/>\n\t<meta property=\"og:image:height\" content=\"2286\" \/>\n\t<meta property=\"og:image:type\" content=\"image\/jpeg\" \/>\n<meta name=\"author\" content=\"El Informativo Tam\" \/>\n<meta name=\"twitter:card\" content=\"summary_large_image\" \/>\n<meta name=\"twitter:label1\" content=\"Escrito por\" \/>\n\t<meta name=\"twitter:data1\" content=\"El Informativo Tam\" \/>\n\t<meta name=\"twitter:label2\" content=\"Tiempo de lectura\" \/>\n\t<meta name=\"twitter:data2\" content=\"1 minuto\" \/>\n<script type=\"application\/ld+json\" class=\"yoast-schema-graph\">{\"@context\":\"https:\\\/\\\/schema.org\",\"@graph\":[{\"@type\":\"Article\",\"@id\":\"https:\\\/\\\/elinformativotam.com\\\/index.php\\\/2024\\\/06\\\/22\\\/somos-un-gobierno-cercano-a-su-gente-adrian-oseguera\\\/#article\",\"isPartOf\":{\"@id\":\"https:\\\/\\\/elinformativotam.com\\\/index.php\\\/2024\\\/06\\\/22\\\/somos-un-gobierno-cercano-a-su-gente-adrian-oseguera\\\/\"},\"author\":{\"name\":\"El Informativo Tam\",\"@id\":\"https:\\\/\\\/elinformativotam.com\\\/#\\\/schema\\\/person\\\/78e08040eed0f6110f0c5f83b6153590\"},\"headline\":\"SOMOS UN GOBIERNO CERCANO A SU GENTE: ADRI\u00c1N OSEGUERA\",\"datePublished\":\"2024-06-22T17:01:19+00:00\",\"mainEntityOfPage\":{\"@id\":\"https:\\\/\\\/elinformativotam.com\\\/index.php\\\/2024\\\/06\\\/22\\\/somos-un-gobierno-cercano-a-su-gente-adrian-oseguera\\\/\"},\"wordCount\":257,\"commentCount\":0,\"publisher\":{\"@id\":\"https:\\\/\\\/elinformativotam.com\\\/#organization\"},\"image\":{\"@id\":\"https:\\\/\\\/elinformativotam.com\\\/index.php\\\/2024\\\/06\\\/22\\\/somos-un-gobierno-cercano-a-su-gente-adrian-oseguera\\\/#primaryimage\"},\"thumbnailUrl\":\"https:\\\/\\\/elinformativotam.com\\\/wp-content\\\/uploads\\\/2023\\\/08\\\/AOK-scaled.jpg\",\"articleSection\":[\"Cd Madero\"],\"inLanguage\":\"es\",\"potentialAction\":[{\"@type\":\"CommentAction\",\"name\":\"Comment\",\"target\":[\"https:\\\/\\\/elinformativotam.com\\\/index.php\\\/2024\\\/06\\\/22\\\/somos-un-gobierno-cercano-a-su-gente-adrian-oseguera\\\/#respond\"]}]},{\"@type\":\"WebPage\",\"@id\":\"https:\\\/\\\/elinformativotam.com\\\/index.php\\\/2024\\\/06\\\/22\\\/somos-un-gobierno-cercano-a-su-gente-adrian-oseguera\\\/\",\"url\":\"https:\\\/\\\/elinformativotam.com\\\/index.php\\\/2024\\\/06\\\/22\\\/somos-un-gobierno-cercano-a-su-gente-adrian-oseguera\\\/\",\"name\":\"SOMOS UN GOBIERNO CERCANO A SU GENTE: ADRI\u00c1N OSEGUERA - EL INFORMATIVO DE TAMAULIPAS\",\"isPartOf\":{\"@id\":\"https:\\\/\\\/elinformativotam.com\\\/#website\"},\"primaryImageOfPage\":{\"@id\":\"https:\\\/\\\/elinformativotam.com\\\/index.php\\\/2024\\\/06\\\/22\\\/somos-un-gobierno-cercano-a-su-gente-adrian-oseguera\\\/#primaryimage\"},\"image\":{\"@id\":\"https:\\\/\\\/elinformativotam.com\\\/index.php\\\/2024\\\/06\\\/22\\\/somos-un-gobierno-cercano-a-su-gente-adrian-oseguera\\\/#primaryimage\"},\"thumbnailUrl\":\"https:\\\/\\\/elinformativotam.com\\\/wp-content\\\/uploads\\\/2023\\\/08\\\/AOK-scaled.jpg\",\"datePublished\":\"2024-06-22T17:01:19+00:00\",\"description\":\"Al encabezar un gobierno cercano a las necesidades de los maderenses, el alcalde Adri\u00e1n Oseguera Kernion contin\u00faa escuchando las peticiones de la\",\"inLanguage\":\"es\",\"potentialAction\":[{\"@type\":\"ReadAction\",\"target\":[\"https:\\\/\\\/elinformativotam.com\\\/index.php\\\/2024\\\/06\\\/22\\\/somos-un-gobierno-cercano-a-su-gente-adrian-oseguera\\\/\"]}]},{\"@type\":\"ImageObject\",\"inLanguage\":\"es\",\"@id\":\"https:\\\/\\\/elinformativotam.com\\\/index.php\\\/2024\\\/06\\\/22\\\/somos-un-gobierno-cercano-a-su-gente-adrian-oseguera\\\/#primaryimage\",\"url\":\"https:\\\/\\\/elinformativotam.com\\\/wp-content\\\/uploads\\\/2023\\\/08\\\/AOK-scaled.jpg\",\"contentUrl\":\"https:\\\/\\\/elinformativotam.com\\\/wp-content\\\/uploads\\\/2023\\\/08\\\/AOK-scaled.jpg\",\"width\":2560,\"height\":2286},{\"@type\":\"WebSite\",\"@id\":\"https:\\\/\\\/elinformativotam.com\\\/#website\",\"url\":\"https:\\\/\\\/elinformativotam.com\\\/\",\"name\":\"EL INFORMATIVO DE TAMAULIPAS\",\"description\":\"Desde la Zona Metropolitana Para Todo M\u00e9xico\",\"publisher\":{\"@id\":\"https:\\\/\\\/elinformativotam.com\\\/#organization\"},\"potentialAction\":[{\"@type\":\"SearchAction\",\"target\":{\"@type\":\"EntryPoint\",\"urlTemplate\":\"https:\\\/\\\/elinformativotam.com\\\/?s={search_term_string}\"},\"query-input\":{\"@type\":\"PropertyValueSpecification\",\"valueRequired\":true,\"valueName\":\"search_term_string\"}}],\"inLanguage\":\"es\"},{\"@type\":\"Organization\",\"@id\":\"https:\\\/\\\/elinformativotam.com\\\/#organization\",\"name\":\"EL INFORMATIVO DE TAMAULIPAS\",\"url\":\"https:\\\/\\\/elinformativotam.com\\\/\",\"logo\":{\"@type\":\"ImageObject\",\"inLanguage\":\"es\",\"@id\":\"https:\\\/\\\/elinformativotam.com\\\/#\\\/schema\\\/logo\\\/image\\\/\",\"url\":\"https:\\\/\\\/elinformativotam.com\\\/wp-content\\\/uploads\\\/2026\\\/02\\\/Cabezal.png\",\"contentUrl\":\"https:\\\/\\\/elinformativotam.com\\\/wp-content\\\/uploads\\\/2026\\\/02\\\/Cabezal.png\",\"width\":960,\"height\":640,\"caption\":\"EL INFORMATIVO DE TAMAULIPAS\"},\"image\":{\"@id\":\"https:\\\/\\\/elinformativotam.com\\\/#\\\/schema\\\/logo\\\/image\\\/\"}},{\"@type\":\"Person\",\"@id\":\"https:\\\/\\\/elinformativotam.com\\\/#\\\/schema\\\/person\\\/78e08040eed0f6110f0c5f83b6153590\",\"name\":\"El Informativo Tam\",\"image\":{\"@type\":\"ImageObject\",\"inLanguage\":\"es\",\"@id\":\"https:\\\/\\\/secure.gravatar.com\\\/avatar\\\/f3b7ad3af540688955925ac610647be00b0cf41feea9c4978b73a707ee86bc53?s=96&d=mm&r=g\",\"url\":\"https:\\\/\\\/secure.gravatar.com\\\/avatar\\\/f3b7ad3af540688955925ac610647be00b0cf41feea9c4978b73a707ee86bc53?s=96&d=mm&r=g\",\"contentUrl\":\"https:\\\/\\\/secure.gravatar.com\\\/avatar\\\/f3b7ad3af540688955925ac610647be00b0cf41feea9c4978b73a707ee86bc53?s=96&d=mm&r=g\",\"caption\":\"El Informativo Tam\"}}]}<\/script>\n<!-- \/ Yoast SEO plugin. -->","yoast_head_json":{"title":"SOMOS UN GOBIERNO CERCANO A SU GENTE: ADRI\u00c1N OSEGUERA - EL INFORMATIVO DE TAMAULIPAS","description":"Al encabezar un gobierno cercano a las necesidades de los maderenses, el alcalde Adri\u00e1n Oseguera Kernion contin\u00faa escuchando las peticiones de la","robots":{"index":"index","follow":"follow","max-snippet":"max-snippet:-1","max-image-preview":"max-image-preview:large","max-video-preview":"max-video-preview:-1"},"canonical":"https:\/\/elinformativotam.com\/index.php\/2024\/06\/22\/somos-un-gobierno-cercano-a-su-gente-adrian-oseguera\/","og_locale":"es_MX","og_type":"article","og_title":"SOMOS UN GOBIERNO CERCANO A SU GENTE: ADRI\u00c1N OSEGUERA - EL INFORMATIVO DE TAMAULIPAS","og_description":"Al encabezar un gobierno cercano a las necesidades de los maderenses, el alcalde Adri\u00e1n Oseguera Kernion contin\u00faa escuchando las peticiones de la","og_url":"https:\/\/elinformativotam.com\/index.php\/2024\/06\/22\/somos-un-gobierno-cercano-a-su-gente-adrian-oseguera\/","og_site_name":"EL INFORMATIVO DE TAMAULIPAS","article_published_time":"2024-06-22T17:01:19+00:00","og_image":[{"width":2560,"height":2286,"url":"https:\/\/elinformativotam.com\/wp-content\/uploads\/2023\/08\/AOK-scaled.jpg","type":"image\/jpeg"}],"author":"El Informativo Tam","twitter_card":"summary_large_image","twitter_misc":{"Escrito por":"El Informativo Tam","Tiempo de lectura":"1 minuto"},"schema":{"@context":"https:\/\/schema.org","@graph":[{"@type":"Article","@id":"https:\/\/elinformativotam.com\/index.php\/2024\/06\/22\/somos-un-gobierno-cercano-a-su-gente-adrian-oseguera\/#article","isPartOf":{"@id":"https:\/\/elinformativotam.com\/index.php\/2024\/06\/22\/somos-un-gobierno-cercano-a-su-gente-adrian-oseguera\/"},"author":{"name":"El Informativo Tam","@id":"https:\/\/elinformativotam.com\/#\/schema\/person\/78e08040eed0f6110f0c5f83b6153590"},"headline":"SOMOS UN GOBIERNO CERCANO A SU GENTE: ADRI\u00c1N OSEGUERA","datePublished":"2024-06-22T17:01:19+00:00","mainEntityOfPage":{"@id":"https:\/\/elinformativotam.com\/index.php\/2024\/06\/22\/somos-un-gobierno-cercano-a-su-gente-adrian-oseguera\/"},"wordCount":257,"commentCount":0,"publisher":{"@id":"https:\/\/elinformativotam.com\/#organization"},"image":{"@id":"https:\/\/elinformativotam.com\/index.php\/2024\/06\/22\/somos-un-gobierno-cercano-a-su-gente-adrian-oseguera\/#primaryimage"},"thumbnailUrl":"https:\/\/elinformativotam.com\/wp-content\/uploads\/2023\/08\/AOK-scaled.jpg","articleSection":["Cd Madero"],"inLanguage":"es","potentialAction":[{"@type":"CommentAction","name":"Comment","target":["https:\/\/elinformativotam.com\/index.php\/2024\/06\/22\/somos-un-gobierno-cercano-a-su-gente-adrian-oseguera\/#respond"]}]},{"@type":"WebPage","@id":"https:\/\/elinformativotam.com\/index.php\/2024\/06\/22\/somos-un-gobierno-cercano-a-su-gente-adrian-oseguera\/","url":"https:\/\/elinformativotam.com\/index.php\/2024\/06\/22\/somos-un-gobierno-cercano-a-su-gente-adrian-oseguera\/","name":"SOMOS UN GOBIERNO CERCANO A SU GENTE: ADRI\u00c1N OSEGUERA - EL INFORMATIVO DE TAMAULIPAS","isPartOf":{"@id":"https:\/\/elinformativotam.com\/#website"},"primaryImageOfPage":{"@id":"https:\/\/elinformativotam.com\/index.php\/2024\/06\/22\/somos-un-gobierno-cercano-a-su-gente-adrian-oseguera\/#primaryimage"},"image":{"@id":"https:\/\/elinformativotam.com\/index.php\/2024\/06\/22\/somos-un-gobierno-cercano-a-su-gente-adrian-oseguera\/#primaryimage"},"thumbnailUrl":"https:\/\/elinformativotam.com\/wp-content\/uploads\/2023\/08\/AOK-scaled.jpg","datePublished":"2024-06-22T17:01:19+00:00","description":"Al encabezar un gobierno cercano a las necesidades de los maderenses, el alcalde Adri\u00e1n Oseguera Kernion contin\u00faa escuchando las peticiones de la","inLanguage":"es","potentialAction":[{"@type":"ReadAction","target":["https:\/\/elinformativotam.com\/index.php\/2024\/06\/22\/somos-un-gobierno-cercano-a-su-gente-adrian-oseguera\/"]}]},{"@type":"ImageObject","inLanguage":"es","@id":"https:\/\/elinformativotam.com\/index.php\/2024\/06\/22\/somos-un-gobierno-cercano-a-su-gente-adrian-oseguera\/#primaryimage","url":"https:\/\/elinformativotam.com\/wp-content\/uploads\/2023\/08\/AOK-scaled.jpg","contentUrl":"https:\/\/elinformativotam.com\/wp-content\/uploads\/2023\/08\/AOK-scaled.jpg","width":2560,"height":2286},{"@type":"WebSite","@id":"https:\/\/elinformativotam.com\/#website","url":"https:\/\/elinformativotam.com\/","name":"EL INFORMATIVO DE TAMAULIPAS","description":"Desde la Zona Metropolitana Para Todo M\u00e9xico","publisher":{"@id":"https:\/\/elinformativotam.com\/#organization"},"potentialAction":[{"@type":"SearchAction","target":{"@type":"EntryPoint","urlTemplate":"https:\/\/elinformativotam.com\/?s={search_term_string}"},"query-input":{"@type":"PropertyValueSpecification","valueRequired":true,"valueName":"search_term_string"}}],"inLanguage":"es"},{"@type":"Organization","@id":"https:\/\/elinformativotam.com\/#organization","name":"EL INFORMATIVO DE TAMAULIPAS","url":"https:\/\/elinformativotam.com\/","logo":{"@type":"ImageObject","inLanguage":"es","@id":"https:\/\/elinformativotam.com\/#\/schema\/logo\/image\/","url":"https:\/\/elinformativotam.com\/wp-content\/uploads\/2026\/02\/Cabezal.png","contentUrl":"https:\/\/elinformativotam.com\/wp-content\/uploads\/2026\/02\/Cabezal.png","width":960,"height":640,"caption":"EL INFORMATIVO DE TAMAULIPAS"},"image":{"@id":"https:\/\/elinformativotam.com\/#\/schema\/logo\/image\/"}},{"@type":"Person","@id":"https:\/\/elinformativotam.com\/#\/schema\/person\/78e08040eed0f6110f0c5f83b6153590","name":"El Informativo Tam","image":{"@type":"ImageObject","inLanguage":"es","@id":"https:\/\/secure.gravatar.com\/avatar\/f3b7ad3af540688955925ac610647be00b0cf41feea9c4978b73a707ee86bc53?s=96&d=mm&r=g","url":"https:\/\/secure.gravatar.com\/avatar\/f3b7ad3af540688955925ac610647be00b0cf41feea9c4978b73a707ee86bc53?s=96&d=mm&r=g","contentUrl":"https:\/\/secure.gravatar.com\/avatar\/f3b7ad3af540688955925ac610647be00b0cf41feea9c4978b73a707ee86bc53?s=96&d=mm&r=g","caption":"El Informativo Tam"}}]}},"_links":{"self":[{"href":"https:\/\/elinformativotam.com\/index.php\/wp-json\/wp\/v2\/posts\/51294","targetHints":{"allow":["GET"]}}],"collection":[{"href":"https:\/\/elinformativotam.com\/index.php\/wp-json\/wp\/v2\/posts"}],"about":[{"href":"https:\/\/elinformativotam.com\/index.php\/wp-json\/wp\/v2\/types\/post"}],"author":[{"embeddable":true,"href":"https:\/\/elinformativotam.com\/index.php\/wp-json\/wp\/v2\/users\/1"}],"replies":[{"embeddable":true,"href":"https:\/\/elinformativotam.com\/index.php\/wp-json\/wp\/v2\/comments?post=51294"}],"version-history":[{"count":1,"href":"https:\/\/elinformativotam.com\/index.php\/wp-json\/wp\/v2\/posts\/51294\/revisions"}],"predecessor-version":[{"id":51295,"href":"https:\/\/elinformativotam.com\/index.php\/wp-json\/wp\/v2\/posts\/51294\/revisions\/51295"}],"wp:featuredmedia":[{"embeddable":true,"href":"https:\/\/elinformativotam.com\/index.php\/wp-json\/wp\/v2\/media\/44784"}],"wp:attachment":[{"href":"https:\/\/elinformativotam.com\/index.php\/wp-json\/wp\/v2\/media?parent=51294"}],"wp:term":[{"taxonomy":"category","embeddable":true,"href":"https:\/\/elinformativotam.com\/index.php\/wp-json\/wp\/v2\/categories?post=51294"},{"taxonomy":"post_tag","embeddable":true,"href":"https:\/\/elinformativotam.com\/index.php\/wp-json\/wp\/v2\/tags?post=51294"}],"curies":[{"name":"wp","href":"https:\/\/api.w.org\/{rel}","templated":true}]}}