{"id":51283,"date":"2024-06-20T21:49:46","date_gmt":"2024-06-21T03:49:46","guid":{"rendered":"https:\/\/elinformativotam.com\/?p=51283"},"modified":"2024-06-20T21:49:46","modified_gmt":"2024-06-21T03:49:46","slug":"asiste-adrian-oseguera-a-inauguracion-del-congreso-mexicano-del-petroleo-2024","status":"publish","type":"post","link":"https:\/\/elinformativotam.com\/index.php\/2024\/06\/20\/asiste-adrian-oseguera-a-inauguracion-del-congreso-mexicano-del-petroleo-2024\/","title":{"rendered":"ASISTE ADRI\u00c1N OSEGUERA A INAUGURACI\u00d3N DEL CONGRESO MEXICANO DEL PETR\u00d3LEO 2024"},"content":{"rendered":"<p>Al ser un municipio con m\u00e1s de cien a\u00f1os en la industria petrolera, alcalde Adri\u00e1n Oseguera Kernion, fue participe la ma\u00f1ana de este jueves, a la inauguraci\u00f3n del evento internacional m\u00e1s importante dentro de la Industria Petrolera \u201cCongreso Mexicano del Petr\u00f3leo (CMP) 2024\u201d, encabezado por el Gobernador de Tamaulipas Am\u00e9rico Villarreal Anaya; el director de PEMEX, Octavio Romero Oropeza; el presidente del CMP, \u00c1ngel Cid Mungu\u00eda.<\/p>\n<p>&nbsp;<\/p>\n<p>Tambi\u00e9n estuvieron presentes, el presidente de la Comisi\u00f3n Nacional de Hidrocarburos, Agust\u00edn D\u00edaz Lastra; el presidente ejecutivo del Congreso Mexicano del Petr\u00f3leo Tampico 2024, Humberto Salazar Soto, as\u00ed como de los alcaldes de Tampico y Altamira, Jes\u00fas Nader Nasrallah y Armando Mart\u00ednez Manr\u00edquez.<\/p>\n<p>&nbsp;<\/p>\n<p>Dicho Congreso tiene el principal objetivo de promover el conocimiento y la actualizaci\u00f3n t\u00e9cnica y tecnol\u00f3gica que le permitan a M\u00e9xico aprovechar de manera \u00f3ptima, la exploraci\u00f3n y explotaci\u00f3n de los hidrocarburos de la naci\u00f3n.<\/p>\n<p>&nbsp;<\/p>\n<p>Asimismo, se destaca que este CMP dejar\u00e1 una amplia derrama econ\u00f3mica en el Sur de Tamaulipas, beneficiando los sectores gastron\u00f3micos, hoteleros, comerciales, entre otros.<\/p>\n<p>&nbsp;<\/p>\n<p>Finalmente, cabe mencionar, que la m\u00e1xima autoridad maderense Adri\u00e1n Oseguera Kernion, particip\u00f3 en el corte del listo, para posteriormente realizar un recorrido por los diversos stands de exhibici\u00f3n, junto a los directivos, as\u00ed como a las autoridades federales, estatales y municipales.<\/p>\n<p>&nbsp;<\/p>\n","protected":false},"excerpt":{"rendered":"<p>Al ser un municipio con m\u00e1s de cien a\u00f1os en la industria petrolera, alcalde Adri\u00e1n Oseguera Kernion, fue participe la&hellip;<\/p>\n","protected":false},"author":1,"featured_media":51284,"comment_status":"open","ping_status":"open","sticky":false,"template":"","format":"standard","meta":{"footnotes":""},"categories":[4],"tags":[],"class_list":["post-51283","post","type-post","status-publish","format-standard","has-post-thumbnail","hentry","category-madero"],"yoast_head":"<!-- This site is optimized with the Yoast SEO plugin v27.4 - https:\/\/yoast.com\/product\/yoast-seo-wordpress\/ -->\n<title>ASISTE ADRI\u00c1N OSEGUERA A INAUGURACI\u00d3N DEL CONGRESO MEXICANO DEL PETR\u00d3LEO 2024 - EL INFORMATIVO DE TAMAULIPAS<\/title>\n<meta name=\"description\" content=\"Al ser un municipio con m\u00e1s de cien a\u00f1os en la industria petrolera, alcalde Adri\u00e1n Oseguera Kernion, fue participe la ma\u00f1ana de este jueves, a la\" \/>\n<meta name=\"robots\" content=\"index, follow, max-snippet:-1, max-image-preview:large, max-video-preview:-1\" \/>\n<link rel=\"canonical\" href=\"https:\/\/elinformativotam.com\/index.php\/2024\/06\/20\/asiste-adrian-oseguera-a-inauguracion-del-congreso-mexicano-del-petroleo-2024\/\" \/>\n<meta property=\"og:locale\" content=\"es_MX\" \/>\n<meta property=\"og:type\" content=\"article\" \/>\n<meta property=\"og:title\" content=\"ASISTE ADRI\u00c1N OSEGUERA A INAUGURACI\u00d3N DEL CONGRESO MEXICANO DEL PETR\u00d3LEO 2024 - EL INFORMATIVO DE TAMAULIPAS\" \/>\n<meta property=\"og:description\" content=\"Al ser un municipio con m\u00e1s de cien a\u00f1os en la industria petrolera, alcalde Adri\u00e1n Oseguera Kernion, fue participe la ma\u00f1ana de este jueves, a la\" \/>\n<meta property=\"og:url\" content=\"https:\/\/elinformativotam.com\/index.php\/2024\/06\/20\/asiste-adrian-oseguera-a-inauguracion-del-congreso-mexicano-del-petroleo-2024\/\" \/>\n<meta property=\"og:site_name\" content=\"EL INFORMATIVO DE TAMAULIPAS\" \/>\n<meta property=\"article:published_time\" content=\"2024-06-21T03:49:46+00:00\" \/>\n<meta property=\"og:image\" content=\"https:\/\/elinformativotam.com\/wp-content\/uploads\/2024\/06\/Convencion-scaled.jpg\" \/>\n\t<meta property=\"og:image:width\" content=\"2560\" \/>\n\t<meta property=\"og:image:height\" content=\"1733\" \/>\n\t<meta property=\"og:image:type\" content=\"image\/jpeg\" \/>\n<meta name=\"author\" content=\"El Informativo Tam\" \/>\n<meta name=\"twitter:card\" content=\"summary_large_image\" \/>\n<meta name=\"twitter:label1\" content=\"Escrito por\" \/>\n\t<meta name=\"twitter:data1\" content=\"El Informativo Tam\" \/>\n\t<meta name=\"twitter:label2\" content=\"Tiempo de lectura\" \/>\n\t<meta name=\"twitter:data2\" content=\"2 minutos\" \/>\n<script type=\"application\/ld+json\" class=\"yoast-schema-graph\">{\"@context\":\"https:\\\/\\\/schema.org\",\"@graph\":[{\"@type\":\"Article\",\"@id\":\"https:\\\/\\\/elinformativotam.com\\\/index.php\\\/2024\\\/06\\\/20\\\/asiste-adrian-oseguera-a-inauguracion-del-congreso-mexicano-del-petroleo-2024\\\/#article\",\"isPartOf\":{\"@id\":\"https:\\\/\\\/elinformativotam.com\\\/index.php\\\/2024\\\/06\\\/20\\\/asiste-adrian-oseguera-a-inauguracion-del-congreso-mexicano-del-petroleo-2024\\\/\"},\"author\":{\"name\":\"El Informativo Tam\",\"@id\":\"https:\\\/\\\/elinformativotam.com\\\/#\\\/schema\\\/person\\\/78e08040eed0f6110f0c5f83b6153590\"},\"headline\":\"ASISTE ADRI\u00c1N OSEGUERA A INAUGURACI\u00d3N DEL CONGRESO MEXICANO DEL PETR\u00d3LEO 2024\",\"datePublished\":\"2024-06-21T03:49:46+00:00\",\"mainEntityOfPage\":{\"@id\":\"https:\\\/\\\/elinformativotam.com\\\/index.php\\\/2024\\\/06\\\/20\\\/asiste-adrian-oseguera-a-inauguracion-del-congreso-mexicano-del-petroleo-2024\\\/\"},\"wordCount\":254,\"commentCount\":0,\"publisher\":{\"@id\":\"https:\\\/\\\/elinformativotam.com\\\/#organization\"},\"image\":{\"@id\":\"https:\\\/\\\/elinformativotam.com\\\/index.php\\\/2024\\\/06\\\/20\\\/asiste-adrian-oseguera-a-inauguracion-del-congreso-mexicano-del-petroleo-2024\\\/#primaryimage\"},\"thumbnailUrl\":\"https:\\\/\\\/elinformativotam.com\\\/wp-content\\\/uploads\\\/2024\\\/06\\\/Convencion-scaled.jpg\",\"articleSection\":[\"Cd Madero\"],\"inLanguage\":\"es\",\"potentialAction\":[{\"@type\":\"CommentAction\",\"name\":\"Comment\",\"target\":[\"https:\\\/\\\/elinformativotam.com\\\/index.php\\\/2024\\\/06\\\/20\\\/asiste-adrian-oseguera-a-inauguracion-del-congreso-mexicano-del-petroleo-2024\\\/#respond\"]}]},{\"@type\":\"WebPage\",\"@id\":\"https:\\\/\\\/elinformativotam.com\\\/index.php\\\/2024\\\/06\\\/20\\\/asiste-adrian-oseguera-a-inauguracion-del-congreso-mexicano-del-petroleo-2024\\\/\",\"url\":\"https:\\\/\\\/elinformativotam.com\\\/index.php\\\/2024\\\/06\\\/20\\\/asiste-adrian-oseguera-a-inauguracion-del-congreso-mexicano-del-petroleo-2024\\\/\",\"name\":\"ASISTE ADRI\u00c1N OSEGUERA A INAUGURACI\u00d3N DEL CONGRESO MEXICANO DEL PETR\u00d3LEO 2024 - EL INFORMATIVO DE TAMAULIPAS\",\"isPartOf\":{\"@id\":\"https:\\\/\\\/elinformativotam.com\\\/#website\"},\"primaryImageOfPage\":{\"@id\":\"https:\\\/\\\/elinformativotam.com\\\/index.php\\\/2024\\\/06\\\/20\\\/asiste-adrian-oseguera-a-inauguracion-del-congreso-mexicano-del-petroleo-2024\\\/#primaryimage\"},\"image\":{\"@id\":\"https:\\\/\\\/elinformativotam.com\\\/index.php\\\/2024\\\/06\\\/20\\\/asiste-adrian-oseguera-a-inauguracion-del-congreso-mexicano-del-petroleo-2024\\\/#primaryimage\"},\"thumbnailUrl\":\"https:\\\/\\\/elinformativotam.com\\\/wp-content\\\/uploads\\\/2024\\\/06\\\/Convencion-scaled.jpg\",\"datePublished\":\"2024-06-21T03:49:46+00:00\",\"description\":\"Al ser un municipio con m\u00e1s de cien a\u00f1os en la industria petrolera, alcalde Adri\u00e1n Oseguera Kernion, fue participe la ma\u00f1ana de este jueves, a la\",\"inLanguage\":\"es\",\"potentialAction\":[{\"@type\":\"ReadAction\",\"target\":[\"https:\\\/\\\/elinformativotam.com\\\/index.php\\\/2024\\\/06\\\/20\\\/asiste-adrian-oseguera-a-inauguracion-del-congreso-mexicano-del-petroleo-2024\\\/\"]}]},{\"@type\":\"ImageObject\",\"inLanguage\":\"es\",\"@id\":\"https:\\\/\\\/elinformativotam.com\\\/index.php\\\/2024\\\/06\\\/20\\\/asiste-adrian-oseguera-a-inauguracion-del-congreso-mexicano-del-petroleo-2024\\\/#primaryimage\",\"url\":\"https:\\\/\\\/elinformativotam.com\\\/wp-content\\\/uploads\\\/2024\\\/06\\\/Convencion-scaled.jpg\",\"contentUrl\":\"https:\\\/\\\/elinformativotam.com\\\/wp-content\\\/uploads\\\/2024\\\/06\\\/Convencion-scaled.jpg\",\"width\":2560,\"height\":1733},{\"@type\":\"WebSite\",\"@id\":\"https:\\\/\\\/elinformativotam.com\\\/#website\",\"url\":\"https:\\\/\\\/elinformativotam.com\\\/\",\"name\":\"EL INFORMATIVO DE TAMAULIPAS\",\"description\":\"Desde la Zona Metropolitana Para Todo M\u00e9xico\",\"publisher\":{\"@id\":\"https:\\\/\\\/elinformativotam.com\\\/#organization\"},\"potentialAction\":[{\"@type\":\"SearchAction\",\"target\":{\"@type\":\"EntryPoint\",\"urlTemplate\":\"https:\\\/\\\/elinformativotam.com\\\/?s={search_term_string}\"},\"query-input\":{\"@type\":\"PropertyValueSpecification\",\"valueRequired\":true,\"valueName\":\"search_term_string\"}}],\"inLanguage\":\"es\"},{\"@type\":\"Organization\",\"@id\":\"https:\\\/\\\/elinformativotam.com\\\/#organization\",\"name\":\"EL INFORMATIVO DE TAMAULIPAS\",\"url\":\"https:\\\/\\\/elinformativotam.com\\\/\",\"logo\":{\"@type\":\"ImageObject\",\"inLanguage\":\"es\",\"@id\":\"https:\\\/\\\/elinformativotam.com\\\/#\\\/schema\\\/logo\\\/image\\\/\",\"url\":\"https:\\\/\\\/elinformativotam.com\\\/wp-content\\\/uploads\\\/2026\\\/02\\\/Cabezal.png\",\"contentUrl\":\"https:\\\/\\\/elinformativotam.com\\\/wp-content\\\/uploads\\\/2026\\\/02\\\/Cabezal.png\",\"width\":960,\"height\":640,\"caption\":\"EL INFORMATIVO DE TAMAULIPAS\"},\"image\":{\"@id\":\"https:\\\/\\\/elinformativotam.com\\\/#\\\/schema\\\/logo\\\/image\\\/\"}},{\"@type\":\"Person\",\"@id\":\"https:\\\/\\\/elinformativotam.com\\\/#\\\/schema\\\/person\\\/78e08040eed0f6110f0c5f83b6153590\",\"name\":\"El Informativo Tam\",\"image\":{\"@type\":\"ImageObject\",\"inLanguage\":\"es\",\"@id\":\"https:\\\/\\\/secure.gravatar.com\\\/avatar\\\/f3b7ad3af540688955925ac610647be00b0cf41feea9c4978b73a707ee86bc53?s=96&d=mm&r=g\",\"url\":\"https:\\\/\\\/secure.gravatar.com\\\/avatar\\\/f3b7ad3af540688955925ac610647be00b0cf41feea9c4978b73a707ee86bc53?s=96&d=mm&r=g\",\"contentUrl\":\"https:\\\/\\\/secure.gravatar.com\\\/avatar\\\/f3b7ad3af540688955925ac610647be00b0cf41feea9c4978b73a707ee86bc53?s=96&d=mm&r=g\",\"caption\":\"El Informativo Tam\"}}]}<\/script>\n<!-- \/ Yoast SEO plugin. -->","yoast_head_json":{"title":"ASISTE ADRI\u00c1N OSEGUERA A INAUGURACI\u00d3N DEL CONGRESO MEXICANO DEL PETR\u00d3LEO 2024 - EL INFORMATIVO DE TAMAULIPAS","description":"Al ser un municipio con m\u00e1s de cien a\u00f1os en la industria petrolera, alcalde Adri\u00e1n Oseguera Kernion, fue participe la ma\u00f1ana de este jueves, a la","robots":{"index":"index","follow":"follow","max-snippet":"max-snippet:-1","max-image-preview":"max-image-preview:large","max-video-preview":"max-video-preview:-1"},"canonical":"https:\/\/elinformativotam.com\/index.php\/2024\/06\/20\/asiste-adrian-oseguera-a-inauguracion-del-congreso-mexicano-del-petroleo-2024\/","og_locale":"es_MX","og_type":"article","og_title":"ASISTE ADRI\u00c1N OSEGUERA A INAUGURACI\u00d3N DEL CONGRESO MEXICANO DEL PETR\u00d3LEO 2024 - EL INFORMATIVO DE TAMAULIPAS","og_description":"Al ser un municipio con m\u00e1s de cien a\u00f1os en la industria petrolera, alcalde Adri\u00e1n Oseguera Kernion, fue participe la ma\u00f1ana de este jueves, a la","og_url":"https:\/\/elinformativotam.com\/index.php\/2024\/06\/20\/asiste-adrian-oseguera-a-inauguracion-del-congreso-mexicano-del-petroleo-2024\/","og_site_name":"EL INFORMATIVO DE TAMAULIPAS","article_published_time":"2024-06-21T03:49:46+00:00","og_image":[{"width":2560,"height":1733,"url":"https:\/\/elinformativotam.com\/wp-content\/uploads\/2024\/06\/Convencion-scaled.jpg","type":"image\/jpeg"}],"author":"El Informativo Tam","twitter_card":"summary_large_image","twitter_misc":{"Escrito por":"El Informativo Tam","Tiempo de lectura":"2 minutos"},"schema":{"@context":"https:\/\/schema.org","@graph":[{"@type":"Article","@id":"https:\/\/elinformativotam.com\/index.php\/2024\/06\/20\/asiste-adrian-oseguera-a-inauguracion-del-congreso-mexicano-del-petroleo-2024\/#article","isPartOf":{"@id":"https:\/\/elinformativotam.com\/index.php\/2024\/06\/20\/asiste-adrian-oseguera-a-inauguracion-del-congreso-mexicano-del-petroleo-2024\/"},"author":{"name":"El Informativo Tam","@id":"https:\/\/elinformativotam.com\/#\/schema\/person\/78e08040eed0f6110f0c5f83b6153590"},"headline":"ASISTE ADRI\u00c1N OSEGUERA A INAUGURACI\u00d3N DEL CONGRESO MEXICANO DEL PETR\u00d3LEO 2024","datePublished":"2024-06-21T03:49:46+00:00","mainEntityOfPage":{"@id":"https:\/\/elinformativotam.com\/index.php\/2024\/06\/20\/asiste-adrian-oseguera-a-inauguracion-del-congreso-mexicano-del-petroleo-2024\/"},"wordCount":254,"commentCount":0,"publisher":{"@id":"https:\/\/elinformativotam.com\/#organization"},"image":{"@id":"https:\/\/elinformativotam.com\/index.php\/2024\/06\/20\/asiste-adrian-oseguera-a-inauguracion-del-congreso-mexicano-del-petroleo-2024\/#primaryimage"},"thumbnailUrl":"https:\/\/elinformativotam.com\/wp-content\/uploads\/2024\/06\/Convencion-scaled.jpg","articleSection":["Cd Madero"],"inLanguage":"es","potentialAction":[{"@type":"CommentAction","name":"Comment","target":["https:\/\/elinformativotam.com\/index.php\/2024\/06\/20\/asiste-adrian-oseguera-a-inauguracion-del-congreso-mexicano-del-petroleo-2024\/#respond"]}]},{"@type":"WebPage","@id":"https:\/\/elinformativotam.com\/index.php\/2024\/06\/20\/asiste-adrian-oseguera-a-inauguracion-del-congreso-mexicano-del-petroleo-2024\/","url":"https:\/\/elinformativotam.com\/index.php\/2024\/06\/20\/asiste-adrian-oseguera-a-inauguracion-del-congreso-mexicano-del-petroleo-2024\/","name":"ASISTE ADRI\u00c1N OSEGUERA A INAUGURACI\u00d3N DEL CONGRESO MEXICANO DEL PETR\u00d3LEO 2024 - EL INFORMATIVO DE TAMAULIPAS","isPartOf":{"@id":"https:\/\/elinformativotam.com\/#website"},"primaryImageOfPage":{"@id":"https:\/\/elinformativotam.com\/index.php\/2024\/06\/20\/asiste-adrian-oseguera-a-inauguracion-del-congreso-mexicano-del-petroleo-2024\/#primaryimage"},"image":{"@id":"https:\/\/elinformativotam.com\/index.php\/2024\/06\/20\/asiste-adrian-oseguera-a-inauguracion-del-congreso-mexicano-del-petroleo-2024\/#primaryimage"},"thumbnailUrl":"https:\/\/elinformativotam.com\/wp-content\/uploads\/2024\/06\/Convencion-scaled.jpg","datePublished":"2024-06-21T03:49:46+00:00","description":"Al ser un municipio con m\u00e1s de cien a\u00f1os en la industria petrolera, alcalde Adri\u00e1n Oseguera Kernion, fue participe la ma\u00f1ana de este jueves, a la","inLanguage":"es","potentialAction":[{"@type":"ReadAction","target":["https:\/\/elinformativotam.com\/index.php\/2024\/06\/20\/asiste-adrian-oseguera-a-inauguracion-del-congreso-mexicano-del-petroleo-2024\/"]}]},{"@type":"ImageObject","inLanguage":"es","@id":"https:\/\/elinformativotam.com\/index.php\/2024\/06\/20\/asiste-adrian-oseguera-a-inauguracion-del-congreso-mexicano-del-petroleo-2024\/#primaryimage","url":"https:\/\/elinformativotam.com\/wp-content\/uploads\/2024\/06\/Convencion-scaled.jpg","contentUrl":"https:\/\/elinformativotam.com\/wp-content\/uploads\/2024\/06\/Convencion-scaled.jpg","width":2560,"height":1733},{"@type":"WebSite","@id":"https:\/\/elinformativotam.com\/#website","url":"https:\/\/elinformativotam.com\/","name":"EL INFORMATIVO DE TAMAULIPAS","description":"Desde la Zona Metropolitana Para Todo M\u00e9xico","publisher":{"@id":"https:\/\/elinformativotam.com\/#organization"},"potentialAction":[{"@type":"SearchAction","target":{"@type":"EntryPoint","urlTemplate":"https:\/\/elinformativotam.com\/?s={search_term_string}"},"query-input":{"@type":"PropertyValueSpecification","valueRequired":true,"valueName":"search_term_string"}}],"inLanguage":"es"},{"@type":"Organization","@id":"https:\/\/elinformativotam.com\/#organization","name":"EL INFORMATIVO DE TAMAULIPAS","url":"https:\/\/elinformativotam.com\/","logo":{"@type":"ImageObject","inLanguage":"es","@id":"https:\/\/elinformativotam.com\/#\/schema\/logo\/image\/","url":"https:\/\/elinformativotam.com\/wp-content\/uploads\/2026\/02\/Cabezal.png","contentUrl":"https:\/\/elinformativotam.com\/wp-content\/uploads\/2026\/02\/Cabezal.png","width":960,"height":640,"caption":"EL INFORMATIVO DE TAMAULIPAS"},"image":{"@id":"https:\/\/elinformativotam.com\/#\/schema\/logo\/image\/"}},{"@type":"Person","@id":"https:\/\/elinformativotam.com\/#\/schema\/person\/78e08040eed0f6110f0c5f83b6153590","name":"El Informativo Tam","image":{"@type":"ImageObject","inLanguage":"es","@id":"https:\/\/secure.gravatar.com\/avatar\/f3b7ad3af540688955925ac610647be00b0cf41feea9c4978b73a707ee86bc53?s=96&d=mm&r=g","url":"https:\/\/secure.gravatar.com\/avatar\/f3b7ad3af540688955925ac610647be00b0cf41feea9c4978b73a707ee86bc53?s=96&d=mm&r=g","contentUrl":"https:\/\/secure.gravatar.com\/avatar\/f3b7ad3af540688955925ac610647be00b0cf41feea9c4978b73a707ee86bc53?s=96&d=mm&r=g","caption":"El Informativo Tam"}}]}},"_links":{"self":[{"href":"https:\/\/elinformativotam.com\/index.php\/wp-json\/wp\/v2\/posts\/51283","targetHints":{"allow":["GET"]}}],"collection":[{"href":"https:\/\/elinformativotam.com\/index.php\/wp-json\/wp\/v2\/posts"}],"about":[{"href":"https:\/\/elinformativotam.com\/index.php\/wp-json\/wp\/v2\/types\/post"}],"author":[{"embeddable":true,"href":"https:\/\/elinformativotam.com\/index.php\/wp-json\/wp\/v2\/users\/1"}],"replies":[{"embeddable":true,"href":"https:\/\/elinformativotam.com\/index.php\/wp-json\/wp\/v2\/comments?post=51283"}],"version-history":[{"count":1,"href":"https:\/\/elinformativotam.com\/index.php\/wp-json\/wp\/v2\/posts\/51283\/revisions"}],"predecessor-version":[{"id":51285,"href":"https:\/\/elinformativotam.com\/index.php\/wp-json\/wp\/v2\/posts\/51283\/revisions\/51285"}],"wp:featuredmedia":[{"embeddable":true,"href":"https:\/\/elinformativotam.com\/index.php\/wp-json\/wp\/v2\/media\/51284"}],"wp:attachment":[{"href":"https:\/\/elinformativotam.com\/index.php\/wp-json\/wp\/v2\/media?parent=51283"}],"wp:term":[{"taxonomy":"category","embeddable":true,"href":"https:\/\/elinformativotam.com\/index.php\/wp-json\/wp\/v2\/categories?post=51283"},{"taxonomy":"post_tag","embeddable":true,"href":"https:\/\/elinformativotam.com\/index.php\/wp-json\/wp\/v2\/tags?post=51283"}],"curies":[{"name":"wp","href":"https:\/\/api.w.org\/{rel}","templated":true}]}}