{"id":51280,"date":"2024-06-20T21:46:13","date_gmt":"2024-06-21T03:46:13","guid":{"rendered":"https:\/\/elinformativotam.com\/?p=51280"},"modified":"2024-06-20T21:46:13","modified_gmt":"2024-06-21T03:46:13","slug":"sistema-lagunario-sin-captacion-de-agua","status":"publish","type":"post","link":"https:\/\/elinformativotam.com\/index.php\/2024\/06\/20\/sistema-lagunario-sin-captacion-de-agua\/","title":{"rendered":"SISTEMA LAGUNARIO, SIN CAPTACI\u00d3N DE AGUA"},"content":{"rendered":"<p>Tras la entrada del fen\u00f3meno natural \u2018Alberto\u2019, se esperaba que el sistema lagunario fuera beneficiado con las lluvias que este traer\u00eda a su paso, el cual era de aproximadamente 150 a 200 ML de agua, situaci\u00f3n que no fue as\u00ed.<\/p>\n<p>&nbsp;<\/p>\n<p>Pese aquel fen\u00f3meno natural entr\u00f3 por Ciudad Madero y el pron\u00f3stico era alentador tras vivir una sequ\u00eda extrema debido a la falta de lluvias el pron\u00f3stico hasta el momento no se ha cumplido.<\/p>\n<p>&nbsp;<\/p>\n<p>En el caso del sistema lagunario de Altamira, en el caso de la laguna de Champayan, sigue en su mismo nivel, la afluencia que se percibe es la que ha sido trasvasada de los r\u00edos de San Luis Potos\u00ed y el Mante.<\/p>\n<p>&nbsp;<\/p>\n<p>Pobladores esperan que la lluvia se haga presente ya que de acuerdo a la Conagua el pron\u00f3stico es que en los pr\u00f3ximos dos d\u00edas las lluvias sigan presentes debido a Alberto.<\/p>\n<p>&nbsp;<\/p>\n<p>Mientras tanto se pide a la ciudadan\u00eda se mantenga informada de los pron\u00f3sticos por los da\u00f1os que puedan generarse.<\/p>\n<p>&nbsp;<\/p>\n<p>La Conagua, reporta que Alberto ya es depresi\u00f3n tropical y se encuentra sobre la zona huasteca de San Luis Potos\u00ed.<\/p>\n<p>&nbsp;<\/p>\n","protected":false},"excerpt":{"rendered":"<p>Tras la entrada del fen\u00f3meno natural \u2018Alberto\u2019, se esperaba que el sistema lagunario fuera beneficiado con las lluvias que este&hellip;<\/p>\n","protected":false},"author":1,"featured_media":51281,"comment_status":"open","ping_status":"open","sticky":false,"template":"","format":"standard","meta":{"footnotes":""},"categories":[5],"tags":[],"class_list":["post-51280","post","type-post","status-publish","format-standard","has-post-thumbnail","hentry","category-altamira"],"yoast_head":"<!-- This site is optimized with the Yoast SEO plugin v27.4 - https:\/\/yoast.com\/product\/yoast-seo-wordpress\/ -->\n<title>SISTEMA LAGUNARIO, SIN CAPTACI\u00d3N DE AGUA - EL INFORMATIVO DE TAMAULIPAS<\/title>\n<meta name=\"description\" content=\"Tras la entrada del fen\u00f3meno natural \u2018Alberto\u2019, se esperaba que el sistema lagunario fuera beneficiado con las lluvias que este traer\u00eda a su paso, el cual\" \/>\n<meta name=\"robots\" content=\"index, follow, max-snippet:-1, max-image-preview:large, max-video-preview:-1\" \/>\n<link rel=\"canonical\" href=\"https:\/\/elinformativotam.com\/index.php\/2024\/06\/20\/sistema-lagunario-sin-captacion-de-agua\/\" \/>\n<meta property=\"og:locale\" content=\"es_MX\" \/>\n<meta property=\"og:type\" content=\"article\" \/>\n<meta property=\"og:title\" content=\"SISTEMA LAGUNARIO, SIN CAPTACI\u00d3N DE AGUA - EL INFORMATIVO DE TAMAULIPAS\" \/>\n<meta property=\"og:description\" content=\"Tras la entrada del fen\u00f3meno natural \u2018Alberto\u2019, se esperaba que el sistema lagunario fuera beneficiado con las lluvias que este traer\u00eda a su paso, el cual\" \/>\n<meta property=\"og:url\" content=\"https:\/\/elinformativotam.com\/index.php\/2024\/06\/20\/sistema-lagunario-sin-captacion-de-agua\/\" \/>\n<meta property=\"og:site_name\" content=\"EL INFORMATIVO DE TAMAULIPAS\" \/>\n<meta property=\"article:published_time\" content=\"2024-06-21T03:46:13+00:00\" \/>\n<meta property=\"og:image\" content=\"https:\/\/elinformativotam.com\/wp-content\/uploads\/2024\/06\/Laguna.jpeg\" \/>\n\t<meta property=\"og:image:width\" content=\"623\" \/>\n\t<meta property=\"og:image:height\" content=\"402\" \/>\n\t<meta property=\"og:image:type\" content=\"image\/jpeg\" \/>\n<meta name=\"author\" content=\"El Informativo Tam\" \/>\n<meta name=\"twitter:card\" content=\"summary_large_image\" \/>\n<meta name=\"twitter:label1\" content=\"Escrito por\" \/>\n\t<meta name=\"twitter:data1\" content=\"El Informativo Tam\" \/>\n\t<meta name=\"twitter:label2\" content=\"Tiempo de lectura\" \/>\n\t<meta name=\"twitter:data2\" content=\"2 minutos\" \/>\n<script type=\"application\/ld+json\" class=\"yoast-schema-graph\">{\"@context\":\"https:\\\/\\\/schema.org\",\"@graph\":[{\"@type\":\"Article\",\"@id\":\"https:\\\/\\\/elinformativotam.com\\\/index.php\\\/2024\\\/06\\\/20\\\/sistema-lagunario-sin-captacion-de-agua\\\/#article\",\"isPartOf\":{\"@id\":\"https:\\\/\\\/elinformativotam.com\\\/index.php\\\/2024\\\/06\\\/20\\\/sistema-lagunario-sin-captacion-de-agua\\\/\"},\"author\":{\"name\":\"El Informativo Tam\",\"@id\":\"https:\\\/\\\/elinformativotam.com\\\/#\\\/schema\\\/person\\\/78e08040eed0f6110f0c5f83b6153590\"},\"headline\":\"SISTEMA LAGUNARIO, SIN CAPTACI\u00d3N DE AGUA\",\"datePublished\":\"2024-06-21T03:46:13+00:00\",\"mainEntityOfPage\":{\"@id\":\"https:\\\/\\\/elinformativotam.com\\\/index.php\\\/2024\\\/06\\\/20\\\/sistema-lagunario-sin-captacion-de-agua\\\/\"},\"wordCount\":211,\"commentCount\":0,\"publisher\":{\"@id\":\"https:\\\/\\\/elinformativotam.com\\\/#organization\"},\"image\":{\"@id\":\"https:\\\/\\\/elinformativotam.com\\\/index.php\\\/2024\\\/06\\\/20\\\/sistema-lagunario-sin-captacion-de-agua\\\/#primaryimage\"},\"thumbnailUrl\":\"https:\\\/\\\/elinformativotam.com\\\/wp-content\\\/uploads\\\/2024\\\/06\\\/Laguna.jpeg\",\"articleSection\":[\"Altamira\"],\"inLanguage\":\"es\",\"potentialAction\":[{\"@type\":\"CommentAction\",\"name\":\"Comment\",\"target\":[\"https:\\\/\\\/elinformativotam.com\\\/index.php\\\/2024\\\/06\\\/20\\\/sistema-lagunario-sin-captacion-de-agua\\\/#respond\"]}]},{\"@type\":\"WebPage\",\"@id\":\"https:\\\/\\\/elinformativotam.com\\\/index.php\\\/2024\\\/06\\\/20\\\/sistema-lagunario-sin-captacion-de-agua\\\/\",\"url\":\"https:\\\/\\\/elinformativotam.com\\\/index.php\\\/2024\\\/06\\\/20\\\/sistema-lagunario-sin-captacion-de-agua\\\/\",\"name\":\"SISTEMA LAGUNARIO, SIN CAPTACI\u00d3N DE AGUA - EL INFORMATIVO DE TAMAULIPAS\",\"isPartOf\":{\"@id\":\"https:\\\/\\\/elinformativotam.com\\\/#website\"},\"primaryImageOfPage\":{\"@id\":\"https:\\\/\\\/elinformativotam.com\\\/index.php\\\/2024\\\/06\\\/20\\\/sistema-lagunario-sin-captacion-de-agua\\\/#primaryimage\"},\"image\":{\"@id\":\"https:\\\/\\\/elinformativotam.com\\\/index.php\\\/2024\\\/06\\\/20\\\/sistema-lagunario-sin-captacion-de-agua\\\/#primaryimage\"},\"thumbnailUrl\":\"https:\\\/\\\/elinformativotam.com\\\/wp-content\\\/uploads\\\/2024\\\/06\\\/Laguna.jpeg\",\"datePublished\":\"2024-06-21T03:46:13+00:00\",\"description\":\"Tras la entrada del fen\u00f3meno natural \u2018Alberto\u2019, se esperaba que el sistema lagunario fuera beneficiado con las lluvias que este traer\u00eda a su paso, el cual\",\"inLanguage\":\"es\",\"potentialAction\":[{\"@type\":\"ReadAction\",\"target\":[\"https:\\\/\\\/elinformativotam.com\\\/index.php\\\/2024\\\/06\\\/20\\\/sistema-lagunario-sin-captacion-de-agua\\\/\"]}]},{\"@type\":\"ImageObject\",\"inLanguage\":\"es\",\"@id\":\"https:\\\/\\\/elinformativotam.com\\\/index.php\\\/2024\\\/06\\\/20\\\/sistema-lagunario-sin-captacion-de-agua\\\/#primaryimage\",\"url\":\"https:\\\/\\\/elinformativotam.com\\\/wp-content\\\/uploads\\\/2024\\\/06\\\/Laguna.jpeg\",\"contentUrl\":\"https:\\\/\\\/elinformativotam.com\\\/wp-content\\\/uploads\\\/2024\\\/06\\\/Laguna.jpeg\",\"width\":623,\"height\":402},{\"@type\":\"WebSite\",\"@id\":\"https:\\\/\\\/elinformativotam.com\\\/#website\",\"url\":\"https:\\\/\\\/elinformativotam.com\\\/\",\"name\":\"EL INFORMATIVO DE TAMAULIPAS\",\"description\":\"Desde la Zona Metropolitana Para Todo M\u00e9xico\",\"publisher\":{\"@id\":\"https:\\\/\\\/elinformativotam.com\\\/#organization\"},\"potentialAction\":[{\"@type\":\"SearchAction\",\"target\":{\"@type\":\"EntryPoint\",\"urlTemplate\":\"https:\\\/\\\/elinformativotam.com\\\/?s={search_term_string}\"},\"query-input\":{\"@type\":\"PropertyValueSpecification\",\"valueRequired\":true,\"valueName\":\"search_term_string\"}}],\"inLanguage\":\"es\"},{\"@type\":\"Organization\",\"@id\":\"https:\\\/\\\/elinformativotam.com\\\/#organization\",\"name\":\"EL INFORMATIVO DE TAMAULIPAS\",\"url\":\"https:\\\/\\\/elinformativotam.com\\\/\",\"logo\":{\"@type\":\"ImageObject\",\"inLanguage\":\"es\",\"@id\":\"https:\\\/\\\/elinformativotam.com\\\/#\\\/schema\\\/logo\\\/image\\\/\",\"url\":\"https:\\\/\\\/elinformativotam.com\\\/wp-content\\\/uploads\\\/2026\\\/02\\\/Cabezal.png\",\"contentUrl\":\"https:\\\/\\\/elinformativotam.com\\\/wp-content\\\/uploads\\\/2026\\\/02\\\/Cabezal.png\",\"width\":960,\"height\":640,\"caption\":\"EL INFORMATIVO DE TAMAULIPAS\"},\"image\":{\"@id\":\"https:\\\/\\\/elinformativotam.com\\\/#\\\/schema\\\/logo\\\/image\\\/\"}},{\"@type\":\"Person\",\"@id\":\"https:\\\/\\\/elinformativotam.com\\\/#\\\/schema\\\/person\\\/78e08040eed0f6110f0c5f83b6153590\",\"name\":\"El Informativo Tam\",\"image\":{\"@type\":\"ImageObject\",\"inLanguage\":\"es\",\"@id\":\"https:\\\/\\\/secure.gravatar.com\\\/avatar\\\/f3b7ad3af540688955925ac610647be00b0cf41feea9c4978b73a707ee86bc53?s=96&d=mm&r=g\",\"url\":\"https:\\\/\\\/secure.gravatar.com\\\/avatar\\\/f3b7ad3af540688955925ac610647be00b0cf41feea9c4978b73a707ee86bc53?s=96&d=mm&r=g\",\"contentUrl\":\"https:\\\/\\\/secure.gravatar.com\\\/avatar\\\/f3b7ad3af540688955925ac610647be00b0cf41feea9c4978b73a707ee86bc53?s=96&d=mm&r=g\",\"caption\":\"El Informativo Tam\"}}]}<\/script>\n<!-- \/ Yoast SEO plugin. -->","yoast_head_json":{"title":"SISTEMA LAGUNARIO, SIN CAPTACI\u00d3N DE AGUA - EL INFORMATIVO DE TAMAULIPAS","description":"Tras la entrada del fen\u00f3meno natural \u2018Alberto\u2019, se esperaba que el sistema lagunario fuera beneficiado con las lluvias que este traer\u00eda a su paso, el cual","robots":{"index":"index","follow":"follow","max-snippet":"max-snippet:-1","max-image-preview":"max-image-preview:large","max-video-preview":"max-video-preview:-1"},"canonical":"https:\/\/elinformativotam.com\/index.php\/2024\/06\/20\/sistema-lagunario-sin-captacion-de-agua\/","og_locale":"es_MX","og_type":"article","og_title":"SISTEMA LAGUNARIO, SIN CAPTACI\u00d3N DE AGUA - EL INFORMATIVO DE TAMAULIPAS","og_description":"Tras la entrada del fen\u00f3meno natural \u2018Alberto\u2019, se esperaba que el sistema lagunario fuera beneficiado con las lluvias que este traer\u00eda a su paso, el cual","og_url":"https:\/\/elinformativotam.com\/index.php\/2024\/06\/20\/sistema-lagunario-sin-captacion-de-agua\/","og_site_name":"EL INFORMATIVO DE TAMAULIPAS","article_published_time":"2024-06-21T03:46:13+00:00","og_image":[{"width":623,"height":402,"url":"https:\/\/elinformativotam.com\/wp-content\/uploads\/2024\/06\/Laguna.jpeg","type":"image\/jpeg"}],"author":"El Informativo Tam","twitter_card":"summary_large_image","twitter_misc":{"Escrito por":"El Informativo Tam","Tiempo de lectura":"2 minutos"},"schema":{"@context":"https:\/\/schema.org","@graph":[{"@type":"Article","@id":"https:\/\/elinformativotam.com\/index.php\/2024\/06\/20\/sistema-lagunario-sin-captacion-de-agua\/#article","isPartOf":{"@id":"https:\/\/elinformativotam.com\/index.php\/2024\/06\/20\/sistema-lagunario-sin-captacion-de-agua\/"},"author":{"name":"El Informativo Tam","@id":"https:\/\/elinformativotam.com\/#\/schema\/person\/78e08040eed0f6110f0c5f83b6153590"},"headline":"SISTEMA LAGUNARIO, SIN CAPTACI\u00d3N DE AGUA","datePublished":"2024-06-21T03:46:13+00:00","mainEntityOfPage":{"@id":"https:\/\/elinformativotam.com\/index.php\/2024\/06\/20\/sistema-lagunario-sin-captacion-de-agua\/"},"wordCount":211,"commentCount":0,"publisher":{"@id":"https:\/\/elinformativotam.com\/#organization"},"image":{"@id":"https:\/\/elinformativotam.com\/index.php\/2024\/06\/20\/sistema-lagunario-sin-captacion-de-agua\/#primaryimage"},"thumbnailUrl":"https:\/\/elinformativotam.com\/wp-content\/uploads\/2024\/06\/Laguna.jpeg","articleSection":["Altamira"],"inLanguage":"es","potentialAction":[{"@type":"CommentAction","name":"Comment","target":["https:\/\/elinformativotam.com\/index.php\/2024\/06\/20\/sistema-lagunario-sin-captacion-de-agua\/#respond"]}]},{"@type":"WebPage","@id":"https:\/\/elinformativotam.com\/index.php\/2024\/06\/20\/sistema-lagunario-sin-captacion-de-agua\/","url":"https:\/\/elinformativotam.com\/index.php\/2024\/06\/20\/sistema-lagunario-sin-captacion-de-agua\/","name":"SISTEMA LAGUNARIO, SIN CAPTACI\u00d3N DE AGUA - EL INFORMATIVO DE TAMAULIPAS","isPartOf":{"@id":"https:\/\/elinformativotam.com\/#website"},"primaryImageOfPage":{"@id":"https:\/\/elinformativotam.com\/index.php\/2024\/06\/20\/sistema-lagunario-sin-captacion-de-agua\/#primaryimage"},"image":{"@id":"https:\/\/elinformativotam.com\/index.php\/2024\/06\/20\/sistema-lagunario-sin-captacion-de-agua\/#primaryimage"},"thumbnailUrl":"https:\/\/elinformativotam.com\/wp-content\/uploads\/2024\/06\/Laguna.jpeg","datePublished":"2024-06-21T03:46:13+00:00","description":"Tras la entrada del fen\u00f3meno natural \u2018Alberto\u2019, se esperaba que el sistema lagunario fuera beneficiado con las lluvias que este traer\u00eda a su paso, el cual","inLanguage":"es","potentialAction":[{"@type":"ReadAction","target":["https:\/\/elinformativotam.com\/index.php\/2024\/06\/20\/sistema-lagunario-sin-captacion-de-agua\/"]}]},{"@type":"ImageObject","inLanguage":"es","@id":"https:\/\/elinformativotam.com\/index.php\/2024\/06\/20\/sistema-lagunario-sin-captacion-de-agua\/#primaryimage","url":"https:\/\/elinformativotam.com\/wp-content\/uploads\/2024\/06\/Laguna.jpeg","contentUrl":"https:\/\/elinformativotam.com\/wp-content\/uploads\/2024\/06\/Laguna.jpeg","width":623,"height":402},{"@type":"WebSite","@id":"https:\/\/elinformativotam.com\/#website","url":"https:\/\/elinformativotam.com\/","name":"EL INFORMATIVO DE TAMAULIPAS","description":"Desde la Zona Metropolitana Para Todo M\u00e9xico","publisher":{"@id":"https:\/\/elinformativotam.com\/#organization"},"potentialAction":[{"@type":"SearchAction","target":{"@type":"EntryPoint","urlTemplate":"https:\/\/elinformativotam.com\/?s={search_term_string}"},"query-input":{"@type":"PropertyValueSpecification","valueRequired":true,"valueName":"search_term_string"}}],"inLanguage":"es"},{"@type":"Organization","@id":"https:\/\/elinformativotam.com\/#organization","name":"EL INFORMATIVO DE TAMAULIPAS","url":"https:\/\/elinformativotam.com\/","logo":{"@type":"ImageObject","inLanguage":"es","@id":"https:\/\/elinformativotam.com\/#\/schema\/logo\/image\/","url":"https:\/\/elinformativotam.com\/wp-content\/uploads\/2026\/02\/Cabezal.png","contentUrl":"https:\/\/elinformativotam.com\/wp-content\/uploads\/2026\/02\/Cabezal.png","width":960,"height":640,"caption":"EL INFORMATIVO DE TAMAULIPAS"},"image":{"@id":"https:\/\/elinformativotam.com\/#\/schema\/logo\/image\/"}},{"@type":"Person","@id":"https:\/\/elinformativotam.com\/#\/schema\/person\/78e08040eed0f6110f0c5f83b6153590","name":"El Informativo Tam","image":{"@type":"ImageObject","inLanguage":"es","@id":"https:\/\/secure.gravatar.com\/avatar\/f3b7ad3af540688955925ac610647be00b0cf41feea9c4978b73a707ee86bc53?s=96&d=mm&r=g","url":"https:\/\/secure.gravatar.com\/avatar\/f3b7ad3af540688955925ac610647be00b0cf41feea9c4978b73a707ee86bc53?s=96&d=mm&r=g","contentUrl":"https:\/\/secure.gravatar.com\/avatar\/f3b7ad3af540688955925ac610647be00b0cf41feea9c4978b73a707ee86bc53?s=96&d=mm&r=g","caption":"El Informativo Tam"}}]}},"_links":{"self":[{"href":"https:\/\/elinformativotam.com\/index.php\/wp-json\/wp\/v2\/posts\/51280","targetHints":{"allow":["GET"]}}],"collection":[{"href":"https:\/\/elinformativotam.com\/index.php\/wp-json\/wp\/v2\/posts"}],"about":[{"href":"https:\/\/elinformativotam.com\/index.php\/wp-json\/wp\/v2\/types\/post"}],"author":[{"embeddable":true,"href":"https:\/\/elinformativotam.com\/index.php\/wp-json\/wp\/v2\/users\/1"}],"replies":[{"embeddable":true,"href":"https:\/\/elinformativotam.com\/index.php\/wp-json\/wp\/v2\/comments?post=51280"}],"version-history":[{"count":1,"href":"https:\/\/elinformativotam.com\/index.php\/wp-json\/wp\/v2\/posts\/51280\/revisions"}],"predecessor-version":[{"id":51282,"href":"https:\/\/elinformativotam.com\/index.php\/wp-json\/wp\/v2\/posts\/51280\/revisions\/51282"}],"wp:featuredmedia":[{"embeddable":true,"href":"https:\/\/elinformativotam.com\/index.php\/wp-json\/wp\/v2\/media\/51281"}],"wp:attachment":[{"href":"https:\/\/elinformativotam.com\/index.php\/wp-json\/wp\/v2\/media?parent=51280"}],"wp:term":[{"taxonomy":"category","embeddable":true,"href":"https:\/\/elinformativotam.com\/index.php\/wp-json\/wp\/v2\/categories?post=51280"},{"taxonomy":"post_tag","embeddable":true,"href":"https:\/\/elinformativotam.com\/index.php\/wp-json\/wp\/v2\/tags?post=51280"}],"curies":[{"name":"wp","href":"https:\/\/api.w.org\/{rel}","templated":true}]}}