{"id":51274,"date":"2024-06-20T21:40:18","date_gmt":"2024-06-21T03:40:18","guid":{"rendered":"https:\/\/elinformativotam.com\/?p=51274"},"modified":"2024-06-20T21:40:18","modified_gmt":"2024-06-21T03:40:18","slug":"ciudad-madero-sin-afectaciones-mayores-por-tormenta-tropical-alberto","status":"publish","type":"post","link":"https:\/\/elinformativotam.com\/index.php\/2024\/06\/20\/ciudad-madero-sin-afectaciones-mayores-por-tormenta-tropical-alberto\/","title":{"rendered":"CIUDAD MADERO SIN AFECTACIONES MAYORES POR TORMENTA TROPICAL \u201cALBERTO\u201d"},"content":{"rendered":"<p>Luego de que la Tormenta Tropical \u201cAlberto\u201d tocara tierra en las inmediaciones de Ciudad Madero, personal de la Direcci\u00f3n de Protecci\u00f3n Civil llev\u00f3 a cabo recorridos de supervisi\u00f3n en diversos sectores, report\u00e1ndose solamente afectaciones menores, como encharcamientos en distintas vialidades a consecuencias de las lluvias durante la madrugada de este jueves.<\/p>\n<p>&nbsp;<\/p>\n<p>De acuerdo a lo informado por el director de la mencionada dependencia municipal, Carlos \u00c1lvaro Casados, coment\u00f3 que siguiendo la instrucci\u00f3n del alcalde Adri\u00e1n Oseguera Kernion, se coordinaron acciones inmediatas con elementos de Secretar\u00eda de Marina y Sedena.<\/p>\n<p>&nbsp;<\/p>\n<p>Detall\u00f3 que se recibieron a nueve personas en situaci\u00f3n de calle en el refugio activado en las instalaciones del Auditorio Municipal, as\u00ed como a dos residentes de la colonia Sahop donde se les proporcion\u00f3 alimento y cobija.<\/p>\n<p>&nbsp;<\/p>\n<p>Asimismo, se\u00f1al\u00f3 que se atendieron reportes de postes de energ\u00eda el\u00e9ctrica que hicieron corto circuito, adem\u00e1s de la ca\u00edda de un pino en la colonia La Barra donde se procedi\u00f3 a realizar las maniobras para su retiro, a fin de evitar consecuencias mayores.<\/p>\n<p>&nbsp;<\/p>\n<p>Explic\u00f3 que no se presentaron inundaciones considerables, solo encharcamientos menores en calles de la colonia Ampliaci\u00f3n Unidad Nacional\u00a0 y en la esquina de las calles Necaxa con Jim\u00e9nez.<\/p>\n<p>&nbsp;<\/p>\n<p>\u00c1lvaro Casados, se\u00f1al\u00f3 que en playa Miramar se registr\u00f3 fuerte oleaje que provoc\u00f3 que el agua ingresara hasta la zona de palapas y boulevard costero, sin provocar da\u00f1os mayores.<\/p>\n<p>&nbsp;<\/p>\n<p>Finalmente, las autoridades del Gobierno Municipal, exhortaron a la poblaci\u00f3n a mantenerse atenta a los avisos del Servicio\u00a0 Meteorol\u00f3gico Nacional, debido a que se pronostican precipitaciones pluviales durante el fin de semana.<\/p>\n<p>&nbsp;<\/p>\n","protected":false},"excerpt":{"rendered":"<p>Luego de que la Tormenta Tropical \u201cAlberto\u201d tocara tierra en las inmediaciones de Ciudad Madero, personal de la Direcci\u00f3n de&hellip;<\/p>\n","protected":false},"author":1,"featured_media":51275,"comment_status":"open","ping_status":"open","sticky":false,"template":"","format":"standard","meta":{"footnotes":""},"categories":[4],"tags":[],"class_list":["post-51274","post","type-post","status-publish","format-standard","has-post-thumbnail","hentry","category-madero"],"yoast_head":"<!-- This site is optimized with the Yoast SEO plugin v27.4 - https:\/\/yoast.com\/product\/yoast-seo-wordpress\/ -->\n<title>CIUDAD MADERO SIN AFECTACIONES MAYORES POR TORMENTA TROPICAL \u201cALBERTO\u201d - EL INFORMATIVO DE TAMAULIPAS<\/title>\n<meta name=\"description\" content=\"Luego de que la Tormenta Tropical \u201cAlberto\u201d tocara tierra en las inmediaciones de Ciudad Madero, personal de la Direcci\u00f3n de Protecci\u00f3n Civil llev\u00f3 a cabo\" \/>\n<meta name=\"robots\" content=\"index, follow, max-snippet:-1, max-image-preview:large, max-video-preview:-1\" \/>\n<link rel=\"canonical\" href=\"https:\/\/elinformativotam.com\/index.php\/2024\/06\/20\/ciudad-madero-sin-afectaciones-mayores-por-tormenta-tropical-alberto\/\" \/>\n<meta property=\"og:locale\" content=\"es_MX\" \/>\n<meta property=\"og:type\" content=\"article\" \/>\n<meta property=\"og:title\" content=\"CIUDAD MADERO SIN AFECTACIONES MAYORES POR TORMENTA TROPICAL \u201cALBERTO\u201d - EL INFORMATIVO DE TAMAULIPAS\" \/>\n<meta property=\"og:description\" content=\"Luego de que la Tormenta Tropical \u201cAlberto\u201d tocara tierra en las inmediaciones de Ciudad Madero, personal de la Direcci\u00f3n de Protecci\u00f3n Civil llev\u00f3 a cabo\" \/>\n<meta property=\"og:url\" content=\"https:\/\/elinformativotam.com\/index.php\/2024\/06\/20\/ciudad-madero-sin-afectaciones-mayores-por-tormenta-tropical-alberto\/\" \/>\n<meta property=\"og:site_name\" content=\"EL INFORMATIVO DE TAMAULIPAS\" \/>\n<meta property=\"article:published_time\" content=\"2024-06-21T03:40:18+00:00\" \/>\n<meta property=\"og:image\" content=\"https:\/\/elinformativotam.com\/wp-content\/uploads\/2024\/06\/Afectaciones.jpg\" \/>\n\t<meta property=\"og:image:width\" content=\"1599\" \/>\n\t<meta property=\"og:image:height\" content=\"899\" \/>\n\t<meta property=\"og:image:type\" content=\"image\/jpeg\" \/>\n<meta name=\"author\" content=\"El Informativo Tam\" \/>\n<meta name=\"twitter:card\" content=\"summary_large_image\" \/>\n<meta name=\"twitter:label1\" content=\"Escrito por\" \/>\n\t<meta name=\"twitter:data1\" content=\"El Informativo Tam\" \/>\n\t<meta name=\"twitter:label2\" content=\"Tiempo de lectura\" \/>\n\t<meta name=\"twitter:data2\" content=\"2 minutos\" \/>\n<script type=\"application\/ld+json\" class=\"yoast-schema-graph\">{\"@context\":\"https:\\\/\\\/schema.org\",\"@graph\":[{\"@type\":\"Article\",\"@id\":\"https:\\\/\\\/elinformativotam.com\\\/index.php\\\/2024\\\/06\\\/20\\\/ciudad-madero-sin-afectaciones-mayores-por-tormenta-tropical-alberto\\\/#article\",\"isPartOf\":{\"@id\":\"https:\\\/\\\/elinformativotam.com\\\/index.php\\\/2024\\\/06\\\/20\\\/ciudad-madero-sin-afectaciones-mayores-por-tormenta-tropical-alberto\\\/\"},\"author\":{\"name\":\"El Informativo Tam\",\"@id\":\"https:\\\/\\\/elinformativotam.com\\\/#\\\/schema\\\/person\\\/78e08040eed0f6110f0c5f83b6153590\"},\"headline\":\"CIUDAD MADERO SIN AFECTACIONES MAYORES POR TORMENTA TROPICAL \u201cALBERTO\u201d\",\"datePublished\":\"2024-06-21T03:40:18+00:00\",\"mainEntityOfPage\":{\"@id\":\"https:\\\/\\\/elinformativotam.com\\\/index.php\\\/2024\\\/06\\\/20\\\/ciudad-madero-sin-afectaciones-mayores-por-tormenta-tropical-alberto\\\/\"},\"wordCount\":293,\"commentCount\":0,\"publisher\":{\"@id\":\"https:\\\/\\\/elinformativotam.com\\\/#organization\"},\"image\":{\"@id\":\"https:\\\/\\\/elinformativotam.com\\\/index.php\\\/2024\\\/06\\\/20\\\/ciudad-madero-sin-afectaciones-mayores-por-tormenta-tropical-alberto\\\/#primaryimage\"},\"thumbnailUrl\":\"https:\\\/\\\/elinformativotam.com\\\/wp-content\\\/uploads\\\/2024\\\/06\\\/Afectaciones.jpg\",\"articleSection\":[\"Cd Madero\"],\"inLanguage\":\"es\",\"potentialAction\":[{\"@type\":\"CommentAction\",\"name\":\"Comment\",\"target\":[\"https:\\\/\\\/elinformativotam.com\\\/index.php\\\/2024\\\/06\\\/20\\\/ciudad-madero-sin-afectaciones-mayores-por-tormenta-tropical-alberto\\\/#respond\"]}]},{\"@type\":\"WebPage\",\"@id\":\"https:\\\/\\\/elinformativotam.com\\\/index.php\\\/2024\\\/06\\\/20\\\/ciudad-madero-sin-afectaciones-mayores-por-tormenta-tropical-alberto\\\/\",\"url\":\"https:\\\/\\\/elinformativotam.com\\\/index.php\\\/2024\\\/06\\\/20\\\/ciudad-madero-sin-afectaciones-mayores-por-tormenta-tropical-alberto\\\/\",\"name\":\"CIUDAD MADERO SIN AFECTACIONES MAYORES POR TORMENTA TROPICAL \u201cALBERTO\u201d - EL INFORMATIVO DE TAMAULIPAS\",\"isPartOf\":{\"@id\":\"https:\\\/\\\/elinformativotam.com\\\/#website\"},\"primaryImageOfPage\":{\"@id\":\"https:\\\/\\\/elinformativotam.com\\\/index.php\\\/2024\\\/06\\\/20\\\/ciudad-madero-sin-afectaciones-mayores-por-tormenta-tropical-alberto\\\/#primaryimage\"},\"image\":{\"@id\":\"https:\\\/\\\/elinformativotam.com\\\/index.php\\\/2024\\\/06\\\/20\\\/ciudad-madero-sin-afectaciones-mayores-por-tormenta-tropical-alberto\\\/#primaryimage\"},\"thumbnailUrl\":\"https:\\\/\\\/elinformativotam.com\\\/wp-content\\\/uploads\\\/2024\\\/06\\\/Afectaciones.jpg\",\"datePublished\":\"2024-06-21T03:40:18+00:00\",\"description\":\"Luego de que la Tormenta Tropical \u201cAlberto\u201d tocara tierra en las inmediaciones de Ciudad Madero, personal de la Direcci\u00f3n de Protecci\u00f3n Civil llev\u00f3 a cabo\",\"inLanguage\":\"es\",\"potentialAction\":[{\"@type\":\"ReadAction\",\"target\":[\"https:\\\/\\\/elinformativotam.com\\\/index.php\\\/2024\\\/06\\\/20\\\/ciudad-madero-sin-afectaciones-mayores-por-tormenta-tropical-alberto\\\/\"]}]},{\"@type\":\"ImageObject\",\"inLanguage\":\"es\",\"@id\":\"https:\\\/\\\/elinformativotam.com\\\/index.php\\\/2024\\\/06\\\/20\\\/ciudad-madero-sin-afectaciones-mayores-por-tormenta-tropical-alberto\\\/#primaryimage\",\"url\":\"https:\\\/\\\/elinformativotam.com\\\/wp-content\\\/uploads\\\/2024\\\/06\\\/Afectaciones.jpg\",\"contentUrl\":\"https:\\\/\\\/elinformativotam.com\\\/wp-content\\\/uploads\\\/2024\\\/06\\\/Afectaciones.jpg\",\"width\":1599,\"height\":899},{\"@type\":\"WebSite\",\"@id\":\"https:\\\/\\\/elinformativotam.com\\\/#website\",\"url\":\"https:\\\/\\\/elinformativotam.com\\\/\",\"name\":\"EL INFORMATIVO DE TAMAULIPAS\",\"description\":\"Desde la Zona Metropolitana Para Todo M\u00e9xico\",\"publisher\":{\"@id\":\"https:\\\/\\\/elinformativotam.com\\\/#organization\"},\"potentialAction\":[{\"@type\":\"SearchAction\",\"target\":{\"@type\":\"EntryPoint\",\"urlTemplate\":\"https:\\\/\\\/elinformativotam.com\\\/?s={search_term_string}\"},\"query-input\":{\"@type\":\"PropertyValueSpecification\",\"valueRequired\":true,\"valueName\":\"search_term_string\"}}],\"inLanguage\":\"es\"},{\"@type\":\"Organization\",\"@id\":\"https:\\\/\\\/elinformativotam.com\\\/#organization\",\"name\":\"EL INFORMATIVO DE TAMAULIPAS\",\"url\":\"https:\\\/\\\/elinformativotam.com\\\/\",\"logo\":{\"@type\":\"ImageObject\",\"inLanguage\":\"es\",\"@id\":\"https:\\\/\\\/elinformativotam.com\\\/#\\\/schema\\\/logo\\\/image\\\/\",\"url\":\"https:\\\/\\\/elinformativotam.com\\\/wp-content\\\/uploads\\\/2026\\\/02\\\/Cabezal.png\",\"contentUrl\":\"https:\\\/\\\/elinformativotam.com\\\/wp-content\\\/uploads\\\/2026\\\/02\\\/Cabezal.png\",\"width\":960,\"height\":640,\"caption\":\"EL INFORMATIVO DE TAMAULIPAS\"},\"image\":{\"@id\":\"https:\\\/\\\/elinformativotam.com\\\/#\\\/schema\\\/logo\\\/image\\\/\"}},{\"@type\":\"Person\",\"@id\":\"https:\\\/\\\/elinformativotam.com\\\/#\\\/schema\\\/person\\\/78e08040eed0f6110f0c5f83b6153590\",\"name\":\"El Informativo Tam\",\"image\":{\"@type\":\"ImageObject\",\"inLanguage\":\"es\",\"@id\":\"https:\\\/\\\/secure.gravatar.com\\\/avatar\\\/f3b7ad3af540688955925ac610647be00b0cf41feea9c4978b73a707ee86bc53?s=96&d=mm&r=g\",\"url\":\"https:\\\/\\\/secure.gravatar.com\\\/avatar\\\/f3b7ad3af540688955925ac610647be00b0cf41feea9c4978b73a707ee86bc53?s=96&d=mm&r=g\",\"contentUrl\":\"https:\\\/\\\/secure.gravatar.com\\\/avatar\\\/f3b7ad3af540688955925ac610647be00b0cf41feea9c4978b73a707ee86bc53?s=96&d=mm&r=g\",\"caption\":\"El Informativo Tam\"}}]}<\/script>\n<!-- \/ Yoast SEO plugin. -->","yoast_head_json":{"title":"CIUDAD MADERO SIN AFECTACIONES MAYORES POR TORMENTA TROPICAL \u201cALBERTO\u201d - EL INFORMATIVO DE TAMAULIPAS","description":"Luego de que la Tormenta Tropical \u201cAlberto\u201d tocara tierra en las inmediaciones de Ciudad Madero, personal de la Direcci\u00f3n de Protecci\u00f3n Civil llev\u00f3 a cabo","robots":{"index":"index","follow":"follow","max-snippet":"max-snippet:-1","max-image-preview":"max-image-preview:large","max-video-preview":"max-video-preview:-1"},"canonical":"https:\/\/elinformativotam.com\/index.php\/2024\/06\/20\/ciudad-madero-sin-afectaciones-mayores-por-tormenta-tropical-alberto\/","og_locale":"es_MX","og_type":"article","og_title":"CIUDAD MADERO SIN AFECTACIONES MAYORES POR TORMENTA TROPICAL \u201cALBERTO\u201d - EL INFORMATIVO DE TAMAULIPAS","og_description":"Luego de que la Tormenta Tropical \u201cAlberto\u201d tocara tierra en las inmediaciones de Ciudad Madero, personal de la Direcci\u00f3n de Protecci\u00f3n Civil llev\u00f3 a cabo","og_url":"https:\/\/elinformativotam.com\/index.php\/2024\/06\/20\/ciudad-madero-sin-afectaciones-mayores-por-tormenta-tropical-alberto\/","og_site_name":"EL INFORMATIVO DE TAMAULIPAS","article_published_time":"2024-06-21T03:40:18+00:00","og_image":[{"width":1599,"height":899,"url":"https:\/\/elinformativotam.com\/wp-content\/uploads\/2024\/06\/Afectaciones.jpg","type":"image\/jpeg"}],"author":"El Informativo Tam","twitter_card":"summary_large_image","twitter_misc":{"Escrito por":"El Informativo Tam","Tiempo de lectura":"2 minutos"},"schema":{"@context":"https:\/\/schema.org","@graph":[{"@type":"Article","@id":"https:\/\/elinformativotam.com\/index.php\/2024\/06\/20\/ciudad-madero-sin-afectaciones-mayores-por-tormenta-tropical-alberto\/#article","isPartOf":{"@id":"https:\/\/elinformativotam.com\/index.php\/2024\/06\/20\/ciudad-madero-sin-afectaciones-mayores-por-tormenta-tropical-alberto\/"},"author":{"name":"El Informativo Tam","@id":"https:\/\/elinformativotam.com\/#\/schema\/person\/78e08040eed0f6110f0c5f83b6153590"},"headline":"CIUDAD MADERO SIN AFECTACIONES MAYORES POR TORMENTA TROPICAL \u201cALBERTO\u201d","datePublished":"2024-06-21T03:40:18+00:00","mainEntityOfPage":{"@id":"https:\/\/elinformativotam.com\/index.php\/2024\/06\/20\/ciudad-madero-sin-afectaciones-mayores-por-tormenta-tropical-alberto\/"},"wordCount":293,"commentCount":0,"publisher":{"@id":"https:\/\/elinformativotam.com\/#organization"},"image":{"@id":"https:\/\/elinformativotam.com\/index.php\/2024\/06\/20\/ciudad-madero-sin-afectaciones-mayores-por-tormenta-tropical-alberto\/#primaryimage"},"thumbnailUrl":"https:\/\/elinformativotam.com\/wp-content\/uploads\/2024\/06\/Afectaciones.jpg","articleSection":["Cd Madero"],"inLanguage":"es","potentialAction":[{"@type":"CommentAction","name":"Comment","target":["https:\/\/elinformativotam.com\/index.php\/2024\/06\/20\/ciudad-madero-sin-afectaciones-mayores-por-tormenta-tropical-alberto\/#respond"]}]},{"@type":"WebPage","@id":"https:\/\/elinformativotam.com\/index.php\/2024\/06\/20\/ciudad-madero-sin-afectaciones-mayores-por-tormenta-tropical-alberto\/","url":"https:\/\/elinformativotam.com\/index.php\/2024\/06\/20\/ciudad-madero-sin-afectaciones-mayores-por-tormenta-tropical-alberto\/","name":"CIUDAD MADERO SIN AFECTACIONES MAYORES POR TORMENTA TROPICAL \u201cALBERTO\u201d - EL INFORMATIVO DE TAMAULIPAS","isPartOf":{"@id":"https:\/\/elinformativotam.com\/#website"},"primaryImageOfPage":{"@id":"https:\/\/elinformativotam.com\/index.php\/2024\/06\/20\/ciudad-madero-sin-afectaciones-mayores-por-tormenta-tropical-alberto\/#primaryimage"},"image":{"@id":"https:\/\/elinformativotam.com\/index.php\/2024\/06\/20\/ciudad-madero-sin-afectaciones-mayores-por-tormenta-tropical-alberto\/#primaryimage"},"thumbnailUrl":"https:\/\/elinformativotam.com\/wp-content\/uploads\/2024\/06\/Afectaciones.jpg","datePublished":"2024-06-21T03:40:18+00:00","description":"Luego de que la Tormenta Tropical \u201cAlberto\u201d tocara tierra en las inmediaciones de Ciudad Madero, personal de la Direcci\u00f3n de Protecci\u00f3n Civil llev\u00f3 a cabo","inLanguage":"es","potentialAction":[{"@type":"ReadAction","target":["https:\/\/elinformativotam.com\/index.php\/2024\/06\/20\/ciudad-madero-sin-afectaciones-mayores-por-tormenta-tropical-alberto\/"]}]},{"@type":"ImageObject","inLanguage":"es","@id":"https:\/\/elinformativotam.com\/index.php\/2024\/06\/20\/ciudad-madero-sin-afectaciones-mayores-por-tormenta-tropical-alberto\/#primaryimage","url":"https:\/\/elinformativotam.com\/wp-content\/uploads\/2024\/06\/Afectaciones.jpg","contentUrl":"https:\/\/elinformativotam.com\/wp-content\/uploads\/2024\/06\/Afectaciones.jpg","width":1599,"height":899},{"@type":"WebSite","@id":"https:\/\/elinformativotam.com\/#website","url":"https:\/\/elinformativotam.com\/","name":"EL INFORMATIVO DE TAMAULIPAS","description":"Desde la Zona Metropolitana Para Todo M\u00e9xico","publisher":{"@id":"https:\/\/elinformativotam.com\/#organization"},"potentialAction":[{"@type":"SearchAction","target":{"@type":"EntryPoint","urlTemplate":"https:\/\/elinformativotam.com\/?s={search_term_string}"},"query-input":{"@type":"PropertyValueSpecification","valueRequired":true,"valueName":"search_term_string"}}],"inLanguage":"es"},{"@type":"Organization","@id":"https:\/\/elinformativotam.com\/#organization","name":"EL INFORMATIVO DE TAMAULIPAS","url":"https:\/\/elinformativotam.com\/","logo":{"@type":"ImageObject","inLanguage":"es","@id":"https:\/\/elinformativotam.com\/#\/schema\/logo\/image\/","url":"https:\/\/elinformativotam.com\/wp-content\/uploads\/2026\/02\/Cabezal.png","contentUrl":"https:\/\/elinformativotam.com\/wp-content\/uploads\/2026\/02\/Cabezal.png","width":960,"height":640,"caption":"EL INFORMATIVO DE TAMAULIPAS"},"image":{"@id":"https:\/\/elinformativotam.com\/#\/schema\/logo\/image\/"}},{"@type":"Person","@id":"https:\/\/elinformativotam.com\/#\/schema\/person\/78e08040eed0f6110f0c5f83b6153590","name":"El Informativo Tam","image":{"@type":"ImageObject","inLanguage":"es","@id":"https:\/\/secure.gravatar.com\/avatar\/f3b7ad3af540688955925ac610647be00b0cf41feea9c4978b73a707ee86bc53?s=96&d=mm&r=g","url":"https:\/\/secure.gravatar.com\/avatar\/f3b7ad3af540688955925ac610647be00b0cf41feea9c4978b73a707ee86bc53?s=96&d=mm&r=g","contentUrl":"https:\/\/secure.gravatar.com\/avatar\/f3b7ad3af540688955925ac610647be00b0cf41feea9c4978b73a707ee86bc53?s=96&d=mm&r=g","caption":"El Informativo Tam"}}]}},"_links":{"self":[{"href":"https:\/\/elinformativotam.com\/index.php\/wp-json\/wp\/v2\/posts\/51274","targetHints":{"allow":["GET"]}}],"collection":[{"href":"https:\/\/elinformativotam.com\/index.php\/wp-json\/wp\/v2\/posts"}],"about":[{"href":"https:\/\/elinformativotam.com\/index.php\/wp-json\/wp\/v2\/types\/post"}],"author":[{"embeddable":true,"href":"https:\/\/elinformativotam.com\/index.php\/wp-json\/wp\/v2\/users\/1"}],"replies":[{"embeddable":true,"href":"https:\/\/elinformativotam.com\/index.php\/wp-json\/wp\/v2\/comments?post=51274"}],"version-history":[{"count":1,"href":"https:\/\/elinformativotam.com\/index.php\/wp-json\/wp\/v2\/posts\/51274\/revisions"}],"predecessor-version":[{"id":51276,"href":"https:\/\/elinformativotam.com\/index.php\/wp-json\/wp\/v2\/posts\/51274\/revisions\/51276"}],"wp:featuredmedia":[{"embeddable":true,"href":"https:\/\/elinformativotam.com\/index.php\/wp-json\/wp\/v2\/media\/51275"}],"wp:attachment":[{"href":"https:\/\/elinformativotam.com\/index.php\/wp-json\/wp\/v2\/media?parent=51274"}],"wp:term":[{"taxonomy":"category","embeddable":true,"href":"https:\/\/elinformativotam.com\/index.php\/wp-json\/wp\/v2\/categories?post=51274"},{"taxonomy":"post_tag","embeddable":true,"href":"https:\/\/elinformativotam.com\/index.php\/wp-json\/wp\/v2\/tags?post=51274"}],"curies":[{"name":"wp","href":"https:\/\/api.w.org\/{rel}","templated":true}]}}