{"id":51263,"date":"2024-06-19T17:27:56","date_gmt":"2024-06-19T23:27:56","guid":{"rendered":"https:\/\/elinformativotam.com\/?p=51263"},"modified":"2024-06-19T17:28:11","modified_gmt":"2024-06-19T23:28:11","slug":"51263","status":"publish","type":"post","link":"https:\/\/elinformativotam.com\/index.php\/2024\/06\/19\/51263\/","title":{"rendered":"Se Activa Comando de Incidentes en Cd. Madero, Tamaulipas"},"content":{"rendered":"<h2 style=\"text-align: center;\"><em><span style=\"font-family: 'times new roman', times;\">*Ante Las Posibles Afectaciones de la Tormenta Tropical \u201cAlberto\u201d<\/span><\/em><\/h2>\n<p>&nbsp;<\/p>\n<p>Ciudad Madero, Tamps. \u2013 El esfuerzo conjunto de las autoridades de los 3 niveles de gobierno en la zona conurbada del Sur de Tamaulipas, en coordinaci\u00f3n con COMAPA Sur, PEMEX y CFE, instalaron el puesto de Comando de Incidentes con el fin de coordinar las acciones necesarias por las afectaciones a la poblaci\u00f3n civil debido al paso de la tormenta Tropical \u201cAlberto\u201d.<\/p>\n<p>De acuerdo con los pron\u00f3sticos meteorol\u00f3gicos, el citado sistema podr\u00eda impactar tierra por la madrugada del 20 de junio, entre la costa sur de Tamaulipas y la costa norte de Veracruz, afectando entre otros, los municipios de Cd. Madero, Tampico y Altamira con potencial de lluvias intensas, viento fuerte con rachas de hasta 85 km\/h, adem\u00e1s de oleaje elevado.<\/p>\n<p>Cabe destacar que para este despliegue se cuentan con elementos navales, militares, especialistas en atenci\u00f3n a emergencias pertenecientes a los distintos \u00f3rganos de gobierno, expertos en meteorolog\u00eda, sanidad y protecci\u00f3n civil, contando con unidades como buques y embarcaciones, veh\u00edculos, ambulancias, cocinas m\u00f3viles, tortilladora, planta potabilizadora de agua, bombas de agua, pipas y camiones vactor para brindar apoyo a la poblaci\u00f3n.<\/p>\n<p>Es importante mencionar que estas acciones forman parte del Programa Nacional de Protecci\u00f3n Civil en el cual se efect\u00faan labores de alistamiento con los grupos de apoyo m\u00f3vil de los tres \u00f3rdenes de gobierno y del sector privado.<\/p>\n<p>Citado puesto de mando, se integr\u00f3 en las instalaciones de La Primera Regi\u00f3n Naval estando a disposici\u00f3n para atenci\u00f3n de emergencias el n\u00famero telef\u00f3nico: 833 215 7915. Asimismo, la Secretar\u00eda de Marina el siguiente n\u00famero de contacto: 800 627 4621 (800 MARINA 1).<\/p>\n<p>De esta manera, en una coordinaci\u00f3n conjunta las autoridades involucradas reiteramos el compromiso de apoyar a la ciudadan\u00eda en situaciones que pongan en peligro la vida humana, recomendando mantenerse en resguardo y atentos a las recomendaciones e informaci\u00f3n actualizada en los medios oficiales de comunicaci\u00f3n.<\/p>\n<p>Para m\u00e1s informaci\u00f3n y seguimiento de las condiciones meteorol\u00f3gicas, se encuentra disponible la p\u00e1gina web: httpps:\/\/www.tamaulipas.gob.mx\/protecioncivil<\/p>\n<p>&nbsp;<\/p>\n<p>&nbsp;<\/p>\n<p>&nbsp;<\/p>\n<p>&nbsp;<\/p>\n<p>&nbsp;<\/p>\n<p>&nbsp;<\/p>\n<p>&nbsp;<\/p>\n<p>&nbsp;<\/p>\n<p>&nbsp;<\/p>\n","protected":false},"excerpt":{"rendered":"<p>*Ante Las Posibles Afectaciones de la Tormenta Tropical \u201cAlberto\u201d &nbsp; Ciudad Madero, Tamps. \u2013 El esfuerzo conjunto de las autoridades&hellip;<\/p>\n","protected":false},"author":1,"featured_media":51264,"comment_status":"open","ping_status":"open","sticky":false,"template":"","format":"standard","meta":{"footnotes":""},"categories":[4],"tags":[],"class_list":["post-51263","post","type-post","status-publish","format-standard","has-post-thumbnail","hentry","category-madero"],"yoast_head":"<!-- This site is optimized with the Yoast SEO plugin v27.4 - https:\/\/yoast.com\/product\/yoast-seo-wordpress\/ -->\n<title>Se Activa Comando de Incidentes en Cd. Madero, Tamaulipas - EL INFORMATIVO DE TAMAULIPAS<\/title>\n<meta name=\"description\" content=\"*Ante Las Posibles Afectaciones de la Tormenta Tropical \u201cAlberto\u201d &nbsp; Ciudad Madero, Tamps. \u2013 El esfuerzo conjunto de las autoridades de los 3 niveles\" \/>\n<meta name=\"robots\" content=\"index, follow, max-snippet:-1, max-image-preview:large, max-video-preview:-1\" \/>\n<link rel=\"canonical\" href=\"https:\/\/elinformativotam.com\/index.php\/2024\/06\/19\/51263\/\" \/>\n<meta property=\"og:locale\" content=\"es_MX\" \/>\n<meta property=\"og:type\" content=\"article\" \/>\n<meta property=\"og:title\" content=\"Se Activa Comando de Incidentes en Cd. Madero, Tamaulipas - EL INFORMATIVO DE TAMAULIPAS\" \/>\n<meta property=\"og:description\" content=\"*Ante Las Posibles Afectaciones de la Tormenta Tropical \u201cAlberto\u201d &nbsp; Ciudad Madero, Tamps. \u2013 El esfuerzo conjunto de las autoridades de los 3 niveles\" \/>\n<meta property=\"og:url\" content=\"https:\/\/elinformativotam.com\/index.php\/2024\/06\/19\/51263\/\" \/>\n<meta property=\"og:site_name\" content=\"EL INFORMATIVO DE TAMAULIPAS\" \/>\n<meta property=\"article:published_time\" content=\"2024-06-19T23:27:56+00:00\" \/>\n<meta property=\"article:modified_time\" content=\"2024-06-19T23:28:11+00:00\" \/>\n<meta property=\"og:image\" content=\"https:\/\/elinformativotam.com\/wp-content\/uploads\/2024\/06\/IMG-20240619-WA0216.jpg\" \/>\n\t<meta property=\"og:image:width\" content=\"1600\" \/>\n\t<meta property=\"og:image:height\" content=\"1200\" \/>\n\t<meta property=\"og:image:type\" content=\"image\/jpeg\" \/>\n<meta name=\"author\" content=\"El Informativo Tam\" \/>\n<meta name=\"twitter:card\" content=\"summary_large_image\" \/>\n<meta name=\"twitter:label1\" content=\"Escrito por\" \/>\n\t<meta name=\"twitter:data1\" content=\"El Informativo Tam\" \/>\n\t<meta name=\"twitter:label2\" content=\"Tiempo de lectura\" \/>\n\t<meta name=\"twitter:data2\" content=\"2 minutos\" \/>\n<script type=\"application\/ld+json\" class=\"yoast-schema-graph\">{\"@context\":\"https:\\\/\\\/schema.org\",\"@graph\":[{\"@type\":\"Article\",\"@id\":\"https:\\\/\\\/elinformativotam.com\\\/index.php\\\/2024\\\/06\\\/19\\\/51263\\\/#article\",\"isPartOf\":{\"@id\":\"https:\\\/\\\/elinformativotam.com\\\/index.php\\\/2024\\\/06\\\/19\\\/51263\\\/\"},\"author\":{\"name\":\"El Informativo Tam\",\"@id\":\"https:\\\/\\\/elinformativotam.com\\\/#\\\/schema\\\/person\\\/78e08040eed0f6110f0c5f83b6153590\"},\"headline\":\"Se Activa Comando de Incidentes en Cd. Madero, Tamaulipas\",\"datePublished\":\"2024-06-19T23:27:56+00:00\",\"dateModified\":\"2024-06-19T23:28:11+00:00\",\"mainEntityOfPage\":{\"@id\":\"https:\\\/\\\/elinformativotam.com\\\/index.php\\\/2024\\\/06\\\/19\\\/51263\\\/\"},\"wordCount\":375,\"commentCount\":0,\"publisher\":{\"@id\":\"https:\\\/\\\/elinformativotam.com\\\/#organization\"},\"image\":{\"@id\":\"https:\\\/\\\/elinformativotam.com\\\/index.php\\\/2024\\\/06\\\/19\\\/51263\\\/#primaryimage\"},\"thumbnailUrl\":\"https:\\\/\\\/elinformativotam.com\\\/wp-content\\\/uploads\\\/2024\\\/06\\\/IMG-20240619-WA0216.jpg\",\"articleSection\":[\"Cd Madero\"],\"inLanguage\":\"es\",\"potentialAction\":[{\"@type\":\"CommentAction\",\"name\":\"Comment\",\"target\":[\"https:\\\/\\\/elinformativotam.com\\\/index.php\\\/2024\\\/06\\\/19\\\/51263\\\/#respond\"]}]},{\"@type\":\"WebPage\",\"@id\":\"https:\\\/\\\/elinformativotam.com\\\/index.php\\\/2024\\\/06\\\/19\\\/51263\\\/\",\"url\":\"https:\\\/\\\/elinformativotam.com\\\/index.php\\\/2024\\\/06\\\/19\\\/51263\\\/\",\"name\":\"Se Activa Comando de Incidentes en Cd. Madero, Tamaulipas - EL INFORMATIVO DE TAMAULIPAS\",\"isPartOf\":{\"@id\":\"https:\\\/\\\/elinformativotam.com\\\/#website\"},\"primaryImageOfPage\":{\"@id\":\"https:\\\/\\\/elinformativotam.com\\\/index.php\\\/2024\\\/06\\\/19\\\/51263\\\/#primaryimage\"},\"image\":{\"@id\":\"https:\\\/\\\/elinformativotam.com\\\/index.php\\\/2024\\\/06\\\/19\\\/51263\\\/#primaryimage\"},\"thumbnailUrl\":\"https:\\\/\\\/elinformativotam.com\\\/wp-content\\\/uploads\\\/2024\\\/06\\\/IMG-20240619-WA0216.jpg\",\"datePublished\":\"2024-06-19T23:27:56+00:00\",\"dateModified\":\"2024-06-19T23:28:11+00:00\",\"description\":\"*Ante Las Posibles Afectaciones de la Tormenta Tropical \u201cAlberto\u201d &nbsp; Ciudad Madero, Tamps. \u2013 El esfuerzo conjunto de las autoridades de los 3 niveles\",\"inLanguage\":\"es\",\"potentialAction\":[{\"@type\":\"ReadAction\",\"target\":[\"https:\\\/\\\/elinformativotam.com\\\/index.php\\\/2024\\\/06\\\/19\\\/51263\\\/\"]}]},{\"@type\":\"ImageObject\",\"inLanguage\":\"es\",\"@id\":\"https:\\\/\\\/elinformativotam.com\\\/index.php\\\/2024\\\/06\\\/19\\\/51263\\\/#primaryimage\",\"url\":\"https:\\\/\\\/elinformativotam.com\\\/wp-content\\\/uploads\\\/2024\\\/06\\\/IMG-20240619-WA0216.jpg\",\"contentUrl\":\"https:\\\/\\\/elinformativotam.com\\\/wp-content\\\/uploads\\\/2024\\\/06\\\/IMG-20240619-WA0216.jpg\",\"width\":1600,\"height\":1200},{\"@type\":\"WebSite\",\"@id\":\"https:\\\/\\\/elinformativotam.com\\\/#website\",\"url\":\"https:\\\/\\\/elinformativotam.com\\\/\",\"name\":\"EL INFORMATIVO DE TAMAULIPAS\",\"description\":\"Desde la Zona Metropolitana Para Todo M\u00e9xico\",\"publisher\":{\"@id\":\"https:\\\/\\\/elinformativotam.com\\\/#organization\"},\"potentialAction\":[{\"@type\":\"SearchAction\",\"target\":{\"@type\":\"EntryPoint\",\"urlTemplate\":\"https:\\\/\\\/elinformativotam.com\\\/?s={search_term_string}\"},\"query-input\":{\"@type\":\"PropertyValueSpecification\",\"valueRequired\":true,\"valueName\":\"search_term_string\"}}],\"inLanguage\":\"es\"},{\"@type\":\"Organization\",\"@id\":\"https:\\\/\\\/elinformativotam.com\\\/#organization\",\"name\":\"EL INFORMATIVO DE TAMAULIPAS\",\"url\":\"https:\\\/\\\/elinformativotam.com\\\/\",\"logo\":{\"@type\":\"ImageObject\",\"inLanguage\":\"es\",\"@id\":\"https:\\\/\\\/elinformativotam.com\\\/#\\\/schema\\\/logo\\\/image\\\/\",\"url\":\"https:\\\/\\\/elinformativotam.com\\\/wp-content\\\/uploads\\\/2026\\\/02\\\/Cabezal.png\",\"contentUrl\":\"https:\\\/\\\/elinformativotam.com\\\/wp-content\\\/uploads\\\/2026\\\/02\\\/Cabezal.png\",\"width\":960,\"height\":640,\"caption\":\"EL INFORMATIVO DE TAMAULIPAS\"},\"image\":{\"@id\":\"https:\\\/\\\/elinformativotam.com\\\/#\\\/schema\\\/logo\\\/image\\\/\"}},{\"@type\":\"Person\",\"@id\":\"https:\\\/\\\/elinformativotam.com\\\/#\\\/schema\\\/person\\\/78e08040eed0f6110f0c5f83b6153590\",\"name\":\"El Informativo Tam\",\"image\":{\"@type\":\"ImageObject\",\"inLanguage\":\"es\",\"@id\":\"https:\\\/\\\/secure.gravatar.com\\\/avatar\\\/f3b7ad3af540688955925ac610647be00b0cf41feea9c4978b73a707ee86bc53?s=96&d=mm&r=g\",\"url\":\"https:\\\/\\\/secure.gravatar.com\\\/avatar\\\/f3b7ad3af540688955925ac610647be00b0cf41feea9c4978b73a707ee86bc53?s=96&d=mm&r=g\",\"contentUrl\":\"https:\\\/\\\/secure.gravatar.com\\\/avatar\\\/f3b7ad3af540688955925ac610647be00b0cf41feea9c4978b73a707ee86bc53?s=96&d=mm&r=g\",\"caption\":\"El Informativo Tam\"}}]}<\/script>\n<!-- \/ Yoast SEO plugin. -->","yoast_head_json":{"title":"Se Activa Comando de Incidentes en Cd. Madero, Tamaulipas - EL INFORMATIVO DE TAMAULIPAS","description":"*Ante Las Posibles Afectaciones de la Tormenta Tropical \u201cAlberto\u201d &nbsp; Ciudad Madero, Tamps. \u2013 El esfuerzo conjunto de las autoridades de los 3 niveles","robots":{"index":"index","follow":"follow","max-snippet":"max-snippet:-1","max-image-preview":"max-image-preview:large","max-video-preview":"max-video-preview:-1"},"canonical":"https:\/\/elinformativotam.com\/index.php\/2024\/06\/19\/51263\/","og_locale":"es_MX","og_type":"article","og_title":"Se Activa Comando de Incidentes en Cd. Madero, Tamaulipas - EL INFORMATIVO DE TAMAULIPAS","og_description":"*Ante Las Posibles Afectaciones de la Tormenta Tropical \u201cAlberto\u201d &nbsp; Ciudad Madero, Tamps. \u2013 El esfuerzo conjunto de las autoridades de los 3 niveles","og_url":"https:\/\/elinformativotam.com\/index.php\/2024\/06\/19\/51263\/","og_site_name":"EL INFORMATIVO DE TAMAULIPAS","article_published_time":"2024-06-19T23:27:56+00:00","article_modified_time":"2024-06-19T23:28:11+00:00","og_image":[{"width":1600,"height":1200,"url":"https:\/\/elinformativotam.com\/wp-content\/uploads\/2024\/06\/IMG-20240619-WA0216.jpg","type":"image\/jpeg"}],"author":"El Informativo Tam","twitter_card":"summary_large_image","twitter_misc":{"Escrito por":"El Informativo Tam","Tiempo de lectura":"2 minutos"},"schema":{"@context":"https:\/\/schema.org","@graph":[{"@type":"Article","@id":"https:\/\/elinformativotam.com\/index.php\/2024\/06\/19\/51263\/#article","isPartOf":{"@id":"https:\/\/elinformativotam.com\/index.php\/2024\/06\/19\/51263\/"},"author":{"name":"El Informativo Tam","@id":"https:\/\/elinformativotam.com\/#\/schema\/person\/78e08040eed0f6110f0c5f83b6153590"},"headline":"Se Activa Comando de Incidentes en Cd. Madero, Tamaulipas","datePublished":"2024-06-19T23:27:56+00:00","dateModified":"2024-06-19T23:28:11+00:00","mainEntityOfPage":{"@id":"https:\/\/elinformativotam.com\/index.php\/2024\/06\/19\/51263\/"},"wordCount":375,"commentCount":0,"publisher":{"@id":"https:\/\/elinformativotam.com\/#organization"},"image":{"@id":"https:\/\/elinformativotam.com\/index.php\/2024\/06\/19\/51263\/#primaryimage"},"thumbnailUrl":"https:\/\/elinformativotam.com\/wp-content\/uploads\/2024\/06\/IMG-20240619-WA0216.jpg","articleSection":["Cd Madero"],"inLanguage":"es","potentialAction":[{"@type":"CommentAction","name":"Comment","target":["https:\/\/elinformativotam.com\/index.php\/2024\/06\/19\/51263\/#respond"]}]},{"@type":"WebPage","@id":"https:\/\/elinformativotam.com\/index.php\/2024\/06\/19\/51263\/","url":"https:\/\/elinformativotam.com\/index.php\/2024\/06\/19\/51263\/","name":"Se Activa Comando de Incidentes en Cd. Madero, Tamaulipas - EL INFORMATIVO DE TAMAULIPAS","isPartOf":{"@id":"https:\/\/elinformativotam.com\/#website"},"primaryImageOfPage":{"@id":"https:\/\/elinformativotam.com\/index.php\/2024\/06\/19\/51263\/#primaryimage"},"image":{"@id":"https:\/\/elinformativotam.com\/index.php\/2024\/06\/19\/51263\/#primaryimage"},"thumbnailUrl":"https:\/\/elinformativotam.com\/wp-content\/uploads\/2024\/06\/IMG-20240619-WA0216.jpg","datePublished":"2024-06-19T23:27:56+00:00","dateModified":"2024-06-19T23:28:11+00:00","description":"*Ante Las Posibles Afectaciones de la Tormenta Tropical \u201cAlberto\u201d &nbsp; Ciudad Madero, Tamps. \u2013 El esfuerzo conjunto de las autoridades de los 3 niveles","inLanguage":"es","potentialAction":[{"@type":"ReadAction","target":["https:\/\/elinformativotam.com\/index.php\/2024\/06\/19\/51263\/"]}]},{"@type":"ImageObject","inLanguage":"es","@id":"https:\/\/elinformativotam.com\/index.php\/2024\/06\/19\/51263\/#primaryimage","url":"https:\/\/elinformativotam.com\/wp-content\/uploads\/2024\/06\/IMG-20240619-WA0216.jpg","contentUrl":"https:\/\/elinformativotam.com\/wp-content\/uploads\/2024\/06\/IMG-20240619-WA0216.jpg","width":1600,"height":1200},{"@type":"WebSite","@id":"https:\/\/elinformativotam.com\/#website","url":"https:\/\/elinformativotam.com\/","name":"EL INFORMATIVO DE TAMAULIPAS","description":"Desde la Zona Metropolitana Para Todo M\u00e9xico","publisher":{"@id":"https:\/\/elinformativotam.com\/#organization"},"potentialAction":[{"@type":"SearchAction","target":{"@type":"EntryPoint","urlTemplate":"https:\/\/elinformativotam.com\/?s={search_term_string}"},"query-input":{"@type":"PropertyValueSpecification","valueRequired":true,"valueName":"search_term_string"}}],"inLanguage":"es"},{"@type":"Organization","@id":"https:\/\/elinformativotam.com\/#organization","name":"EL INFORMATIVO DE TAMAULIPAS","url":"https:\/\/elinformativotam.com\/","logo":{"@type":"ImageObject","inLanguage":"es","@id":"https:\/\/elinformativotam.com\/#\/schema\/logo\/image\/","url":"https:\/\/elinformativotam.com\/wp-content\/uploads\/2026\/02\/Cabezal.png","contentUrl":"https:\/\/elinformativotam.com\/wp-content\/uploads\/2026\/02\/Cabezal.png","width":960,"height":640,"caption":"EL INFORMATIVO DE TAMAULIPAS"},"image":{"@id":"https:\/\/elinformativotam.com\/#\/schema\/logo\/image\/"}},{"@type":"Person","@id":"https:\/\/elinformativotam.com\/#\/schema\/person\/78e08040eed0f6110f0c5f83b6153590","name":"El Informativo Tam","image":{"@type":"ImageObject","inLanguage":"es","@id":"https:\/\/secure.gravatar.com\/avatar\/f3b7ad3af540688955925ac610647be00b0cf41feea9c4978b73a707ee86bc53?s=96&d=mm&r=g","url":"https:\/\/secure.gravatar.com\/avatar\/f3b7ad3af540688955925ac610647be00b0cf41feea9c4978b73a707ee86bc53?s=96&d=mm&r=g","contentUrl":"https:\/\/secure.gravatar.com\/avatar\/f3b7ad3af540688955925ac610647be00b0cf41feea9c4978b73a707ee86bc53?s=96&d=mm&r=g","caption":"El Informativo Tam"}}]}},"_links":{"self":[{"href":"https:\/\/elinformativotam.com\/index.php\/wp-json\/wp\/v2\/posts\/51263","targetHints":{"allow":["GET"]}}],"collection":[{"href":"https:\/\/elinformativotam.com\/index.php\/wp-json\/wp\/v2\/posts"}],"about":[{"href":"https:\/\/elinformativotam.com\/index.php\/wp-json\/wp\/v2\/types\/post"}],"author":[{"embeddable":true,"href":"https:\/\/elinformativotam.com\/index.php\/wp-json\/wp\/v2\/users\/1"}],"replies":[{"embeddable":true,"href":"https:\/\/elinformativotam.com\/index.php\/wp-json\/wp\/v2\/comments?post=51263"}],"version-history":[{"count":2,"href":"https:\/\/elinformativotam.com\/index.php\/wp-json\/wp\/v2\/posts\/51263\/revisions"}],"predecessor-version":[{"id":51266,"href":"https:\/\/elinformativotam.com\/index.php\/wp-json\/wp\/v2\/posts\/51263\/revisions\/51266"}],"wp:featuredmedia":[{"embeddable":true,"href":"https:\/\/elinformativotam.com\/index.php\/wp-json\/wp\/v2\/media\/51264"}],"wp:attachment":[{"href":"https:\/\/elinformativotam.com\/index.php\/wp-json\/wp\/v2\/media?parent=51263"}],"wp:term":[{"taxonomy":"category","embeddable":true,"href":"https:\/\/elinformativotam.com\/index.php\/wp-json\/wp\/v2\/categories?post=51263"},{"taxonomy":"post_tag","embeddable":true,"href":"https:\/\/elinformativotam.com\/index.php\/wp-json\/wp\/v2\/tags?post=51263"}],"curies":[{"name":"wp","href":"https:\/\/api.w.org\/{rel}","templated":true}]}}