{"id":51260,"date":"2024-06-19T15:14:24","date_gmt":"2024-06-19T21:14:24","guid":{"rendered":"https:\/\/elinformativotam.com\/?p=51260"},"modified":"2024-06-19T15:14:24","modified_gmt":"2024-06-19T21:14:24","slug":"comerciantes-alertas-por-crecimiento-de-marea","status":"publish","type":"post","link":"https:\/\/elinformativotam.com\/index.php\/2024\/06\/19\/comerciantes-alertas-por-crecimiento-de-marea\/","title":{"rendered":"COMERCIANTES ALERTAS POR CRECIMIENTO DE MAREA."},"content":{"rendered":"<p>Cd. Madero, Tamaulipas.- El aumento en la marea mantiene en alerta a los comerciantes y prestadores de servicios tur\u00edsticos de playa miramar, pues esto les genera una serie de situaciones que afectan su actividad.<\/p>\n<p>&nbsp;<\/p>\n<p>El comerciante Julio Ignacio D\u00edaz, se\u00f1al\u00f3 que esto genera que el agua llegue hasta la zona de palapas, adem\u00e1s que arrastra basura, sargazo y manchas de hidrocarburo.<\/p>\n<p>&nbsp;<\/p>\n<p>Indic\u00f3 que esperan fuertes vientos y lluvia, por lo que van a cerrar sus negocios por varios d\u00edas, con la finalidad de evitar afectaciones.<\/p>\n<p>&nbsp;<\/p>\n<p>Expuso que los palaperos ya comenzaron a retirar las sillas para evitar da\u00f1os en sus estructuras, pues se\u00a0 prev\u00e9 que haya inundaciones en los estacionamientos.<\/p>\n<p>&nbsp;<\/p>\n<p>A\u00f1adi\u00f3 que s\u00ed se ven afectados por las inundaciones y el viento, pero al existir en la zona\u00a0 una crisis por falta de agua y lluvias, espera que las lagunas puedan llenarse con las precipitaciones que se esperan.<\/p>\n<p>&nbsp;<\/p>\n<p>Finalmente se dio a conocer que debido a esta situaci\u00f3n, se colocaron en las torres salvavidas banderas negras, lo que significa que la playa se encuentra cerrada para los ba\u00f1istas, pues existen muchas corrientes que\u00a0 resultan peligrosas.<\/p>\n","protected":false},"excerpt":{"rendered":"<p>Cd. Madero, Tamaulipas.- El aumento en la marea mantiene en alerta a los comerciantes y prestadores de servicios tur\u00edsticos de&hellip;<\/p>\n","protected":false},"author":1,"featured_media":51261,"comment_status":"open","ping_status":"open","sticky":false,"template":"","format":"standard","meta":{"footnotes":""},"categories":[4],"tags":[],"class_list":["post-51260","post","type-post","status-publish","format-standard","has-post-thumbnail","hentry","category-madero"],"yoast_head":"<!-- This site is optimized with the Yoast SEO plugin v27.4 - https:\/\/yoast.com\/product\/yoast-seo-wordpress\/ -->\n<title>COMERCIANTES ALERTAS POR CRECIMIENTO DE MAREA. - EL INFORMATIVO DE TAMAULIPAS<\/title>\n<meta name=\"description\" content=\"Cd. Madero, Tamaulipas.- El aumento en la marea mantiene en alerta a los comerciantes y prestadores de servicios tur\u00edsticos de playa miramar, pues esto\" \/>\n<meta name=\"robots\" content=\"index, follow, max-snippet:-1, max-image-preview:large, max-video-preview:-1\" \/>\n<link rel=\"canonical\" href=\"https:\/\/elinformativotam.com\/index.php\/2024\/06\/19\/comerciantes-alertas-por-crecimiento-de-marea\/\" \/>\n<meta property=\"og:locale\" content=\"es_MX\" \/>\n<meta property=\"og:type\" content=\"article\" \/>\n<meta property=\"og:title\" content=\"COMERCIANTES ALERTAS POR CRECIMIENTO DE MAREA. - EL INFORMATIVO DE TAMAULIPAS\" \/>\n<meta property=\"og:description\" content=\"Cd. Madero, Tamaulipas.- El aumento en la marea mantiene en alerta a los comerciantes y prestadores de servicios tur\u00edsticos de playa miramar, pues esto\" \/>\n<meta property=\"og:url\" content=\"https:\/\/elinformativotam.com\/index.php\/2024\/06\/19\/comerciantes-alertas-por-crecimiento-de-marea\/\" \/>\n<meta property=\"og:site_name\" content=\"EL INFORMATIVO DE TAMAULIPAS\" \/>\n<meta property=\"article:published_time\" content=\"2024-06-19T21:14:24+00:00\" \/>\n<meta property=\"og:image\" content=\"https:\/\/elinformativotam.com\/wp-content\/uploads\/2024\/06\/Marea.jpg\" \/>\n\t<meta property=\"og:image:width\" content=\"720\" \/>\n\t<meta property=\"og:image:height\" content=\"480\" \/>\n\t<meta property=\"og:image:type\" content=\"image\/jpeg\" \/>\n<meta name=\"author\" content=\"El Informativo Tam\" \/>\n<meta name=\"twitter:card\" content=\"summary_large_image\" \/>\n<meta name=\"twitter:label1\" content=\"Escrito por\" \/>\n\t<meta name=\"twitter:data1\" content=\"El Informativo Tam\" \/>\n\t<meta name=\"twitter:label2\" content=\"Tiempo de lectura\" \/>\n\t<meta name=\"twitter:data2\" content=\"2 minutos\" \/>\n<script type=\"application\/ld+json\" class=\"yoast-schema-graph\">{\"@context\":\"https:\\\/\\\/schema.org\",\"@graph\":[{\"@type\":\"Article\",\"@id\":\"https:\\\/\\\/elinformativotam.com\\\/index.php\\\/2024\\\/06\\\/19\\\/comerciantes-alertas-por-crecimiento-de-marea\\\/#article\",\"isPartOf\":{\"@id\":\"https:\\\/\\\/elinformativotam.com\\\/index.php\\\/2024\\\/06\\\/19\\\/comerciantes-alertas-por-crecimiento-de-marea\\\/\"},\"author\":{\"name\":\"El Informativo Tam\",\"@id\":\"https:\\\/\\\/elinformativotam.com\\\/#\\\/schema\\\/person\\\/78e08040eed0f6110f0c5f83b6153590\"},\"headline\":\"COMERCIANTES ALERTAS POR CRECIMIENTO DE MAREA.\",\"datePublished\":\"2024-06-19T21:14:24+00:00\",\"mainEntityOfPage\":{\"@id\":\"https:\\\/\\\/elinformativotam.com\\\/index.php\\\/2024\\\/06\\\/19\\\/comerciantes-alertas-por-crecimiento-de-marea\\\/\"},\"wordCount\":206,\"commentCount\":0,\"publisher\":{\"@id\":\"https:\\\/\\\/elinformativotam.com\\\/#organization\"},\"image\":{\"@id\":\"https:\\\/\\\/elinformativotam.com\\\/index.php\\\/2024\\\/06\\\/19\\\/comerciantes-alertas-por-crecimiento-de-marea\\\/#primaryimage\"},\"thumbnailUrl\":\"https:\\\/\\\/elinformativotam.com\\\/wp-content\\\/uploads\\\/2024\\\/06\\\/Marea.jpg\",\"articleSection\":[\"Cd Madero\"],\"inLanguage\":\"es\",\"potentialAction\":[{\"@type\":\"CommentAction\",\"name\":\"Comment\",\"target\":[\"https:\\\/\\\/elinformativotam.com\\\/index.php\\\/2024\\\/06\\\/19\\\/comerciantes-alertas-por-crecimiento-de-marea\\\/#respond\"]}]},{\"@type\":\"WebPage\",\"@id\":\"https:\\\/\\\/elinformativotam.com\\\/index.php\\\/2024\\\/06\\\/19\\\/comerciantes-alertas-por-crecimiento-de-marea\\\/\",\"url\":\"https:\\\/\\\/elinformativotam.com\\\/index.php\\\/2024\\\/06\\\/19\\\/comerciantes-alertas-por-crecimiento-de-marea\\\/\",\"name\":\"COMERCIANTES ALERTAS POR CRECIMIENTO DE MAREA. - EL INFORMATIVO DE TAMAULIPAS\",\"isPartOf\":{\"@id\":\"https:\\\/\\\/elinformativotam.com\\\/#website\"},\"primaryImageOfPage\":{\"@id\":\"https:\\\/\\\/elinformativotam.com\\\/index.php\\\/2024\\\/06\\\/19\\\/comerciantes-alertas-por-crecimiento-de-marea\\\/#primaryimage\"},\"image\":{\"@id\":\"https:\\\/\\\/elinformativotam.com\\\/index.php\\\/2024\\\/06\\\/19\\\/comerciantes-alertas-por-crecimiento-de-marea\\\/#primaryimage\"},\"thumbnailUrl\":\"https:\\\/\\\/elinformativotam.com\\\/wp-content\\\/uploads\\\/2024\\\/06\\\/Marea.jpg\",\"datePublished\":\"2024-06-19T21:14:24+00:00\",\"description\":\"Cd. Madero, Tamaulipas.- El aumento en la marea mantiene en alerta a los comerciantes y prestadores de servicios tur\u00edsticos de playa miramar, pues esto\",\"inLanguage\":\"es\",\"potentialAction\":[{\"@type\":\"ReadAction\",\"target\":[\"https:\\\/\\\/elinformativotam.com\\\/index.php\\\/2024\\\/06\\\/19\\\/comerciantes-alertas-por-crecimiento-de-marea\\\/\"]}]},{\"@type\":\"ImageObject\",\"inLanguage\":\"es\",\"@id\":\"https:\\\/\\\/elinformativotam.com\\\/index.php\\\/2024\\\/06\\\/19\\\/comerciantes-alertas-por-crecimiento-de-marea\\\/#primaryimage\",\"url\":\"https:\\\/\\\/elinformativotam.com\\\/wp-content\\\/uploads\\\/2024\\\/06\\\/Marea.jpg\",\"contentUrl\":\"https:\\\/\\\/elinformativotam.com\\\/wp-content\\\/uploads\\\/2024\\\/06\\\/Marea.jpg\",\"width\":720,\"height\":480},{\"@type\":\"WebSite\",\"@id\":\"https:\\\/\\\/elinformativotam.com\\\/#website\",\"url\":\"https:\\\/\\\/elinformativotam.com\\\/\",\"name\":\"EL INFORMATIVO DE TAMAULIPAS\",\"description\":\"Desde la Zona Metropolitana Para Todo M\u00e9xico\",\"publisher\":{\"@id\":\"https:\\\/\\\/elinformativotam.com\\\/#organization\"},\"potentialAction\":[{\"@type\":\"SearchAction\",\"target\":{\"@type\":\"EntryPoint\",\"urlTemplate\":\"https:\\\/\\\/elinformativotam.com\\\/?s={search_term_string}\"},\"query-input\":{\"@type\":\"PropertyValueSpecification\",\"valueRequired\":true,\"valueName\":\"search_term_string\"}}],\"inLanguage\":\"es\"},{\"@type\":\"Organization\",\"@id\":\"https:\\\/\\\/elinformativotam.com\\\/#organization\",\"name\":\"EL INFORMATIVO DE TAMAULIPAS\",\"url\":\"https:\\\/\\\/elinformativotam.com\\\/\",\"logo\":{\"@type\":\"ImageObject\",\"inLanguage\":\"es\",\"@id\":\"https:\\\/\\\/elinformativotam.com\\\/#\\\/schema\\\/logo\\\/image\\\/\",\"url\":\"https:\\\/\\\/elinformativotam.com\\\/wp-content\\\/uploads\\\/2026\\\/02\\\/Cabezal.png\",\"contentUrl\":\"https:\\\/\\\/elinformativotam.com\\\/wp-content\\\/uploads\\\/2026\\\/02\\\/Cabezal.png\",\"width\":960,\"height\":640,\"caption\":\"EL INFORMATIVO DE TAMAULIPAS\"},\"image\":{\"@id\":\"https:\\\/\\\/elinformativotam.com\\\/#\\\/schema\\\/logo\\\/image\\\/\"}},{\"@type\":\"Person\",\"@id\":\"https:\\\/\\\/elinformativotam.com\\\/#\\\/schema\\\/person\\\/78e08040eed0f6110f0c5f83b6153590\",\"name\":\"El Informativo Tam\",\"image\":{\"@type\":\"ImageObject\",\"inLanguage\":\"es\",\"@id\":\"https:\\\/\\\/secure.gravatar.com\\\/avatar\\\/f3b7ad3af540688955925ac610647be00b0cf41feea9c4978b73a707ee86bc53?s=96&d=mm&r=g\",\"url\":\"https:\\\/\\\/secure.gravatar.com\\\/avatar\\\/f3b7ad3af540688955925ac610647be00b0cf41feea9c4978b73a707ee86bc53?s=96&d=mm&r=g\",\"contentUrl\":\"https:\\\/\\\/secure.gravatar.com\\\/avatar\\\/f3b7ad3af540688955925ac610647be00b0cf41feea9c4978b73a707ee86bc53?s=96&d=mm&r=g\",\"caption\":\"El Informativo Tam\"}}]}<\/script>\n<!-- \/ Yoast SEO plugin. -->","yoast_head_json":{"title":"COMERCIANTES ALERTAS POR CRECIMIENTO DE MAREA. - EL INFORMATIVO DE TAMAULIPAS","description":"Cd. Madero, Tamaulipas.- El aumento en la marea mantiene en alerta a los comerciantes y prestadores de servicios tur\u00edsticos de playa miramar, pues esto","robots":{"index":"index","follow":"follow","max-snippet":"max-snippet:-1","max-image-preview":"max-image-preview:large","max-video-preview":"max-video-preview:-1"},"canonical":"https:\/\/elinformativotam.com\/index.php\/2024\/06\/19\/comerciantes-alertas-por-crecimiento-de-marea\/","og_locale":"es_MX","og_type":"article","og_title":"COMERCIANTES ALERTAS POR CRECIMIENTO DE MAREA. - EL INFORMATIVO DE TAMAULIPAS","og_description":"Cd. Madero, Tamaulipas.- El aumento en la marea mantiene en alerta a los comerciantes y prestadores de servicios tur\u00edsticos de playa miramar, pues esto","og_url":"https:\/\/elinformativotam.com\/index.php\/2024\/06\/19\/comerciantes-alertas-por-crecimiento-de-marea\/","og_site_name":"EL INFORMATIVO DE TAMAULIPAS","article_published_time":"2024-06-19T21:14:24+00:00","og_image":[{"width":720,"height":480,"url":"https:\/\/elinformativotam.com\/wp-content\/uploads\/2024\/06\/Marea.jpg","type":"image\/jpeg"}],"author":"El Informativo Tam","twitter_card":"summary_large_image","twitter_misc":{"Escrito por":"El Informativo Tam","Tiempo de lectura":"2 minutos"},"schema":{"@context":"https:\/\/schema.org","@graph":[{"@type":"Article","@id":"https:\/\/elinformativotam.com\/index.php\/2024\/06\/19\/comerciantes-alertas-por-crecimiento-de-marea\/#article","isPartOf":{"@id":"https:\/\/elinformativotam.com\/index.php\/2024\/06\/19\/comerciantes-alertas-por-crecimiento-de-marea\/"},"author":{"name":"El Informativo Tam","@id":"https:\/\/elinformativotam.com\/#\/schema\/person\/78e08040eed0f6110f0c5f83b6153590"},"headline":"COMERCIANTES ALERTAS POR CRECIMIENTO DE MAREA.","datePublished":"2024-06-19T21:14:24+00:00","mainEntityOfPage":{"@id":"https:\/\/elinformativotam.com\/index.php\/2024\/06\/19\/comerciantes-alertas-por-crecimiento-de-marea\/"},"wordCount":206,"commentCount":0,"publisher":{"@id":"https:\/\/elinformativotam.com\/#organization"},"image":{"@id":"https:\/\/elinformativotam.com\/index.php\/2024\/06\/19\/comerciantes-alertas-por-crecimiento-de-marea\/#primaryimage"},"thumbnailUrl":"https:\/\/elinformativotam.com\/wp-content\/uploads\/2024\/06\/Marea.jpg","articleSection":["Cd Madero"],"inLanguage":"es","potentialAction":[{"@type":"CommentAction","name":"Comment","target":["https:\/\/elinformativotam.com\/index.php\/2024\/06\/19\/comerciantes-alertas-por-crecimiento-de-marea\/#respond"]}]},{"@type":"WebPage","@id":"https:\/\/elinformativotam.com\/index.php\/2024\/06\/19\/comerciantes-alertas-por-crecimiento-de-marea\/","url":"https:\/\/elinformativotam.com\/index.php\/2024\/06\/19\/comerciantes-alertas-por-crecimiento-de-marea\/","name":"COMERCIANTES ALERTAS POR CRECIMIENTO DE MAREA. - EL INFORMATIVO DE TAMAULIPAS","isPartOf":{"@id":"https:\/\/elinformativotam.com\/#website"},"primaryImageOfPage":{"@id":"https:\/\/elinformativotam.com\/index.php\/2024\/06\/19\/comerciantes-alertas-por-crecimiento-de-marea\/#primaryimage"},"image":{"@id":"https:\/\/elinformativotam.com\/index.php\/2024\/06\/19\/comerciantes-alertas-por-crecimiento-de-marea\/#primaryimage"},"thumbnailUrl":"https:\/\/elinformativotam.com\/wp-content\/uploads\/2024\/06\/Marea.jpg","datePublished":"2024-06-19T21:14:24+00:00","description":"Cd. Madero, Tamaulipas.- El aumento en la marea mantiene en alerta a los comerciantes y prestadores de servicios tur\u00edsticos de playa miramar, pues esto","inLanguage":"es","potentialAction":[{"@type":"ReadAction","target":["https:\/\/elinformativotam.com\/index.php\/2024\/06\/19\/comerciantes-alertas-por-crecimiento-de-marea\/"]}]},{"@type":"ImageObject","inLanguage":"es","@id":"https:\/\/elinformativotam.com\/index.php\/2024\/06\/19\/comerciantes-alertas-por-crecimiento-de-marea\/#primaryimage","url":"https:\/\/elinformativotam.com\/wp-content\/uploads\/2024\/06\/Marea.jpg","contentUrl":"https:\/\/elinformativotam.com\/wp-content\/uploads\/2024\/06\/Marea.jpg","width":720,"height":480},{"@type":"WebSite","@id":"https:\/\/elinformativotam.com\/#website","url":"https:\/\/elinformativotam.com\/","name":"EL INFORMATIVO DE TAMAULIPAS","description":"Desde la Zona Metropolitana Para Todo M\u00e9xico","publisher":{"@id":"https:\/\/elinformativotam.com\/#organization"},"potentialAction":[{"@type":"SearchAction","target":{"@type":"EntryPoint","urlTemplate":"https:\/\/elinformativotam.com\/?s={search_term_string}"},"query-input":{"@type":"PropertyValueSpecification","valueRequired":true,"valueName":"search_term_string"}}],"inLanguage":"es"},{"@type":"Organization","@id":"https:\/\/elinformativotam.com\/#organization","name":"EL INFORMATIVO DE TAMAULIPAS","url":"https:\/\/elinformativotam.com\/","logo":{"@type":"ImageObject","inLanguage":"es","@id":"https:\/\/elinformativotam.com\/#\/schema\/logo\/image\/","url":"https:\/\/elinformativotam.com\/wp-content\/uploads\/2026\/02\/Cabezal.png","contentUrl":"https:\/\/elinformativotam.com\/wp-content\/uploads\/2026\/02\/Cabezal.png","width":960,"height":640,"caption":"EL INFORMATIVO DE TAMAULIPAS"},"image":{"@id":"https:\/\/elinformativotam.com\/#\/schema\/logo\/image\/"}},{"@type":"Person","@id":"https:\/\/elinformativotam.com\/#\/schema\/person\/78e08040eed0f6110f0c5f83b6153590","name":"El Informativo Tam","image":{"@type":"ImageObject","inLanguage":"es","@id":"https:\/\/secure.gravatar.com\/avatar\/f3b7ad3af540688955925ac610647be00b0cf41feea9c4978b73a707ee86bc53?s=96&d=mm&r=g","url":"https:\/\/secure.gravatar.com\/avatar\/f3b7ad3af540688955925ac610647be00b0cf41feea9c4978b73a707ee86bc53?s=96&d=mm&r=g","contentUrl":"https:\/\/secure.gravatar.com\/avatar\/f3b7ad3af540688955925ac610647be00b0cf41feea9c4978b73a707ee86bc53?s=96&d=mm&r=g","caption":"El Informativo Tam"}}]}},"_links":{"self":[{"href":"https:\/\/elinformativotam.com\/index.php\/wp-json\/wp\/v2\/posts\/51260","targetHints":{"allow":["GET"]}}],"collection":[{"href":"https:\/\/elinformativotam.com\/index.php\/wp-json\/wp\/v2\/posts"}],"about":[{"href":"https:\/\/elinformativotam.com\/index.php\/wp-json\/wp\/v2\/types\/post"}],"author":[{"embeddable":true,"href":"https:\/\/elinformativotam.com\/index.php\/wp-json\/wp\/v2\/users\/1"}],"replies":[{"embeddable":true,"href":"https:\/\/elinformativotam.com\/index.php\/wp-json\/wp\/v2\/comments?post=51260"}],"version-history":[{"count":1,"href":"https:\/\/elinformativotam.com\/index.php\/wp-json\/wp\/v2\/posts\/51260\/revisions"}],"predecessor-version":[{"id":51262,"href":"https:\/\/elinformativotam.com\/index.php\/wp-json\/wp\/v2\/posts\/51260\/revisions\/51262"}],"wp:featuredmedia":[{"embeddable":true,"href":"https:\/\/elinformativotam.com\/index.php\/wp-json\/wp\/v2\/media\/51261"}],"wp:attachment":[{"href":"https:\/\/elinformativotam.com\/index.php\/wp-json\/wp\/v2\/media?parent=51260"}],"wp:term":[{"taxonomy":"category","embeddable":true,"href":"https:\/\/elinformativotam.com\/index.php\/wp-json\/wp\/v2\/categories?post=51260"},{"taxonomy":"post_tag","embeddable":true,"href":"https:\/\/elinformativotam.com\/index.php\/wp-json\/wp\/v2\/tags?post=51260"}],"curies":[{"name":"wp","href":"https:\/\/api.w.org\/{rel}","templated":true}]}}