{"id":51254,"date":"2024-06-19T15:08:35","date_gmt":"2024-06-19T21:08:35","guid":{"rendered":"https:\/\/elinformativotam.com\/?p=51254"},"modified":"2024-06-19T15:08:35","modified_gmt":"2024-06-19T21:08:35","slug":"preven-aumento-de-permisos-para-eventos-por-temporada-de-fin-de-cursos","status":"publish","type":"post","link":"https:\/\/elinformativotam.com\/index.php\/2024\/06\/19\/preven-aumento-de-permisos-para-eventos-por-temporada-de-fin-de-cursos\/","title":{"rendered":"PREV\u00c9N AUMENTO DE PERMISOS PARA EVENTOS POR TEMPORADA DE FIN DE CURSOS"},"content":{"rendered":"<h2 style=\"text-align: center;\"><em><span style=\"font-family: 'times new roman', times;\">*Exhortan A Los Due\u00f1os De Salones, Albercas Y De Eventos A Regularizarse En El \u00c1rea De Alcoholes Del Municipio Porte\u00f1o<\/span><\/em><\/h2>\n<p>&nbsp;<\/p>\n<p>&nbsp;<\/p>\n<p>Las fiestas que ya comienzan a celebrarse en Tampico, por el fin del ciclo escolar o las llamadas graduaciones, prev\u00e9n un aumento del 50% para las pr\u00f3ximas semanas, y por ende el tr\u00e1mite de permisos para eventos donde se consuma alcohol, se\u00f1al\u00f3 Humberto Barrios Bolado.<\/p>\n<p>&nbsp;<\/p>\n<p>El Jefe de alcoholes del municipio porte\u00f1o, destac\u00f3 que ya comenzaron a registrarse los primeros tr\u00e1mites de permisos por la temporada de graduaciones escolares, pues las estimaciones apuntan a qu\u00e9 habr\u00e1 un incremento del 50% en dichos tr\u00e1mites.<\/p>\n<p>&nbsp;<\/p>\n<p>Dijo que aunado a la temporada vacacional de verano, que est\u00e1 por comenzar, el incremento por el movimiento de permisos para el consumo de alcohol en eventos privados es positivo<\/p>\n<p>&nbsp;<\/p>\n<p>Destac\u00f3 que la oficina que representa ha logrado establecer un orden administrativo en muchos negocios, como albercas, salones de eventos y de fiestas, que antes incurrian en una falta de tipo administrativo.<\/p>\n<p>&nbsp;<\/p>\n<p>Abund\u00f3, que hoy m\u00e1s de 100 negocios empadronados est\u00e1n dentro de la ley, al contar con responsabilidades de tipo fiscal, jur\u00eddica y ante la autoridad municipal<\/p>\n<p>&nbsp;<\/p>\n<p>&#8220;Hoy est\u00e1n regulados y con toda la normatividad pueden ejercer esos giros&#8221;, resalt\u00f3<\/p>\n<p>&nbsp;<\/p>\n<p>Barrios, dej\u00f3 claro que a\u00fan hay mucho por hacer en esa \u00e1rea municipal, pues a\u00fan hay negocios que son considerados como clandestinos, qu\u00e9 operan en varios puntos de la ciudad.<\/p>\n<p>&nbsp;<\/p>\n<p>&#8220;Nosotros estamos invitando a los due\u00f1os de esos establecimientos a qu\u00e9 se acerquen a realizar los tr\u00e1mites debidos, y se regularicen&#8221;, acot\u00f3<\/p>\n<p>&nbsp;<\/p>\n<p>Puntualiz\u00f3 que al ser una \u00e1rea municipal totalmente administrativa, las multas por operar al margen de la ley frisa los 190 mil pesos, cuando un permiso para evento cuesta 1, 087 pesos&#8221;, dijo<\/p>\n","protected":false},"excerpt":{"rendered":"<p>*Exhortan A Los Due\u00f1os De Salones, Albercas Y De Eventos A Regularizarse En El \u00c1rea De Alcoholes Del Municipio Porte\u00f1o&hellip;<\/p>\n","protected":false},"author":1,"featured_media":51255,"comment_status":"open","ping_status":"open","sticky":false,"template":"","format":"standard","meta":{"footnotes":""},"categories":[3],"tags":[],"class_list":["post-51254","post","type-post","status-publish","format-standard","has-post-thumbnail","hentry","category-tampico"],"yoast_head":"<!-- This site is optimized with the Yoast SEO plugin v27.4 - https:\/\/yoast.com\/product\/yoast-seo-wordpress\/ -->\n<title>PREV\u00c9N AUMENTO DE PERMISOS PARA EVENTOS POR TEMPORADA DE FIN DE CURSOS - EL INFORMATIVO DE TAMAULIPAS<\/title>\n<meta name=\"description\" content=\"*Exhortan A Los Due\u00f1os De Salones, Albercas Y De Eventos A Regularizarse En El \u00c1rea De Alcoholes Del Municipio Porte\u00f1o &nbsp; &nbsp; Las fiestas que ya\" \/>\n<meta name=\"robots\" content=\"index, follow, max-snippet:-1, max-image-preview:large, max-video-preview:-1\" \/>\n<link rel=\"canonical\" href=\"https:\/\/elinformativotam.com\/index.php\/2024\/06\/19\/preven-aumento-de-permisos-para-eventos-por-temporada-de-fin-de-cursos\/\" \/>\n<meta property=\"og:locale\" content=\"es_MX\" \/>\n<meta property=\"og:type\" content=\"article\" \/>\n<meta property=\"og:title\" content=\"PREV\u00c9N AUMENTO DE PERMISOS PARA EVENTOS POR TEMPORADA DE FIN DE CURSOS - EL INFORMATIVO DE TAMAULIPAS\" \/>\n<meta property=\"og:description\" content=\"*Exhortan A Los Due\u00f1os De Salones, Albercas Y De Eventos A Regularizarse En El \u00c1rea De Alcoholes Del Municipio Porte\u00f1o &nbsp; &nbsp; Las fiestas que ya\" \/>\n<meta property=\"og:url\" content=\"https:\/\/elinformativotam.com\/index.php\/2024\/06\/19\/preven-aumento-de-permisos-para-eventos-por-temporada-de-fin-de-cursos\/\" \/>\n<meta property=\"og:site_name\" content=\"EL INFORMATIVO DE TAMAULIPAS\" \/>\n<meta property=\"article:published_time\" content=\"2024-06-19T21:08:35+00:00\" \/>\n<meta property=\"og:image\" content=\"https:\/\/elinformativotam.com\/wp-content\/uploads\/2024\/06\/Barrios.jpg\" \/>\n\t<meta property=\"og:image:width\" content=\"1600\" \/>\n\t<meta property=\"og:image:height\" content=\"1204\" \/>\n\t<meta property=\"og:image:type\" content=\"image\/jpeg\" \/>\n<meta name=\"author\" content=\"El Informativo Tam\" \/>\n<meta name=\"twitter:card\" content=\"summary_large_image\" \/>\n<meta name=\"twitter:label1\" content=\"Escrito por\" \/>\n\t<meta name=\"twitter:data1\" content=\"El Informativo Tam\" \/>\n\t<meta name=\"twitter:label2\" content=\"Tiempo de lectura\" \/>\n\t<meta name=\"twitter:data2\" content=\"2 minutos\" \/>\n<script type=\"application\/ld+json\" class=\"yoast-schema-graph\">{\"@context\":\"https:\\\/\\\/schema.org\",\"@graph\":[{\"@type\":\"Article\",\"@id\":\"https:\\\/\\\/elinformativotam.com\\\/index.php\\\/2024\\\/06\\\/19\\\/preven-aumento-de-permisos-para-eventos-por-temporada-de-fin-de-cursos\\\/#article\",\"isPartOf\":{\"@id\":\"https:\\\/\\\/elinformativotam.com\\\/index.php\\\/2024\\\/06\\\/19\\\/preven-aumento-de-permisos-para-eventos-por-temporada-de-fin-de-cursos\\\/\"},\"author\":{\"name\":\"El Informativo Tam\",\"@id\":\"https:\\\/\\\/elinformativotam.com\\\/#\\\/schema\\\/person\\\/78e08040eed0f6110f0c5f83b6153590\"},\"headline\":\"PREV\u00c9N AUMENTO DE PERMISOS PARA EVENTOS POR TEMPORADA DE FIN DE CURSOS\",\"datePublished\":\"2024-06-19T21:08:35+00:00\",\"mainEntityOfPage\":{\"@id\":\"https:\\\/\\\/elinformativotam.com\\\/index.php\\\/2024\\\/06\\\/19\\\/preven-aumento-de-permisos-para-eventos-por-temporada-de-fin-de-cursos\\\/\"},\"wordCount\":323,\"commentCount\":0,\"publisher\":{\"@id\":\"https:\\\/\\\/elinformativotam.com\\\/#organization\"},\"image\":{\"@id\":\"https:\\\/\\\/elinformativotam.com\\\/index.php\\\/2024\\\/06\\\/19\\\/preven-aumento-de-permisos-para-eventos-por-temporada-de-fin-de-cursos\\\/#primaryimage\"},\"thumbnailUrl\":\"https:\\\/\\\/elinformativotam.com\\\/wp-content\\\/uploads\\\/2024\\\/06\\\/Barrios.jpg\",\"articleSection\":[\"Tampico\"],\"inLanguage\":\"es\",\"potentialAction\":[{\"@type\":\"CommentAction\",\"name\":\"Comment\",\"target\":[\"https:\\\/\\\/elinformativotam.com\\\/index.php\\\/2024\\\/06\\\/19\\\/preven-aumento-de-permisos-para-eventos-por-temporada-de-fin-de-cursos\\\/#respond\"]}]},{\"@type\":\"WebPage\",\"@id\":\"https:\\\/\\\/elinformativotam.com\\\/index.php\\\/2024\\\/06\\\/19\\\/preven-aumento-de-permisos-para-eventos-por-temporada-de-fin-de-cursos\\\/\",\"url\":\"https:\\\/\\\/elinformativotam.com\\\/index.php\\\/2024\\\/06\\\/19\\\/preven-aumento-de-permisos-para-eventos-por-temporada-de-fin-de-cursos\\\/\",\"name\":\"PREV\u00c9N AUMENTO DE PERMISOS PARA EVENTOS POR TEMPORADA DE FIN DE CURSOS - EL INFORMATIVO DE TAMAULIPAS\",\"isPartOf\":{\"@id\":\"https:\\\/\\\/elinformativotam.com\\\/#website\"},\"primaryImageOfPage\":{\"@id\":\"https:\\\/\\\/elinformativotam.com\\\/index.php\\\/2024\\\/06\\\/19\\\/preven-aumento-de-permisos-para-eventos-por-temporada-de-fin-de-cursos\\\/#primaryimage\"},\"image\":{\"@id\":\"https:\\\/\\\/elinformativotam.com\\\/index.php\\\/2024\\\/06\\\/19\\\/preven-aumento-de-permisos-para-eventos-por-temporada-de-fin-de-cursos\\\/#primaryimage\"},\"thumbnailUrl\":\"https:\\\/\\\/elinformativotam.com\\\/wp-content\\\/uploads\\\/2024\\\/06\\\/Barrios.jpg\",\"datePublished\":\"2024-06-19T21:08:35+00:00\",\"description\":\"*Exhortan A Los Due\u00f1os De Salones, Albercas Y De Eventos A Regularizarse En El \u00c1rea De Alcoholes Del Municipio Porte\u00f1o &nbsp; &nbsp; Las fiestas que ya\",\"inLanguage\":\"es\",\"potentialAction\":[{\"@type\":\"ReadAction\",\"target\":[\"https:\\\/\\\/elinformativotam.com\\\/index.php\\\/2024\\\/06\\\/19\\\/preven-aumento-de-permisos-para-eventos-por-temporada-de-fin-de-cursos\\\/\"]}]},{\"@type\":\"ImageObject\",\"inLanguage\":\"es\",\"@id\":\"https:\\\/\\\/elinformativotam.com\\\/index.php\\\/2024\\\/06\\\/19\\\/preven-aumento-de-permisos-para-eventos-por-temporada-de-fin-de-cursos\\\/#primaryimage\",\"url\":\"https:\\\/\\\/elinformativotam.com\\\/wp-content\\\/uploads\\\/2024\\\/06\\\/Barrios.jpg\",\"contentUrl\":\"https:\\\/\\\/elinformativotam.com\\\/wp-content\\\/uploads\\\/2024\\\/06\\\/Barrios.jpg\",\"width\":1600,\"height\":1204},{\"@type\":\"WebSite\",\"@id\":\"https:\\\/\\\/elinformativotam.com\\\/#website\",\"url\":\"https:\\\/\\\/elinformativotam.com\\\/\",\"name\":\"EL INFORMATIVO DE TAMAULIPAS\",\"description\":\"Desde la Zona Metropolitana Para Todo M\u00e9xico\",\"publisher\":{\"@id\":\"https:\\\/\\\/elinformativotam.com\\\/#organization\"},\"potentialAction\":[{\"@type\":\"SearchAction\",\"target\":{\"@type\":\"EntryPoint\",\"urlTemplate\":\"https:\\\/\\\/elinformativotam.com\\\/?s={search_term_string}\"},\"query-input\":{\"@type\":\"PropertyValueSpecification\",\"valueRequired\":true,\"valueName\":\"search_term_string\"}}],\"inLanguage\":\"es\"},{\"@type\":\"Organization\",\"@id\":\"https:\\\/\\\/elinformativotam.com\\\/#organization\",\"name\":\"EL INFORMATIVO DE TAMAULIPAS\",\"url\":\"https:\\\/\\\/elinformativotam.com\\\/\",\"logo\":{\"@type\":\"ImageObject\",\"inLanguage\":\"es\",\"@id\":\"https:\\\/\\\/elinformativotam.com\\\/#\\\/schema\\\/logo\\\/image\\\/\",\"url\":\"https:\\\/\\\/elinformativotam.com\\\/wp-content\\\/uploads\\\/2026\\\/02\\\/Cabezal.png\",\"contentUrl\":\"https:\\\/\\\/elinformativotam.com\\\/wp-content\\\/uploads\\\/2026\\\/02\\\/Cabezal.png\",\"width\":960,\"height\":640,\"caption\":\"EL INFORMATIVO DE TAMAULIPAS\"},\"image\":{\"@id\":\"https:\\\/\\\/elinformativotam.com\\\/#\\\/schema\\\/logo\\\/image\\\/\"}},{\"@type\":\"Person\",\"@id\":\"https:\\\/\\\/elinformativotam.com\\\/#\\\/schema\\\/person\\\/78e08040eed0f6110f0c5f83b6153590\",\"name\":\"El Informativo Tam\",\"image\":{\"@type\":\"ImageObject\",\"inLanguage\":\"es\",\"@id\":\"https:\\\/\\\/secure.gravatar.com\\\/avatar\\\/f3b7ad3af540688955925ac610647be00b0cf41feea9c4978b73a707ee86bc53?s=96&d=mm&r=g\",\"url\":\"https:\\\/\\\/secure.gravatar.com\\\/avatar\\\/f3b7ad3af540688955925ac610647be00b0cf41feea9c4978b73a707ee86bc53?s=96&d=mm&r=g\",\"contentUrl\":\"https:\\\/\\\/secure.gravatar.com\\\/avatar\\\/f3b7ad3af540688955925ac610647be00b0cf41feea9c4978b73a707ee86bc53?s=96&d=mm&r=g\",\"caption\":\"El Informativo Tam\"}}]}<\/script>\n<!-- \/ Yoast SEO plugin. -->","yoast_head_json":{"title":"PREV\u00c9N AUMENTO DE PERMISOS PARA EVENTOS POR TEMPORADA DE FIN DE CURSOS - EL INFORMATIVO DE TAMAULIPAS","description":"*Exhortan A Los Due\u00f1os De Salones, Albercas Y De Eventos A Regularizarse En El \u00c1rea De Alcoholes Del Municipio Porte\u00f1o &nbsp; &nbsp; Las fiestas que ya","robots":{"index":"index","follow":"follow","max-snippet":"max-snippet:-1","max-image-preview":"max-image-preview:large","max-video-preview":"max-video-preview:-1"},"canonical":"https:\/\/elinformativotam.com\/index.php\/2024\/06\/19\/preven-aumento-de-permisos-para-eventos-por-temporada-de-fin-de-cursos\/","og_locale":"es_MX","og_type":"article","og_title":"PREV\u00c9N AUMENTO DE PERMISOS PARA EVENTOS POR TEMPORADA DE FIN DE CURSOS - EL INFORMATIVO DE TAMAULIPAS","og_description":"*Exhortan A Los Due\u00f1os De Salones, Albercas Y De Eventos A Regularizarse En El \u00c1rea De Alcoholes Del Municipio Porte\u00f1o &nbsp; &nbsp; Las fiestas que ya","og_url":"https:\/\/elinformativotam.com\/index.php\/2024\/06\/19\/preven-aumento-de-permisos-para-eventos-por-temporada-de-fin-de-cursos\/","og_site_name":"EL INFORMATIVO DE TAMAULIPAS","article_published_time":"2024-06-19T21:08:35+00:00","og_image":[{"width":1600,"height":1204,"url":"https:\/\/elinformativotam.com\/wp-content\/uploads\/2024\/06\/Barrios.jpg","type":"image\/jpeg"}],"author":"El Informativo Tam","twitter_card":"summary_large_image","twitter_misc":{"Escrito por":"El Informativo Tam","Tiempo de lectura":"2 minutos"},"schema":{"@context":"https:\/\/schema.org","@graph":[{"@type":"Article","@id":"https:\/\/elinformativotam.com\/index.php\/2024\/06\/19\/preven-aumento-de-permisos-para-eventos-por-temporada-de-fin-de-cursos\/#article","isPartOf":{"@id":"https:\/\/elinformativotam.com\/index.php\/2024\/06\/19\/preven-aumento-de-permisos-para-eventos-por-temporada-de-fin-de-cursos\/"},"author":{"name":"El Informativo Tam","@id":"https:\/\/elinformativotam.com\/#\/schema\/person\/78e08040eed0f6110f0c5f83b6153590"},"headline":"PREV\u00c9N AUMENTO DE PERMISOS PARA EVENTOS POR TEMPORADA DE FIN DE CURSOS","datePublished":"2024-06-19T21:08:35+00:00","mainEntityOfPage":{"@id":"https:\/\/elinformativotam.com\/index.php\/2024\/06\/19\/preven-aumento-de-permisos-para-eventos-por-temporada-de-fin-de-cursos\/"},"wordCount":323,"commentCount":0,"publisher":{"@id":"https:\/\/elinformativotam.com\/#organization"},"image":{"@id":"https:\/\/elinformativotam.com\/index.php\/2024\/06\/19\/preven-aumento-de-permisos-para-eventos-por-temporada-de-fin-de-cursos\/#primaryimage"},"thumbnailUrl":"https:\/\/elinformativotam.com\/wp-content\/uploads\/2024\/06\/Barrios.jpg","articleSection":["Tampico"],"inLanguage":"es","potentialAction":[{"@type":"CommentAction","name":"Comment","target":["https:\/\/elinformativotam.com\/index.php\/2024\/06\/19\/preven-aumento-de-permisos-para-eventos-por-temporada-de-fin-de-cursos\/#respond"]}]},{"@type":"WebPage","@id":"https:\/\/elinformativotam.com\/index.php\/2024\/06\/19\/preven-aumento-de-permisos-para-eventos-por-temporada-de-fin-de-cursos\/","url":"https:\/\/elinformativotam.com\/index.php\/2024\/06\/19\/preven-aumento-de-permisos-para-eventos-por-temporada-de-fin-de-cursos\/","name":"PREV\u00c9N AUMENTO DE PERMISOS PARA EVENTOS POR TEMPORADA DE FIN DE CURSOS - EL INFORMATIVO DE TAMAULIPAS","isPartOf":{"@id":"https:\/\/elinformativotam.com\/#website"},"primaryImageOfPage":{"@id":"https:\/\/elinformativotam.com\/index.php\/2024\/06\/19\/preven-aumento-de-permisos-para-eventos-por-temporada-de-fin-de-cursos\/#primaryimage"},"image":{"@id":"https:\/\/elinformativotam.com\/index.php\/2024\/06\/19\/preven-aumento-de-permisos-para-eventos-por-temporada-de-fin-de-cursos\/#primaryimage"},"thumbnailUrl":"https:\/\/elinformativotam.com\/wp-content\/uploads\/2024\/06\/Barrios.jpg","datePublished":"2024-06-19T21:08:35+00:00","description":"*Exhortan A Los Due\u00f1os De Salones, Albercas Y De Eventos A Regularizarse En El \u00c1rea De Alcoholes Del Municipio Porte\u00f1o &nbsp; &nbsp; Las fiestas que ya","inLanguage":"es","potentialAction":[{"@type":"ReadAction","target":["https:\/\/elinformativotam.com\/index.php\/2024\/06\/19\/preven-aumento-de-permisos-para-eventos-por-temporada-de-fin-de-cursos\/"]}]},{"@type":"ImageObject","inLanguage":"es","@id":"https:\/\/elinformativotam.com\/index.php\/2024\/06\/19\/preven-aumento-de-permisos-para-eventos-por-temporada-de-fin-de-cursos\/#primaryimage","url":"https:\/\/elinformativotam.com\/wp-content\/uploads\/2024\/06\/Barrios.jpg","contentUrl":"https:\/\/elinformativotam.com\/wp-content\/uploads\/2024\/06\/Barrios.jpg","width":1600,"height":1204},{"@type":"WebSite","@id":"https:\/\/elinformativotam.com\/#website","url":"https:\/\/elinformativotam.com\/","name":"EL INFORMATIVO DE TAMAULIPAS","description":"Desde la Zona Metropolitana Para Todo M\u00e9xico","publisher":{"@id":"https:\/\/elinformativotam.com\/#organization"},"potentialAction":[{"@type":"SearchAction","target":{"@type":"EntryPoint","urlTemplate":"https:\/\/elinformativotam.com\/?s={search_term_string}"},"query-input":{"@type":"PropertyValueSpecification","valueRequired":true,"valueName":"search_term_string"}}],"inLanguage":"es"},{"@type":"Organization","@id":"https:\/\/elinformativotam.com\/#organization","name":"EL INFORMATIVO DE TAMAULIPAS","url":"https:\/\/elinformativotam.com\/","logo":{"@type":"ImageObject","inLanguage":"es","@id":"https:\/\/elinformativotam.com\/#\/schema\/logo\/image\/","url":"https:\/\/elinformativotam.com\/wp-content\/uploads\/2026\/02\/Cabezal.png","contentUrl":"https:\/\/elinformativotam.com\/wp-content\/uploads\/2026\/02\/Cabezal.png","width":960,"height":640,"caption":"EL INFORMATIVO DE TAMAULIPAS"},"image":{"@id":"https:\/\/elinformativotam.com\/#\/schema\/logo\/image\/"}},{"@type":"Person","@id":"https:\/\/elinformativotam.com\/#\/schema\/person\/78e08040eed0f6110f0c5f83b6153590","name":"El Informativo Tam","image":{"@type":"ImageObject","inLanguage":"es","@id":"https:\/\/secure.gravatar.com\/avatar\/f3b7ad3af540688955925ac610647be00b0cf41feea9c4978b73a707ee86bc53?s=96&d=mm&r=g","url":"https:\/\/secure.gravatar.com\/avatar\/f3b7ad3af540688955925ac610647be00b0cf41feea9c4978b73a707ee86bc53?s=96&d=mm&r=g","contentUrl":"https:\/\/secure.gravatar.com\/avatar\/f3b7ad3af540688955925ac610647be00b0cf41feea9c4978b73a707ee86bc53?s=96&d=mm&r=g","caption":"El Informativo Tam"}}]}},"_links":{"self":[{"href":"https:\/\/elinformativotam.com\/index.php\/wp-json\/wp\/v2\/posts\/51254","targetHints":{"allow":["GET"]}}],"collection":[{"href":"https:\/\/elinformativotam.com\/index.php\/wp-json\/wp\/v2\/posts"}],"about":[{"href":"https:\/\/elinformativotam.com\/index.php\/wp-json\/wp\/v2\/types\/post"}],"author":[{"embeddable":true,"href":"https:\/\/elinformativotam.com\/index.php\/wp-json\/wp\/v2\/users\/1"}],"replies":[{"embeddable":true,"href":"https:\/\/elinformativotam.com\/index.php\/wp-json\/wp\/v2\/comments?post=51254"}],"version-history":[{"count":1,"href":"https:\/\/elinformativotam.com\/index.php\/wp-json\/wp\/v2\/posts\/51254\/revisions"}],"predecessor-version":[{"id":51256,"href":"https:\/\/elinformativotam.com\/index.php\/wp-json\/wp\/v2\/posts\/51254\/revisions\/51256"}],"wp:featuredmedia":[{"embeddable":true,"href":"https:\/\/elinformativotam.com\/index.php\/wp-json\/wp\/v2\/media\/51255"}],"wp:attachment":[{"href":"https:\/\/elinformativotam.com\/index.php\/wp-json\/wp\/v2\/media?parent=51254"}],"wp:term":[{"taxonomy":"category","embeddable":true,"href":"https:\/\/elinformativotam.com\/index.php\/wp-json\/wp\/v2\/categories?post=51254"},{"taxonomy":"post_tag","embeddable":true,"href":"https:\/\/elinformativotam.com\/index.php\/wp-json\/wp\/v2\/tags?post=51254"}],"curies":[{"name":"wp","href":"https:\/\/api.w.org\/{rel}","templated":true}]}}