{"id":51251,"date":"2024-06-19T15:06:35","date_gmt":"2024-06-19T21:06:35","guid":{"rendered":"https:\/\/elinformativotam.com\/?p=51251"},"modified":"2024-06-19T15:06:35","modified_gmt":"2024-06-19T21:06:35","slug":"mas-de-100-elementos-de-la-guardia-estatal-cuidaran-la-zona-sur-ante-posible-impacto-de-alberto","status":"publish","type":"post","link":"https:\/\/elinformativotam.com\/index.php\/2024\/06\/19\/mas-de-100-elementos-de-la-guardia-estatal-cuidaran-la-zona-sur-ante-posible-impacto-de-alberto\/","title":{"rendered":"M\u00c1S DE 100 ELEMENTOS DE LA GUARDIA ESTATAL CUIDAR\u00c1N LA ZONA SUR ANTE POSIBLE IMPACTO DE &#8220;ALBERTO&#8221;"},"content":{"rendered":"<h2 style=\"text-align: center;\"><em><span style=\"font-family: 'times new roman', times;\">*Podr\u00eda Haber Evacuaci\u00f3n De Familias En Las Llamadas Zonas Bajas, Luego De Que El Fen\u00f3meno Clim\u00e1tico Cambi\u00f3 Su Trayectoria En Las \u00daltimas Horas<\/span><\/em><\/h2>\n<p>&nbsp;<\/p>\n<p>Al ser considerado, en estos momentos como el municipio de impacto de la tormenta tropical &#8220;Alberto&#8221;, el Gobierno del Estado asign\u00f3 a 112 elementos de la Guardia Estatal para realizar rondines de vigilancia en Aldama y toda la zona sur, se\u00f1al\u00f3 el Subsecretario de Seguridad P\u00fablica, Alejandro Melgarejo Torres<\/p>\n<p>&nbsp;<\/p>\n<p>El funcionario del Gobierno del Estado, dijo que la SSPE ha decidido desplegar un n\u00famero importante de efectivos para atender labores de prevenci\u00f3n en los municipios donde dejar\u00e1 lluvias copiosas el fen\u00f3meno hidrometerol\u00f3gico<\/p>\n<p>&nbsp;<\/p>\n<p>Destac\u00f3 que el fin primordial es que la poblaci\u00f3n se sienta segura al momento de estar guarecida en sus hogares, o qui\u00e9nes tengan la necesidad de ir a alg\u00fan albergue por habitar zonas inundables.<\/p>\n<p>&nbsp;<\/p>\n<p>El Subsecretario de Seguridad P\u00fablica del Gobierno de la 4t, resalt\u00f3 que la regi\u00f3n sur est\u00e1 considerada como de total tranquilidad, sin embargo, dijo, que de ser necesario se reforzar\u00eda la seguridad con m\u00e1s elementos.<\/p>\n<p>&nbsp;<\/p>\n<p>&#8220;Si es necesario s\u00ed, pero en \u00e9stos momentos la regi\u00f3n sur es muy tranquila, aunque seguiremos atentos a la comportamiento del fen\u00f3meno hidrometerol\u00f3gico&#8221;, detall\u00f3<\/p>\n<p>&nbsp;<\/p>\n<p>Finalmente, resalt\u00f3 que la vigilancia estar\u00e1 enfocada en toda la regi\u00f3n, en todas las colonias de Tampico, principalmente en las catalogadas como bajas o anegables.<\/p>\n<p>&nbsp;<\/p>\n","protected":false},"excerpt":{"rendered":"<p>*Podr\u00eda Haber Evacuaci\u00f3n De Familias En Las Llamadas Zonas Bajas, Luego De Que El Fen\u00f3meno Clim\u00e1tico Cambi\u00f3 Su Trayectoria En&hellip;<\/p>\n","protected":false},"author":1,"featured_media":51252,"comment_status":"open","ping_status":"open","sticky":false,"template":"","format":"standard","meta":{"footnotes":""},"categories":[3],"tags":[],"class_list":["post-51251","post","type-post","status-publish","format-standard","has-post-thumbnail","hentry","category-tampico"],"yoast_head":"<!-- This site is optimized with the Yoast SEO plugin v27.4 - https:\/\/yoast.com\/product\/yoast-seo-wordpress\/ -->\n<title>M\u00c1S DE 100 ELEMENTOS DE LA GUARDIA ESTATAL CUIDAR\u00c1N LA ZONA SUR ANTE POSIBLE IMPACTO DE &quot;ALBERTO&quot; - EL INFORMATIVO DE TAMAULIPAS<\/title>\n<meta name=\"description\" content=\"*Podr\u00eda Haber Evacuaci\u00f3n De Familias En Las Llamadas Zonas Bajas, Luego De Que El Fen\u00f3meno Clim\u00e1tico Cambi\u00f3 Su Trayectoria En Las \u00daltimas Horas &nbsp; Al\" \/>\n<meta name=\"robots\" content=\"index, follow, max-snippet:-1, max-image-preview:large, max-video-preview:-1\" \/>\n<link rel=\"canonical\" href=\"https:\/\/elinformativotam.com\/index.php\/2024\/06\/19\/mas-de-100-elementos-de-la-guardia-estatal-cuidaran-la-zona-sur-ante-posible-impacto-de-alberto\/\" \/>\n<meta property=\"og:locale\" content=\"es_MX\" \/>\n<meta property=\"og:type\" content=\"article\" \/>\n<meta property=\"og:title\" content=\"M\u00c1S DE 100 ELEMENTOS DE LA GUARDIA ESTATAL CUIDAR\u00c1N LA ZONA SUR ANTE POSIBLE IMPACTO DE &quot;ALBERTO&quot; - EL INFORMATIVO DE TAMAULIPAS\" \/>\n<meta property=\"og:description\" content=\"*Podr\u00eda Haber Evacuaci\u00f3n De Familias En Las Llamadas Zonas Bajas, Luego De Que El Fen\u00f3meno Clim\u00e1tico Cambi\u00f3 Su Trayectoria En Las \u00daltimas Horas &nbsp; Al\" \/>\n<meta property=\"og:url\" content=\"https:\/\/elinformativotam.com\/index.php\/2024\/06\/19\/mas-de-100-elementos-de-la-guardia-estatal-cuidaran-la-zona-sur-ante-posible-impacto-de-alberto\/\" \/>\n<meta property=\"og:site_name\" content=\"EL INFORMATIVO DE TAMAULIPAS\" \/>\n<meta property=\"article:published_time\" content=\"2024-06-19T21:06:35+00:00\" \/>\n<meta property=\"og:image\" content=\"https:\/\/elinformativotam.com\/wp-content\/uploads\/2024\/06\/Marmolejo.jpg\" \/>\n\t<meta property=\"og:image:width\" content=\"1600\" \/>\n\t<meta property=\"og:image:height\" content=\"1204\" \/>\n\t<meta property=\"og:image:type\" content=\"image\/jpeg\" \/>\n<meta name=\"author\" content=\"El Informativo Tam\" \/>\n<meta name=\"twitter:card\" content=\"summary_large_image\" \/>\n<meta name=\"twitter:label1\" content=\"Escrito por\" \/>\n\t<meta name=\"twitter:data1\" content=\"El Informativo Tam\" \/>\n\t<meta name=\"twitter:label2\" content=\"Tiempo de lectura\" \/>\n\t<meta name=\"twitter:data2\" content=\"2 minutos\" \/>\n<script type=\"application\/ld+json\" class=\"yoast-schema-graph\">{\"@context\":\"https:\\\/\\\/schema.org\",\"@graph\":[{\"@type\":\"Article\",\"@id\":\"https:\\\/\\\/elinformativotam.com\\\/index.php\\\/2024\\\/06\\\/19\\\/mas-de-100-elementos-de-la-guardia-estatal-cuidaran-la-zona-sur-ante-posible-impacto-de-alberto\\\/#article\",\"isPartOf\":{\"@id\":\"https:\\\/\\\/elinformativotam.com\\\/index.php\\\/2024\\\/06\\\/19\\\/mas-de-100-elementos-de-la-guardia-estatal-cuidaran-la-zona-sur-ante-posible-impacto-de-alberto\\\/\"},\"author\":{\"name\":\"El Informativo Tam\",\"@id\":\"https:\\\/\\\/elinformativotam.com\\\/#\\\/schema\\\/person\\\/78e08040eed0f6110f0c5f83b6153590\"},\"headline\":\"M\u00c1S DE 100 ELEMENTOS DE LA GUARDIA ESTATAL CUIDAR\u00c1N LA ZONA SUR ANTE POSIBLE IMPACTO DE &#8220;ALBERTO&#8221;\",\"datePublished\":\"2024-06-19T21:06:35+00:00\",\"mainEntityOfPage\":{\"@id\":\"https:\\\/\\\/elinformativotam.com\\\/index.php\\\/2024\\\/06\\\/19\\\/mas-de-100-elementos-de-la-guardia-estatal-cuidaran-la-zona-sur-ante-posible-impacto-de-alberto\\\/\"},\"wordCount\":268,\"commentCount\":0,\"publisher\":{\"@id\":\"https:\\\/\\\/elinformativotam.com\\\/#organization\"},\"image\":{\"@id\":\"https:\\\/\\\/elinformativotam.com\\\/index.php\\\/2024\\\/06\\\/19\\\/mas-de-100-elementos-de-la-guardia-estatal-cuidaran-la-zona-sur-ante-posible-impacto-de-alberto\\\/#primaryimage\"},\"thumbnailUrl\":\"https:\\\/\\\/elinformativotam.com\\\/wp-content\\\/uploads\\\/2024\\\/06\\\/Marmolejo.jpg\",\"articleSection\":[\"Tampico\"],\"inLanguage\":\"es\",\"potentialAction\":[{\"@type\":\"CommentAction\",\"name\":\"Comment\",\"target\":[\"https:\\\/\\\/elinformativotam.com\\\/index.php\\\/2024\\\/06\\\/19\\\/mas-de-100-elementos-de-la-guardia-estatal-cuidaran-la-zona-sur-ante-posible-impacto-de-alberto\\\/#respond\"]}]},{\"@type\":\"WebPage\",\"@id\":\"https:\\\/\\\/elinformativotam.com\\\/index.php\\\/2024\\\/06\\\/19\\\/mas-de-100-elementos-de-la-guardia-estatal-cuidaran-la-zona-sur-ante-posible-impacto-de-alberto\\\/\",\"url\":\"https:\\\/\\\/elinformativotam.com\\\/index.php\\\/2024\\\/06\\\/19\\\/mas-de-100-elementos-de-la-guardia-estatal-cuidaran-la-zona-sur-ante-posible-impacto-de-alberto\\\/\",\"name\":\"M\u00c1S DE 100 ELEMENTOS DE LA GUARDIA ESTATAL CUIDAR\u00c1N LA ZONA SUR ANTE POSIBLE IMPACTO DE \\\"ALBERTO\\\" - EL INFORMATIVO DE TAMAULIPAS\",\"isPartOf\":{\"@id\":\"https:\\\/\\\/elinformativotam.com\\\/#website\"},\"primaryImageOfPage\":{\"@id\":\"https:\\\/\\\/elinformativotam.com\\\/index.php\\\/2024\\\/06\\\/19\\\/mas-de-100-elementos-de-la-guardia-estatal-cuidaran-la-zona-sur-ante-posible-impacto-de-alberto\\\/#primaryimage\"},\"image\":{\"@id\":\"https:\\\/\\\/elinformativotam.com\\\/index.php\\\/2024\\\/06\\\/19\\\/mas-de-100-elementos-de-la-guardia-estatal-cuidaran-la-zona-sur-ante-posible-impacto-de-alberto\\\/#primaryimage\"},\"thumbnailUrl\":\"https:\\\/\\\/elinformativotam.com\\\/wp-content\\\/uploads\\\/2024\\\/06\\\/Marmolejo.jpg\",\"datePublished\":\"2024-06-19T21:06:35+00:00\",\"description\":\"*Podr\u00eda Haber Evacuaci\u00f3n De Familias En Las Llamadas Zonas Bajas, Luego De Que El Fen\u00f3meno Clim\u00e1tico Cambi\u00f3 Su Trayectoria En Las \u00daltimas Horas &nbsp; Al\",\"inLanguage\":\"es\",\"potentialAction\":[{\"@type\":\"ReadAction\",\"target\":[\"https:\\\/\\\/elinformativotam.com\\\/index.php\\\/2024\\\/06\\\/19\\\/mas-de-100-elementos-de-la-guardia-estatal-cuidaran-la-zona-sur-ante-posible-impacto-de-alberto\\\/\"]}]},{\"@type\":\"ImageObject\",\"inLanguage\":\"es\",\"@id\":\"https:\\\/\\\/elinformativotam.com\\\/index.php\\\/2024\\\/06\\\/19\\\/mas-de-100-elementos-de-la-guardia-estatal-cuidaran-la-zona-sur-ante-posible-impacto-de-alberto\\\/#primaryimage\",\"url\":\"https:\\\/\\\/elinformativotam.com\\\/wp-content\\\/uploads\\\/2024\\\/06\\\/Marmolejo.jpg\",\"contentUrl\":\"https:\\\/\\\/elinformativotam.com\\\/wp-content\\\/uploads\\\/2024\\\/06\\\/Marmolejo.jpg\",\"width\":1600,\"height\":1204},{\"@type\":\"WebSite\",\"@id\":\"https:\\\/\\\/elinformativotam.com\\\/#website\",\"url\":\"https:\\\/\\\/elinformativotam.com\\\/\",\"name\":\"EL INFORMATIVO DE TAMAULIPAS\",\"description\":\"Desde la Zona Metropolitana Para Todo M\u00e9xico\",\"publisher\":{\"@id\":\"https:\\\/\\\/elinformativotam.com\\\/#organization\"},\"potentialAction\":[{\"@type\":\"SearchAction\",\"target\":{\"@type\":\"EntryPoint\",\"urlTemplate\":\"https:\\\/\\\/elinformativotam.com\\\/?s={search_term_string}\"},\"query-input\":{\"@type\":\"PropertyValueSpecification\",\"valueRequired\":true,\"valueName\":\"search_term_string\"}}],\"inLanguage\":\"es\"},{\"@type\":\"Organization\",\"@id\":\"https:\\\/\\\/elinformativotam.com\\\/#organization\",\"name\":\"EL INFORMATIVO DE TAMAULIPAS\",\"url\":\"https:\\\/\\\/elinformativotam.com\\\/\",\"logo\":{\"@type\":\"ImageObject\",\"inLanguage\":\"es\",\"@id\":\"https:\\\/\\\/elinformativotam.com\\\/#\\\/schema\\\/logo\\\/image\\\/\",\"url\":\"https:\\\/\\\/elinformativotam.com\\\/wp-content\\\/uploads\\\/2026\\\/02\\\/Cabezal.png\",\"contentUrl\":\"https:\\\/\\\/elinformativotam.com\\\/wp-content\\\/uploads\\\/2026\\\/02\\\/Cabezal.png\",\"width\":960,\"height\":640,\"caption\":\"EL INFORMATIVO DE TAMAULIPAS\"},\"image\":{\"@id\":\"https:\\\/\\\/elinformativotam.com\\\/#\\\/schema\\\/logo\\\/image\\\/\"}},{\"@type\":\"Person\",\"@id\":\"https:\\\/\\\/elinformativotam.com\\\/#\\\/schema\\\/person\\\/78e08040eed0f6110f0c5f83b6153590\",\"name\":\"El Informativo Tam\",\"image\":{\"@type\":\"ImageObject\",\"inLanguage\":\"es\",\"@id\":\"https:\\\/\\\/secure.gravatar.com\\\/avatar\\\/f3b7ad3af540688955925ac610647be00b0cf41feea9c4978b73a707ee86bc53?s=96&d=mm&r=g\",\"url\":\"https:\\\/\\\/secure.gravatar.com\\\/avatar\\\/f3b7ad3af540688955925ac610647be00b0cf41feea9c4978b73a707ee86bc53?s=96&d=mm&r=g\",\"contentUrl\":\"https:\\\/\\\/secure.gravatar.com\\\/avatar\\\/f3b7ad3af540688955925ac610647be00b0cf41feea9c4978b73a707ee86bc53?s=96&d=mm&r=g\",\"caption\":\"El Informativo Tam\"}}]}<\/script>\n<!-- \/ Yoast SEO plugin. -->","yoast_head_json":{"title":"M\u00c1S DE 100 ELEMENTOS DE LA GUARDIA ESTATAL CUIDAR\u00c1N LA ZONA SUR ANTE POSIBLE IMPACTO DE \"ALBERTO\" - EL INFORMATIVO DE TAMAULIPAS","description":"*Podr\u00eda Haber Evacuaci\u00f3n De Familias En Las Llamadas Zonas Bajas, Luego De Que El Fen\u00f3meno Clim\u00e1tico Cambi\u00f3 Su Trayectoria En Las \u00daltimas Horas &nbsp; Al","robots":{"index":"index","follow":"follow","max-snippet":"max-snippet:-1","max-image-preview":"max-image-preview:large","max-video-preview":"max-video-preview:-1"},"canonical":"https:\/\/elinformativotam.com\/index.php\/2024\/06\/19\/mas-de-100-elementos-de-la-guardia-estatal-cuidaran-la-zona-sur-ante-posible-impacto-de-alberto\/","og_locale":"es_MX","og_type":"article","og_title":"M\u00c1S DE 100 ELEMENTOS DE LA GUARDIA ESTATAL CUIDAR\u00c1N LA ZONA SUR ANTE POSIBLE IMPACTO DE \"ALBERTO\" - EL INFORMATIVO DE TAMAULIPAS","og_description":"*Podr\u00eda Haber Evacuaci\u00f3n De Familias En Las Llamadas Zonas Bajas, Luego De Que El Fen\u00f3meno Clim\u00e1tico Cambi\u00f3 Su Trayectoria En Las \u00daltimas Horas &nbsp; Al","og_url":"https:\/\/elinformativotam.com\/index.php\/2024\/06\/19\/mas-de-100-elementos-de-la-guardia-estatal-cuidaran-la-zona-sur-ante-posible-impacto-de-alberto\/","og_site_name":"EL INFORMATIVO DE TAMAULIPAS","article_published_time":"2024-06-19T21:06:35+00:00","og_image":[{"width":1600,"height":1204,"url":"https:\/\/elinformativotam.com\/wp-content\/uploads\/2024\/06\/Marmolejo.jpg","type":"image\/jpeg"}],"author":"El Informativo Tam","twitter_card":"summary_large_image","twitter_misc":{"Escrito por":"El Informativo Tam","Tiempo de lectura":"2 minutos"},"schema":{"@context":"https:\/\/schema.org","@graph":[{"@type":"Article","@id":"https:\/\/elinformativotam.com\/index.php\/2024\/06\/19\/mas-de-100-elementos-de-la-guardia-estatal-cuidaran-la-zona-sur-ante-posible-impacto-de-alberto\/#article","isPartOf":{"@id":"https:\/\/elinformativotam.com\/index.php\/2024\/06\/19\/mas-de-100-elementos-de-la-guardia-estatal-cuidaran-la-zona-sur-ante-posible-impacto-de-alberto\/"},"author":{"name":"El Informativo Tam","@id":"https:\/\/elinformativotam.com\/#\/schema\/person\/78e08040eed0f6110f0c5f83b6153590"},"headline":"M\u00c1S DE 100 ELEMENTOS DE LA GUARDIA ESTATAL CUIDAR\u00c1N LA ZONA SUR ANTE POSIBLE IMPACTO DE &#8220;ALBERTO&#8221;","datePublished":"2024-06-19T21:06:35+00:00","mainEntityOfPage":{"@id":"https:\/\/elinformativotam.com\/index.php\/2024\/06\/19\/mas-de-100-elementos-de-la-guardia-estatal-cuidaran-la-zona-sur-ante-posible-impacto-de-alberto\/"},"wordCount":268,"commentCount":0,"publisher":{"@id":"https:\/\/elinformativotam.com\/#organization"},"image":{"@id":"https:\/\/elinformativotam.com\/index.php\/2024\/06\/19\/mas-de-100-elementos-de-la-guardia-estatal-cuidaran-la-zona-sur-ante-posible-impacto-de-alberto\/#primaryimage"},"thumbnailUrl":"https:\/\/elinformativotam.com\/wp-content\/uploads\/2024\/06\/Marmolejo.jpg","articleSection":["Tampico"],"inLanguage":"es","potentialAction":[{"@type":"CommentAction","name":"Comment","target":["https:\/\/elinformativotam.com\/index.php\/2024\/06\/19\/mas-de-100-elementos-de-la-guardia-estatal-cuidaran-la-zona-sur-ante-posible-impacto-de-alberto\/#respond"]}]},{"@type":"WebPage","@id":"https:\/\/elinformativotam.com\/index.php\/2024\/06\/19\/mas-de-100-elementos-de-la-guardia-estatal-cuidaran-la-zona-sur-ante-posible-impacto-de-alberto\/","url":"https:\/\/elinformativotam.com\/index.php\/2024\/06\/19\/mas-de-100-elementos-de-la-guardia-estatal-cuidaran-la-zona-sur-ante-posible-impacto-de-alberto\/","name":"M\u00c1S DE 100 ELEMENTOS DE LA GUARDIA ESTATAL CUIDAR\u00c1N LA ZONA SUR ANTE POSIBLE IMPACTO DE \"ALBERTO\" - EL INFORMATIVO DE TAMAULIPAS","isPartOf":{"@id":"https:\/\/elinformativotam.com\/#website"},"primaryImageOfPage":{"@id":"https:\/\/elinformativotam.com\/index.php\/2024\/06\/19\/mas-de-100-elementos-de-la-guardia-estatal-cuidaran-la-zona-sur-ante-posible-impacto-de-alberto\/#primaryimage"},"image":{"@id":"https:\/\/elinformativotam.com\/index.php\/2024\/06\/19\/mas-de-100-elementos-de-la-guardia-estatal-cuidaran-la-zona-sur-ante-posible-impacto-de-alberto\/#primaryimage"},"thumbnailUrl":"https:\/\/elinformativotam.com\/wp-content\/uploads\/2024\/06\/Marmolejo.jpg","datePublished":"2024-06-19T21:06:35+00:00","description":"*Podr\u00eda Haber Evacuaci\u00f3n De Familias En Las Llamadas Zonas Bajas, Luego De Que El Fen\u00f3meno Clim\u00e1tico Cambi\u00f3 Su Trayectoria En Las \u00daltimas Horas &nbsp; Al","inLanguage":"es","potentialAction":[{"@type":"ReadAction","target":["https:\/\/elinformativotam.com\/index.php\/2024\/06\/19\/mas-de-100-elementos-de-la-guardia-estatal-cuidaran-la-zona-sur-ante-posible-impacto-de-alberto\/"]}]},{"@type":"ImageObject","inLanguage":"es","@id":"https:\/\/elinformativotam.com\/index.php\/2024\/06\/19\/mas-de-100-elementos-de-la-guardia-estatal-cuidaran-la-zona-sur-ante-posible-impacto-de-alberto\/#primaryimage","url":"https:\/\/elinformativotam.com\/wp-content\/uploads\/2024\/06\/Marmolejo.jpg","contentUrl":"https:\/\/elinformativotam.com\/wp-content\/uploads\/2024\/06\/Marmolejo.jpg","width":1600,"height":1204},{"@type":"WebSite","@id":"https:\/\/elinformativotam.com\/#website","url":"https:\/\/elinformativotam.com\/","name":"EL INFORMATIVO DE TAMAULIPAS","description":"Desde la Zona Metropolitana Para Todo M\u00e9xico","publisher":{"@id":"https:\/\/elinformativotam.com\/#organization"},"potentialAction":[{"@type":"SearchAction","target":{"@type":"EntryPoint","urlTemplate":"https:\/\/elinformativotam.com\/?s={search_term_string}"},"query-input":{"@type":"PropertyValueSpecification","valueRequired":true,"valueName":"search_term_string"}}],"inLanguage":"es"},{"@type":"Organization","@id":"https:\/\/elinformativotam.com\/#organization","name":"EL INFORMATIVO DE TAMAULIPAS","url":"https:\/\/elinformativotam.com\/","logo":{"@type":"ImageObject","inLanguage":"es","@id":"https:\/\/elinformativotam.com\/#\/schema\/logo\/image\/","url":"https:\/\/elinformativotam.com\/wp-content\/uploads\/2026\/02\/Cabezal.png","contentUrl":"https:\/\/elinformativotam.com\/wp-content\/uploads\/2026\/02\/Cabezal.png","width":960,"height":640,"caption":"EL INFORMATIVO DE TAMAULIPAS"},"image":{"@id":"https:\/\/elinformativotam.com\/#\/schema\/logo\/image\/"}},{"@type":"Person","@id":"https:\/\/elinformativotam.com\/#\/schema\/person\/78e08040eed0f6110f0c5f83b6153590","name":"El Informativo Tam","image":{"@type":"ImageObject","inLanguage":"es","@id":"https:\/\/secure.gravatar.com\/avatar\/f3b7ad3af540688955925ac610647be00b0cf41feea9c4978b73a707ee86bc53?s=96&d=mm&r=g","url":"https:\/\/secure.gravatar.com\/avatar\/f3b7ad3af540688955925ac610647be00b0cf41feea9c4978b73a707ee86bc53?s=96&d=mm&r=g","contentUrl":"https:\/\/secure.gravatar.com\/avatar\/f3b7ad3af540688955925ac610647be00b0cf41feea9c4978b73a707ee86bc53?s=96&d=mm&r=g","caption":"El Informativo Tam"}}]}},"_links":{"self":[{"href":"https:\/\/elinformativotam.com\/index.php\/wp-json\/wp\/v2\/posts\/51251","targetHints":{"allow":["GET"]}}],"collection":[{"href":"https:\/\/elinformativotam.com\/index.php\/wp-json\/wp\/v2\/posts"}],"about":[{"href":"https:\/\/elinformativotam.com\/index.php\/wp-json\/wp\/v2\/types\/post"}],"author":[{"embeddable":true,"href":"https:\/\/elinformativotam.com\/index.php\/wp-json\/wp\/v2\/users\/1"}],"replies":[{"embeddable":true,"href":"https:\/\/elinformativotam.com\/index.php\/wp-json\/wp\/v2\/comments?post=51251"}],"version-history":[{"count":1,"href":"https:\/\/elinformativotam.com\/index.php\/wp-json\/wp\/v2\/posts\/51251\/revisions"}],"predecessor-version":[{"id":51253,"href":"https:\/\/elinformativotam.com\/index.php\/wp-json\/wp\/v2\/posts\/51251\/revisions\/51253"}],"wp:featuredmedia":[{"embeddable":true,"href":"https:\/\/elinformativotam.com\/index.php\/wp-json\/wp\/v2\/media\/51252"}],"wp:attachment":[{"href":"https:\/\/elinformativotam.com\/index.php\/wp-json\/wp\/v2\/media?parent=51251"}],"wp:term":[{"taxonomy":"category","embeddable":true,"href":"https:\/\/elinformativotam.com\/index.php\/wp-json\/wp\/v2\/categories?post=51251"},{"taxonomy":"post_tag","embeddable":true,"href":"https:\/\/elinformativotam.com\/index.php\/wp-json\/wp\/v2\/tags?post=51251"}],"curies":[{"name":"wp","href":"https:\/\/api.w.org\/{rel}","templated":true}]}}