{"id":51248,"date":"2024-06-19T15:03:23","date_gmt":"2024-06-19T21:03:23","guid":{"rendered":"https:\/\/elinformativotam.com\/?p=51248"},"modified":"2024-06-19T15:03:23","modified_gmt":"2024-06-19T21:03:23","slug":"primero-aldama-ahora-la-zona-sur-zona-de-impacto-de-alberto","status":"publish","type":"post","link":"https:\/\/elinformativotam.com\/index.php\/2024\/06\/19\/primero-aldama-ahora-la-zona-sur-zona-de-impacto-de-alberto\/","title":{"rendered":"PRIMERO ALDAMA, AHORA LA ZONA SUR; ZONA DE IMPACTO DE &#8220;ALBERTO&#8221;"},"content":{"rendered":"<h2 style=\"text-align: center;\"><em><span style=\"font-family: 'times new roman', times;\">*El Fen\u00f3meno Hidrometerol\u00f3gico Ha Tenido Un Comportamiento Err\u00e1tico En Las \u00daltimas Horas<\/span><\/em><\/h2>\n<p>&nbsp;<\/p>\n<p>&nbsp;<\/p>\n<p>A partir de las 9 de la ma\u00f1ana de este mi\u00e9rcoles el consejo municipal de protecci\u00f3n civil en Tampico se declar\u00f3 en sesi\u00f3n permanente, esto luego de que la tormenta tropical &#8220;Alberto&#8221; comenzar\u00e1 a dejar las primeras lluvias en la zona sur a partir del mediod\u00eda y tarde de hoy.<\/p>\n<p>&nbsp;<\/p>\n<p>Adem\u00e1s, en dicha sesi\u00f3n del consejo municipal, la Secretar\u00eda de Marina dio a conocer que el meteoro trae vientos sostenidos de 40 nudos, y que al tocar tierra en la zona sur, estar\u00eda degrad\u00e1ndose r\u00e1pidamente.<\/p>\n<p>&nbsp;<\/p>\n<p>&#8220;Estar\u00e1 dejando lluvias muy puntuales a partir del mediod\u00eda y tarde de hoy(mi\u00e9rcoles) aunque el cuadrante de la zona sur en estos momentos es menos peligroso&#8221;, dijo el portavoz de SEMAR, antes de que se diera a conocer(a las 10 de la ma\u00f1ana) que el fen\u00f3meno clim\u00e1tico cambi\u00f3 su trayectoria hacia la regi\u00f3n sur.<\/p>\n<p>&nbsp;<\/p>\n<p>El alcalde Jes\u00fas Nader Nasrrallah, celebr\u00f3 la amplia coordinaci\u00f3n que hay entre los tres niveles de gobierno para atender \u00e9sta contingencia hidrometerol\u00f3gica, sobre todo en los sectores catalogados como inundables, ya que primero se anunci\u00f3 el municipio de Aldama como zona de impacto, y en la actualizaci\u00f3n de la informaci\u00f3n(10 am) ya se habla del \u00e1rea metropolitana como punto de golpe.<\/p>\n<p>&nbsp;<\/p>\n<p>La autoridad castrense y del Plan Marina, advirti\u00f3 que detr\u00e1s de &#8216;Alberto&#8221; le sigue una baja presi\u00f3n, de circulaci\u00f3n cicl\u00f3nica, que en las pr\u00f3ximas horas estar\u00e1 causando m\u00e1s lluvia en los estados cercanos a la Pen\u00ednsula de Yucat\u00e1n<\/p>\n<p>&nbsp;<\/p>\n<p>En Tampico se han activado los refugios temporales, se pone espacial \u00e9nfasis en la limpieza de los 96 canales pluviales y se mantiene alerta en todos los edificios vetustos que existen en la zona centro y diferentes partes de la ciudad<\/p>\n<p>&nbsp;<\/p>\n<p>En la sesi\u00f3n permanente del consejo de protecci\u00f3n civil estuvieron la Presidenta del DIF, A\u00edda F\u00e9res; el Secretario del Ayuntamiento, Arturo Bazald\u00faa Guardiola; el Secretario de Protecci\u00f3n Civil Municipal, Pedro Romero S\u00e1nchez; as\u00ed como autoridades de Capitan\u00eda de Puerto; Asipona Tampico; Tr\u00e1nsito, Guardia Estatal; Guardia Nacional; Cruz Roja; de Salud; CFE, as\u00ed como de empresas privadas como Telmex.<\/p>\n","protected":false},"excerpt":{"rendered":"<p>*El Fen\u00f3meno Hidrometerol\u00f3gico Ha Tenido Un Comportamiento Err\u00e1tico En Las \u00daltimas Horas &nbsp; &nbsp; A partir de las 9 de&hellip;<\/p>\n","protected":false},"author":1,"featured_media":51249,"comment_status":"open","ping_status":"open","sticky":false,"template":"","format":"standard","meta":{"footnotes":""},"categories":[3],"tags":[],"class_list":["post-51248","post","type-post","status-publish","format-standard","has-post-thumbnail","hentry","category-tampico"],"yoast_head":"<!-- This site is optimized with the Yoast SEO plugin v27.4 - https:\/\/yoast.com\/product\/yoast-seo-wordpress\/ -->\n<title>PRIMERO ALDAMA, AHORA LA ZONA SUR; ZONA DE IMPACTO DE &quot;ALBERTO&quot; - EL INFORMATIVO DE TAMAULIPAS<\/title>\n<meta name=\"description\" content=\"*El Fen\u00f3meno Hidrometerol\u00f3gico Ha Tenido Un Comportamiento Err\u00e1tico En Las \u00daltimas Horas &nbsp; &nbsp; A partir de las 9 de la ma\u00f1ana de este mi\u00e9rcoles el\" \/>\n<meta name=\"robots\" content=\"index, follow, max-snippet:-1, max-image-preview:large, max-video-preview:-1\" \/>\n<link rel=\"canonical\" href=\"https:\/\/elinformativotam.com\/index.php\/2024\/06\/19\/primero-aldama-ahora-la-zona-sur-zona-de-impacto-de-alberto\/\" \/>\n<meta property=\"og:locale\" content=\"es_MX\" \/>\n<meta property=\"og:type\" content=\"article\" \/>\n<meta property=\"og:title\" content=\"PRIMERO ALDAMA, AHORA LA ZONA SUR; ZONA DE IMPACTO DE &quot;ALBERTO&quot; - EL INFORMATIVO DE TAMAULIPAS\" \/>\n<meta property=\"og:description\" content=\"*El Fen\u00f3meno Hidrometerol\u00f3gico Ha Tenido Un Comportamiento Err\u00e1tico En Las \u00daltimas Horas &nbsp; &nbsp; A partir de las 9 de la ma\u00f1ana de este mi\u00e9rcoles el\" \/>\n<meta property=\"og:url\" content=\"https:\/\/elinformativotam.com\/index.php\/2024\/06\/19\/primero-aldama-ahora-la-zona-sur-zona-de-impacto-de-alberto\/\" \/>\n<meta property=\"og:site_name\" content=\"EL INFORMATIVO DE TAMAULIPAS\" \/>\n<meta property=\"article:published_time\" content=\"2024-06-19T21:03:23+00:00\" \/>\n<meta property=\"og:image\" content=\"https:\/\/elinformativotam.com\/wp-content\/uploads\/2024\/06\/Alberto.jpg\" \/>\n\t<meta property=\"og:image:width\" content=\"720\" \/>\n\t<meta property=\"og:image:height\" content=\"605\" \/>\n\t<meta property=\"og:image:type\" content=\"image\/jpeg\" \/>\n<meta name=\"author\" content=\"El Informativo Tam\" \/>\n<meta name=\"twitter:card\" content=\"summary_large_image\" \/>\n<meta name=\"twitter:label1\" content=\"Escrito por\" \/>\n\t<meta name=\"twitter:data1\" content=\"El Informativo Tam\" \/>\n\t<meta name=\"twitter:label2\" content=\"Tiempo de lectura\" \/>\n\t<meta name=\"twitter:data2\" content=\"2 minutos\" \/>\n<script type=\"application\/ld+json\" class=\"yoast-schema-graph\">{\"@context\":\"https:\\\/\\\/schema.org\",\"@graph\":[{\"@type\":\"Article\",\"@id\":\"https:\\\/\\\/elinformativotam.com\\\/index.php\\\/2024\\\/06\\\/19\\\/primero-aldama-ahora-la-zona-sur-zona-de-impacto-de-alberto\\\/#article\",\"isPartOf\":{\"@id\":\"https:\\\/\\\/elinformativotam.com\\\/index.php\\\/2024\\\/06\\\/19\\\/primero-aldama-ahora-la-zona-sur-zona-de-impacto-de-alberto\\\/\"},\"author\":{\"name\":\"El Informativo Tam\",\"@id\":\"https:\\\/\\\/elinformativotam.com\\\/#\\\/schema\\\/person\\\/78e08040eed0f6110f0c5f83b6153590\"},\"headline\":\"PRIMERO ALDAMA, AHORA LA ZONA SUR; ZONA DE IMPACTO DE &#8220;ALBERTO&#8221;\",\"datePublished\":\"2024-06-19T21:03:23+00:00\",\"mainEntityOfPage\":{\"@id\":\"https:\\\/\\\/elinformativotam.com\\\/index.php\\\/2024\\\/06\\\/19\\\/primero-aldama-ahora-la-zona-sur-zona-de-impacto-de-alberto\\\/\"},\"wordCount\":408,\"commentCount\":0,\"publisher\":{\"@id\":\"https:\\\/\\\/elinformativotam.com\\\/#organization\"},\"image\":{\"@id\":\"https:\\\/\\\/elinformativotam.com\\\/index.php\\\/2024\\\/06\\\/19\\\/primero-aldama-ahora-la-zona-sur-zona-de-impacto-de-alberto\\\/#primaryimage\"},\"thumbnailUrl\":\"https:\\\/\\\/elinformativotam.com\\\/wp-content\\\/uploads\\\/2024\\\/06\\\/Alberto.jpg\",\"articleSection\":[\"Tampico\"],\"inLanguage\":\"es\",\"potentialAction\":[{\"@type\":\"CommentAction\",\"name\":\"Comment\",\"target\":[\"https:\\\/\\\/elinformativotam.com\\\/index.php\\\/2024\\\/06\\\/19\\\/primero-aldama-ahora-la-zona-sur-zona-de-impacto-de-alberto\\\/#respond\"]}]},{\"@type\":\"WebPage\",\"@id\":\"https:\\\/\\\/elinformativotam.com\\\/index.php\\\/2024\\\/06\\\/19\\\/primero-aldama-ahora-la-zona-sur-zona-de-impacto-de-alberto\\\/\",\"url\":\"https:\\\/\\\/elinformativotam.com\\\/index.php\\\/2024\\\/06\\\/19\\\/primero-aldama-ahora-la-zona-sur-zona-de-impacto-de-alberto\\\/\",\"name\":\"PRIMERO ALDAMA, AHORA LA ZONA SUR; ZONA DE IMPACTO DE \\\"ALBERTO\\\" - EL INFORMATIVO DE TAMAULIPAS\",\"isPartOf\":{\"@id\":\"https:\\\/\\\/elinformativotam.com\\\/#website\"},\"primaryImageOfPage\":{\"@id\":\"https:\\\/\\\/elinformativotam.com\\\/index.php\\\/2024\\\/06\\\/19\\\/primero-aldama-ahora-la-zona-sur-zona-de-impacto-de-alberto\\\/#primaryimage\"},\"image\":{\"@id\":\"https:\\\/\\\/elinformativotam.com\\\/index.php\\\/2024\\\/06\\\/19\\\/primero-aldama-ahora-la-zona-sur-zona-de-impacto-de-alberto\\\/#primaryimage\"},\"thumbnailUrl\":\"https:\\\/\\\/elinformativotam.com\\\/wp-content\\\/uploads\\\/2024\\\/06\\\/Alberto.jpg\",\"datePublished\":\"2024-06-19T21:03:23+00:00\",\"description\":\"*El Fen\u00f3meno Hidrometerol\u00f3gico Ha Tenido Un Comportamiento Err\u00e1tico En Las \u00daltimas Horas &nbsp; &nbsp; A partir de las 9 de la ma\u00f1ana de este mi\u00e9rcoles el\",\"inLanguage\":\"es\",\"potentialAction\":[{\"@type\":\"ReadAction\",\"target\":[\"https:\\\/\\\/elinformativotam.com\\\/index.php\\\/2024\\\/06\\\/19\\\/primero-aldama-ahora-la-zona-sur-zona-de-impacto-de-alberto\\\/\"]}]},{\"@type\":\"ImageObject\",\"inLanguage\":\"es\",\"@id\":\"https:\\\/\\\/elinformativotam.com\\\/index.php\\\/2024\\\/06\\\/19\\\/primero-aldama-ahora-la-zona-sur-zona-de-impacto-de-alberto\\\/#primaryimage\",\"url\":\"https:\\\/\\\/elinformativotam.com\\\/wp-content\\\/uploads\\\/2024\\\/06\\\/Alberto.jpg\",\"contentUrl\":\"https:\\\/\\\/elinformativotam.com\\\/wp-content\\\/uploads\\\/2024\\\/06\\\/Alberto.jpg\",\"width\":720,\"height\":605},{\"@type\":\"WebSite\",\"@id\":\"https:\\\/\\\/elinformativotam.com\\\/#website\",\"url\":\"https:\\\/\\\/elinformativotam.com\\\/\",\"name\":\"EL INFORMATIVO DE TAMAULIPAS\",\"description\":\"Desde la Zona Metropolitana Para Todo M\u00e9xico\",\"publisher\":{\"@id\":\"https:\\\/\\\/elinformativotam.com\\\/#organization\"},\"potentialAction\":[{\"@type\":\"SearchAction\",\"target\":{\"@type\":\"EntryPoint\",\"urlTemplate\":\"https:\\\/\\\/elinformativotam.com\\\/?s={search_term_string}\"},\"query-input\":{\"@type\":\"PropertyValueSpecification\",\"valueRequired\":true,\"valueName\":\"search_term_string\"}}],\"inLanguage\":\"es\"},{\"@type\":\"Organization\",\"@id\":\"https:\\\/\\\/elinformativotam.com\\\/#organization\",\"name\":\"EL INFORMATIVO DE TAMAULIPAS\",\"url\":\"https:\\\/\\\/elinformativotam.com\\\/\",\"logo\":{\"@type\":\"ImageObject\",\"inLanguage\":\"es\",\"@id\":\"https:\\\/\\\/elinformativotam.com\\\/#\\\/schema\\\/logo\\\/image\\\/\",\"url\":\"https:\\\/\\\/elinformativotam.com\\\/wp-content\\\/uploads\\\/2026\\\/02\\\/Cabezal.png\",\"contentUrl\":\"https:\\\/\\\/elinformativotam.com\\\/wp-content\\\/uploads\\\/2026\\\/02\\\/Cabezal.png\",\"width\":960,\"height\":640,\"caption\":\"EL INFORMATIVO DE TAMAULIPAS\"},\"image\":{\"@id\":\"https:\\\/\\\/elinformativotam.com\\\/#\\\/schema\\\/logo\\\/image\\\/\"}},{\"@type\":\"Person\",\"@id\":\"https:\\\/\\\/elinformativotam.com\\\/#\\\/schema\\\/person\\\/78e08040eed0f6110f0c5f83b6153590\",\"name\":\"El Informativo Tam\",\"image\":{\"@type\":\"ImageObject\",\"inLanguage\":\"es\",\"@id\":\"https:\\\/\\\/secure.gravatar.com\\\/avatar\\\/f3b7ad3af540688955925ac610647be00b0cf41feea9c4978b73a707ee86bc53?s=96&d=mm&r=g\",\"url\":\"https:\\\/\\\/secure.gravatar.com\\\/avatar\\\/f3b7ad3af540688955925ac610647be00b0cf41feea9c4978b73a707ee86bc53?s=96&d=mm&r=g\",\"contentUrl\":\"https:\\\/\\\/secure.gravatar.com\\\/avatar\\\/f3b7ad3af540688955925ac610647be00b0cf41feea9c4978b73a707ee86bc53?s=96&d=mm&r=g\",\"caption\":\"El Informativo Tam\"}}]}<\/script>\n<!-- \/ Yoast SEO plugin. -->","yoast_head_json":{"title":"PRIMERO ALDAMA, AHORA LA ZONA SUR; ZONA DE IMPACTO DE \"ALBERTO\" - EL INFORMATIVO DE TAMAULIPAS","description":"*El Fen\u00f3meno Hidrometerol\u00f3gico Ha Tenido Un Comportamiento Err\u00e1tico En Las \u00daltimas Horas &nbsp; &nbsp; A partir de las 9 de la ma\u00f1ana de este mi\u00e9rcoles el","robots":{"index":"index","follow":"follow","max-snippet":"max-snippet:-1","max-image-preview":"max-image-preview:large","max-video-preview":"max-video-preview:-1"},"canonical":"https:\/\/elinformativotam.com\/index.php\/2024\/06\/19\/primero-aldama-ahora-la-zona-sur-zona-de-impacto-de-alberto\/","og_locale":"es_MX","og_type":"article","og_title":"PRIMERO ALDAMA, AHORA LA ZONA SUR; ZONA DE IMPACTO DE \"ALBERTO\" - EL INFORMATIVO DE TAMAULIPAS","og_description":"*El Fen\u00f3meno Hidrometerol\u00f3gico Ha Tenido Un Comportamiento Err\u00e1tico En Las \u00daltimas Horas &nbsp; &nbsp; A partir de las 9 de la ma\u00f1ana de este mi\u00e9rcoles el","og_url":"https:\/\/elinformativotam.com\/index.php\/2024\/06\/19\/primero-aldama-ahora-la-zona-sur-zona-de-impacto-de-alberto\/","og_site_name":"EL INFORMATIVO DE TAMAULIPAS","article_published_time":"2024-06-19T21:03:23+00:00","og_image":[{"width":720,"height":605,"url":"https:\/\/elinformativotam.com\/wp-content\/uploads\/2024\/06\/Alberto.jpg","type":"image\/jpeg"}],"author":"El Informativo Tam","twitter_card":"summary_large_image","twitter_misc":{"Escrito por":"El Informativo Tam","Tiempo de lectura":"2 minutos"},"schema":{"@context":"https:\/\/schema.org","@graph":[{"@type":"Article","@id":"https:\/\/elinformativotam.com\/index.php\/2024\/06\/19\/primero-aldama-ahora-la-zona-sur-zona-de-impacto-de-alberto\/#article","isPartOf":{"@id":"https:\/\/elinformativotam.com\/index.php\/2024\/06\/19\/primero-aldama-ahora-la-zona-sur-zona-de-impacto-de-alberto\/"},"author":{"name":"El Informativo Tam","@id":"https:\/\/elinformativotam.com\/#\/schema\/person\/78e08040eed0f6110f0c5f83b6153590"},"headline":"PRIMERO ALDAMA, AHORA LA ZONA SUR; ZONA DE IMPACTO DE &#8220;ALBERTO&#8221;","datePublished":"2024-06-19T21:03:23+00:00","mainEntityOfPage":{"@id":"https:\/\/elinformativotam.com\/index.php\/2024\/06\/19\/primero-aldama-ahora-la-zona-sur-zona-de-impacto-de-alberto\/"},"wordCount":408,"commentCount":0,"publisher":{"@id":"https:\/\/elinformativotam.com\/#organization"},"image":{"@id":"https:\/\/elinformativotam.com\/index.php\/2024\/06\/19\/primero-aldama-ahora-la-zona-sur-zona-de-impacto-de-alberto\/#primaryimage"},"thumbnailUrl":"https:\/\/elinformativotam.com\/wp-content\/uploads\/2024\/06\/Alberto.jpg","articleSection":["Tampico"],"inLanguage":"es","potentialAction":[{"@type":"CommentAction","name":"Comment","target":["https:\/\/elinformativotam.com\/index.php\/2024\/06\/19\/primero-aldama-ahora-la-zona-sur-zona-de-impacto-de-alberto\/#respond"]}]},{"@type":"WebPage","@id":"https:\/\/elinformativotam.com\/index.php\/2024\/06\/19\/primero-aldama-ahora-la-zona-sur-zona-de-impacto-de-alberto\/","url":"https:\/\/elinformativotam.com\/index.php\/2024\/06\/19\/primero-aldama-ahora-la-zona-sur-zona-de-impacto-de-alberto\/","name":"PRIMERO ALDAMA, AHORA LA ZONA SUR; ZONA DE IMPACTO DE \"ALBERTO\" - EL INFORMATIVO DE TAMAULIPAS","isPartOf":{"@id":"https:\/\/elinformativotam.com\/#website"},"primaryImageOfPage":{"@id":"https:\/\/elinformativotam.com\/index.php\/2024\/06\/19\/primero-aldama-ahora-la-zona-sur-zona-de-impacto-de-alberto\/#primaryimage"},"image":{"@id":"https:\/\/elinformativotam.com\/index.php\/2024\/06\/19\/primero-aldama-ahora-la-zona-sur-zona-de-impacto-de-alberto\/#primaryimage"},"thumbnailUrl":"https:\/\/elinformativotam.com\/wp-content\/uploads\/2024\/06\/Alberto.jpg","datePublished":"2024-06-19T21:03:23+00:00","description":"*El Fen\u00f3meno Hidrometerol\u00f3gico Ha Tenido Un Comportamiento Err\u00e1tico En Las \u00daltimas Horas &nbsp; &nbsp; A partir de las 9 de la ma\u00f1ana de este mi\u00e9rcoles el","inLanguage":"es","potentialAction":[{"@type":"ReadAction","target":["https:\/\/elinformativotam.com\/index.php\/2024\/06\/19\/primero-aldama-ahora-la-zona-sur-zona-de-impacto-de-alberto\/"]}]},{"@type":"ImageObject","inLanguage":"es","@id":"https:\/\/elinformativotam.com\/index.php\/2024\/06\/19\/primero-aldama-ahora-la-zona-sur-zona-de-impacto-de-alberto\/#primaryimage","url":"https:\/\/elinformativotam.com\/wp-content\/uploads\/2024\/06\/Alberto.jpg","contentUrl":"https:\/\/elinformativotam.com\/wp-content\/uploads\/2024\/06\/Alberto.jpg","width":720,"height":605},{"@type":"WebSite","@id":"https:\/\/elinformativotam.com\/#website","url":"https:\/\/elinformativotam.com\/","name":"EL INFORMATIVO DE TAMAULIPAS","description":"Desde la Zona Metropolitana Para Todo M\u00e9xico","publisher":{"@id":"https:\/\/elinformativotam.com\/#organization"},"potentialAction":[{"@type":"SearchAction","target":{"@type":"EntryPoint","urlTemplate":"https:\/\/elinformativotam.com\/?s={search_term_string}"},"query-input":{"@type":"PropertyValueSpecification","valueRequired":true,"valueName":"search_term_string"}}],"inLanguage":"es"},{"@type":"Organization","@id":"https:\/\/elinformativotam.com\/#organization","name":"EL INFORMATIVO DE TAMAULIPAS","url":"https:\/\/elinformativotam.com\/","logo":{"@type":"ImageObject","inLanguage":"es","@id":"https:\/\/elinformativotam.com\/#\/schema\/logo\/image\/","url":"https:\/\/elinformativotam.com\/wp-content\/uploads\/2026\/02\/Cabezal.png","contentUrl":"https:\/\/elinformativotam.com\/wp-content\/uploads\/2026\/02\/Cabezal.png","width":960,"height":640,"caption":"EL INFORMATIVO DE TAMAULIPAS"},"image":{"@id":"https:\/\/elinformativotam.com\/#\/schema\/logo\/image\/"}},{"@type":"Person","@id":"https:\/\/elinformativotam.com\/#\/schema\/person\/78e08040eed0f6110f0c5f83b6153590","name":"El Informativo Tam","image":{"@type":"ImageObject","inLanguage":"es","@id":"https:\/\/secure.gravatar.com\/avatar\/f3b7ad3af540688955925ac610647be00b0cf41feea9c4978b73a707ee86bc53?s=96&d=mm&r=g","url":"https:\/\/secure.gravatar.com\/avatar\/f3b7ad3af540688955925ac610647be00b0cf41feea9c4978b73a707ee86bc53?s=96&d=mm&r=g","contentUrl":"https:\/\/secure.gravatar.com\/avatar\/f3b7ad3af540688955925ac610647be00b0cf41feea9c4978b73a707ee86bc53?s=96&d=mm&r=g","caption":"El Informativo Tam"}}]}},"_links":{"self":[{"href":"https:\/\/elinformativotam.com\/index.php\/wp-json\/wp\/v2\/posts\/51248","targetHints":{"allow":["GET"]}}],"collection":[{"href":"https:\/\/elinformativotam.com\/index.php\/wp-json\/wp\/v2\/posts"}],"about":[{"href":"https:\/\/elinformativotam.com\/index.php\/wp-json\/wp\/v2\/types\/post"}],"author":[{"embeddable":true,"href":"https:\/\/elinformativotam.com\/index.php\/wp-json\/wp\/v2\/users\/1"}],"replies":[{"embeddable":true,"href":"https:\/\/elinformativotam.com\/index.php\/wp-json\/wp\/v2\/comments?post=51248"}],"version-history":[{"count":1,"href":"https:\/\/elinformativotam.com\/index.php\/wp-json\/wp\/v2\/posts\/51248\/revisions"}],"predecessor-version":[{"id":51250,"href":"https:\/\/elinformativotam.com\/index.php\/wp-json\/wp\/v2\/posts\/51248\/revisions\/51250"}],"wp:featuredmedia":[{"embeddable":true,"href":"https:\/\/elinformativotam.com\/index.php\/wp-json\/wp\/v2\/media\/51249"}],"wp:attachment":[{"href":"https:\/\/elinformativotam.com\/index.php\/wp-json\/wp\/v2\/media?parent=51248"}],"wp:term":[{"taxonomy":"category","embeddable":true,"href":"https:\/\/elinformativotam.com\/index.php\/wp-json\/wp\/v2\/categories?post=51248"},{"taxonomy":"post_tag","embeddable":true,"href":"https:\/\/elinformativotam.com\/index.php\/wp-json\/wp\/v2\/tags?post=51248"}],"curies":[{"name":"wp","href":"https:\/\/api.w.org\/{rel}","templated":true}]}}