{"id":51232,"date":"2024-06-17T21:38:52","date_gmt":"2024-06-18T03:38:52","guid":{"rendered":"https:\/\/elinformativotam.com\/?p=51232"},"modified":"2024-06-17T21:38:52","modified_gmt":"2024-06-18T03:38:52","slug":"maderenses-reconocen-labor-del-gobierno-de-adrian-oseguera","status":"publish","type":"post","link":"https:\/\/elinformativotam.com\/index.php\/2024\/06\/17\/maderenses-reconocen-labor-del-gobierno-de-adrian-oseguera\/","title":{"rendered":"MADERENSES RECONOCEN LABOR DEL GOBIERNO DE ADRI\u00c1N OSEGUERA"},"content":{"rendered":"<p>Un reconocimiento generalizado por los residentes de la Calle Jos\u00e9 V. Aguilar, en la colonia Manuel R. D\u00edaz, fue dirigido hacia el Gobierno del alcalde Adri\u00e1n Oseguera Kernion, luego de dar arranque a la obra de pavimentaci\u00f3n a base de concreto hidr\u00e1ulico, despu\u00e9s 40 de a\u00f1os de no recibir respuesta por administraciones pasadas.<\/p>\n<p>&nbsp;<\/p>\n<p>En ese tenor, el Presidente Municipal, acompa\u00f1ado por su equipo de trabajo, dio el banderazo de esta importante obra p\u00fablica, en donde ser\u00e1n beneficiados m\u00e1s de 70 vecinos.<\/p>\n<p>&nbsp;<\/p>\n<p>Asimismo, agreg\u00f3 que al llevarse a cabo estos trabajos, queda pavimentado el 95% dicha colonia, brindando m\u00e1s certidumbre a los ciudadanos.<\/p>\n<p>&nbsp;<\/p>\n<p>Adem\u00e1s, estas acciones incluyeron obras complementarias que consisten en la rehabilitaci\u00f3n de la l\u00ednea de agua potable y servicios domiciliarios, sobre una longitud de 381.50 metros, requiriendo una inversi\u00f3n total de 3, 741,577.28 pesos.<\/p>\n<p>&nbsp;<\/p>\n<p>De acuerdo con la Direcci\u00f3n General de Obras P\u00fablicas, este monto aplicado en los trabajos a realizarse en la arteria antes mencionada, ser\u00e1 ejercido mediante el Fondo para Entidades Federativas y Municipios Productores de Hidrocarburos Regi\u00f3n Mar\u00edtima, ejercicio 2024 y el Fondo de Aportaciones para la Infraestructura Social Municipal y de las Demarcaciones Territoriales del Distrito Federal (FAISMUN-DF), ejercicio 2024.<\/p>\n","protected":false},"excerpt":{"rendered":"<p>Un reconocimiento generalizado por los residentes de la Calle Jos\u00e9 V. Aguilar, en la colonia Manuel R. D\u00edaz, fue dirigido&hellip;<\/p>\n","protected":false},"author":1,"featured_media":51233,"comment_status":"open","ping_status":"open","sticky":false,"template":"","format":"standard","meta":{"footnotes":""},"categories":[4],"tags":[],"class_list":["post-51232","post","type-post","status-publish","format-standard","has-post-thumbnail","hentry","category-madero"],"yoast_head":"<!-- This site is optimized with the Yoast SEO plugin v27.4 - https:\/\/yoast.com\/product\/yoast-seo-wordpress\/ -->\n<title>MADERENSES RECONOCEN LABOR DEL GOBIERNO DE ADRI\u00c1N OSEGUERA - EL INFORMATIVO DE TAMAULIPAS<\/title>\n<meta name=\"description\" content=\"Un reconocimiento generalizado por los residentes de la Calle Jos\u00e9 V. Aguilar, en la colonia Manuel R. D\u00edaz, fue dirigido hacia el Gobierno del alcalde\" \/>\n<meta name=\"robots\" content=\"index, follow, max-snippet:-1, max-image-preview:large, max-video-preview:-1\" \/>\n<link rel=\"canonical\" href=\"https:\/\/elinformativotam.com\/index.php\/2024\/06\/17\/maderenses-reconocen-labor-del-gobierno-de-adrian-oseguera\/\" \/>\n<meta property=\"og:locale\" content=\"es_MX\" \/>\n<meta property=\"og:type\" content=\"article\" \/>\n<meta property=\"og:title\" content=\"MADERENSES RECONOCEN LABOR DEL GOBIERNO DE ADRI\u00c1N OSEGUERA - EL INFORMATIVO DE TAMAULIPAS\" \/>\n<meta property=\"og:description\" content=\"Un reconocimiento generalizado por los residentes de la Calle Jos\u00e9 V. Aguilar, en la colonia Manuel R. D\u00edaz, fue dirigido hacia el Gobierno del alcalde\" \/>\n<meta property=\"og:url\" content=\"https:\/\/elinformativotam.com\/index.php\/2024\/06\/17\/maderenses-reconocen-labor-del-gobierno-de-adrian-oseguera\/\" \/>\n<meta property=\"og:site_name\" content=\"EL INFORMATIVO DE TAMAULIPAS\" \/>\n<meta property=\"article:published_time\" content=\"2024-06-18T03:38:52+00:00\" \/>\n<meta property=\"og:image\" content=\"https:\/\/elinformativotam.com\/wp-content\/uploads\/2024\/06\/8-scaled.jpg\" \/>\n\t<meta property=\"og:image:width\" content=\"2560\" \/>\n\t<meta property=\"og:image:height\" content=\"1911\" \/>\n\t<meta property=\"og:image:type\" content=\"image\/jpeg\" \/>\n<meta name=\"author\" content=\"El Informativo Tam\" \/>\n<meta name=\"twitter:card\" content=\"summary_large_image\" \/>\n<meta name=\"twitter:label1\" content=\"Escrito por\" \/>\n\t<meta name=\"twitter:data1\" content=\"El Informativo Tam\" \/>\n\t<meta name=\"twitter:label2\" content=\"Tiempo de lectura\" \/>\n\t<meta name=\"twitter:data2\" content=\"2 minutos\" \/>\n<script type=\"application\/ld+json\" class=\"yoast-schema-graph\">{\"@context\":\"https:\\\/\\\/schema.org\",\"@graph\":[{\"@type\":\"Article\",\"@id\":\"https:\\\/\\\/elinformativotam.com\\\/index.php\\\/2024\\\/06\\\/17\\\/maderenses-reconocen-labor-del-gobierno-de-adrian-oseguera\\\/#article\",\"isPartOf\":{\"@id\":\"https:\\\/\\\/elinformativotam.com\\\/index.php\\\/2024\\\/06\\\/17\\\/maderenses-reconocen-labor-del-gobierno-de-adrian-oseguera\\\/\"},\"author\":{\"name\":\"El Informativo Tam\",\"@id\":\"https:\\\/\\\/elinformativotam.com\\\/#\\\/schema\\\/person\\\/78e08040eed0f6110f0c5f83b6153590\"},\"headline\":\"MADERENSES RECONOCEN LABOR DEL GOBIERNO DE ADRI\u00c1N OSEGUERA\",\"datePublished\":\"2024-06-18T03:38:52+00:00\",\"mainEntityOfPage\":{\"@id\":\"https:\\\/\\\/elinformativotam.com\\\/index.php\\\/2024\\\/06\\\/17\\\/maderenses-reconocen-labor-del-gobierno-de-adrian-oseguera\\\/\"},\"wordCount\":220,\"commentCount\":0,\"publisher\":{\"@id\":\"https:\\\/\\\/elinformativotam.com\\\/#organization\"},\"image\":{\"@id\":\"https:\\\/\\\/elinformativotam.com\\\/index.php\\\/2024\\\/06\\\/17\\\/maderenses-reconocen-labor-del-gobierno-de-adrian-oseguera\\\/#primaryimage\"},\"thumbnailUrl\":\"https:\\\/\\\/elinformativotam.com\\\/wp-content\\\/uploads\\\/2024\\\/06\\\/8-scaled.jpg\",\"articleSection\":[\"Cd Madero\"],\"inLanguage\":\"es\",\"potentialAction\":[{\"@type\":\"CommentAction\",\"name\":\"Comment\",\"target\":[\"https:\\\/\\\/elinformativotam.com\\\/index.php\\\/2024\\\/06\\\/17\\\/maderenses-reconocen-labor-del-gobierno-de-adrian-oseguera\\\/#respond\"]}]},{\"@type\":\"WebPage\",\"@id\":\"https:\\\/\\\/elinformativotam.com\\\/index.php\\\/2024\\\/06\\\/17\\\/maderenses-reconocen-labor-del-gobierno-de-adrian-oseguera\\\/\",\"url\":\"https:\\\/\\\/elinformativotam.com\\\/index.php\\\/2024\\\/06\\\/17\\\/maderenses-reconocen-labor-del-gobierno-de-adrian-oseguera\\\/\",\"name\":\"MADERENSES RECONOCEN LABOR DEL GOBIERNO DE ADRI\u00c1N OSEGUERA - EL INFORMATIVO DE TAMAULIPAS\",\"isPartOf\":{\"@id\":\"https:\\\/\\\/elinformativotam.com\\\/#website\"},\"primaryImageOfPage\":{\"@id\":\"https:\\\/\\\/elinformativotam.com\\\/index.php\\\/2024\\\/06\\\/17\\\/maderenses-reconocen-labor-del-gobierno-de-adrian-oseguera\\\/#primaryimage\"},\"image\":{\"@id\":\"https:\\\/\\\/elinformativotam.com\\\/index.php\\\/2024\\\/06\\\/17\\\/maderenses-reconocen-labor-del-gobierno-de-adrian-oseguera\\\/#primaryimage\"},\"thumbnailUrl\":\"https:\\\/\\\/elinformativotam.com\\\/wp-content\\\/uploads\\\/2024\\\/06\\\/8-scaled.jpg\",\"datePublished\":\"2024-06-18T03:38:52+00:00\",\"description\":\"Un reconocimiento generalizado por los residentes de la Calle Jos\u00e9 V. Aguilar, en la colonia Manuel R. D\u00edaz, fue dirigido hacia el Gobierno del alcalde\",\"inLanguage\":\"es\",\"potentialAction\":[{\"@type\":\"ReadAction\",\"target\":[\"https:\\\/\\\/elinformativotam.com\\\/index.php\\\/2024\\\/06\\\/17\\\/maderenses-reconocen-labor-del-gobierno-de-adrian-oseguera\\\/\"]}]},{\"@type\":\"ImageObject\",\"inLanguage\":\"es\",\"@id\":\"https:\\\/\\\/elinformativotam.com\\\/index.php\\\/2024\\\/06\\\/17\\\/maderenses-reconocen-labor-del-gobierno-de-adrian-oseguera\\\/#primaryimage\",\"url\":\"https:\\\/\\\/elinformativotam.com\\\/wp-content\\\/uploads\\\/2024\\\/06\\\/8-scaled.jpg\",\"contentUrl\":\"https:\\\/\\\/elinformativotam.com\\\/wp-content\\\/uploads\\\/2024\\\/06\\\/8-scaled.jpg\",\"width\":2560,\"height\":1911},{\"@type\":\"WebSite\",\"@id\":\"https:\\\/\\\/elinformativotam.com\\\/#website\",\"url\":\"https:\\\/\\\/elinformativotam.com\\\/\",\"name\":\"EL INFORMATIVO DE TAMAULIPAS\",\"description\":\"Desde la Zona Metropolitana Para Todo M\u00e9xico\",\"publisher\":{\"@id\":\"https:\\\/\\\/elinformativotam.com\\\/#organization\"},\"potentialAction\":[{\"@type\":\"SearchAction\",\"target\":{\"@type\":\"EntryPoint\",\"urlTemplate\":\"https:\\\/\\\/elinformativotam.com\\\/?s={search_term_string}\"},\"query-input\":{\"@type\":\"PropertyValueSpecification\",\"valueRequired\":true,\"valueName\":\"search_term_string\"}}],\"inLanguage\":\"es\"},{\"@type\":\"Organization\",\"@id\":\"https:\\\/\\\/elinformativotam.com\\\/#organization\",\"name\":\"EL INFORMATIVO DE TAMAULIPAS\",\"url\":\"https:\\\/\\\/elinformativotam.com\\\/\",\"logo\":{\"@type\":\"ImageObject\",\"inLanguage\":\"es\",\"@id\":\"https:\\\/\\\/elinformativotam.com\\\/#\\\/schema\\\/logo\\\/image\\\/\",\"url\":\"https:\\\/\\\/elinformativotam.com\\\/wp-content\\\/uploads\\\/2026\\\/02\\\/Cabezal.png\",\"contentUrl\":\"https:\\\/\\\/elinformativotam.com\\\/wp-content\\\/uploads\\\/2026\\\/02\\\/Cabezal.png\",\"width\":960,\"height\":640,\"caption\":\"EL INFORMATIVO DE TAMAULIPAS\"},\"image\":{\"@id\":\"https:\\\/\\\/elinformativotam.com\\\/#\\\/schema\\\/logo\\\/image\\\/\"}},{\"@type\":\"Person\",\"@id\":\"https:\\\/\\\/elinformativotam.com\\\/#\\\/schema\\\/person\\\/78e08040eed0f6110f0c5f83b6153590\",\"name\":\"El Informativo Tam\",\"image\":{\"@type\":\"ImageObject\",\"inLanguage\":\"es\",\"@id\":\"https:\\\/\\\/secure.gravatar.com\\\/avatar\\\/f3b7ad3af540688955925ac610647be00b0cf41feea9c4978b73a707ee86bc53?s=96&d=mm&r=g\",\"url\":\"https:\\\/\\\/secure.gravatar.com\\\/avatar\\\/f3b7ad3af540688955925ac610647be00b0cf41feea9c4978b73a707ee86bc53?s=96&d=mm&r=g\",\"contentUrl\":\"https:\\\/\\\/secure.gravatar.com\\\/avatar\\\/f3b7ad3af540688955925ac610647be00b0cf41feea9c4978b73a707ee86bc53?s=96&d=mm&r=g\",\"caption\":\"El Informativo Tam\"}}]}<\/script>\n<!-- \/ Yoast SEO plugin. -->","yoast_head_json":{"title":"MADERENSES RECONOCEN LABOR DEL GOBIERNO DE ADRI\u00c1N OSEGUERA - EL INFORMATIVO DE TAMAULIPAS","description":"Un reconocimiento generalizado por los residentes de la Calle Jos\u00e9 V. Aguilar, en la colonia Manuel R. D\u00edaz, fue dirigido hacia el Gobierno del alcalde","robots":{"index":"index","follow":"follow","max-snippet":"max-snippet:-1","max-image-preview":"max-image-preview:large","max-video-preview":"max-video-preview:-1"},"canonical":"https:\/\/elinformativotam.com\/index.php\/2024\/06\/17\/maderenses-reconocen-labor-del-gobierno-de-adrian-oseguera\/","og_locale":"es_MX","og_type":"article","og_title":"MADERENSES RECONOCEN LABOR DEL GOBIERNO DE ADRI\u00c1N OSEGUERA - EL INFORMATIVO DE TAMAULIPAS","og_description":"Un reconocimiento generalizado por los residentes de la Calle Jos\u00e9 V. Aguilar, en la colonia Manuel R. D\u00edaz, fue dirigido hacia el Gobierno del alcalde","og_url":"https:\/\/elinformativotam.com\/index.php\/2024\/06\/17\/maderenses-reconocen-labor-del-gobierno-de-adrian-oseguera\/","og_site_name":"EL INFORMATIVO DE TAMAULIPAS","article_published_time":"2024-06-18T03:38:52+00:00","og_image":[{"width":2560,"height":1911,"url":"https:\/\/elinformativotam.com\/wp-content\/uploads\/2024\/06\/8-scaled.jpg","type":"image\/jpeg"}],"author":"El Informativo Tam","twitter_card":"summary_large_image","twitter_misc":{"Escrito por":"El Informativo Tam","Tiempo de lectura":"2 minutos"},"schema":{"@context":"https:\/\/schema.org","@graph":[{"@type":"Article","@id":"https:\/\/elinformativotam.com\/index.php\/2024\/06\/17\/maderenses-reconocen-labor-del-gobierno-de-adrian-oseguera\/#article","isPartOf":{"@id":"https:\/\/elinformativotam.com\/index.php\/2024\/06\/17\/maderenses-reconocen-labor-del-gobierno-de-adrian-oseguera\/"},"author":{"name":"El Informativo Tam","@id":"https:\/\/elinformativotam.com\/#\/schema\/person\/78e08040eed0f6110f0c5f83b6153590"},"headline":"MADERENSES RECONOCEN LABOR DEL GOBIERNO DE ADRI\u00c1N OSEGUERA","datePublished":"2024-06-18T03:38:52+00:00","mainEntityOfPage":{"@id":"https:\/\/elinformativotam.com\/index.php\/2024\/06\/17\/maderenses-reconocen-labor-del-gobierno-de-adrian-oseguera\/"},"wordCount":220,"commentCount":0,"publisher":{"@id":"https:\/\/elinformativotam.com\/#organization"},"image":{"@id":"https:\/\/elinformativotam.com\/index.php\/2024\/06\/17\/maderenses-reconocen-labor-del-gobierno-de-adrian-oseguera\/#primaryimage"},"thumbnailUrl":"https:\/\/elinformativotam.com\/wp-content\/uploads\/2024\/06\/8-scaled.jpg","articleSection":["Cd Madero"],"inLanguage":"es","potentialAction":[{"@type":"CommentAction","name":"Comment","target":["https:\/\/elinformativotam.com\/index.php\/2024\/06\/17\/maderenses-reconocen-labor-del-gobierno-de-adrian-oseguera\/#respond"]}]},{"@type":"WebPage","@id":"https:\/\/elinformativotam.com\/index.php\/2024\/06\/17\/maderenses-reconocen-labor-del-gobierno-de-adrian-oseguera\/","url":"https:\/\/elinformativotam.com\/index.php\/2024\/06\/17\/maderenses-reconocen-labor-del-gobierno-de-adrian-oseguera\/","name":"MADERENSES RECONOCEN LABOR DEL GOBIERNO DE ADRI\u00c1N OSEGUERA - EL INFORMATIVO DE TAMAULIPAS","isPartOf":{"@id":"https:\/\/elinformativotam.com\/#website"},"primaryImageOfPage":{"@id":"https:\/\/elinformativotam.com\/index.php\/2024\/06\/17\/maderenses-reconocen-labor-del-gobierno-de-adrian-oseguera\/#primaryimage"},"image":{"@id":"https:\/\/elinformativotam.com\/index.php\/2024\/06\/17\/maderenses-reconocen-labor-del-gobierno-de-adrian-oseguera\/#primaryimage"},"thumbnailUrl":"https:\/\/elinformativotam.com\/wp-content\/uploads\/2024\/06\/8-scaled.jpg","datePublished":"2024-06-18T03:38:52+00:00","description":"Un reconocimiento generalizado por los residentes de la Calle Jos\u00e9 V. Aguilar, en la colonia Manuel R. D\u00edaz, fue dirigido hacia el Gobierno del alcalde","inLanguage":"es","potentialAction":[{"@type":"ReadAction","target":["https:\/\/elinformativotam.com\/index.php\/2024\/06\/17\/maderenses-reconocen-labor-del-gobierno-de-adrian-oseguera\/"]}]},{"@type":"ImageObject","inLanguage":"es","@id":"https:\/\/elinformativotam.com\/index.php\/2024\/06\/17\/maderenses-reconocen-labor-del-gobierno-de-adrian-oseguera\/#primaryimage","url":"https:\/\/elinformativotam.com\/wp-content\/uploads\/2024\/06\/8-scaled.jpg","contentUrl":"https:\/\/elinformativotam.com\/wp-content\/uploads\/2024\/06\/8-scaled.jpg","width":2560,"height":1911},{"@type":"WebSite","@id":"https:\/\/elinformativotam.com\/#website","url":"https:\/\/elinformativotam.com\/","name":"EL INFORMATIVO DE TAMAULIPAS","description":"Desde la Zona Metropolitana Para Todo M\u00e9xico","publisher":{"@id":"https:\/\/elinformativotam.com\/#organization"},"potentialAction":[{"@type":"SearchAction","target":{"@type":"EntryPoint","urlTemplate":"https:\/\/elinformativotam.com\/?s={search_term_string}"},"query-input":{"@type":"PropertyValueSpecification","valueRequired":true,"valueName":"search_term_string"}}],"inLanguage":"es"},{"@type":"Organization","@id":"https:\/\/elinformativotam.com\/#organization","name":"EL INFORMATIVO DE TAMAULIPAS","url":"https:\/\/elinformativotam.com\/","logo":{"@type":"ImageObject","inLanguage":"es","@id":"https:\/\/elinformativotam.com\/#\/schema\/logo\/image\/","url":"https:\/\/elinformativotam.com\/wp-content\/uploads\/2026\/02\/Cabezal.png","contentUrl":"https:\/\/elinformativotam.com\/wp-content\/uploads\/2026\/02\/Cabezal.png","width":960,"height":640,"caption":"EL INFORMATIVO DE TAMAULIPAS"},"image":{"@id":"https:\/\/elinformativotam.com\/#\/schema\/logo\/image\/"}},{"@type":"Person","@id":"https:\/\/elinformativotam.com\/#\/schema\/person\/78e08040eed0f6110f0c5f83b6153590","name":"El Informativo Tam","image":{"@type":"ImageObject","inLanguage":"es","@id":"https:\/\/secure.gravatar.com\/avatar\/f3b7ad3af540688955925ac610647be00b0cf41feea9c4978b73a707ee86bc53?s=96&d=mm&r=g","url":"https:\/\/secure.gravatar.com\/avatar\/f3b7ad3af540688955925ac610647be00b0cf41feea9c4978b73a707ee86bc53?s=96&d=mm&r=g","contentUrl":"https:\/\/secure.gravatar.com\/avatar\/f3b7ad3af540688955925ac610647be00b0cf41feea9c4978b73a707ee86bc53?s=96&d=mm&r=g","caption":"El Informativo Tam"}}]}},"_links":{"self":[{"href":"https:\/\/elinformativotam.com\/index.php\/wp-json\/wp\/v2\/posts\/51232","targetHints":{"allow":["GET"]}}],"collection":[{"href":"https:\/\/elinformativotam.com\/index.php\/wp-json\/wp\/v2\/posts"}],"about":[{"href":"https:\/\/elinformativotam.com\/index.php\/wp-json\/wp\/v2\/types\/post"}],"author":[{"embeddable":true,"href":"https:\/\/elinformativotam.com\/index.php\/wp-json\/wp\/v2\/users\/1"}],"replies":[{"embeddable":true,"href":"https:\/\/elinformativotam.com\/index.php\/wp-json\/wp\/v2\/comments?post=51232"}],"version-history":[{"count":1,"href":"https:\/\/elinformativotam.com\/index.php\/wp-json\/wp\/v2\/posts\/51232\/revisions"}],"predecessor-version":[{"id":51234,"href":"https:\/\/elinformativotam.com\/index.php\/wp-json\/wp\/v2\/posts\/51232\/revisions\/51234"}],"wp:featuredmedia":[{"embeddable":true,"href":"https:\/\/elinformativotam.com\/index.php\/wp-json\/wp\/v2\/media\/51233"}],"wp:attachment":[{"href":"https:\/\/elinformativotam.com\/index.php\/wp-json\/wp\/v2\/media?parent=51232"}],"wp:term":[{"taxonomy":"category","embeddable":true,"href":"https:\/\/elinformativotam.com\/index.php\/wp-json\/wp\/v2\/categories?post=51232"},{"taxonomy":"post_tag","embeddable":true,"href":"https:\/\/elinformativotam.com\/index.php\/wp-json\/wp\/v2\/tags?post=51232"}],"curies":[{"name":"wp","href":"https:\/\/api.w.org\/{rel}","templated":true}]}}