{"id":51220,"date":"2024-06-17T21:21:53","date_gmt":"2024-06-18T03:21:53","guid":{"rendered":"https:\/\/elinformativotam.com\/?p=51220"},"modified":"2024-06-17T21:21:53","modified_gmt":"2024-06-18T03:21:53","slug":"cerrara-labores-distrito-electoral-8-con-ultima-sesion-para-el-24-de-junio","status":"publish","type":"post","link":"https:\/\/elinformativotam.com\/index.php\/2024\/06\/17\/cerrara-labores-distrito-electoral-8-con-ultima-sesion-para-el-24-de-junio\/","title":{"rendered":"CERRAR\u00c1 LABORES DISTRITO ELECTORAL 8 CON \u00daLTIMA SESI\u00d3N PARA EL 24 DE JUNIO"},"content":{"rendered":"<h2 style=\"text-align: center;\"><em><span style=\"font-family: 'times new roman', times;\">*La Presidenta Del Consejo Viajar\u00e1 A La CDMX Para Entregar Los &#8220;Testigos&#8221; Del Resultado Final De La Elecci\u00f3n En La C\u00e1mara Baja, TEPJF Y Consejo General Del INE<\/span><\/em><\/h2>\n<p>&nbsp;<\/p>\n<p>&nbsp;<\/p>\n<p>Luego de haber entregado la constancia al ganador de la elecci\u00f3n para la diputaci\u00f3n federal, y validado los resultados de Presidencia y Senadur\u00edas; el consejo distrital electoral 8 concluir\u00e1 labores con una \u00faltima sesi\u00f3n que llevar\u00e1 a cabo el 24 de junio, con la presencia de consejeros y representantes de los partidos pol\u00edticos acreditados.<\/p>\n<p>&nbsp;<\/p>\n<p>Mar\u00eda de la Luz Espinoza Hern\u00e1ndez, Presidenta del Consejo Distrital con sede en Tampico, detall\u00f3 que atr\u00e1s quedaron las 79 horas de sesi\u00f3n contin\u00faa que encabez\u00f3 a partir del 2 de Junio, con el inicio del c\u00f3mputo final hasta el s\u00e1bado 8 cuando concluy\u00f3 con el recuento de la elecci\u00f3n de senadores.<\/p>\n<p>&nbsp;<\/p>\n<p>Manifest\u00f3 que ser\u00e1 en el transcurso de la presente semana cuando entregue de manera personal el expediente final de la elecci\u00f3n de la diputaci\u00f3n federal en la c\u00e1mara baja, adem\u00e1s de hacer lo propio, pero en la Sala Superior del TEPJF de la elecci\u00f3n Presidencial, y un \u00faltimo archivo que quedar\u00e1 en poder del Consejo General del INE<\/p>\n<p>&nbsp;<\/p>\n<p>Espinoza, dej\u00f3 en claro una vez m\u00e1s que en Tampico y Madero se llev\u00f3 a cabo una elecci\u00f3n hist\u00f3rica, que comenz\u00f3 con la redistritaci\u00f3n que oblig\u00f3 a que en el distrito se instalar\u00e1n 726 casillas para el d\u00eda de los comicios.<\/p>\n<p>&nbsp;<\/p>\n<p>&#8220;Hoy podemos decir que en el 8 distrito somos la posici\u00f3n n\u00famero uno a nivel nacional en electores(427 mil votos) y la posici\u00f3n n\u00famero 8 en casillas de los 300 distritos a nivel pa\u00eds&#8221;, resalt\u00f3<\/p>\n<p>&nbsp;<\/p>\n<p>La Presidenta del Consejo Distrital agradeci\u00f3 a los partidos pol\u00edticos, consejeros y personal administrativo y de campo, que hicieron posible la elecci\u00f3n concurrente.<\/p>\n<p>&nbsp;<\/p>\n<p>&#8220;El Quehacer electoral va m\u00e1s all\u00e1 del servicio profesional y de carrera en esta instituci\u00f3n, es el compromiso de la persona, del ciudadano por cumplir con lo mandatado&#8221;, acot\u00f3.<\/p>\n","protected":false},"excerpt":{"rendered":"<p>*La Presidenta Del Consejo Viajar\u00e1 A La CDMX Para Entregar Los &#8220;Testigos&#8221; Del Resultado Final De La Elecci\u00f3n En La&hellip;<\/p>\n","protected":false},"author":1,"featured_media":51221,"comment_status":"open","ping_status":"open","sticky":false,"template":"","format":"standard","meta":{"footnotes":""},"categories":[3],"tags":[],"class_list":["post-51220","post","type-post","status-publish","format-standard","has-post-thumbnail","hentry","category-tampico"],"yoast_head":"<!-- This site is optimized with the Yoast SEO plugin v27.4 - https:\/\/yoast.com\/product\/yoast-seo-wordpress\/ -->\n<title>CERRAR\u00c1 LABORES DISTRITO ELECTORAL 8 CON \u00daLTIMA SESI\u00d3N PARA EL 24 DE JUNIO - EL INFORMATIVO DE TAMAULIPAS<\/title>\n<meta name=\"description\" content=\"*La Presidenta Del Consejo Viajar\u00e1 A La CDMX Para Entregar Los &quot;Testigos&quot; Del Resultado Final De La Elecci\u00f3n En La C\u00e1mara Baja, TEPJF Y Consejo General\" \/>\n<meta name=\"robots\" content=\"index, follow, max-snippet:-1, max-image-preview:large, max-video-preview:-1\" \/>\n<link rel=\"canonical\" href=\"https:\/\/elinformativotam.com\/index.php\/2024\/06\/17\/cerrara-labores-distrito-electoral-8-con-ultima-sesion-para-el-24-de-junio\/\" \/>\n<meta property=\"og:locale\" content=\"es_MX\" \/>\n<meta property=\"og:type\" content=\"article\" \/>\n<meta property=\"og:title\" content=\"CERRAR\u00c1 LABORES DISTRITO ELECTORAL 8 CON \u00daLTIMA SESI\u00d3N PARA EL 24 DE JUNIO - EL INFORMATIVO DE TAMAULIPAS\" \/>\n<meta property=\"og:description\" content=\"*La Presidenta Del Consejo Viajar\u00e1 A La CDMX Para Entregar Los &quot;Testigos&quot; Del Resultado Final De La Elecci\u00f3n En La C\u00e1mara Baja, TEPJF Y Consejo General\" \/>\n<meta property=\"og:url\" content=\"https:\/\/elinformativotam.com\/index.php\/2024\/06\/17\/cerrara-labores-distrito-electoral-8-con-ultima-sesion-para-el-24-de-junio\/\" \/>\n<meta property=\"og:site_name\" content=\"EL INFORMATIVO DE TAMAULIPAS\" \/>\n<meta property=\"article:published_time\" content=\"2024-06-18T03:21:53+00:00\" \/>\n<meta property=\"og:image\" content=\"https:\/\/elinformativotam.com\/wp-content\/uploads\/2024\/06\/MAria-de-la-Luz1.jpeg\" \/>\n\t<meta property=\"og:image:width\" content=\"1600\" \/>\n\t<meta property=\"og:image:height\" content=\"1204\" \/>\n\t<meta property=\"og:image:type\" content=\"image\/jpeg\" \/>\n<meta name=\"author\" content=\"El Informativo Tam\" \/>\n<meta name=\"twitter:card\" content=\"summary_large_image\" \/>\n<meta name=\"twitter:label1\" content=\"Escrito por\" \/>\n\t<meta name=\"twitter:data1\" content=\"El Informativo Tam\" \/>\n\t<meta name=\"twitter:label2\" content=\"Tiempo de lectura\" \/>\n\t<meta name=\"twitter:data2\" content=\"2 minutos\" \/>\n<script type=\"application\/ld+json\" class=\"yoast-schema-graph\">{\"@context\":\"https:\\\/\\\/schema.org\",\"@graph\":[{\"@type\":\"Article\",\"@id\":\"https:\\\/\\\/elinformativotam.com\\\/index.php\\\/2024\\\/06\\\/17\\\/cerrara-labores-distrito-electoral-8-con-ultima-sesion-para-el-24-de-junio\\\/#article\",\"isPartOf\":{\"@id\":\"https:\\\/\\\/elinformativotam.com\\\/index.php\\\/2024\\\/06\\\/17\\\/cerrara-labores-distrito-electoral-8-con-ultima-sesion-para-el-24-de-junio\\\/\"},\"author\":{\"name\":\"El Informativo Tam\",\"@id\":\"https:\\\/\\\/elinformativotam.com\\\/#\\\/schema\\\/person\\\/78e08040eed0f6110f0c5f83b6153590\"},\"headline\":\"CERRAR\u00c1 LABORES DISTRITO ELECTORAL 8 CON \u00daLTIMA SESI\u00d3N PARA EL 24 DE JUNIO\",\"datePublished\":\"2024-06-18T03:21:53+00:00\",\"mainEntityOfPage\":{\"@id\":\"https:\\\/\\\/elinformativotam.com\\\/index.php\\\/2024\\\/06\\\/17\\\/cerrara-labores-distrito-electoral-8-con-ultima-sesion-para-el-24-de-junio\\\/\"},\"wordCount\":366,\"commentCount\":0,\"publisher\":{\"@id\":\"https:\\\/\\\/elinformativotam.com\\\/#organization\"},\"image\":{\"@id\":\"https:\\\/\\\/elinformativotam.com\\\/index.php\\\/2024\\\/06\\\/17\\\/cerrara-labores-distrito-electoral-8-con-ultima-sesion-para-el-24-de-junio\\\/#primaryimage\"},\"thumbnailUrl\":\"https:\\\/\\\/elinformativotam.com\\\/wp-content\\\/uploads\\\/2024\\\/06\\\/MAria-de-la-Luz1.jpeg\",\"articleSection\":[\"Tampico\"],\"inLanguage\":\"es\",\"potentialAction\":[{\"@type\":\"CommentAction\",\"name\":\"Comment\",\"target\":[\"https:\\\/\\\/elinformativotam.com\\\/index.php\\\/2024\\\/06\\\/17\\\/cerrara-labores-distrito-electoral-8-con-ultima-sesion-para-el-24-de-junio\\\/#respond\"]}]},{\"@type\":\"WebPage\",\"@id\":\"https:\\\/\\\/elinformativotam.com\\\/index.php\\\/2024\\\/06\\\/17\\\/cerrara-labores-distrito-electoral-8-con-ultima-sesion-para-el-24-de-junio\\\/\",\"url\":\"https:\\\/\\\/elinformativotam.com\\\/index.php\\\/2024\\\/06\\\/17\\\/cerrara-labores-distrito-electoral-8-con-ultima-sesion-para-el-24-de-junio\\\/\",\"name\":\"CERRAR\u00c1 LABORES DISTRITO ELECTORAL 8 CON \u00daLTIMA SESI\u00d3N PARA EL 24 DE JUNIO - EL INFORMATIVO DE TAMAULIPAS\",\"isPartOf\":{\"@id\":\"https:\\\/\\\/elinformativotam.com\\\/#website\"},\"primaryImageOfPage\":{\"@id\":\"https:\\\/\\\/elinformativotam.com\\\/index.php\\\/2024\\\/06\\\/17\\\/cerrara-labores-distrito-electoral-8-con-ultima-sesion-para-el-24-de-junio\\\/#primaryimage\"},\"image\":{\"@id\":\"https:\\\/\\\/elinformativotam.com\\\/index.php\\\/2024\\\/06\\\/17\\\/cerrara-labores-distrito-electoral-8-con-ultima-sesion-para-el-24-de-junio\\\/#primaryimage\"},\"thumbnailUrl\":\"https:\\\/\\\/elinformativotam.com\\\/wp-content\\\/uploads\\\/2024\\\/06\\\/MAria-de-la-Luz1.jpeg\",\"datePublished\":\"2024-06-18T03:21:53+00:00\",\"description\":\"*La Presidenta Del Consejo Viajar\u00e1 A La CDMX Para Entregar Los \\\"Testigos\\\" Del Resultado Final De La Elecci\u00f3n En La C\u00e1mara Baja, TEPJF Y Consejo General\",\"inLanguage\":\"es\",\"potentialAction\":[{\"@type\":\"ReadAction\",\"target\":[\"https:\\\/\\\/elinformativotam.com\\\/index.php\\\/2024\\\/06\\\/17\\\/cerrara-labores-distrito-electoral-8-con-ultima-sesion-para-el-24-de-junio\\\/\"]}]},{\"@type\":\"ImageObject\",\"inLanguage\":\"es\",\"@id\":\"https:\\\/\\\/elinformativotam.com\\\/index.php\\\/2024\\\/06\\\/17\\\/cerrara-labores-distrito-electoral-8-con-ultima-sesion-para-el-24-de-junio\\\/#primaryimage\",\"url\":\"https:\\\/\\\/elinformativotam.com\\\/wp-content\\\/uploads\\\/2024\\\/06\\\/MAria-de-la-Luz1.jpeg\",\"contentUrl\":\"https:\\\/\\\/elinformativotam.com\\\/wp-content\\\/uploads\\\/2024\\\/06\\\/MAria-de-la-Luz1.jpeg\",\"width\":1600,\"height\":1204},{\"@type\":\"WebSite\",\"@id\":\"https:\\\/\\\/elinformativotam.com\\\/#website\",\"url\":\"https:\\\/\\\/elinformativotam.com\\\/\",\"name\":\"EL INFORMATIVO DE TAMAULIPAS\",\"description\":\"Desde la Zona Metropolitana Para Todo M\u00e9xico\",\"publisher\":{\"@id\":\"https:\\\/\\\/elinformativotam.com\\\/#organization\"},\"potentialAction\":[{\"@type\":\"SearchAction\",\"target\":{\"@type\":\"EntryPoint\",\"urlTemplate\":\"https:\\\/\\\/elinformativotam.com\\\/?s={search_term_string}\"},\"query-input\":{\"@type\":\"PropertyValueSpecification\",\"valueRequired\":true,\"valueName\":\"search_term_string\"}}],\"inLanguage\":\"es\"},{\"@type\":\"Organization\",\"@id\":\"https:\\\/\\\/elinformativotam.com\\\/#organization\",\"name\":\"EL INFORMATIVO DE TAMAULIPAS\",\"url\":\"https:\\\/\\\/elinformativotam.com\\\/\",\"logo\":{\"@type\":\"ImageObject\",\"inLanguage\":\"es\",\"@id\":\"https:\\\/\\\/elinformativotam.com\\\/#\\\/schema\\\/logo\\\/image\\\/\",\"url\":\"https:\\\/\\\/elinformativotam.com\\\/wp-content\\\/uploads\\\/2026\\\/02\\\/Cabezal.png\",\"contentUrl\":\"https:\\\/\\\/elinformativotam.com\\\/wp-content\\\/uploads\\\/2026\\\/02\\\/Cabezal.png\",\"width\":960,\"height\":640,\"caption\":\"EL INFORMATIVO DE TAMAULIPAS\"},\"image\":{\"@id\":\"https:\\\/\\\/elinformativotam.com\\\/#\\\/schema\\\/logo\\\/image\\\/\"}},{\"@type\":\"Person\",\"@id\":\"https:\\\/\\\/elinformativotam.com\\\/#\\\/schema\\\/person\\\/78e08040eed0f6110f0c5f83b6153590\",\"name\":\"El Informativo Tam\",\"image\":{\"@type\":\"ImageObject\",\"inLanguage\":\"es\",\"@id\":\"https:\\\/\\\/secure.gravatar.com\\\/avatar\\\/f3b7ad3af540688955925ac610647be00b0cf41feea9c4978b73a707ee86bc53?s=96&d=mm&r=g\",\"url\":\"https:\\\/\\\/secure.gravatar.com\\\/avatar\\\/f3b7ad3af540688955925ac610647be00b0cf41feea9c4978b73a707ee86bc53?s=96&d=mm&r=g\",\"contentUrl\":\"https:\\\/\\\/secure.gravatar.com\\\/avatar\\\/f3b7ad3af540688955925ac610647be00b0cf41feea9c4978b73a707ee86bc53?s=96&d=mm&r=g\",\"caption\":\"El Informativo Tam\"}}]}<\/script>\n<!-- \/ Yoast SEO plugin. -->","yoast_head_json":{"title":"CERRAR\u00c1 LABORES DISTRITO ELECTORAL 8 CON \u00daLTIMA SESI\u00d3N PARA EL 24 DE JUNIO - EL INFORMATIVO DE TAMAULIPAS","description":"*La Presidenta Del Consejo Viajar\u00e1 A La CDMX Para Entregar Los \"Testigos\" Del Resultado Final De La Elecci\u00f3n En La C\u00e1mara Baja, TEPJF Y Consejo General","robots":{"index":"index","follow":"follow","max-snippet":"max-snippet:-1","max-image-preview":"max-image-preview:large","max-video-preview":"max-video-preview:-1"},"canonical":"https:\/\/elinformativotam.com\/index.php\/2024\/06\/17\/cerrara-labores-distrito-electoral-8-con-ultima-sesion-para-el-24-de-junio\/","og_locale":"es_MX","og_type":"article","og_title":"CERRAR\u00c1 LABORES DISTRITO ELECTORAL 8 CON \u00daLTIMA SESI\u00d3N PARA EL 24 DE JUNIO - EL INFORMATIVO DE TAMAULIPAS","og_description":"*La Presidenta Del Consejo Viajar\u00e1 A La CDMX Para Entregar Los \"Testigos\" Del Resultado Final De La Elecci\u00f3n En La C\u00e1mara Baja, TEPJF Y Consejo General","og_url":"https:\/\/elinformativotam.com\/index.php\/2024\/06\/17\/cerrara-labores-distrito-electoral-8-con-ultima-sesion-para-el-24-de-junio\/","og_site_name":"EL INFORMATIVO DE TAMAULIPAS","article_published_time":"2024-06-18T03:21:53+00:00","og_image":[{"width":1600,"height":1204,"url":"https:\/\/elinformativotam.com\/wp-content\/uploads\/2024\/06\/MAria-de-la-Luz1.jpeg","type":"image\/jpeg"}],"author":"El Informativo Tam","twitter_card":"summary_large_image","twitter_misc":{"Escrito por":"El Informativo Tam","Tiempo de lectura":"2 minutos"},"schema":{"@context":"https:\/\/schema.org","@graph":[{"@type":"Article","@id":"https:\/\/elinformativotam.com\/index.php\/2024\/06\/17\/cerrara-labores-distrito-electoral-8-con-ultima-sesion-para-el-24-de-junio\/#article","isPartOf":{"@id":"https:\/\/elinformativotam.com\/index.php\/2024\/06\/17\/cerrara-labores-distrito-electoral-8-con-ultima-sesion-para-el-24-de-junio\/"},"author":{"name":"El Informativo Tam","@id":"https:\/\/elinformativotam.com\/#\/schema\/person\/78e08040eed0f6110f0c5f83b6153590"},"headline":"CERRAR\u00c1 LABORES DISTRITO ELECTORAL 8 CON \u00daLTIMA SESI\u00d3N PARA EL 24 DE JUNIO","datePublished":"2024-06-18T03:21:53+00:00","mainEntityOfPage":{"@id":"https:\/\/elinformativotam.com\/index.php\/2024\/06\/17\/cerrara-labores-distrito-electoral-8-con-ultima-sesion-para-el-24-de-junio\/"},"wordCount":366,"commentCount":0,"publisher":{"@id":"https:\/\/elinformativotam.com\/#organization"},"image":{"@id":"https:\/\/elinformativotam.com\/index.php\/2024\/06\/17\/cerrara-labores-distrito-electoral-8-con-ultima-sesion-para-el-24-de-junio\/#primaryimage"},"thumbnailUrl":"https:\/\/elinformativotam.com\/wp-content\/uploads\/2024\/06\/MAria-de-la-Luz1.jpeg","articleSection":["Tampico"],"inLanguage":"es","potentialAction":[{"@type":"CommentAction","name":"Comment","target":["https:\/\/elinformativotam.com\/index.php\/2024\/06\/17\/cerrara-labores-distrito-electoral-8-con-ultima-sesion-para-el-24-de-junio\/#respond"]}]},{"@type":"WebPage","@id":"https:\/\/elinformativotam.com\/index.php\/2024\/06\/17\/cerrara-labores-distrito-electoral-8-con-ultima-sesion-para-el-24-de-junio\/","url":"https:\/\/elinformativotam.com\/index.php\/2024\/06\/17\/cerrara-labores-distrito-electoral-8-con-ultima-sesion-para-el-24-de-junio\/","name":"CERRAR\u00c1 LABORES DISTRITO ELECTORAL 8 CON \u00daLTIMA SESI\u00d3N PARA EL 24 DE JUNIO - EL INFORMATIVO DE TAMAULIPAS","isPartOf":{"@id":"https:\/\/elinformativotam.com\/#website"},"primaryImageOfPage":{"@id":"https:\/\/elinformativotam.com\/index.php\/2024\/06\/17\/cerrara-labores-distrito-electoral-8-con-ultima-sesion-para-el-24-de-junio\/#primaryimage"},"image":{"@id":"https:\/\/elinformativotam.com\/index.php\/2024\/06\/17\/cerrara-labores-distrito-electoral-8-con-ultima-sesion-para-el-24-de-junio\/#primaryimage"},"thumbnailUrl":"https:\/\/elinformativotam.com\/wp-content\/uploads\/2024\/06\/MAria-de-la-Luz1.jpeg","datePublished":"2024-06-18T03:21:53+00:00","description":"*La Presidenta Del Consejo Viajar\u00e1 A La CDMX Para Entregar Los \"Testigos\" Del Resultado Final De La Elecci\u00f3n En La C\u00e1mara Baja, TEPJF Y Consejo General","inLanguage":"es","potentialAction":[{"@type":"ReadAction","target":["https:\/\/elinformativotam.com\/index.php\/2024\/06\/17\/cerrara-labores-distrito-electoral-8-con-ultima-sesion-para-el-24-de-junio\/"]}]},{"@type":"ImageObject","inLanguage":"es","@id":"https:\/\/elinformativotam.com\/index.php\/2024\/06\/17\/cerrara-labores-distrito-electoral-8-con-ultima-sesion-para-el-24-de-junio\/#primaryimage","url":"https:\/\/elinformativotam.com\/wp-content\/uploads\/2024\/06\/MAria-de-la-Luz1.jpeg","contentUrl":"https:\/\/elinformativotam.com\/wp-content\/uploads\/2024\/06\/MAria-de-la-Luz1.jpeg","width":1600,"height":1204},{"@type":"WebSite","@id":"https:\/\/elinformativotam.com\/#website","url":"https:\/\/elinformativotam.com\/","name":"EL INFORMATIVO DE TAMAULIPAS","description":"Desde la Zona Metropolitana Para Todo M\u00e9xico","publisher":{"@id":"https:\/\/elinformativotam.com\/#organization"},"potentialAction":[{"@type":"SearchAction","target":{"@type":"EntryPoint","urlTemplate":"https:\/\/elinformativotam.com\/?s={search_term_string}"},"query-input":{"@type":"PropertyValueSpecification","valueRequired":true,"valueName":"search_term_string"}}],"inLanguage":"es"},{"@type":"Organization","@id":"https:\/\/elinformativotam.com\/#organization","name":"EL INFORMATIVO DE TAMAULIPAS","url":"https:\/\/elinformativotam.com\/","logo":{"@type":"ImageObject","inLanguage":"es","@id":"https:\/\/elinformativotam.com\/#\/schema\/logo\/image\/","url":"https:\/\/elinformativotam.com\/wp-content\/uploads\/2026\/02\/Cabezal.png","contentUrl":"https:\/\/elinformativotam.com\/wp-content\/uploads\/2026\/02\/Cabezal.png","width":960,"height":640,"caption":"EL INFORMATIVO DE TAMAULIPAS"},"image":{"@id":"https:\/\/elinformativotam.com\/#\/schema\/logo\/image\/"}},{"@type":"Person","@id":"https:\/\/elinformativotam.com\/#\/schema\/person\/78e08040eed0f6110f0c5f83b6153590","name":"El Informativo Tam","image":{"@type":"ImageObject","inLanguage":"es","@id":"https:\/\/secure.gravatar.com\/avatar\/f3b7ad3af540688955925ac610647be00b0cf41feea9c4978b73a707ee86bc53?s=96&d=mm&r=g","url":"https:\/\/secure.gravatar.com\/avatar\/f3b7ad3af540688955925ac610647be00b0cf41feea9c4978b73a707ee86bc53?s=96&d=mm&r=g","contentUrl":"https:\/\/secure.gravatar.com\/avatar\/f3b7ad3af540688955925ac610647be00b0cf41feea9c4978b73a707ee86bc53?s=96&d=mm&r=g","caption":"El Informativo Tam"}}]}},"_links":{"self":[{"href":"https:\/\/elinformativotam.com\/index.php\/wp-json\/wp\/v2\/posts\/51220","targetHints":{"allow":["GET"]}}],"collection":[{"href":"https:\/\/elinformativotam.com\/index.php\/wp-json\/wp\/v2\/posts"}],"about":[{"href":"https:\/\/elinformativotam.com\/index.php\/wp-json\/wp\/v2\/types\/post"}],"author":[{"embeddable":true,"href":"https:\/\/elinformativotam.com\/index.php\/wp-json\/wp\/v2\/users\/1"}],"replies":[{"embeddable":true,"href":"https:\/\/elinformativotam.com\/index.php\/wp-json\/wp\/v2\/comments?post=51220"}],"version-history":[{"count":1,"href":"https:\/\/elinformativotam.com\/index.php\/wp-json\/wp\/v2\/posts\/51220\/revisions"}],"predecessor-version":[{"id":51222,"href":"https:\/\/elinformativotam.com\/index.php\/wp-json\/wp\/v2\/posts\/51220\/revisions\/51222"}],"wp:featuredmedia":[{"embeddable":true,"href":"https:\/\/elinformativotam.com\/index.php\/wp-json\/wp\/v2\/media\/51221"}],"wp:attachment":[{"href":"https:\/\/elinformativotam.com\/index.php\/wp-json\/wp\/v2\/media?parent=51220"}],"wp:term":[{"taxonomy":"category","embeddable":true,"href":"https:\/\/elinformativotam.com\/index.php\/wp-json\/wp\/v2\/categories?post=51220"},{"taxonomy":"post_tag","embeddable":true,"href":"https:\/\/elinformativotam.com\/index.php\/wp-json\/wp\/v2\/tags?post=51220"}],"curies":[{"name":"wp","href":"https:\/\/api.w.org\/{rel}","templated":true}]}}