{"id":51210,"date":"2024-06-17T21:12:17","date_gmt":"2024-06-18T03:12:17","guid":{"rendered":"https:\/\/elinformativotam.com\/?p=51210"},"modified":"2024-06-17T21:12:17","modified_gmt":"2024-06-18T03:12:17","slug":"ahora-si-vienen-las-lluvias-para-la-zona-sur-pronostican-arribo-de-tormenta-tropical","status":"publish","type":"post","link":"https:\/\/elinformativotam.com\/index.php\/2024\/06\/17\/ahora-si-vienen-las-lluvias-para-la-zona-sur-pronostican-arribo-de-tormenta-tropical\/","title":{"rendered":"AHORA S\u00cd VIENEN LAS LLUVIAS PARA LA ZONA SUR; PRONOSTICAN ARRIBO DE TORMENTA TROPICAL"},"content":{"rendered":"<h2 style=\"text-align: center;\"><em><span style=\"font-family: 'times new roman', times;\">*El Fen\u00f3meno Hidrometerol\u00f3gico Dejar\u00eda Las Primeras Precipitaciones A La Regi\u00f3n<\/span><\/em><\/h2>\n<p>&nbsp;<\/p>\n<p>Los pron\u00f3sticos de las primeras lluvias para la zona sur se podr\u00edan hacer realidad a partir de \u00e9ste martes, cuando toque tierra una zona de inestabilidad que estar\u00eda converti\u00e9ndose en depresi\u00f3n o tormenta tropical.<\/p>\n<p>&nbsp;<\/p>\n<p>As\u00ed lo expres\u00f3, el coordinador estatal de Protecci\u00f3n Civil, Gerardo Gonz\u00e1lez de la Fuente, al se\u00f1alar que dicha zona de baja presi\u00f3n podr\u00eda tocar tierra en las costas de Tamaulipas como una tormenta tropical en las pr\u00f3ximas horas.<\/p>\n<p>&nbsp;<\/p>\n<p>Detall\u00f3 que para la zona sur se esperan precipitaciones copiosas que podr\u00edan comenzar ma\u00f1ana y prolongarse hasta el mi\u00e9rcoles<\/p>\n<p>&nbsp;<\/p>\n<p>Remarc\u00f3 que mientras los pron\u00f3sticos climatol\u00f3gicos se cumplen, Protecci\u00f3n Civil realiza un constante monitoreo al fen\u00f3meno hidrometeorol\u00f3gico &#8220;que no es un hurac\u00e1n, pues en estos momentos es una zona de Inestabilidad con caracter\u00edsticas de pasar a ser depresi\u00f3n o tormenta tropical&#8221;, acot\u00f3<\/p>\n<p>&nbsp;<\/p>\n<p>De la Fuente, enfatiz\u00f3 que en el transcurso de \u00e9ste lunes y en las primeras horas del martes habr\u00e1 m\u00e1s informaci\u00f3n concreta sobre el fen\u00f3meno clim\u00e1tico.<\/p>\n<p>&nbsp;<\/p>\n<p>&#8220;No sabemos d\u00f3nde pegar\u00e1, sin embargo el pron\u00f3stico de impacto es toda la costa de Tamaulipas. Estamos monitoreando y prepar\u00e1ndonos &#8220;, dijo.<\/p>\n<p>&nbsp;<\/p>\n","protected":false},"excerpt":{"rendered":"<p>*El Fen\u00f3meno Hidrometerol\u00f3gico Dejar\u00eda Las Primeras Precipitaciones A La Regi\u00f3n &nbsp; Los pron\u00f3sticos de las primeras lluvias para la zona&hellip;<\/p>\n","protected":false},"author":1,"featured_media":51211,"comment_status":"open","ping_status":"open","sticky":false,"template":"","format":"standard","meta":{"footnotes":""},"categories":[3],"tags":[],"class_list":["post-51210","post","type-post","status-publish","format-standard","has-post-thumbnail","hentry","category-tampico"],"yoast_head":"<!-- This site is optimized with the Yoast SEO plugin v27.4 - https:\/\/yoast.com\/product\/yoast-seo-wordpress\/ -->\n<title>AHORA S\u00cd VIENEN LAS LLUVIAS PARA LA ZONA SUR; PRONOSTICAN ARRIBO DE TORMENTA TROPICAL - EL INFORMATIVO DE TAMAULIPAS<\/title>\n<meta name=\"description\" content=\"*El Fen\u00f3meno Hidrometerol\u00f3gico Dejar\u00eda Las Primeras Precipitaciones A La Regi\u00f3n &nbsp; Los pron\u00f3sticos de las primeras lluvias para la zona sur se podr\u00edan\" \/>\n<meta name=\"robots\" content=\"index, follow, max-snippet:-1, max-image-preview:large, max-video-preview:-1\" \/>\n<link rel=\"canonical\" href=\"https:\/\/elinformativotam.com\/index.php\/2024\/06\/17\/ahora-si-vienen-las-lluvias-para-la-zona-sur-pronostican-arribo-de-tormenta-tropical\/\" \/>\n<meta property=\"og:locale\" content=\"es_MX\" \/>\n<meta property=\"og:type\" content=\"article\" \/>\n<meta property=\"og:title\" content=\"AHORA S\u00cd VIENEN LAS LLUVIAS PARA LA ZONA SUR; PRONOSTICAN ARRIBO DE TORMENTA TROPICAL - EL INFORMATIVO DE TAMAULIPAS\" \/>\n<meta property=\"og:description\" content=\"*El Fen\u00f3meno Hidrometerol\u00f3gico Dejar\u00eda Las Primeras Precipitaciones A La Regi\u00f3n &nbsp; Los pron\u00f3sticos de las primeras lluvias para la zona sur se podr\u00edan\" \/>\n<meta property=\"og:url\" content=\"https:\/\/elinformativotam.com\/index.php\/2024\/06\/17\/ahora-si-vienen-las-lluvias-para-la-zona-sur-pronostican-arribo-de-tormenta-tropical\/\" \/>\n<meta property=\"og:site_name\" content=\"EL INFORMATIVO DE TAMAULIPAS\" \/>\n<meta property=\"article:published_time\" content=\"2024-06-18T03:12:17+00:00\" \/>\n<meta property=\"og:image\" content=\"https:\/\/elinformativotam.com\/wp-content\/uploads\/2024\/06\/Gerardo-Gonzalez.jpeg\" \/>\n\t<meta property=\"og:image:width\" content=\"836\" \/>\n\t<meta property=\"og:image:height\" content=\"367\" \/>\n\t<meta property=\"og:image:type\" content=\"image\/jpeg\" \/>\n<meta name=\"author\" content=\"El Informativo Tam\" \/>\n<meta name=\"twitter:card\" content=\"summary_large_image\" \/>\n<meta name=\"twitter:label1\" content=\"Escrito por\" \/>\n\t<meta name=\"twitter:data1\" content=\"El Informativo Tam\" \/>\n\t<meta name=\"twitter:label2\" content=\"Tiempo de lectura\" \/>\n\t<meta name=\"twitter:data2\" content=\"2 minutos\" \/>\n<script type=\"application\/ld+json\" class=\"yoast-schema-graph\">{\"@context\":\"https:\\\/\\\/schema.org\",\"@graph\":[{\"@type\":\"Article\",\"@id\":\"https:\\\/\\\/elinformativotam.com\\\/index.php\\\/2024\\\/06\\\/17\\\/ahora-si-vienen-las-lluvias-para-la-zona-sur-pronostican-arribo-de-tormenta-tropical\\\/#article\",\"isPartOf\":{\"@id\":\"https:\\\/\\\/elinformativotam.com\\\/index.php\\\/2024\\\/06\\\/17\\\/ahora-si-vienen-las-lluvias-para-la-zona-sur-pronostican-arribo-de-tormenta-tropical\\\/\"},\"author\":{\"name\":\"El Informativo Tam\",\"@id\":\"https:\\\/\\\/elinformativotam.com\\\/#\\\/schema\\\/person\\\/78e08040eed0f6110f0c5f83b6153590\"},\"headline\":\"AHORA S\u00cd VIENEN LAS LLUVIAS PARA LA ZONA SUR; PRONOSTICAN ARRIBO DE TORMENTA TROPICAL\",\"datePublished\":\"2024-06-18T03:12:17+00:00\",\"mainEntityOfPage\":{\"@id\":\"https:\\\/\\\/elinformativotam.com\\\/index.php\\\/2024\\\/06\\\/17\\\/ahora-si-vienen-las-lluvias-para-la-zona-sur-pronostican-arribo-de-tormenta-tropical\\\/\"},\"wordCount\":244,\"commentCount\":0,\"publisher\":{\"@id\":\"https:\\\/\\\/elinformativotam.com\\\/#organization\"},\"image\":{\"@id\":\"https:\\\/\\\/elinformativotam.com\\\/index.php\\\/2024\\\/06\\\/17\\\/ahora-si-vienen-las-lluvias-para-la-zona-sur-pronostican-arribo-de-tormenta-tropical\\\/#primaryimage\"},\"thumbnailUrl\":\"https:\\\/\\\/elinformativotam.com\\\/wp-content\\\/uploads\\\/2024\\\/06\\\/Gerardo-Gonzalez.jpeg\",\"articleSection\":[\"Tampico\"],\"inLanguage\":\"es\",\"potentialAction\":[{\"@type\":\"CommentAction\",\"name\":\"Comment\",\"target\":[\"https:\\\/\\\/elinformativotam.com\\\/index.php\\\/2024\\\/06\\\/17\\\/ahora-si-vienen-las-lluvias-para-la-zona-sur-pronostican-arribo-de-tormenta-tropical\\\/#respond\"]}]},{\"@type\":\"WebPage\",\"@id\":\"https:\\\/\\\/elinformativotam.com\\\/index.php\\\/2024\\\/06\\\/17\\\/ahora-si-vienen-las-lluvias-para-la-zona-sur-pronostican-arribo-de-tormenta-tropical\\\/\",\"url\":\"https:\\\/\\\/elinformativotam.com\\\/index.php\\\/2024\\\/06\\\/17\\\/ahora-si-vienen-las-lluvias-para-la-zona-sur-pronostican-arribo-de-tormenta-tropical\\\/\",\"name\":\"AHORA S\u00cd VIENEN LAS LLUVIAS PARA LA ZONA SUR; PRONOSTICAN ARRIBO DE TORMENTA TROPICAL - EL INFORMATIVO DE TAMAULIPAS\",\"isPartOf\":{\"@id\":\"https:\\\/\\\/elinformativotam.com\\\/#website\"},\"primaryImageOfPage\":{\"@id\":\"https:\\\/\\\/elinformativotam.com\\\/index.php\\\/2024\\\/06\\\/17\\\/ahora-si-vienen-las-lluvias-para-la-zona-sur-pronostican-arribo-de-tormenta-tropical\\\/#primaryimage\"},\"image\":{\"@id\":\"https:\\\/\\\/elinformativotam.com\\\/index.php\\\/2024\\\/06\\\/17\\\/ahora-si-vienen-las-lluvias-para-la-zona-sur-pronostican-arribo-de-tormenta-tropical\\\/#primaryimage\"},\"thumbnailUrl\":\"https:\\\/\\\/elinformativotam.com\\\/wp-content\\\/uploads\\\/2024\\\/06\\\/Gerardo-Gonzalez.jpeg\",\"datePublished\":\"2024-06-18T03:12:17+00:00\",\"description\":\"*El Fen\u00f3meno Hidrometerol\u00f3gico Dejar\u00eda Las Primeras Precipitaciones A La Regi\u00f3n &nbsp; Los pron\u00f3sticos de las primeras lluvias para la zona sur se podr\u00edan\",\"inLanguage\":\"es\",\"potentialAction\":[{\"@type\":\"ReadAction\",\"target\":[\"https:\\\/\\\/elinformativotam.com\\\/index.php\\\/2024\\\/06\\\/17\\\/ahora-si-vienen-las-lluvias-para-la-zona-sur-pronostican-arribo-de-tormenta-tropical\\\/\"]}]},{\"@type\":\"ImageObject\",\"inLanguage\":\"es\",\"@id\":\"https:\\\/\\\/elinformativotam.com\\\/index.php\\\/2024\\\/06\\\/17\\\/ahora-si-vienen-las-lluvias-para-la-zona-sur-pronostican-arribo-de-tormenta-tropical\\\/#primaryimage\",\"url\":\"https:\\\/\\\/elinformativotam.com\\\/wp-content\\\/uploads\\\/2024\\\/06\\\/Gerardo-Gonzalez.jpeg\",\"contentUrl\":\"https:\\\/\\\/elinformativotam.com\\\/wp-content\\\/uploads\\\/2024\\\/06\\\/Gerardo-Gonzalez.jpeg\",\"width\":836,\"height\":367},{\"@type\":\"WebSite\",\"@id\":\"https:\\\/\\\/elinformativotam.com\\\/#website\",\"url\":\"https:\\\/\\\/elinformativotam.com\\\/\",\"name\":\"EL INFORMATIVO DE TAMAULIPAS\",\"description\":\"Desde la Zona Metropolitana Para Todo M\u00e9xico\",\"publisher\":{\"@id\":\"https:\\\/\\\/elinformativotam.com\\\/#organization\"},\"potentialAction\":[{\"@type\":\"SearchAction\",\"target\":{\"@type\":\"EntryPoint\",\"urlTemplate\":\"https:\\\/\\\/elinformativotam.com\\\/?s={search_term_string}\"},\"query-input\":{\"@type\":\"PropertyValueSpecification\",\"valueRequired\":true,\"valueName\":\"search_term_string\"}}],\"inLanguage\":\"es\"},{\"@type\":\"Organization\",\"@id\":\"https:\\\/\\\/elinformativotam.com\\\/#organization\",\"name\":\"EL INFORMATIVO DE TAMAULIPAS\",\"url\":\"https:\\\/\\\/elinformativotam.com\\\/\",\"logo\":{\"@type\":\"ImageObject\",\"inLanguage\":\"es\",\"@id\":\"https:\\\/\\\/elinformativotam.com\\\/#\\\/schema\\\/logo\\\/image\\\/\",\"url\":\"https:\\\/\\\/elinformativotam.com\\\/wp-content\\\/uploads\\\/2026\\\/02\\\/Cabezal.png\",\"contentUrl\":\"https:\\\/\\\/elinformativotam.com\\\/wp-content\\\/uploads\\\/2026\\\/02\\\/Cabezal.png\",\"width\":960,\"height\":640,\"caption\":\"EL INFORMATIVO DE TAMAULIPAS\"},\"image\":{\"@id\":\"https:\\\/\\\/elinformativotam.com\\\/#\\\/schema\\\/logo\\\/image\\\/\"}},{\"@type\":\"Person\",\"@id\":\"https:\\\/\\\/elinformativotam.com\\\/#\\\/schema\\\/person\\\/78e08040eed0f6110f0c5f83b6153590\",\"name\":\"El Informativo Tam\",\"image\":{\"@type\":\"ImageObject\",\"inLanguage\":\"es\",\"@id\":\"https:\\\/\\\/secure.gravatar.com\\\/avatar\\\/f3b7ad3af540688955925ac610647be00b0cf41feea9c4978b73a707ee86bc53?s=96&d=mm&r=g\",\"url\":\"https:\\\/\\\/secure.gravatar.com\\\/avatar\\\/f3b7ad3af540688955925ac610647be00b0cf41feea9c4978b73a707ee86bc53?s=96&d=mm&r=g\",\"contentUrl\":\"https:\\\/\\\/secure.gravatar.com\\\/avatar\\\/f3b7ad3af540688955925ac610647be00b0cf41feea9c4978b73a707ee86bc53?s=96&d=mm&r=g\",\"caption\":\"El Informativo Tam\"}}]}<\/script>\n<!-- \/ Yoast SEO plugin. -->","yoast_head_json":{"title":"AHORA S\u00cd VIENEN LAS LLUVIAS PARA LA ZONA SUR; PRONOSTICAN ARRIBO DE TORMENTA TROPICAL - EL INFORMATIVO DE TAMAULIPAS","description":"*El Fen\u00f3meno Hidrometerol\u00f3gico Dejar\u00eda Las Primeras Precipitaciones A La Regi\u00f3n &nbsp; Los pron\u00f3sticos de las primeras lluvias para la zona sur se podr\u00edan","robots":{"index":"index","follow":"follow","max-snippet":"max-snippet:-1","max-image-preview":"max-image-preview:large","max-video-preview":"max-video-preview:-1"},"canonical":"https:\/\/elinformativotam.com\/index.php\/2024\/06\/17\/ahora-si-vienen-las-lluvias-para-la-zona-sur-pronostican-arribo-de-tormenta-tropical\/","og_locale":"es_MX","og_type":"article","og_title":"AHORA S\u00cd VIENEN LAS LLUVIAS PARA LA ZONA SUR; PRONOSTICAN ARRIBO DE TORMENTA TROPICAL - EL INFORMATIVO DE TAMAULIPAS","og_description":"*El Fen\u00f3meno Hidrometerol\u00f3gico Dejar\u00eda Las Primeras Precipitaciones A La Regi\u00f3n &nbsp; Los pron\u00f3sticos de las primeras lluvias para la zona sur se podr\u00edan","og_url":"https:\/\/elinformativotam.com\/index.php\/2024\/06\/17\/ahora-si-vienen-las-lluvias-para-la-zona-sur-pronostican-arribo-de-tormenta-tropical\/","og_site_name":"EL INFORMATIVO DE TAMAULIPAS","article_published_time":"2024-06-18T03:12:17+00:00","og_image":[{"width":836,"height":367,"url":"https:\/\/elinformativotam.com\/wp-content\/uploads\/2024\/06\/Gerardo-Gonzalez.jpeg","type":"image\/jpeg"}],"author":"El Informativo Tam","twitter_card":"summary_large_image","twitter_misc":{"Escrito por":"El Informativo Tam","Tiempo de lectura":"2 minutos"},"schema":{"@context":"https:\/\/schema.org","@graph":[{"@type":"Article","@id":"https:\/\/elinformativotam.com\/index.php\/2024\/06\/17\/ahora-si-vienen-las-lluvias-para-la-zona-sur-pronostican-arribo-de-tormenta-tropical\/#article","isPartOf":{"@id":"https:\/\/elinformativotam.com\/index.php\/2024\/06\/17\/ahora-si-vienen-las-lluvias-para-la-zona-sur-pronostican-arribo-de-tormenta-tropical\/"},"author":{"name":"El Informativo Tam","@id":"https:\/\/elinformativotam.com\/#\/schema\/person\/78e08040eed0f6110f0c5f83b6153590"},"headline":"AHORA S\u00cd VIENEN LAS LLUVIAS PARA LA ZONA SUR; PRONOSTICAN ARRIBO DE TORMENTA TROPICAL","datePublished":"2024-06-18T03:12:17+00:00","mainEntityOfPage":{"@id":"https:\/\/elinformativotam.com\/index.php\/2024\/06\/17\/ahora-si-vienen-las-lluvias-para-la-zona-sur-pronostican-arribo-de-tormenta-tropical\/"},"wordCount":244,"commentCount":0,"publisher":{"@id":"https:\/\/elinformativotam.com\/#organization"},"image":{"@id":"https:\/\/elinformativotam.com\/index.php\/2024\/06\/17\/ahora-si-vienen-las-lluvias-para-la-zona-sur-pronostican-arribo-de-tormenta-tropical\/#primaryimage"},"thumbnailUrl":"https:\/\/elinformativotam.com\/wp-content\/uploads\/2024\/06\/Gerardo-Gonzalez.jpeg","articleSection":["Tampico"],"inLanguage":"es","potentialAction":[{"@type":"CommentAction","name":"Comment","target":["https:\/\/elinformativotam.com\/index.php\/2024\/06\/17\/ahora-si-vienen-las-lluvias-para-la-zona-sur-pronostican-arribo-de-tormenta-tropical\/#respond"]}]},{"@type":"WebPage","@id":"https:\/\/elinformativotam.com\/index.php\/2024\/06\/17\/ahora-si-vienen-las-lluvias-para-la-zona-sur-pronostican-arribo-de-tormenta-tropical\/","url":"https:\/\/elinformativotam.com\/index.php\/2024\/06\/17\/ahora-si-vienen-las-lluvias-para-la-zona-sur-pronostican-arribo-de-tormenta-tropical\/","name":"AHORA S\u00cd VIENEN LAS LLUVIAS PARA LA ZONA SUR; PRONOSTICAN ARRIBO DE TORMENTA TROPICAL - EL INFORMATIVO DE TAMAULIPAS","isPartOf":{"@id":"https:\/\/elinformativotam.com\/#website"},"primaryImageOfPage":{"@id":"https:\/\/elinformativotam.com\/index.php\/2024\/06\/17\/ahora-si-vienen-las-lluvias-para-la-zona-sur-pronostican-arribo-de-tormenta-tropical\/#primaryimage"},"image":{"@id":"https:\/\/elinformativotam.com\/index.php\/2024\/06\/17\/ahora-si-vienen-las-lluvias-para-la-zona-sur-pronostican-arribo-de-tormenta-tropical\/#primaryimage"},"thumbnailUrl":"https:\/\/elinformativotam.com\/wp-content\/uploads\/2024\/06\/Gerardo-Gonzalez.jpeg","datePublished":"2024-06-18T03:12:17+00:00","description":"*El Fen\u00f3meno Hidrometerol\u00f3gico Dejar\u00eda Las Primeras Precipitaciones A La Regi\u00f3n &nbsp; Los pron\u00f3sticos de las primeras lluvias para la zona sur se podr\u00edan","inLanguage":"es","potentialAction":[{"@type":"ReadAction","target":["https:\/\/elinformativotam.com\/index.php\/2024\/06\/17\/ahora-si-vienen-las-lluvias-para-la-zona-sur-pronostican-arribo-de-tormenta-tropical\/"]}]},{"@type":"ImageObject","inLanguage":"es","@id":"https:\/\/elinformativotam.com\/index.php\/2024\/06\/17\/ahora-si-vienen-las-lluvias-para-la-zona-sur-pronostican-arribo-de-tormenta-tropical\/#primaryimage","url":"https:\/\/elinformativotam.com\/wp-content\/uploads\/2024\/06\/Gerardo-Gonzalez.jpeg","contentUrl":"https:\/\/elinformativotam.com\/wp-content\/uploads\/2024\/06\/Gerardo-Gonzalez.jpeg","width":836,"height":367},{"@type":"WebSite","@id":"https:\/\/elinformativotam.com\/#website","url":"https:\/\/elinformativotam.com\/","name":"EL INFORMATIVO DE TAMAULIPAS","description":"Desde la Zona Metropolitana Para Todo M\u00e9xico","publisher":{"@id":"https:\/\/elinformativotam.com\/#organization"},"potentialAction":[{"@type":"SearchAction","target":{"@type":"EntryPoint","urlTemplate":"https:\/\/elinformativotam.com\/?s={search_term_string}"},"query-input":{"@type":"PropertyValueSpecification","valueRequired":true,"valueName":"search_term_string"}}],"inLanguage":"es"},{"@type":"Organization","@id":"https:\/\/elinformativotam.com\/#organization","name":"EL INFORMATIVO DE TAMAULIPAS","url":"https:\/\/elinformativotam.com\/","logo":{"@type":"ImageObject","inLanguage":"es","@id":"https:\/\/elinformativotam.com\/#\/schema\/logo\/image\/","url":"https:\/\/elinformativotam.com\/wp-content\/uploads\/2026\/02\/Cabezal.png","contentUrl":"https:\/\/elinformativotam.com\/wp-content\/uploads\/2026\/02\/Cabezal.png","width":960,"height":640,"caption":"EL INFORMATIVO DE TAMAULIPAS"},"image":{"@id":"https:\/\/elinformativotam.com\/#\/schema\/logo\/image\/"}},{"@type":"Person","@id":"https:\/\/elinformativotam.com\/#\/schema\/person\/78e08040eed0f6110f0c5f83b6153590","name":"El Informativo Tam","image":{"@type":"ImageObject","inLanguage":"es","@id":"https:\/\/secure.gravatar.com\/avatar\/f3b7ad3af540688955925ac610647be00b0cf41feea9c4978b73a707ee86bc53?s=96&d=mm&r=g","url":"https:\/\/secure.gravatar.com\/avatar\/f3b7ad3af540688955925ac610647be00b0cf41feea9c4978b73a707ee86bc53?s=96&d=mm&r=g","contentUrl":"https:\/\/secure.gravatar.com\/avatar\/f3b7ad3af540688955925ac610647be00b0cf41feea9c4978b73a707ee86bc53?s=96&d=mm&r=g","caption":"El Informativo Tam"}}]}},"_links":{"self":[{"href":"https:\/\/elinformativotam.com\/index.php\/wp-json\/wp\/v2\/posts\/51210","targetHints":{"allow":["GET"]}}],"collection":[{"href":"https:\/\/elinformativotam.com\/index.php\/wp-json\/wp\/v2\/posts"}],"about":[{"href":"https:\/\/elinformativotam.com\/index.php\/wp-json\/wp\/v2\/types\/post"}],"author":[{"embeddable":true,"href":"https:\/\/elinformativotam.com\/index.php\/wp-json\/wp\/v2\/users\/1"}],"replies":[{"embeddable":true,"href":"https:\/\/elinformativotam.com\/index.php\/wp-json\/wp\/v2\/comments?post=51210"}],"version-history":[{"count":1,"href":"https:\/\/elinformativotam.com\/index.php\/wp-json\/wp\/v2\/posts\/51210\/revisions"}],"predecessor-version":[{"id":51212,"href":"https:\/\/elinformativotam.com\/index.php\/wp-json\/wp\/v2\/posts\/51210\/revisions\/51212"}],"wp:featuredmedia":[{"embeddable":true,"href":"https:\/\/elinformativotam.com\/index.php\/wp-json\/wp\/v2\/media\/51211"}],"wp:attachment":[{"href":"https:\/\/elinformativotam.com\/index.php\/wp-json\/wp\/v2\/media?parent=51210"}],"wp:term":[{"taxonomy":"category","embeddable":true,"href":"https:\/\/elinformativotam.com\/index.php\/wp-json\/wp\/v2\/categories?post=51210"},{"taxonomy":"post_tag","embeddable":true,"href":"https:\/\/elinformativotam.com\/index.php\/wp-json\/wp\/v2\/tags?post=51210"}],"curies":[{"name":"wp","href":"https:\/\/api.w.org\/{rel}","templated":true}]}}