{"id":51191,"date":"2024-06-14T21:32:59","date_gmt":"2024-06-15T03:32:59","guid":{"rendered":"https:\/\/elinformativotam.com\/?p=51191"},"modified":"2024-06-14T21:32:59","modified_gmt":"2024-06-15T03:32:59","slug":"proyecto-del-metrobus-para-la-zona-sur-comenzara-en-el-2025","status":"publish","type":"post","link":"https:\/\/elinformativotam.com\/index.php\/2024\/06\/14\/proyecto-del-metrobus-para-la-zona-sur-comenzara-en-el-2025\/","title":{"rendered":"PROYECTO DEL METROB\u00daS PARA LA ZONA SUR COMENZAR\u00c1 EN EL 2025"},"content":{"rendered":"<h2 style=\"text-align: center;\"><em><span style=\"font-family: 'times new roman', times;\">*El Gobierno Del Estado Busca Acabar Con La Problem\u00e1tica Del Servicio Hacia El Usuario<\/span><\/em><\/h2>\n<p>&nbsp;<\/p>\n<p>Ser\u00e1 para el pr\u00f3ximo a\u00f1o cuando inicie de manera formal el proyecto del metrob\u00fas que tendr\u00e1 como finalidad eficientar el transporte p\u00fablico entre Tampico y Altamira, mediante un carril confinado, que podr\u00eda estar a lo largo de la avenida hidalgo, y d\u00f3nde se estima invertir poco m\u00e1s de 2 mil millones de pesos.<\/p>\n<p>&nbsp;<\/p>\n<p>La magna obra correr\u00e1 a cargo del Gobierno del Estado, la cual conlleva todo un reordenamiento del transporte p\u00fablico que a diario comunica a los dos municipios.<\/p>\n<p>&nbsp;<\/p>\n<p>Karina Lizeth Saldivar Lartigue, titular de la Secretar\u00eda de Desarrollo Urbano y Medio Ambiente ha mencionado en varias ocasiones que el proyecto vial se busca concretar en modo ejecutivo para este a\u00f1o, para de esta manera en el 2025 iniciar con las obras del denominado BRT o sistema de autob\u00fas de tr\u00e1nsito r\u00e1pido.<\/p>\n<p>&nbsp;<\/p>\n<p>Remarc\u00f3, que el trayecto de est\u00e1s unidades parecidas a las que circulan en la CDMX, tendr\u00eda un trayecto de la zona centro de Tampico hasta los l\u00edmites con Altamira, es decir a la altura del denominado &#8220;Barquito&#8221;.<\/p>\n<p>&nbsp;<\/p>\n<p>Mencion\u00f3 que el carril confinado para el metrob\u00fas permitir\u00e1 acortar los tiempos de tr\u00e1nsito entre ambas ciudades, y con ello movilizar a la mayor\u00eda de los usuarios en las denominadas horas pico.<\/p>\n<p>&nbsp;<\/p>\n<p>La funcionaria del gabinete estatal de la cuarta transformaci\u00f3n, explic\u00f3 que el emprestito correr\u00e1 a cargo de Banobras y para ello, dijo, desde ahora se hacen todas las estimaciones y se pulen los requisitos para afinar dicho proyecto ejecutivo.<\/p>\n<p>&nbsp;<\/p>\n<p>Saldivar, detall\u00f3 que los concesionarios del transporte p\u00fablico habr\u00e1n de tener una reconfiguraci\u00f3n en algunas de sus rutas, ya que el objetivo esencial ser\u00e1 alimentar a las estaciones del carril confinado, as\u00ed como trasladar a los usuarios a puntos espec\u00edficos de los dos municipios.<\/p>\n<p>&nbsp;<\/p>\n<p>&#8220;El proyecto est\u00e1 pensando en lograr una eficiencia total en el transporte p\u00fablico para las actividades cotidianas del ciudadano, adem\u00e1s de tener seguridad, comodidad, adem\u00e1s de un transporte limpio, r\u00e1pido y eficiente&#8221;, acot\u00f3.<\/p>\n<p>&nbsp;<\/p>\n","protected":false},"excerpt":{"rendered":"<p>*El Gobierno Del Estado Busca Acabar Con La Problem\u00e1tica Del Servicio Hacia El Usuario &nbsp; Ser\u00e1 para el pr\u00f3ximo a\u00f1o&hellip;<\/p>\n","protected":false},"author":1,"featured_media":51192,"comment_status":"open","ping_status":"open","sticky":false,"template":"","format":"standard","meta":{"footnotes":""},"categories":[3],"tags":[],"class_list":["post-51191","post","type-post","status-publish","format-standard","has-post-thumbnail","hentry","category-tampico"],"yoast_head":"<!-- This site is optimized with the Yoast SEO plugin v27.4 - https:\/\/yoast.com\/product\/yoast-seo-wordpress\/ -->\n<title>PROYECTO DEL METROB\u00daS PARA LA ZONA SUR COMENZAR\u00c1 EN EL 2025 - EL INFORMATIVO DE TAMAULIPAS<\/title>\n<meta name=\"description\" content=\"*El Gobierno Del Estado Busca Acabar Con La Problem\u00e1tica Del Servicio Hacia El Usuario &nbsp; Ser\u00e1 para el pr\u00f3ximo a\u00f1o cuando inicie de manera formal el\" \/>\n<meta name=\"robots\" content=\"index, follow, max-snippet:-1, max-image-preview:large, max-video-preview:-1\" \/>\n<link rel=\"canonical\" href=\"https:\/\/elinformativotam.com\/index.php\/2024\/06\/14\/proyecto-del-metrobus-para-la-zona-sur-comenzara-en-el-2025\/\" \/>\n<meta property=\"og:locale\" content=\"es_MX\" \/>\n<meta property=\"og:type\" content=\"article\" \/>\n<meta property=\"og:title\" content=\"PROYECTO DEL METROB\u00daS PARA LA ZONA SUR COMENZAR\u00c1 EN EL 2025 - EL INFORMATIVO DE TAMAULIPAS\" \/>\n<meta property=\"og:description\" content=\"*El Gobierno Del Estado Busca Acabar Con La Problem\u00e1tica Del Servicio Hacia El Usuario &nbsp; Ser\u00e1 para el pr\u00f3ximo a\u00f1o cuando inicie de manera formal el\" \/>\n<meta property=\"og:url\" content=\"https:\/\/elinformativotam.com\/index.php\/2024\/06\/14\/proyecto-del-metrobus-para-la-zona-sur-comenzara-en-el-2025\/\" \/>\n<meta property=\"og:site_name\" content=\"EL INFORMATIVO DE TAMAULIPAS\" \/>\n<meta property=\"article:published_time\" content=\"2024-06-15T03:32:59+00:00\" \/>\n<meta property=\"og:image\" content=\"https:\/\/elinformativotam.com\/wp-content\/uploads\/2024\/06\/Karina-Saldivar.jpeg\" \/>\n\t<meta property=\"og:image:width\" content=\"1600\" \/>\n\t<meta property=\"og:image:height\" content=\"1204\" \/>\n\t<meta property=\"og:image:type\" content=\"image\/jpeg\" \/>\n<meta name=\"author\" content=\"El Informativo Tam\" \/>\n<meta name=\"twitter:card\" content=\"summary_large_image\" \/>\n<meta name=\"twitter:label1\" content=\"Escrito por\" \/>\n\t<meta name=\"twitter:data1\" content=\"El Informativo Tam\" \/>\n\t<meta name=\"twitter:label2\" content=\"Tiempo de lectura\" \/>\n\t<meta name=\"twitter:data2\" content=\"2 minutos\" \/>\n<script type=\"application\/ld+json\" class=\"yoast-schema-graph\">{\"@context\":\"https:\\\/\\\/schema.org\",\"@graph\":[{\"@type\":\"Article\",\"@id\":\"https:\\\/\\\/elinformativotam.com\\\/index.php\\\/2024\\\/06\\\/14\\\/proyecto-del-metrobus-para-la-zona-sur-comenzara-en-el-2025\\\/#article\",\"isPartOf\":{\"@id\":\"https:\\\/\\\/elinformativotam.com\\\/index.php\\\/2024\\\/06\\\/14\\\/proyecto-del-metrobus-para-la-zona-sur-comenzara-en-el-2025\\\/\"},\"author\":{\"name\":\"El Informativo Tam\",\"@id\":\"https:\\\/\\\/elinformativotam.com\\\/#\\\/schema\\\/person\\\/78e08040eed0f6110f0c5f83b6153590\"},\"headline\":\"PROYECTO DEL METROB\u00daS PARA LA ZONA SUR COMENZAR\u00c1 EN EL 2025\",\"datePublished\":\"2024-06-15T03:32:59+00:00\",\"mainEntityOfPage\":{\"@id\":\"https:\\\/\\\/elinformativotam.com\\\/index.php\\\/2024\\\/06\\\/14\\\/proyecto-del-metrobus-para-la-zona-sur-comenzara-en-el-2025\\\/\"},\"wordCount\":379,\"commentCount\":0,\"publisher\":{\"@id\":\"https:\\\/\\\/elinformativotam.com\\\/#organization\"},\"image\":{\"@id\":\"https:\\\/\\\/elinformativotam.com\\\/index.php\\\/2024\\\/06\\\/14\\\/proyecto-del-metrobus-para-la-zona-sur-comenzara-en-el-2025\\\/#primaryimage\"},\"thumbnailUrl\":\"https:\\\/\\\/elinformativotam.com\\\/wp-content\\\/uploads\\\/2024\\\/06\\\/Karina-Saldivar.jpeg\",\"articleSection\":[\"Tampico\"],\"inLanguage\":\"es\",\"potentialAction\":[{\"@type\":\"CommentAction\",\"name\":\"Comment\",\"target\":[\"https:\\\/\\\/elinformativotam.com\\\/index.php\\\/2024\\\/06\\\/14\\\/proyecto-del-metrobus-para-la-zona-sur-comenzara-en-el-2025\\\/#respond\"]}]},{\"@type\":\"WebPage\",\"@id\":\"https:\\\/\\\/elinformativotam.com\\\/index.php\\\/2024\\\/06\\\/14\\\/proyecto-del-metrobus-para-la-zona-sur-comenzara-en-el-2025\\\/\",\"url\":\"https:\\\/\\\/elinformativotam.com\\\/index.php\\\/2024\\\/06\\\/14\\\/proyecto-del-metrobus-para-la-zona-sur-comenzara-en-el-2025\\\/\",\"name\":\"PROYECTO DEL METROB\u00daS PARA LA ZONA SUR COMENZAR\u00c1 EN EL 2025 - EL INFORMATIVO DE TAMAULIPAS\",\"isPartOf\":{\"@id\":\"https:\\\/\\\/elinformativotam.com\\\/#website\"},\"primaryImageOfPage\":{\"@id\":\"https:\\\/\\\/elinformativotam.com\\\/index.php\\\/2024\\\/06\\\/14\\\/proyecto-del-metrobus-para-la-zona-sur-comenzara-en-el-2025\\\/#primaryimage\"},\"image\":{\"@id\":\"https:\\\/\\\/elinformativotam.com\\\/index.php\\\/2024\\\/06\\\/14\\\/proyecto-del-metrobus-para-la-zona-sur-comenzara-en-el-2025\\\/#primaryimage\"},\"thumbnailUrl\":\"https:\\\/\\\/elinformativotam.com\\\/wp-content\\\/uploads\\\/2024\\\/06\\\/Karina-Saldivar.jpeg\",\"datePublished\":\"2024-06-15T03:32:59+00:00\",\"description\":\"*El Gobierno Del Estado Busca Acabar Con La Problem\u00e1tica Del Servicio Hacia El Usuario &nbsp; Ser\u00e1 para el pr\u00f3ximo a\u00f1o cuando inicie de manera formal el\",\"inLanguage\":\"es\",\"potentialAction\":[{\"@type\":\"ReadAction\",\"target\":[\"https:\\\/\\\/elinformativotam.com\\\/index.php\\\/2024\\\/06\\\/14\\\/proyecto-del-metrobus-para-la-zona-sur-comenzara-en-el-2025\\\/\"]}]},{\"@type\":\"ImageObject\",\"inLanguage\":\"es\",\"@id\":\"https:\\\/\\\/elinformativotam.com\\\/index.php\\\/2024\\\/06\\\/14\\\/proyecto-del-metrobus-para-la-zona-sur-comenzara-en-el-2025\\\/#primaryimage\",\"url\":\"https:\\\/\\\/elinformativotam.com\\\/wp-content\\\/uploads\\\/2024\\\/06\\\/Karina-Saldivar.jpeg\",\"contentUrl\":\"https:\\\/\\\/elinformativotam.com\\\/wp-content\\\/uploads\\\/2024\\\/06\\\/Karina-Saldivar.jpeg\",\"width\":1600,\"height\":1204},{\"@type\":\"WebSite\",\"@id\":\"https:\\\/\\\/elinformativotam.com\\\/#website\",\"url\":\"https:\\\/\\\/elinformativotam.com\\\/\",\"name\":\"EL INFORMATIVO DE TAMAULIPAS\",\"description\":\"Desde la Zona Metropolitana Para Todo M\u00e9xico\",\"publisher\":{\"@id\":\"https:\\\/\\\/elinformativotam.com\\\/#organization\"},\"potentialAction\":[{\"@type\":\"SearchAction\",\"target\":{\"@type\":\"EntryPoint\",\"urlTemplate\":\"https:\\\/\\\/elinformativotam.com\\\/?s={search_term_string}\"},\"query-input\":{\"@type\":\"PropertyValueSpecification\",\"valueRequired\":true,\"valueName\":\"search_term_string\"}}],\"inLanguage\":\"es\"},{\"@type\":\"Organization\",\"@id\":\"https:\\\/\\\/elinformativotam.com\\\/#organization\",\"name\":\"EL INFORMATIVO DE TAMAULIPAS\",\"url\":\"https:\\\/\\\/elinformativotam.com\\\/\",\"logo\":{\"@type\":\"ImageObject\",\"inLanguage\":\"es\",\"@id\":\"https:\\\/\\\/elinformativotam.com\\\/#\\\/schema\\\/logo\\\/image\\\/\",\"url\":\"https:\\\/\\\/elinformativotam.com\\\/wp-content\\\/uploads\\\/2026\\\/02\\\/Cabezal.png\",\"contentUrl\":\"https:\\\/\\\/elinformativotam.com\\\/wp-content\\\/uploads\\\/2026\\\/02\\\/Cabezal.png\",\"width\":960,\"height\":640,\"caption\":\"EL INFORMATIVO DE TAMAULIPAS\"},\"image\":{\"@id\":\"https:\\\/\\\/elinformativotam.com\\\/#\\\/schema\\\/logo\\\/image\\\/\"}},{\"@type\":\"Person\",\"@id\":\"https:\\\/\\\/elinformativotam.com\\\/#\\\/schema\\\/person\\\/78e08040eed0f6110f0c5f83b6153590\",\"name\":\"El Informativo Tam\",\"image\":{\"@type\":\"ImageObject\",\"inLanguage\":\"es\",\"@id\":\"https:\\\/\\\/secure.gravatar.com\\\/avatar\\\/f3b7ad3af540688955925ac610647be00b0cf41feea9c4978b73a707ee86bc53?s=96&d=mm&r=g\",\"url\":\"https:\\\/\\\/secure.gravatar.com\\\/avatar\\\/f3b7ad3af540688955925ac610647be00b0cf41feea9c4978b73a707ee86bc53?s=96&d=mm&r=g\",\"contentUrl\":\"https:\\\/\\\/secure.gravatar.com\\\/avatar\\\/f3b7ad3af540688955925ac610647be00b0cf41feea9c4978b73a707ee86bc53?s=96&d=mm&r=g\",\"caption\":\"El Informativo Tam\"}}]}<\/script>\n<!-- \/ Yoast SEO plugin. -->","yoast_head_json":{"title":"PROYECTO DEL METROB\u00daS PARA LA ZONA SUR COMENZAR\u00c1 EN EL 2025 - EL INFORMATIVO DE TAMAULIPAS","description":"*El Gobierno Del Estado Busca Acabar Con La Problem\u00e1tica Del Servicio Hacia El Usuario &nbsp; Ser\u00e1 para el pr\u00f3ximo a\u00f1o cuando inicie de manera formal el","robots":{"index":"index","follow":"follow","max-snippet":"max-snippet:-1","max-image-preview":"max-image-preview:large","max-video-preview":"max-video-preview:-1"},"canonical":"https:\/\/elinformativotam.com\/index.php\/2024\/06\/14\/proyecto-del-metrobus-para-la-zona-sur-comenzara-en-el-2025\/","og_locale":"es_MX","og_type":"article","og_title":"PROYECTO DEL METROB\u00daS PARA LA ZONA SUR COMENZAR\u00c1 EN EL 2025 - EL INFORMATIVO DE TAMAULIPAS","og_description":"*El Gobierno Del Estado Busca Acabar Con La Problem\u00e1tica Del Servicio Hacia El Usuario &nbsp; Ser\u00e1 para el pr\u00f3ximo a\u00f1o cuando inicie de manera formal el","og_url":"https:\/\/elinformativotam.com\/index.php\/2024\/06\/14\/proyecto-del-metrobus-para-la-zona-sur-comenzara-en-el-2025\/","og_site_name":"EL INFORMATIVO DE TAMAULIPAS","article_published_time":"2024-06-15T03:32:59+00:00","og_image":[{"width":1600,"height":1204,"url":"https:\/\/elinformativotam.com\/wp-content\/uploads\/2024\/06\/Karina-Saldivar.jpeg","type":"image\/jpeg"}],"author":"El Informativo Tam","twitter_card":"summary_large_image","twitter_misc":{"Escrito por":"El Informativo Tam","Tiempo de lectura":"2 minutos"},"schema":{"@context":"https:\/\/schema.org","@graph":[{"@type":"Article","@id":"https:\/\/elinformativotam.com\/index.php\/2024\/06\/14\/proyecto-del-metrobus-para-la-zona-sur-comenzara-en-el-2025\/#article","isPartOf":{"@id":"https:\/\/elinformativotam.com\/index.php\/2024\/06\/14\/proyecto-del-metrobus-para-la-zona-sur-comenzara-en-el-2025\/"},"author":{"name":"El Informativo Tam","@id":"https:\/\/elinformativotam.com\/#\/schema\/person\/78e08040eed0f6110f0c5f83b6153590"},"headline":"PROYECTO DEL METROB\u00daS PARA LA ZONA SUR COMENZAR\u00c1 EN EL 2025","datePublished":"2024-06-15T03:32:59+00:00","mainEntityOfPage":{"@id":"https:\/\/elinformativotam.com\/index.php\/2024\/06\/14\/proyecto-del-metrobus-para-la-zona-sur-comenzara-en-el-2025\/"},"wordCount":379,"commentCount":0,"publisher":{"@id":"https:\/\/elinformativotam.com\/#organization"},"image":{"@id":"https:\/\/elinformativotam.com\/index.php\/2024\/06\/14\/proyecto-del-metrobus-para-la-zona-sur-comenzara-en-el-2025\/#primaryimage"},"thumbnailUrl":"https:\/\/elinformativotam.com\/wp-content\/uploads\/2024\/06\/Karina-Saldivar.jpeg","articleSection":["Tampico"],"inLanguage":"es","potentialAction":[{"@type":"CommentAction","name":"Comment","target":["https:\/\/elinformativotam.com\/index.php\/2024\/06\/14\/proyecto-del-metrobus-para-la-zona-sur-comenzara-en-el-2025\/#respond"]}]},{"@type":"WebPage","@id":"https:\/\/elinformativotam.com\/index.php\/2024\/06\/14\/proyecto-del-metrobus-para-la-zona-sur-comenzara-en-el-2025\/","url":"https:\/\/elinformativotam.com\/index.php\/2024\/06\/14\/proyecto-del-metrobus-para-la-zona-sur-comenzara-en-el-2025\/","name":"PROYECTO DEL METROB\u00daS PARA LA ZONA SUR COMENZAR\u00c1 EN EL 2025 - EL INFORMATIVO DE TAMAULIPAS","isPartOf":{"@id":"https:\/\/elinformativotam.com\/#website"},"primaryImageOfPage":{"@id":"https:\/\/elinformativotam.com\/index.php\/2024\/06\/14\/proyecto-del-metrobus-para-la-zona-sur-comenzara-en-el-2025\/#primaryimage"},"image":{"@id":"https:\/\/elinformativotam.com\/index.php\/2024\/06\/14\/proyecto-del-metrobus-para-la-zona-sur-comenzara-en-el-2025\/#primaryimage"},"thumbnailUrl":"https:\/\/elinformativotam.com\/wp-content\/uploads\/2024\/06\/Karina-Saldivar.jpeg","datePublished":"2024-06-15T03:32:59+00:00","description":"*El Gobierno Del Estado Busca Acabar Con La Problem\u00e1tica Del Servicio Hacia El Usuario &nbsp; Ser\u00e1 para el pr\u00f3ximo a\u00f1o cuando inicie de manera formal el","inLanguage":"es","potentialAction":[{"@type":"ReadAction","target":["https:\/\/elinformativotam.com\/index.php\/2024\/06\/14\/proyecto-del-metrobus-para-la-zona-sur-comenzara-en-el-2025\/"]}]},{"@type":"ImageObject","inLanguage":"es","@id":"https:\/\/elinformativotam.com\/index.php\/2024\/06\/14\/proyecto-del-metrobus-para-la-zona-sur-comenzara-en-el-2025\/#primaryimage","url":"https:\/\/elinformativotam.com\/wp-content\/uploads\/2024\/06\/Karina-Saldivar.jpeg","contentUrl":"https:\/\/elinformativotam.com\/wp-content\/uploads\/2024\/06\/Karina-Saldivar.jpeg","width":1600,"height":1204},{"@type":"WebSite","@id":"https:\/\/elinformativotam.com\/#website","url":"https:\/\/elinformativotam.com\/","name":"EL INFORMATIVO DE TAMAULIPAS","description":"Desde la Zona Metropolitana Para Todo M\u00e9xico","publisher":{"@id":"https:\/\/elinformativotam.com\/#organization"},"potentialAction":[{"@type":"SearchAction","target":{"@type":"EntryPoint","urlTemplate":"https:\/\/elinformativotam.com\/?s={search_term_string}"},"query-input":{"@type":"PropertyValueSpecification","valueRequired":true,"valueName":"search_term_string"}}],"inLanguage":"es"},{"@type":"Organization","@id":"https:\/\/elinformativotam.com\/#organization","name":"EL INFORMATIVO DE TAMAULIPAS","url":"https:\/\/elinformativotam.com\/","logo":{"@type":"ImageObject","inLanguage":"es","@id":"https:\/\/elinformativotam.com\/#\/schema\/logo\/image\/","url":"https:\/\/elinformativotam.com\/wp-content\/uploads\/2026\/02\/Cabezal.png","contentUrl":"https:\/\/elinformativotam.com\/wp-content\/uploads\/2026\/02\/Cabezal.png","width":960,"height":640,"caption":"EL INFORMATIVO DE TAMAULIPAS"},"image":{"@id":"https:\/\/elinformativotam.com\/#\/schema\/logo\/image\/"}},{"@type":"Person","@id":"https:\/\/elinformativotam.com\/#\/schema\/person\/78e08040eed0f6110f0c5f83b6153590","name":"El Informativo Tam","image":{"@type":"ImageObject","inLanguage":"es","@id":"https:\/\/secure.gravatar.com\/avatar\/f3b7ad3af540688955925ac610647be00b0cf41feea9c4978b73a707ee86bc53?s=96&d=mm&r=g","url":"https:\/\/secure.gravatar.com\/avatar\/f3b7ad3af540688955925ac610647be00b0cf41feea9c4978b73a707ee86bc53?s=96&d=mm&r=g","contentUrl":"https:\/\/secure.gravatar.com\/avatar\/f3b7ad3af540688955925ac610647be00b0cf41feea9c4978b73a707ee86bc53?s=96&d=mm&r=g","caption":"El Informativo Tam"}}]}},"_links":{"self":[{"href":"https:\/\/elinformativotam.com\/index.php\/wp-json\/wp\/v2\/posts\/51191","targetHints":{"allow":["GET"]}}],"collection":[{"href":"https:\/\/elinformativotam.com\/index.php\/wp-json\/wp\/v2\/posts"}],"about":[{"href":"https:\/\/elinformativotam.com\/index.php\/wp-json\/wp\/v2\/types\/post"}],"author":[{"embeddable":true,"href":"https:\/\/elinformativotam.com\/index.php\/wp-json\/wp\/v2\/users\/1"}],"replies":[{"embeddable":true,"href":"https:\/\/elinformativotam.com\/index.php\/wp-json\/wp\/v2\/comments?post=51191"}],"version-history":[{"count":1,"href":"https:\/\/elinformativotam.com\/index.php\/wp-json\/wp\/v2\/posts\/51191\/revisions"}],"predecessor-version":[{"id":51193,"href":"https:\/\/elinformativotam.com\/index.php\/wp-json\/wp\/v2\/posts\/51191\/revisions\/51193"}],"wp:featuredmedia":[{"embeddable":true,"href":"https:\/\/elinformativotam.com\/index.php\/wp-json\/wp\/v2\/media\/51192"}],"wp:attachment":[{"href":"https:\/\/elinformativotam.com\/index.php\/wp-json\/wp\/v2\/media?parent=51191"}],"wp:term":[{"taxonomy":"category","embeddable":true,"href":"https:\/\/elinformativotam.com\/index.php\/wp-json\/wp\/v2\/categories?post=51191"},{"taxonomy":"post_tag","embeddable":true,"href":"https:\/\/elinformativotam.com\/index.php\/wp-json\/wp\/v2\/tags?post=51191"}],"curies":[{"name":"wp","href":"https:\/\/api.w.org\/{rel}","templated":true}]}}