{"id":51181,"date":"2024-06-13T23:48:21","date_gmt":"2024-06-14T05:48:21","guid":{"rendered":"https:\/\/elinformativotam.com\/?p=51181"},"modified":"2024-06-13T23:48:21","modified_gmt":"2024-06-14T05:48:21","slug":"centrare-agenda-legislativa-en-4-ejes-vamos-a-responder-a-tamaulipecos-desde-la-camara-alta-sosa-ruiz","status":"publish","type":"post","link":"https:\/\/elinformativotam.com\/index.php\/2024\/06\/13\/centrare-agenda-legislativa-en-4-ejes-vamos-a-responder-a-tamaulipecos-desde-la-camara-alta-sosa-ruiz\/","title":{"rendered":"CENTRAR\u00c9 AGENDA LEGISLATIVA EN 4 EJES; VAMOS A RESPONDER A TAMAULIPECOS DESDE LA C\u00c1MARA ALTA: SOSA RUIZ"},"content":{"rendered":"<h2 style=\"text-align: center;\"><em><span style=\"font-family: 'times new roman', times;\">*Se\u00f1ala Que Hay Un Compromiso Gigante Que Atender Con Tamaulipas<\/span><\/em><\/h2>\n<p>&nbsp;<\/p>\n<p>&nbsp;<\/p>\n<p>Luego de obtener el triunfo en las urnas y contar con la constancia de mayor\u00eda que la acredita como Senadora electa, Olga Sosa Ru\u00edz, se\u00f1al\u00f3 que desde ahora &#8220;hay un compromiso gigante con los Tamaulipecos&#8221; pues resalt\u00f3 que hay temas de la agenda nacional que cumplir, como el agua, educaci\u00f3n, seguridad y mejor bienestar social.<\/p>\n<p>&nbsp;<\/p>\n<p>Qui\u00e9n habr\u00e1 de acceder a la c\u00e1mara alta en unos meses m\u00e1s, advirti\u00f3 que desde el primer d\u00eda habr\u00e1 de responder con trabajo a toda la poblaci\u00f3n de la entidad<\/p>\n<p>&nbsp;<\/p>\n<p>&#8220;La f\u00f3rmula con Jr obtuvo 740 mil votos, y eso nos hace tener un compromiso gigante con todos los Tamaulipecos, y vamos a responder desde la tribuna m\u00e1s alta&#8221;, recalc\u00f3<\/p>\n<p>&nbsp;<\/p>\n<p>Sosa, explic\u00f3 que necesidades que atender desde el \u00e1mbito legislativo son muchas, pero esencialmente, dijo, hay una agenda de cuatro vertientes en qu\u00e9 habr\u00e1 se enfocarse, como el plan h\u00eddrico nacional, que incluye mas infraestructura para Tamaulipas y la zona sur.<\/p>\n<p>&nbsp;<\/p>\n<p>A\u00f1adi\u00f3, que se tendr\u00e1 que ocultar minuciosamente la ley de aguas nacionales para conocer como est\u00e1 el rubro de concesiones, empero sobre todo, dijo, que CNA tenga m\u00e1s recursos para fructificar obras para contener el vital l\u00edquido.<\/p>\n<p>&nbsp;<\/p>\n<p>Adem\u00e1s, apunt\u00f3 que aspectos como la educaci\u00f3n, seguridad y bienestar social, tampoco escapar\u00e1n de la agenda legislativa.<\/p>\n<p>&nbsp;<\/p>\n<p>&#8220;En educaci\u00f3n, cada secundaria tendr\u00e1 una preparatoria; en seguridad necesitamos forjar un futuro seguro para Tamaulipas y bienestar para todos los sectores sin excepci\u00f3n&#8221;, aclar\u00f3.<\/p>\n","protected":false},"excerpt":{"rendered":"<p>*Se\u00f1ala Que Hay Un Compromiso Gigante Que Atender Con Tamaulipas &nbsp; &nbsp; Luego de obtener el triunfo en las urnas&hellip;<\/p>\n","protected":false},"author":1,"featured_media":51182,"comment_status":"open","ping_status":"open","sticky":false,"template":"","format":"standard","meta":{"footnotes":""},"categories":[3],"tags":[],"class_list":["post-51181","post","type-post","status-publish","format-standard","has-post-thumbnail","hentry","category-tampico"],"yoast_head":"<!-- This site is optimized with the Yoast SEO plugin v27.4 - https:\/\/yoast.com\/product\/yoast-seo-wordpress\/ -->\n<title>CENTRAR\u00c9 AGENDA LEGISLATIVA EN 4 EJES; VAMOS A RESPONDER A TAMAULIPECOS DESDE LA C\u00c1MARA ALTA: SOSA RUIZ - EL INFORMATIVO DE TAMAULIPAS<\/title>\n<meta name=\"description\" content=\"*Se\u00f1ala Que Hay Un Compromiso Gigante Que Atender Con Tamaulipas &nbsp; &nbsp; Luego de obtener el triunfo en las urnas y contar con la constancia de\" \/>\n<meta name=\"robots\" content=\"index, follow, max-snippet:-1, max-image-preview:large, max-video-preview:-1\" \/>\n<link rel=\"canonical\" href=\"https:\/\/elinformativotam.com\/index.php\/2024\/06\/13\/centrare-agenda-legislativa-en-4-ejes-vamos-a-responder-a-tamaulipecos-desde-la-camara-alta-sosa-ruiz\/\" \/>\n<meta property=\"og:locale\" content=\"es_MX\" \/>\n<meta property=\"og:type\" content=\"article\" \/>\n<meta property=\"og:title\" content=\"CENTRAR\u00c9 AGENDA LEGISLATIVA EN 4 EJES; VAMOS A RESPONDER A TAMAULIPECOS DESDE LA C\u00c1MARA ALTA: SOSA RUIZ - EL INFORMATIVO DE TAMAULIPAS\" \/>\n<meta property=\"og:description\" content=\"*Se\u00f1ala Que Hay Un Compromiso Gigante Que Atender Con Tamaulipas &nbsp; &nbsp; Luego de obtener el triunfo en las urnas y contar con la constancia de\" \/>\n<meta property=\"og:url\" content=\"https:\/\/elinformativotam.com\/index.php\/2024\/06\/13\/centrare-agenda-legislativa-en-4-ejes-vamos-a-responder-a-tamaulipecos-desde-la-camara-alta-sosa-ruiz\/\" \/>\n<meta property=\"og:site_name\" content=\"EL INFORMATIVO DE TAMAULIPAS\" \/>\n<meta property=\"article:published_time\" content=\"2024-06-14T05:48:21+00:00\" \/>\n<meta property=\"og:image\" content=\"https:\/\/elinformativotam.com\/wp-content\/uploads\/2024\/06\/Olga.jpeg\" \/>\n\t<meta property=\"og:image:width\" content=\"702\" \/>\n\t<meta property=\"og:image:height\" content=\"1600\" \/>\n\t<meta property=\"og:image:type\" content=\"image\/jpeg\" \/>\n<meta name=\"author\" content=\"El Informativo Tam\" \/>\n<meta name=\"twitter:card\" content=\"summary_large_image\" \/>\n<meta name=\"twitter:label1\" content=\"Escrito por\" \/>\n\t<meta name=\"twitter:data1\" content=\"El Informativo Tam\" \/>\n\t<meta name=\"twitter:label2\" content=\"Tiempo de lectura\" \/>\n\t<meta name=\"twitter:data2\" content=\"2 minutos\" \/>\n<script type=\"application\/ld+json\" class=\"yoast-schema-graph\">{\"@context\":\"https:\\\/\\\/schema.org\",\"@graph\":[{\"@type\":\"Article\",\"@id\":\"https:\\\/\\\/elinformativotam.com\\\/index.php\\\/2024\\\/06\\\/13\\\/centrare-agenda-legislativa-en-4-ejes-vamos-a-responder-a-tamaulipecos-desde-la-camara-alta-sosa-ruiz\\\/#article\",\"isPartOf\":{\"@id\":\"https:\\\/\\\/elinformativotam.com\\\/index.php\\\/2024\\\/06\\\/13\\\/centrare-agenda-legislativa-en-4-ejes-vamos-a-responder-a-tamaulipecos-desde-la-camara-alta-sosa-ruiz\\\/\"},\"author\":{\"name\":\"El Informativo Tam\",\"@id\":\"https:\\\/\\\/elinformativotam.com\\\/#\\\/schema\\\/person\\\/78e08040eed0f6110f0c5f83b6153590\"},\"headline\":\"CENTRAR\u00c9 AGENDA LEGISLATIVA EN 4 EJES; VAMOS A RESPONDER A TAMAULIPECOS DESDE LA C\u00c1MARA ALTA: SOSA RUIZ\",\"datePublished\":\"2024-06-14T05:48:21+00:00\",\"mainEntityOfPage\":{\"@id\":\"https:\\\/\\\/elinformativotam.com\\\/index.php\\\/2024\\\/06\\\/13\\\/centrare-agenda-legislativa-en-4-ejes-vamos-a-responder-a-tamaulipecos-desde-la-camara-alta-sosa-ruiz\\\/\"},\"wordCount\":290,\"commentCount\":0,\"publisher\":{\"@id\":\"https:\\\/\\\/elinformativotam.com\\\/#organization\"},\"image\":{\"@id\":\"https:\\\/\\\/elinformativotam.com\\\/index.php\\\/2024\\\/06\\\/13\\\/centrare-agenda-legislativa-en-4-ejes-vamos-a-responder-a-tamaulipecos-desde-la-camara-alta-sosa-ruiz\\\/#primaryimage\"},\"thumbnailUrl\":\"https:\\\/\\\/elinformativotam.com\\\/wp-content\\\/uploads\\\/2024\\\/06\\\/Olga.jpeg\",\"articleSection\":[\"Tampico\"],\"inLanguage\":\"es\",\"potentialAction\":[{\"@type\":\"CommentAction\",\"name\":\"Comment\",\"target\":[\"https:\\\/\\\/elinformativotam.com\\\/index.php\\\/2024\\\/06\\\/13\\\/centrare-agenda-legislativa-en-4-ejes-vamos-a-responder-a-tamaulipecos-desde-la-camara-alta-sosa-ruiz\\\/#respond\"]}]},{\"@type\":\"WebPage\",\"@id\":\"https:\\\/\\\/elinformativotam.com\\\/index.php\\\/2024\\\/06\\\/13\\\/centrare-agenda-legislativa-en-4-ejes-vamos-a-responder-a-tamaulipecos-desde-la-camara-alta-sosa-ruiz\\\/\",\"url\":\"https:\\\/\\\/elinformativotam.com\\\/index.php\\\/2024\\\/06\\\/13\\\/centrare-agenda-legislativa-en-4-ejes-vamos-a-responder-a-tamaulipecos-desde-la-camara-alta-sosa-ruiz\\\/\",\"name\":\"CENTRAR\u00c9 AGENDA LEGISLATIVA EN 4 EJES; VAMOS A RESPONDER A TAMAULIPECOS DESDE LA C\u00c1MARA ALTA: SOSA RUIZ - EL INFORMATIVO DE TAMAULIPAS\",\"isPartOf\":{\"@id\":\"https:\\\/\\\/elinformativotam.com\\\/#website\"},\"primaryImageOfPage\":{\"@id\":\"https:\\\/\\\/elinformativotam.com\\\/index.php\\\/2024\\\/06\\\/13\\\/centrare-agenda-legislativa-en-4-ejes-vamos-a-responder-a-tamaulipecos-desde-la-camara-alta-sosa-ruiz\\\/#primaryimage\"},\"image\":{\"@id\":\"https:\\\/\\\/elinformativotam.com\\\/index.php\\\/2024\\\/06\\\/13\\\/centrare-agenda-legislativa-en-4-ejes-vamos-a-responder-a-tamaulipecos-desde-la-camara-alta-sosa-ruiz\\\/#primaryimage\"},\"thumbnailUrl\":\"https:\\\/\\\/elinformativotam.com\\\/wp-content\\\/uploads\\\/2024\\\/06\\\/Olga.jpeg\",\"datePublished\":\"2024-06-14T05:48:21+00:00\",\"description\":\"*Se\u00f1ala Que Hay Un Compromiso Gigante Que Atender Con Tamaulipas &nbsp; &nbsp; Luego de obtener el triunfo en las urnas y contar con la constancia de\",\"inLanguage\":\"es\",\"potentialAction\":[{\"@type\":\"ReadAction\",\"target\":[\"https:\\\/\\\/elinformativotam.com\\\/index.php\\\/2024\\\/06\\\/13\\\/centrare-agenda-legislativa-en-4-ejes-vamos-a-responder-a-tamaulipecos-desde-la-camara-alta-sosa-ruiz\\\/\"]}]},{\"@type\":\"ImageObject\",\"inLanguage\":\"es\",\"@id\":\"https:\\\/\\\/elinformativotam.com\\\/index.php\\\/2024\\\/06\\\/13\\\/centrare-agenda-legislativa-en-4-ejes-vamos-a-responder-a-tamaulipecos-desde-la-camara-alta-sosa-ruiz\\\/#primaryimage\",\"url\":\"https:\\\/\\\/elinformativotam.com\\\/wp-content\\\/uploads\\\/2024\\\/06\\\/Olga.jpeg\",\"contentUrl\":\"https:\\\/\\\/elinformativotam.com\\\/wp-content\\\/uploads\\\/2024\\\/06\\\/Olga.jpeg\",\"width\":702,\"height\":1600},{\"@type\":\"WebSite\",\"@id\":\"https:\\\/\\\/elinformativotam.com\\\/#website\",\"url\":\"https:\\\/\\\/elinformativotam.com\\\/\",\"name\":\"EL INFORMATIVO DE TAMAULIPAS\",\"description\":\"Desde la Zona Metropolitana Para Todo M\u00e9xico\",\"publisher\":{\"@id\":\"https:\\\/\\\/elinformativotam.com\\\/#organization\"},\"potentialAction\":[{\"@type\":\"SearchAction\",\"target\":{\"@type\":\"EntryPoint\",\"urlTemplate\":\"https:\\\/\\\/elinformativotam.com\\\/?s={search_term_string}\"},\"query-input\":{\"@type\":\"PropertyValueSpecification\",\"valueRequired\":true,\"valueName\":\"search_term_string\"}}],\"inLanguage\":\"es\"},{\"@type\":\"Organization\",\"@id\":\"https:\\\/\\\/elinformativotam.com\\\/#organization\",\"name\":\"EL INFORMATIVO DE TAMAULIPAS\",\"url\":\"https:\\\/\\\/elinformativotam.com\\\/\",\"logo\":{\"@type\":\"ImageObject\",\"inLanguage\":\"es\",\"@id\":\"https:\\\/\\\/elinformativotam.com\\\/#\\\/schema\\\/logo\\\/image\\\/\",\"url\":\"https:\\\/\\\/elinformativotam.com\\\/wp-content\\\/uploads\\\/2026\\\/02\\\/Cabezal.png\",\"contentUrl\":\"https:\\\/\\\/elinformativotam.com\\\/wp-content\\\/uploads\\\/2026\\\/02\\\/Cabezal.png\",\"width\":960,\"height\":640,\"caption\":\"EL INFORMATIVO DE TAMAULIPAS\"},\"image\":{\"@id\":\"https:\\\/\\\/elinformativotam.com\\\/#\\\/schema\\\/logo\\\/image\\\/\"}},{\"@type\":\"Person\",\"@id\":\"https:\\\/\\\/elinformativotam.com\\\/#\\\/schema\\\/person\\\/78e08040eed0f6110f0c5f83b6153590\",\"name\":\"El Informativo Tam\",\"image\":{\"@type\":\"ImageObject\",\"inLanguage\":\"es\",\"@id\":\"https:\\\/\\\/secure.gravatar.com\\\/avatar\\\/f3b7ad3af540688955925ac610647be00b0cf41feea9c4978b73a707ee86bc53?s=96&d=mm&r=g\",\"url\":\"https:\\\/\\\/secure.gravatar.com\\\/avatar\\\/f3b7ad3af540688955925ac610647be00b0cf41feea9c4978b73a707ee86bc53?s=96&d=mm&r=g\",\"contentUrl\":\"https:\\\/\\\/secure.gravatar.com\\\/avatar\\\/f3b7ad3af540688955925ac610647be00b0cf41feea9c4978b73a707ee86bc53?s=96&d=mm&r=g\",\"caption\":\"El Informativo Tam\"}}]}<\/script>\n<!-- \/ Yoast SEO plugin. -->","yoast_head_json":{"title":"CENTRAR\u00c9 AGENDA LEGISLATIVA EN 4 EJES; VAMOS A RESPONDER A TAMAULIPECOS DESDE LA C\u00c1MARA ALTA: SOSA RUIZ - EL INFORMATIVO DE TAMAULIPAS","description":"*Se\u00f1ala Que Hay Un Compromiso Gigante Que Atender Con Tamaulipas &nbsp; &nbsp; Luego de obtener el triunfo en las urnas y contar con la constancia de","robots":{"index":"index","follow":"follow","max-snippet":"max-snippet:-1","max-image-preview":"max-image-preview:large","max-video-preview":"max-video-preview:-1"},"canonical":"https:\/\/elinformativotam.com\/index.php\/2024\/06\/13\/centrare-agenda-legislativa-en-4-ejes-vamos-a-responder-a-tamaulipecos-desde-la-camara-alta-sosa-ruiz\/","og_locale":"es_MX","og_type":"article","og_title":"CENTRAR\u00c9 AGENDA LEGISLATIVA EN 4 EJES; VAMOS A RESPONDER A TAMAULIPECOS DESDE LA C\u00c1MARA ALTA: SOSA RUIZ - EL INFORMATIVO DE TAMAULIPAS","og_description":"*Se\u00f1ala Que Hay Un Compromiso Gigante Que Atender Con Tamaulipas &nbsp; &nbsp; Luego de obtener el triunfo en las urnas y contar con la constancia de","og_url":"https:\/\/elinformativotam.com\/index.php\/2024\/06\/13\/centrare-agenda-legislativa-en-4-ejes-vamos-a-responder-a-tamaulipecos-desde-la-camara-alta-sosa-ruiz\/","og_site_name":"EL INFORMATIVO DE TAMAULIPAS","article_published_time":"2024-06-14T05:48:21+00:00","og_image":[{"width":702,"height":1600,"url":"https:\/\/elinformativotam.com\/wp-content\/uploads\/2024\/06\/Olga.jpeg","type":"image\/jpeg"}],"author":"El Informativo Tam","twitter_card":"summary_large_image","twitter_misc":{"Escrito por":"El Informativo Tam","Tiempo de lectura":"2 minutos"},"schema":{"@context":"https:\/\/schema.org","@graph":[{"@type":"Article","@id":"https:\/\/elinformativotam.com\/index.php\/2024\/06\/13\/centrare-agenda-legislativa-en-4-ejes-vamos-a-responder-a-tamaulipecos-desde-la-camara-alta-sosa-ruiz\/#article","isPartOf":{"@id":"https:\/\/elinformativotam.com\/index.php\/2024\/06\/13\/centrare-agenda-legislativa-en-4-ejes-vamos-a-responder-a-tamaulipecos-desde-la-camara-alta-sosa-ruiz\/"},"author":{"name":"El Informativo Tam","@id":"https:\/\/elinformativotam.com\/#\/schema\/person\/78e08040eed0f6110f0c5f83b6153590"},"headline":"CENTRAR\u00c9 AGENDA LEGISLATIVA EN 4 EJES; VAMOS A RESPONDER A TAMAULIPECOS DESDE LA C\u00c1MARA ALTA: SOSA RUIZ","datePublished":"2024-06-14T05:48:21+00:00","mainEntityOfPage":{"@id":"https:\/\/elinformativotam.com\/index.php\/2024\/06\/13\/centrare-agenda-legislativa-en-4-ejes-vamos-a-responder-a-tamaulipecos-desde-la-camara-alta-sosa-ruiz\/"},"wordCount":290,"commentCount":0,"publisher":{"@id":"https:\/\/elinformativotam.com\/#organization"},"image":{"@id":"https:\/\/elinformativotam.com\/index.php\/2024\/06\/13\/centrare-agenda-legislativa-en-4-ejes-vamos-a-responder-a-tamaulipecos-desde-la-camara-alta-sosa-ruiz\/#primaryimage"},"thumbnailUrl":"https:\/\/elinformativotam.com\/wp-content\/uploads\/2024\/06\/Olga.jpeg","articleSection":["Tampico"],"inLanguage":"es","potentialAction":[{"@type":"CommentAction","name":"Comment","target":["https:\/\/elinformativotam.com\/index.php\/2024\/06\/13\/centrare-agenda-legislativa-en-4-ejes-vamos-a-responder-a-tamaulipecos-desde-la-camara-alta-sosa-ruiz\/#respond"]}]},{"@type":"WebPage","@id":"https:\/\/elinformativotam.com\/index.php\/2024\/06\/13\/centrare-agenda-legislativa-en-4-ejes-vamos-a-responder-a-tamaulipecos-desde-la-camara-alta-sosa-ruiz\/","url":"https:\/\/elinformativotam.com\/index.php\/2024\/06\/13\/centrare-agenda-legislativa-en-4-ejes-vamos-a-responder-a-tamaulipecos-desde-la-camara-alta-sosa-ruiz\/","name":"CENTRAR\u00c9 AGENDA LEGISLATIVA EN 4 EJES; VAMOS A RESPONDER A TAMAULIPECOS DESDE LA C\u00c1MARA ALTA: SOSA RUIZ - EL INFORMATIVO DE TAMAULIPAS","isPartOf":{"@id":"https:\/\/elinformativotam.com\/#website"},"primaryImageOfPage":{"@id":"https:\/\/elinformativotam.com\/index.php\/2024\/06\/13\/centrare-agenda-legislativa-en-4-ejes-vamos-a-responder-a-tamaulipecos-desde-la-camara-alta-sosa-ruiz\/#primaryimage"},"image":{"@id":"https:\/\/elinformativotam.com\/index.php\/2024\/06\/13\/centrare-agenda-legislativa-en-4-ejes-vamos-a-responder-a-tamaulipecos-desde-la-camara-alta-sosa-ruiz\/#primaryimage"},"thumbnailUrl":"https:\/\/elinformativotam.com\/wp-content\/uploads\/2024\/06\/Olga.jpeg","datePublished":"2024-06-14T05:48:21+00:00","description":"*Se\u00f1ala Que Hay Un Compromiso Gigante Que Atender Con Tamaulipas &nbsp; &nbsp; Luego de obtener el triunfo en las urnas y contar con la constancia de","inLanguage":"es","potentialAction":[{"@type":"ReadAction","target":["https:\/\/elinformativotam.com\/index.php\/2024\/06\/13\/centrare-agenda-legislativa-en-4-ejes-vamos-a-responder-a-tamaulipecos-desde-la-camara-alta-sosa-ruiz\/"]}]},{"@type":"ImageObject","inLanguage":"es","@id":"https:\/\/elinformativotam.com\/index.php\/2024\/06\/13\/centrare-agenda-legislativa-en-4-ejes-vamos-a-responder-a-tamaulipecos-desde-la-camara-alta-sosa-ruiz\/#primaryimage","url":"https:\/\/elinformativotam.com\/wp-content\/uploads\/2024\/06\/Olga.jpeg","contentUrl":"https:\/\/elinformativotam.com\/wp-content\/uploads\/2024\/06\/Olga.jpeg","width":702,"height":1600},{"@type":"WebSite","@id":"https:\/\/elinformativotam.com\/#website","url":"https:\/\/elinformativotam.com\/","name":"EL INFORMATIVO DE TAMAULIPAS","description":"Desde la Zona Metropolitana Para Todo M\u00e9xico","publisher":{"@id":"https:\/\/elinformativotam.com\/#organization"},"potentialAction":[{"@type":"SearchAction","target":{"@type":"EntryPoint","urlTemplate":"https:\/\/elinformativotam.com\/?s={search_term_string}"},"query-input":{"@type":"PropertyValueSpecification","valueRequired":true,"valueName":"search_term_string"}}],"inLanguage":"es"},{"@type":"Organization","@id":"https:\/\/elinformativotam.com\/#organization","name":"EL INFORMATIVO DE TAMAULIPAS","url":"https:\/\/elinformativotam.com\/","logo":{"@type":"ImageObject","inLanguage":"es","@id":"https:\/\/elinformativotam.com\/#\/schema\/logo\/image\/","url":"https:\/\/elinformativotam.com\/wp-content\/uploads\/2026\/02\/Cabezal.png","contentUrl":"https:\/\/elinformativotam.com\/wp-content\/uploads\/2026\/02\/Cabezal.png","width":960,"height":640,"caption":"EL INFORMATIVO DE TAMAULIPAS"},"image":{"@id":"https:\/\/elinformativotam.com\/#\/schema\/logo\/image\/"}},{"@type":"Person","@id":"https:\/\/elinformativotam.com\/#\/schema\/person\/78e08040eed0f6110f0c5f83b6153590","name":"El Informativo Tam","image":{"@type":"ImageObject","inLanguage":"es","@id":"https:\/\/secure.gravatar.com\/avatar\/f3b7ad3af540688955925ac610647be00b0cf41feea9c4978b73a707ee86bc53?s=96&d=mm&r=g","url":"https:\/\/secure.gravatar.com\/avatar\/f3b7ad3af540688955925ac610647be00b0cf41feea9c4978b73a707ee86bc53?s=96&d=mm&r=g","contentUrl":"https:\/\/secure.gravatar.com\/avatar\/f3b7ad3af540688955925ac610647be00b0cf41feea9c4978b73a707ee86bc53?s=96&d=mm&r=g","caption":"El Informativo Tam"}}]}},"_links":{"self":[{"href":"https:\/\/elinformativotam.com\/index.php\/wp-json\/wp\/v2\/posts\/51181","targetHints":{"allow":["GET"]}}],"collection":[{"href":"https:\/\/elinformativotam.com\/index.php\/wp-json\/wp\/v2\/posts"}],"about":[{"href":"https:\/\/elinformativotam.com\/index.php\/wp-json\/wp\/v2\/types\/post"}],"author":[{"embeddable":true,"href":"https:\/\/elinformativotam.com\/index.php\/wp-json\/wp\/v2\/users\/1"}],"replies":[{"embeddable":true,"href":"https:\/\/elinformativotam.com\/index.php\/wp-json\/wp\/v2\/comments?post=51181"}],"version-history":[{"count":1,"href":"https:\/\/elinformativotam.com\/index.php\/wp-json\/wp\/v2\/posts\/51181\/revisions"}],"predecessor-version":[{"id":51183,"href":"https:\/\/elinformativotam.com\/index.php\/wp-json\/wp\/v2\/posts\/51181\/revisions\/51183"}],"wp:featuredmedia":[{"embeddable":true,"href":"https:\/\/elinformativotam.com\/index.php\/wp-json\/wp\/v2\/media\/51182"}],"wp:attachment":[{"href":"https:\/\/elinformativotam.com\/index.php\/wp-json\/wp\/v2\/media?parent=51181"}],"wp:term":[{"taxonomy":"category","embeddable":true,"href":"https:\/\/elinformativotam.com\/index.php\/wp-json\/wp\/v2\/categories?post=51181"},{"taxonomy":"post_tag","embeddable":true,"href":"https:\/\/elinformativotam.com\/index.php\/wp-json\/wp\/v2\/tags?post=51181"}],"curies":[{"name":"wp","href":"https:\/\/api.w.org\/{rel}","templated":true}]}}