{"id":51104,"date":"2024-06-11T21:26:03","date_gmt":"2024-06-12T03:26:03","guid":{"rendered":"https:\/\/elinformativotam.com\/?p=51104"},"modified":"2024-06-11T21:26:03","modified_gmt":"2024-06-12T03:26:03","slug":"transito-estatal-apoyara-en-la-vigilancia-vial-de-madero","status":"publish","type":"post","link":"https:\/\/elinformativotam.com\/index.php\/2024\/06\/11\/transito-estatal-apoyara-en-la-vigilancia-vial-de-madero\/","title":{"rendered":"TR\u00c1NSITO ESTATAL APOYAR\u00c1 EN LA VIGILANCIA VIAL DE MADERO."},"content":{"rendered":"<p>Cd. Madero, Tamaulipas.- El alcalde de Ciudad Madero, Adri\u00e1n Oseguera Kernion, se\u00f1al\u00f3 que se integraron a la vigilancia vial dos patrullas de tr\u00e1nsito estatal quienes solamente podr\u00e1n realizar rondines en la ciudad.<\/p>\n<p>&nbsp;<\/p>\n<p>Destac\u00f3 que no tienen la facultad de infraccionar o sancionar a los automovilistas, debido a que esto es algo que solo lo puede hacer tr\u00e1nsito local, por lo que estas dos patrullas sirven de apoyo a esta corporaci\u00f3n.<\/p>\n<p>&nbsp;<\/p>\n<p>Indic\u00f3 solo podr\u00e1n aplicar sanciones en vialidades que pertenecen al gobierno estatal, tal es el caso del corredor urbano Luis Donaldo Colosio.<\/p>\n<p>&nbsp;<\/p>\n<p>Destac\u00f3 que existe total colaboraci\u00f3n y coordinaci\u00f3n entre el estado y el municipio, por lo que se estar\u00e1 en constante comunicaci\u00f3n para que se tengan buenos resultados.<\/p>\n<p>&nbsp;<\/p>\n<p>En torno a la vigilancia de la Guardia Estatal, se\u00f1al\u00f3 que Madero tiene 11 unidades, las cuales realizan la vigilancia en la ciudad, por lo que se busca lleguen m\u00e1s para reforzar la seguridad en toda la ciudad y se lleven a cabo rondines de manera m\u00e1s constante como lo solicitan en algunas parte del municipio.<\/p>\n<p>&nbsp;<\/p>\n","protected":false},"excerpt":{"rendered":"<p>Cd. Madero, Tamaulipas.- El alcalde de Ciudad Madero, Adri\u00e1n Oseguera Kernion, se\u00f1al\u00f3 que se integraron a la vigilancia vial dos&hellip;<\/p>\n","protected":false},"author":1,"featured_media":51105,"comment_status":"open","ping_status":"open","sticky":false,"template":"","format":"standard","meta":{"footnotes":""},"categories":[4],"tags":[],"class_list":["post-51104","post","type-post","status-publish","format-standard","has-post-thumbnail","hentry","category-madero"],"yoast_head":"<!-- This site is optimized with the Yoast SEO plugin v27.4 - https:\/\/yoast.com\/product\/yoast-seo-wordpress\/ -->\n<title>TR\u00c1NSITO ESTATAL APOYAR\u00c1 EN LA VIGILANCIA VIAL DE MADERO. - EL INFORMATIVO DE TAMAULIPAS<\/title>\n<meta name=\"description\" content=\"Cd. Madero, Tamaulipas.- El alcalde de Ciudad Madero, Adri\u00e1n Oseguera Kernion, se\u00f1al\u00f3 que se integraron a la vigilancia vial dos patrullas de tr\u00e1nsito\" \/>\n<meta name=\"robots\" content=\"index, follow, max-snippet:-1, max-image-preview:large, max-video-preview:-1\" \/>\n<link rel=\"canonical\" href=\"https:\/\/elinformativotam.com\/index.php\/2024\/06\/11\/transito-estatal-apoyara-en-la-vigilancia-vial-de-madero\/\" \/>\n<meta property=\"og:locale\" content=\"es_MX\" \/>\n<meta property=\"og:type\" content=\"article\" \/>\n<meta property=\"og:title\" content=\"TR\u00c1NSITO ESTATAL APOYAR\u00c1 EN LA VIGILANCIA VIAL DE MADERO. - EL INFORMATIVO DE TAMAULIPAS\" \/>\n<meta property=\"og:description\" content=\"Cd. Madero, Tamaulipas.- El alcalde de Ciudad Madero, Adri\u00e1n Oseguera Kernion, se\u00f1al\u00f3 que se integraron a la vigilancia vial dos patrullas de tr\u00e1nsito\" \/>\n<meta property=\"og:url\" content=\"https:\/\/elinformativotam.com\/index.php\/2024\/06\/11\/transito-estatal-apoyara-en-la-vigilancia-vial-de-madero\/\" \/>\n<meta property=\"og:site_name\" content=\"EL INFORMATIVO DE TAMAULIPAS\" \/>\n<meta property=\"article:published_time\" content=\"2024-06-12T03:26:03+00:00\" \/>\n<meta property=\"og:image\" content=\"https:\/\/elinformativotam.com\/wp-content\/uploads\/2024\/06\/Transito-Estatal.jpeg\" \/>\n\t<meta property=\"og:image:width\" content=\"666\" \/>\n\t<meta property=\"og:image:height\" content=\"343\" \/>\n\t<meta property=\"og:image:type\" content=\"image\/jpeg\" \/>\n<meta name=\"author\" content=\"El Informativo Tam\" \/>\n<meta name=\"twitter:card\" content=\"summary_large_image\" \/>\n<meta name=\"twitter:label1\" content=\"Escrito por\" \/>\n\t<meta name=\"twitter:data1\" content=\"El Informativo Tam\" \/>\n\t<meta name=\"twitter:label2\" content=\"Tiempo de lectura\" \/>\n\t<meta name=\"twitter:data2\" content=\"1 minuto\" \/>\n<script type=\"application\/ld+json\" class=\"yoast-schema-graph\">{\"@context\":\"https:\\\/\\\/schema.org\",\"@graph\":[{\"@type\":\"Article\",\"@id\":\"https:\\\/\\\/elinformativotam.com\\\/index.php\\\/2024\\\/06\\\/11\\\/transito-estatal-apoyara-en-la-vigilancia-vial-de-madero\\\/#article\",\"isPartOf\":{\"@id\":\"https:\\\/\\\/elinformativotam.com\\\/index.php\\\/2024\\\/06\\\/11\\\/transito-estatal-apoyara-en-la-vigilancia-vial-de-madero\\\/\"},\"author\":{\"name\":\"El Informativo Tam\",\"@id\":\"https:\\\/\\\/elinformativotam.com\\\/#\\\/schema\\\/person\\\/78e08040eed0f6110f0c5f83b6153590\"},\"headline\":\"TR\u00c1NSITO ESTATAL APOYAR\u00c1 EN LA VIGILANCIA VIAL DE MADERO.\",\"datePublished\":\"2024-06-12T03:26:03+00:00\",\"mainEntityOfPage\":{\"@id\":\"https:\\\/\\\/elinformativotam.com\\\/index.php\\\/2024\\\/06\\\/11\\\/transito-estatal-apoyara-en-la-vigilancia-vial-de-madero\\\/\"},\"wordCount\":203,\"commentCount\":0,\"publisher\":{\"@id\":\"https:\\\/\\\/elinformativotam.com\\\/#organization\"},\"image\":{\"@id\":\"https:\\\/\\\/elinformativotam.com\\\/index.php\\\/2024\\\/06\\\/11\\\/transito-estatal-apoyara-en-la-vigilancia-vial-de-madero\\\/#primaryimage\"},\"thumbnailUrl\":\"https:\\\/\\\/elinformativotam.com\\\/wp-content\\\/uploads\\\/2024\\\/06\\\/Transito-Estatal.jpeg\",\"articleSection\":[\"Cd Madero\"],\"inLanguage\":\"es\",\"potentialAction\":[{\"@type\":\"CommentAction\",\"name\":\"Comment\",\"target\":[\"https:\\\/\\\/elinformativotam.com\\\/index.php\\\/2024\\\/06\\\/11\\\/transito-estatal-apoyara-en-la-vigilancia-vial-de-madero\\\/#respond\"]}]},{\"@type\":\"WebPage\",\"@id\":\"https:\\\/\\\/elinformativotam.com\\\/index.php\\\/2024\\\/06\\\/11\\\/transito-estatal-apoyara-en-la-vigilancia-vial-de-madero\\\/\",\"url\":\"https:\\\/\\\/elinformativotam.com\\\/index.php\\\/2024\\\/06\\\/11\\\/transito-estatal-apoyara-en-la-vigilancia-vial-de-madero\\\/\",\"name\":\"TR\u00c1NSITO ESTATAL APOYAR\u00c1 EN LA VIGILANCIA VIAL DE MADERO. - EL INFORMATIVO DE TAMAULIPAS\",\"isPartOf\":{\"@id\":\"https:\\\/\\\/elinformativotam.com\\\/#website\"},\"primaryImageOfPage\":{\"@id\":\"https:\\\/\\\/elinformativotam.com\\\/index.php\\\/2024\\\/06\\\/11\\\/transito-estatal-apoyara-en-la-vigilancia-vial-de-madero\\\/#primaryimage\"},\"image\":{\"@id\":\"https:\\\/\\\/elinformativotam.com\\\/index.php\\\/2024\\\/06\\\/11\\\/transito-estatal-apoyara-en-la-vigilancia-vial-de-madero\\\/#primaryimage\"},\"thumbnailUrl\":\"https:\\\/\\\/elinformativotam.com\\\/wp-content\\\/uploads\\\/2024\\\/06\\\/Transito-Estatal.jpeg\",\"datePublished\":\"2024-06-12T03:26:03+00:00\",\"description\":\"Cd. Madero, Tamaulipas.- El alcalde de Ciudad Madero, Adri\u00e1n Oseguera Kernion, se\u00f1al\u00f3 que se integraron a la vigilancia vial dos patrullas de tr\u00e1nsito\",\"inLanguage\":\"es\",\"potentialAction\":[{\"@type\":\"ReadAction\",\"target\":[\"https:\\\/\\\/elinformativotam.com\\\/index.php\\\/2024\\\/06\\\/11\\\/transito-estatal-apoyara-en-la-vigilancia-vial-de-madero\\\/\"]}]},{\"@type\":\"ImageObject\",\"inLanguage\":\"es\",\"@id\":\"https:\\\/\\\/elinformativotam.com\\\/index.php\\\/2024\\\/06\\\/11\\\/transito-estatal-apoyara-en-la-vigilancia-vial-de-madero\\\/#primaryimage\",\"url\":\"https:\\\/\\\/elinformativotam.com\\\/wp-content\\\/uploads\\\/2024\\\/06\\\/Transito-Estatal.jpeg\",\"contentUrl\":\"https:\\\/\\\/elinformativotam.com\\\/wp-content\\\/uploads\\\/2024\\\/06\\\/Transito-Estatal.jpeg\",\"width\":666,\"height\":343},{\"@type\":\"WebSite\",\"@id\":\"https:\\\/\\\/elinformativotam.com\\\/#website\",\"url\":\"https:\\\/\\\/elinformativotam.com\\\/\",\"name\":\"EL INFORMATIVO DE TAMAULIPAS\",\"description\":\"Desde la Zona Metropolitana Para Todo M\u00e9xico\",\"publisher\":{\"@id\":\"https:\\\/\\\/elinformativotam.com\\\/#organization\"},\"potentialAction\":[{\"@type\":\"SearchAction\",\"target\":{\"@type\":\"EntryPoint\",\"urlTemplate\":\"https:\\\/\\\/elinformativotam.com\\\/?s={search_term_string}\"},\"query-input\":{\"@type\":\"PropertyValueSpecification\",\"valueRequired\":true,\"valueName\":\"search_term_string\"}}],\"inLanguage\":\"es\"},{\"@type\":\"Organization\",\"@id\":\"https:\\\/\\\/elinformativotam.com\\\/#organization\",\"name\":\"EL INFORMATIVO DE TAMAULIPAS\",\"url\":\"https:\\\/\\\/elinformativotam.com\\\/\",\"logo\":{\"@type\":\"ImageObject\",\"inLanguage\":\"es\",\"@id\":\"https:\\\/\\\/elinformativotam.com\\\/#\\\/schema\\\/logo\\\/image\\\/\",\"url\":\"https:\\\/\\\/elinformativotam.com\\\/wp-content\\\/uploads\\\/2026\\\/02\\\/Cabezal.png\",\"contentUrl\":\"https:\\\/\\\/elinformativotam.com\\\/wp-content\\\/uploads\\\/2026\\\/02\\\/Cabezal.png\",\"width\":960,\"height\":640,\"caption\":\"EL INFORMATIVO DE TAMAULIPAS\"},\"image\":{\"@id\":\"https:\\\/\\\/elinformativotam.com\\\/#\\\/schema\\\/logo\\\/image\\\/\"}},{\"@type\":\"Person\",\"@id\":\"https:\\\/\\\/elinformativotam.com\\\/#\\\/schema\\\/person\\\/78e08040eed0f6110f0c5f83b6153590\",\"name\":\"El Informativo Tam\",\"image\":{\"@type\":\"ImageObject\",\"inLanguage\":\"es\",\"@id\":\"https:\\\/\\\/secure.gravatar.com\\\/avatar\\\/f3b7ad3af540688955925ac610647be00b0cf41feea9c4978b73a707ee86bc53?s=96&d=mm&r=g\",\"url\":\"https:\\\/\\\/secure.gravatar.com\\\/avatar\\\/f3b7ad3af540688955925ac610647be00b0cf41feea9c4978b73a707ee86bc53?s=96&d=mm&r=g\",\"contentUrl\":\"https:\\\/\\\/secure.gravatar.com\\\/avatar\\\/f3b7ad3af540688955925ac610647be00b0cf41feea9c4978b73a707ee86bc53?s=96&d=mm&r=g\",\"caption\":\"El Informativo Tam\"}}]}<\/script>\n<!-- \/ Yoast SEO plugin. -->","yoast_head_json":{"title":"TR\u00c1NSITO ESTATAL APOYAR\u00c1 EN LA VIGILANCIA VIAL DE MADERO. - EL INFORMATIVO DE TAMAULIPAS","description":"Cd. Madero, Tamaulipas.- El alcalde de Ciudad Madero, Adri\u00e1n Oseguera Kernion, se\u00f1al\u00f3 que se integraron a la vigilancia vial dos patrullas de tr\u00e1nsito","robots":{"index":"index","follow":"follow","max-snippet":"max-snippet:-1","max-image-preview":"max-image-preview:large","max-video-preview":"max-video-preview:-1"},"canonical":"https:\/\/elinformativotam.com\/index.php\/2024\/06\/11\/transito-estatal-apoyara-en-la-vigilancia-vial-de-madero\/","og_locale":"es_MX","og_type":"article","og_title":"TR\u00c1NSITO ESTATAL APOYAR\u00c1 EN LA VIGILANCIA VIAL DE MADERO. - EL INFORMATIVO DE TAMAULIPAS","og_description":"Cd. Madero, Tamaulipas.- El alcalde de Ciudad Madero, Adri\u00e1n Oseguera Kernion, se\u00f1al\u00f3 que se integraron a la vigilancia vial dos patrullas de tr\u00e1nsito","og_url":"https:\/\/elinformativotam.com\/index.php\/2024\/06\/11\/transito-estatal-apoyara-en-la-vigilancia-vial-de-madero\/","og_site_name":"EL INFORMATIVO DE TAMAULIPAS","article_published_time":"2024-06-12T03:26:03+00:00","og_image":[{"width":666,"height":343,"url":"https:\/\/elinformativotam.com\/wp-content\/uploads\/2024\/06\/Transito-Estatal.jpeg","type":"image\/jpeg"}],"author":"El Informativo Tam","twitter_card":"summary_large_image","twitter_misc":{"Escrito por":"El Informativo Tam","Tiempo de lectura":"1 minuto"},"schema":{"@context":"https:\/\/schema.org","@graph":[{"@type":"Article","@id":"https:\/\/elinformativotam.com\/index.php\/2024\/06\/11\/transito-estatal-apoyara-en-la-vigilancia-vial-de-madero\/#article","isPartOf":{"@id":"https:\/\/elinformativotam.com\/index.php\/2024\/06\/11\/transito-estatal-apoyara-en-la-vigilancia-vial-de-madero\/"},"author":{"name":"El Informativo Tam","@id":"https:\/\/elinformativotam.com\/#\/schema\/person\/78e08040eed0f6110f0c5f83b6153590"},"headline":"TR\u00c1NSITO ESTATAL APOYAR\u00c1 EN LA VIGILANCIA VIAL DE MADERO.","datePublished":"2024-06-12T03:26:03+00:00","mainEntityOfPage":{"@id":"https:\/\/elinformativotam.com\/index.php\/2024\/06\/11\/transito-estatal-apoyara-en-la-vigilancia-vial-de-madero\/"},"wordCount":203,"commentCount":0,"publisher":{"@id":"https:\/\/elinformativotam.com\/#organization"},"image":{"@id":"https:\/\/elinformativotam.com\/index.php\/2024\/06\/11\/transito-estatal-apoyara-en-la-vigilancia-vial-de-madero\/#primaryimage"},"thumbnailUrl":"https:\/\/elinformativotam.com\/wp-content\/uploads\/2024\/06\/Transito-Estatal.jpeg","articleSection":["Cd Madero"],"inLanguage":"es","potentialAction":[{"@type":"CommentAction","name":"Comment","target":["https:\/\/elinformativotam.com\/index.php\/2024\/06\/11\/transito-estatal-apoyara-en-la-vigilancia-vial-de-madero\/#respond"]}]},{"@type":"WebPage","@id":"https:\/\/elinformativotam.com\/index.php\/2024\/06\/11\/transito-estatal-apoyara-en-la-vigilancia-vial-de-madero\/","url":"https:\/\/elinformativotam.com\/index.php\/2024\/06\/11\/transito-estatal-apoyara-en-la-vigilancia-vial-de-madero\/","name":"TR\u00c1NSITO ESTATAL APOYAR\u00c1 EN LA VIGILANCIA VIAL DE MADERO. - EL INFORMATIVO DE TAMAULIPAS","isPartOf":{"@id":"https:\/\/elinformativotam.com\/#website"},"primaryImageOfPage":{"@id":"https:\/\/elinformativotam.com\/index.php\/2024\/06\/11\/transito-estatal-apoyara-en-la-vigilancia-vial-de-madero\/#primaryimage"},"image":{"@id":"https:\/\/elinformativotam.com\/index.php\/2024\/06\/11\/transito-estatal-apoyara-en-la-vigilancia-vial-de-madero\/#primaryimage"},"thumbnailUrl":"https:\/\/elinformativotam.com\/wp-content\/uploads\/2024\/06\/Transito-Estatal.jpeg","datePublished":"2024-06-12T03:26:03+00:00","description":"Cd. Madero, Tamaulipas.- El alcalde de Ciudad Madero, Adri\u00e1n Oseguera Kernion, se\u00f1al\u00f3 que se integraron a la vigilancia vial dos patrullas de tr\u00e1nsito","inLanguage":"es","potentialAction":[{"@type":"ReadAction","target":["https:\/\/elinformativotam.com\/index.php\/2024\/06\/11\/transito-estatal-apoyara-en-la-vigilancia-vial-de-madero\/"]}]},{"@type":"ImageObject","inLanguage":"es","@id":"https:\/\/elinformativotam.com\/index.php\/2024\/06\/11\/transito-estatal-apoyara-en-la-vigilancia-vial-de-madero\/#primaryimage","url":"https:\/\/elinformativotam.com\/wp-content\/uploads\/2024\/06\/Transito-Estatal.jpeg","contentUrl":"https:\/\/elinformativotam.com\/wp-content\/uploads\/2024\/06\/Transito-Estatal.jpeg","width":666,"height":343},{"@type":"WebSite","@id":"https:\/\/elinformativotam.com\/#website","url":"https:\/\/elinformativotam.com\/","name":"EL INFORMATIVO DE TAMAULIPAS","description":"Desde la Zona Metropolitana Para Todo M\u00e9xico","publisher":{"@id":"https:\/\/elinformativotam.com\/#organization"},"potentialAction":[{"@type":"SearchAction","target":{"@type":"EntryPoint","urlTemplate":"https:\/\/elinformativotam.com\/?s={search_term_string}"},"query-input":{"@type":"PropertyValueSpecification","valueRequired":true,"valueName":"search_term_string"}}],"inLanguage":"es"},{"@type":"Organization","@id":"https:\/\/elinformativotam.com\/#organization","name":"EL INFORMATIVO DE TAMAULIPAS","url":"https:\/\/elinformativotam.com\/","logo":{"@type":"ImageObject","inLanguage":"es","@id":"https:\/\/elinformativotam.com\/#\/schema\/logo\/image\/","url":"https:\/\/elinformativotam.com\/wp-content\/uploads\/2026\/02\/Cabezal.png","contentUrl":"https:\/\/elinformativotam.com\/wp-content\/uploads\/2026\/02\/Cabezal.png","width":960,"height":640,"caption":"EL INFORMATIVO DE TAMAULIPAS"},"image":{"@id":"https:\/\/elinformativotam.com\/#\/schema\/logo\/image\/"}},{"@type":"Person","@id":"https:\/\/elinformativotam.com\/#\/schema\/person\/78e08040eed0f6110f0c5f83b6153590","name":"El Informativo Tam","image":{"@type":"ImageObject","inLanguage":"es","@id":"https:\/\/secure.gravatar.com\/avatar\/f3b7ad3af540688955925ac610647be00b0cf41feea9c4978b73a707ee86bc53?s=96&d=mm&r=g","url":"https:\/\/secure.gravatar.com\/avatar\/f3b7ad3af540688955925ac610647be00b0cf41feea9c4978b73a707ee86bc53?s=96&d=mm&r=g","contentUrl":"https:\/\/secure.gravatar.com\/avatar\/f3b7ad3af540688955925ac610647be00b0cf41feea9c4978b73a707ee86bc53?s=96&d=mm&r=g","caption":"El Informativo Tam"}}]}},"_links":{"self":[{"href":"https:\/\/elinformativotam.com\/index.php\/wp-json\/wp\/v2\/posts\/51104","targetHints":{"allow":["GET"]}}],"collection":[{"href":"https:\/\/elinformativotam.com\/index.php\/wp-json\/wp\/v2\/posts"}],"about":[{"href":"https:\/\/elinformativotam.com\/index.php\/wp-json\/wp\/v2\/types\/post"}],"author":[{"embeddable":true,"href":"https:\/\/elinformativotam.com\/index.php\/wp-json\/wp\/v2\/users\/1"}],"replies":[{"embeddable":true,"href":"https:\/\/elinformativotam.com\/index.php\/wp-json\/wp\/v2\/comments?post=51104"}],"version-history":[{"count":1,"href":"https:\/\/elinformativotam.com\/index.php\/wp-json\/wp\/v2\/posts\/51104\/revisions"}],"predecessor-version":[{"id":51106,"href":"https:\/\/elinformativotam.com\/index.php\/wp-json\/wp\/v2\/posts\/51104\/revisions\/51106"}],"wp:featuredmedia":[{"embeddable":true,"href":"https:\/\/elinformativotam.com\/index.php\/wp-json\/wp\/v2\/media\/51105"}],"wp:attachment":[{"href":"https:\/\/elinformativotam.com\/index.php\/wp-json\/wp\/v2\/media?parent=51104"}],"wp:term":[{"taxonomy":"category","embeddable":true,"href":"https:\/\/elinformativotam.com\/index.php\/wp-json\/wp\/v2\/categories?post=51104"},{"taxonomy":"post_tag","embeddable":true,"href":"https:\/\/elinformativotam.com\/index.php\/wp-json\/wp\/v2\/tags?post=51104"}],"curies":[{"name":"wp","href":"https:\/\/api.w.org\/{rel}","templated":true}]}}