{"id":51094,"date":"2024-06-10T20:23:17","date_gmt":"2024-06-11T02:23:17","guid":{"rendered":"https:\/\/elinformativotam.com\/?p=51094"},"modified":"2024-06-10T20:23:17","modified_gmt":"2024-06-11T02:23:17","slug":"adrian-oseguera-no-impugnara-eleccion","status":"publish","type":"post","link":"https:\/\/elinformativotam.com\/index.php\/2024\/06\/10\/adrian-oseguera-no-impugnara-eleccion\/","title":{"rendered":"ADRI\u00c1N OSEGUERA NO IMPUGNAR\u00c1 ELECCI\u00d3N."},"content":{"rendered":"<p>Cd. Madero, Tamaulipas.- Al regresar a su cargo como presidente municipal de Ciudad Madero y realizar dos inauguraciones de calles en distintas colonias, Adri\u00e1n Oseguera Kernion asegur\u00f3 que no impugnar\u00e1 el pasado proceso de elecci\u00f3n en el cual particip\u00f3 y busc\u00f3 la diputaci\u00f3n federal.<\/p>\n<p>&nbsp;<\/p>\n<p>Destac\u00f3 que a pesar de las adversidades que enfrent\u00f3, se tuvo una muy buena votaci\u00f3n y buen resultado, ya que perdi\u00f3 la elecci\u00f3n por escasos 2 mil votos de diferencia.<\/p>\n<p>&nbsp;<\/p>\n<p>Mencion\u00f3 que al estar registrado tambi\u00e9n como aspirante a legislador por la v\u00eda plurinominal, ser\u00e1 de esta forma que llegue al congreso de la uni\u00f3n, para estar trabajando y gestionando a favor de los tamaulipecos y maderenses.<\/p>\n<p>&nbsp;<\/p>\n<p>Resalt\u00f3 que el proceso fue ganado por un amigo suyo como lo es Jes\u00fas Nader, actual alcalde de Tampico, con quien podr\u00e1 trabajar de forma coordinada a favor de ambos municipios.<\/p>\n<p>&nbsp;<\/p>\n<p>A\u00f1adi\u00f3 que a finales de mes es probable que solicite licencia de nuevo cuenta al cargo de alcalde para acudir a M\u00e9xico e iniciar acercamiento y gestiones para lograr m\u00e1s recursos y beneficios para el sur del estado y consolidar esto una vez que llegue a la c\u00e1mara de diputados.<\/p>\n<p>&nbsp;<\/p>\n<p>&nbsp;<\/p>\n","protected":false},"excerpt":{"rendered":"<p>Cd. Madero, Tamaulipas.- Al regresar a su cargo como presidente municipal de Ciudad Madero y realizar dos inauguraciones de calles&hellip;<\/p>\n","protected":false},"author":1,"featured_media":51095,"comment_status":"open","ping_status":"open","sticky":false,"template":"","format":"standard","meta":{"footnotes":""},"categories":[4],"tags":[],"class_list":["post-51094","post","type-post","status-publish","format-standard","has-post-thumbnail","hentry","category-madero"],"yoast_head":"<!-- This site is optimized with the Yoast SEO plugin v27.4 - https:\/\/yoast.com\/product\/yoast-seo-wordpress\/ -->\n<title>ADRI\u00c1N OSEGUERA NO IMPUGNAR\u00c1 ELECCI\u00d3N. - EL INFORMATIVO DE TAMAULIPAS<\/title>\n<meta name=\"description\" content=\"Cd. Madero, Tamaulipas.- Al regresar a su cargo como presidente municipal de Ciudad Madero y realizar dos inauguraciones de calles en distintas colonias,\" \/>\n<meta name=\"robots\" content=\"index, follow, max-snippet:-1, max-image-preview:large, max-video-preview:-1\" \/>\n<link rel=\"canonical\" href=\"https:\/\/elinformativotam.com\/index.php\/2024\/06\/10\/adrian-oseguera-no-impugnara-eleccion\/\" \/>\n<meta property=\"og:locale\" content=\"es_MX\" \/>\n<meta property=\"og:type\" content=\"article\" \/>\n<meta property=\"og:title\" content=\"ADRI\u00c1N OSEGUERA NO IMPUGNAR\u00c1 ELECCI\u00d3N. - EL INFORMATIVO DE TAMAULIPAS\" \/>\n<meta property=\"og:description\" content=\"Cd. Madero, Tamaulipas.- Al regresar a su cargo como presidente municipal de Ciudad Madero y realizar dos inauguraciones de calles en distintas colonias,\" \/>\n<meta property=\"og:url\" content=\"https:\/\/elinformativotam.com\/index.php\/2024\/06\/10\/adrian-oseguera-no-impugnara-eleccion\/\" \/>\n<meta property=\"og:site_name\" content=\"EL INFORMATIVO DE TAMAULIPAS\" \/>\n<meta property=\"article:published_time\" content=\"2024-06-11T02:23:17+00:00\" \/>\n<meta property=\"og:image\" content=\"https:\/\/elinformativotam.com\/wp-content\/uploads\/2024\/06\/AOK.jpeg\" \/>\n\t<meta property=\"og:image:width\" content=\"1216\" \/>\n\t<meta property=\"og:image:height\" content=\"720\" \/>\n\t<meta property=\"og:image:type\" content=\"image\/jpeg\" \/>\n<meta name=\"author\" content=\"El Informativo Tam\" \/>\n<meta name=\"twitter:card\" content=\"summary_large_image\" \/>\n<meta name=\"twitter:label1\" content=\"Escrito por\" \/>\n\t<meta name=\"twitter:data1\" content=\"El Informativo Tam\" \/>\n\t<meta name=\"twitter:label2\" content=\"Tiempo de lectura\" \/>\n\t<meta name=\"twitter:data2\" content=\"2 minutos\" \/>\n<script type=\"application\/ld+json\" class=\"yoast-schema-graph\">{\"@context\":\"https:\\\/\\\/schema.org\",\"@graph\":[{\"@type\":\"Article\",\"@id\":\"https:\\\/\\\/elinformativotam.com\\\/index.php\\\/2024\\\/06\\\/10\\\/adrian-oseguera-no-impugnara-eleccion\\\/#article\",\"isPartOf\":{\"@id\":\"https:\\\/\\\/elinformativotam.com\\\/index.php\\\/2024\\\/06\\\/10\\\/adrian-oseguera-no-impugnara-eleccion\\\/\"},\"author\":{\"name\":\"El Informativo Tam\",\"@id\":\"https:\\\/\\\/elinformativotam.com\\\/#\\\/schema\\\/person\\\/78e08040eed0f6110f0c5f83b6153590\"},\"headline\":\"ADRI\u00c1N OSEGUERA NO IMPUGNAR\u00c1 ELECCI\u00d3N.\",\"datePublished\":\"2024-06-11T02:23:17+00:00\",\"mainEntityOfPage\":{\"@id\":\"https:\\\/\\\/elinformativotam.com\\\/index.php\\\/2024\\\/06\\\/10\\\/adrian-oseguera-no-impugnara-eleccion\\\/\"},\"wordCount\":218,\"commentCount\":0,\"publisher\":{\"@id\":\"https:\\\/\\\/elinformativotam.com\\\/#organization\"},\"image\":{\"@id\":\"https:\\\/\\\/elinformativotam.com\\\/index.php\\\/2024\\\/06\\\/10\\\/adrian-oseguera-no-impugnara-eleccion\\\/#primaryimage\"},\"thumbnailUrl\":\"https:\\\/\\\/elinformativotam.com\\\/wp-content\\\/uploads\\\/2024\\\/06\\\/AOK.jpeg\",\"articleSection\":[\"Cd Madero\"],\"inLanguage\":\"es\",\"potentialAction\":[{\"@type\":\"CommentAction\",\"name\":\"Comment\",\"target\":[\"https:\\\/\\\/elinformativotam.com\\\/index.php\\\/2024\\\/06\\\/10\\\/adrian-oseguera-no-impugnara-eleccion\\\/#respond\"]}]},{\"@type\":\"WebPage\",\"@id\":\"https:\\\/\\\/elinformativotam.com\\\/index.php\\\/2024\\\/06\\\/10\\\/adrian-oseguera-no-impugnara-eleccion\\\/\",\"url\":\"https:\\\/\\\/elinformativotam.com\\\/index.php\\\/2024\\\/06\\\/10\\\/adrian-oseguera-no-impugnara-eleccion\\\/\",\"name\":\"ADRI\u00c1N OSEGUERA NO IMPUGNAR\u00c1 ELECCI\u00d3N. - EL INFORMATIVO DE TAMAULIPAS\",\"isPartOf\":{\"@id\":\"https:\\\/\\\/elinformativotam.com\\\/#website\"},\"primaryImageOfPage\":{\"@id\":\"https:\\\/\\\/elinformativotam.com\\\/index.php\\\/2024\\\/06\\\/10\\\/adrian-oseguera-no-impugnara-eleccion\\\/#primaryimage\"},\"image\":{\"@id\":\"https:\\\/\\\/elinformativotam.com\\\/index.php\\\/2024\\\/06\\\/10\\\/adrian-oseguera-no-impugnara-eleccion\\\/#primaryimage\"},\"thumbnailUrl\":\"https:\\\/\\\/elinformativotam.com\\\/wp-content\\\/uploads\\\/2024\\\/06\\\/AOK.jpeg\",\"datePublished\":\"2024-06-11T02:23:17+00:00\",\"description\":\"Cd. Madero, Tamaulipas.- Al regresar a su cargo como presidente municipal de Ciudad Madero y realizar dos inauguraciones de calles en distintas colonias,\",\"inLanguage\":\"es\",\"potentialAction\":[{\"@type\":\"ReadAction\",\"target\":[\"https:\\\/\\\/elinformativotam.com\\\/index.php\\\/2024\\\/06\\\/10\\\/adrian-oseguera-no-impugnara-eleccion\\\/\"]}]},{\"@type\":\"ImageObject\",\"inLanguage\":\"es\",\"@id\":\"https:\\\/\\\/elinformativotam.com\\\/index.php\\\/2024\\\/06\\\/10\\\/adrian-oseguera-no-impugnara-eleccion\\\/#primaryimage\",\"url\":\"https:\\\/\\\/elinformativotam.com\\\/wp-content\\\/uploads\\\/2024\\\/06\\\/AOK.jpeg\",\"contentUrl\":\"https:\\\/\\\/elinformativotam.com\\\/wp-content\\\/uploads\\\/2024\\\/06\\\/AOK.jpeg\",\"width\":1216,\"height\":720},{\"@type\":\"WebSite\",\"@id\":\"https:\\\/\\\/elinformativotam.com\\\/#website\",\"url\":\"https:\\\/\\\/elinformativotam.com\\\/\",\"name\":\"EL INFORMATIVO DE TAMAULIPAS\",\"description\":\"Desde la Zona Metropolitana Para Todo M\u00e9xico\",\"publisher\":{\"@id\":\"https:\\\/\\\/elinformativotam.com\\\/#organization\"},\"potentialAction\":[{\"@type\":\"SearchAction\",\"target\":{\"@type\":\"EntryPoint\",\"urlTemplate\":\"https:\\\/\\\/elinformativotam.com\\\/?s={search_term_string}\"},\"query-input\":{\"@type\":\"PropertyValueSpecification\",\"valueRequired\":true,\"valueName\":\"search_term_string\"}}],\"inLanguage\":\"es\"},{\"@type\":\"Organization\",\"@id\":\"https:\\\/\\\/elinformativotam.com\\\/#organization\",\"name\":\"EL INFORMATIVO DE TAMAULIPAS\",\"url\":\"https:\\\/\\\/elinformativotam.com\\\/\",\"logo\":{\"@type\":\"ImageObject\",\"inLanguage\":\"es\",\"@id\":\"https:\\\/\\\/elinformativotam.com\\\/#\\\/schema\\\/logo\\\/image\\\/\",\"url\":\"https:\\\/\\\/elinformativotam.com\\\/wp-content\\\/uploads\\\/2026\\\/02\\\/Cabezal.png\",\"contentUrl\":\"https:\\\/\\\/elinformativotam.com\\\/wp-content\\\/uploads\\\/2026\\\/02\\\/Cabezal.png\",\"width\":960,\"height\":640,\"caption\":\"EL INFORMATIVO DE TAMAULIPAS\"},\"image\":{\"@id\":\"https:\\\/\\\/elinformativotam.com\\\/#\\\/schema\\\/logo\\\/image\\\/\"}},{\"@type\":\"Person\",\"@id\":\"https:\\\/\\\/elinformativotam.com\\\/#\\\/schema\\\/person\\\/78e08040eed0f6110f0c5f83b6153590\",\"name\":\"El Informativo Tam\",\"image\":{\"@type\":\"ImageObject\",\"inLanguage\":\"es\",\"@id\":\"https:\\\/\\\/secure.gravatar.com\\\/avatar\\\/f3b7ad3af540688955925ac610647be00b0cf41feea9c4978b73a707ee86bc53?s=96&d=mm&r=g\",\"url\":\"https:\\\/\\\/secure.gravatar.com\\\/avatar\\\/f3b7ad3af540688955925ac610647be00b0cf41feea9c4978b73a707ee86bc53?s=96&d=mm&r=g\",\"contentUrl\":\"https:\\\/\\\/secure.gravatar.com\\\/avatar\\\/f3b7ad3af540688955925ac610647be00b0cf41feea9c4978b73a707ee86bc53?s=96&d=mm&r=g\",\"caption\":\"El Informativo Tam\"}}]}<\/script>\n<!-- \/ Yoast SEO plugin. -->","yoast_head_json":{"title":"ADRI\u00c1N OSEGUERA NO IMPUGNAR\u00c1 ELECCI\u00d3N. - EL INFORMATIVO DE TAMAULIPAS","description":"Cd. Madero, Tamaulipas.- Al regresar a su cargo como presidente municipal de Ciudad Madero y realizar dos inauguraciones de calles en distintas colonias,","robots":{"index":"index","follow":"follow","max-snippet":"max-snippet:-1","max-image-preview":"max-image-preview:large","max-video-preview":"max-video-preview:-1"},"canonical":"https:\/\/elinformativotam.com\/index.php\/2024\/06\/10\/adrian-oseguera-no-impugnara-eleccion\/","og_locale":"es_MX","og_type":"article","og_title":"ADRI\u00c1N OSEGUERA NO IMPUGNAR\u00c1 ELECCI\u00d3N. - EL INFORMATIVO DE TAMAULIPAS","og_description":"Cd. Madero, Tamaulipas.- Al regresar a su cargo como presidente municipal de Ciudad Madero y realizar dos inauguraciones de calles en distintas colonias,","og_url":"https:\/\/elinformativotam.com\/index.php\/2024\/06\/10\/adrian-oseguera-no-impugnara-eleccion\/","og_site_name":"EL INFORMATIVO DE TAMAULIPAS","article_published_time":"2024-06-11T02:23:17+00:00","og_image":[{"width":1216,"height":720,"url":"https:\/\/elinformativotam.com\/wp-content\/uploads\/2024\/06\/AOK.jpeg","type":"image\/jpeg"}],"author":"El Informativo Tam","twitter_card":"summary_large_image","twitter_misc":{"Escrito por":"El Informativo Tam","Tiempo de lectura":"2 minutos"},"schema":{"@context":"https:\/\/schema.org","@graph":[{"@type":"Article","@id":"https:\/\/elinformativotam.com\/index.php\/2024\/06\/10\/adrian-oseguera-no-impugnara-eleccion\/#article","isPartOf":{"@id":"https:\/\/elinformativotam.com\/index.php\/2024\/06\/10\/adrian-oseguera-no-impugnara-eleccion\/"},"author":{"name":"El Informativo Tam","@id":"https:\/\/elinformativotam.com\/#\/schema\/person\/78e08040eed0f6110f0c5f83b6153590"},"headline":"ADRI\u00c1N OSEGUERA NO IMPUGNAR\u00c1 ELECCI\u00d3N.","datePublished":"2024-06-11T02:23:17+00:00","mainEntityOfPage":{"@id":"https:\/\/elinformativotam.com\/index.php\/2024\/06\/10\/adrian-oseguera-no-impugnara-eleccion\/"},"wordCount":218,"commentCount":0,"publisher":{"@id":"https:\/\/elinformativotam.com\/#organization"},"image":{"@id":"https:\/\/elinformativotam.com\/index.php\/2024\/06\/10\/adrian-oseguera-no-impugnara-eleccion\/#primaryimage"},"thumbnailUrl":"https:\/\/elinformativotam.com\/wp-content\/uploads\/2024\/06\/AOK.jpeg","articleSection":["Cd Madero"],"inLanguage":"es","potentialAction":[{"@type":"CommentAction","name":"Comment","target":["https:\/\/elinformativotam.com\/index.php\/2024\/06\/10\/adrian-oseguera-no-impugnara-eleccion\/#respond"]}]},{"@type":"WebPage","@id":"https:\/\/elinformativotam.com\/index.php\/2024\/06\/10\/adrian-oseguera-no-impugnara-eleccion\/","url":"https:\/\/elinformativotam.com\/index.php\/2024\/06\/10\/adrian-oseguera-no-impugnara-eleccion\/","name":"ADRI\u00c1N OSEGUERA NO IMPUGNAR\u00c1 ELECCI\u00d3N. - EL INFORMATIVO DE TAMAULIPAS","isPartOf":{"@id":"https:\/\/elinformativotam.com\/#website"},"primaryImageOfPage":{"@id":"https:\/\/elinformativotam.com\/index.php\/2024\/06\/10\/adrian-oseguera-no-impugnara-eleccion\/#primaryimage"},"image":{"@id":"https:\/\/elinformativotam.com\/index.php\/2024\/06\/10\/adrian-oseguera-no-impugnara-eleccion\/#primaryimage"},"thumbnailUrl":"https:\/\/elinformativotam.com\/wp-content\/uploads\/2024\/06\/AOK.jpeg","datePublished":"2024-06-11T02:23:17+00:00","description":"Cd. Madero, Tamaulipas.- Al regresar a su cargo como presidente municipal de Ciudad Madero y realizar dos inauguraciones de calles en distintas colonias,","inLanguage":"es","potentialAction":[{"@type":"ReadAction","target":["https:\/\/elinformativotam.com\/index.php\/2024\/06\/10\/adrian-oseguera-no-impugnara-eleccion\/"]}]},{"@type":"ImageObject","inLanguage":"es","@id":"https:\/\/elinformativotam.com\/index.php\/2024\/06\/10\/adrian-oseguera-no-impugnara-eleccion\/#primaryimage","url":"https:\/\/elinformativotam.com\/wp-content\/uploads\/2024\/06\/AOK.jpeg","contentUrl":"https:\/\/elinformativotam.com\/wp-content\/uploads\/2024\/06\/AOK.jpeg","width":1216,"height":720},{"@type":"WebSite","@id":"https:\/\/elinformativotam.com\/#website","url":"https:\/\/elinformativotam.com\/","name":"EL INFORMATIVO DE TAMAULIPAS","description":"Desde la Zona Metropolitana Para Todo M\u00e9xico","publisher":{"@id":"https:\/\/elinformativotam.com\/#organization"},"potentialAction":[{"@type":"SearchAction","target":{"@type":"EntryPoint","urlTemplate":"https:\/\/elinformativotam.com\/?s={search_term_string}"},"query-input":{"@type":"PropertyValueSpecification","valueRequired":true,"valueName":"search_term_string"}}],"inLanguage":"es"},{"@type":"Organization","@id":"https:\/\/elinformativotam.com\/#organization","name":"EL INFORMATIVO DE TAMAULIPAS","url":"https:\/\/elinformativotam.com\/","logo":{"@type":"ImageObject","inLanguage":"es","@id":"https:\/\/elinformativotam.com\/#\/schema\/logo\/image\/","url":"https:\/\/elinformativotam.com\/wp-content\/uploads\/2026\/02\/Cabezal.png","contentUrl":"https:\/\/elinformativotam.com\/wp-content\/uploads\/2026\/02\/Cabezal.png","width":960,"height":640,"caption":"EL INFORMATIVO DE TAMAULIPAS"},"image":{"@id":"https:\/\/elinformativotam.com\/#\/schema\/logo\/image\/"}},{"@type":"Person","@id":"https:\/\/elinformativotam.com\/#\/schema\/person\/78e08040eed0f6110f0c5f83b6153590","name":"El Informativo Tam","image":{"@type":"ImageObject","inLanguage":"es","@id":"https:\/\/secure.gravatar.com\/avatar\/f3b7ad3af540688955925ac610647be00b0cf41feea9c4978b73a707ee86bc53?s=96&d=mm&r=g","url":"https:\/\/secure.gravatar.com\/avatar\/f3b7ad3af540688955925ac610647be00b0cf41feea9c4978b73a707ee86bc53?s=96&d=mm&r=g","contentUrl":"https:\/\/secure.gravatar.com\/avatar\/f3b7ad3af540688955925ac610647be00b0cf41feea9c4978b73a707ee86bc53?s=96&d=mm&r=g","caption":"El Informativo Tam"}}]}},"_links":{"self":[{"href":"https:\/\/elinformativotam.com\/index.php\/wp-json\/wp\/v2\/posts\/51094","targetHints":{"allow":["GET"]}}],"collection":[{"href":"https:\/\/elinformativotam.com\/index.php\/wp-json\/wp\/v2\/posts"}],"about":[{"href":"https:\/\/elinformativotam.com\/index.php\/wp-json\/wp\/v2\/types\/post"}],"author":[{"embeddable":true,"href":"https:\/\/elinformativotam.com\/index.php\/wp-json\/wp\/v2\/users\/1"}],"replies":[{"embeddable":true,"href":"https:\/\/elinformativotam.com\/index.php\/wp-json\/wp\/v2\/comments?post=51094"}],"version-history":[{"count":1,"href":"https:\/\/elinformativotam.com\/index.php\/wp-json\/wp\/v2\/posts\/51094\/revisions"}],"predecessor-version":[{"id":51096,"href":"https:\/\/elinformativotam.com\/index.php\/wp-json\/wp\/v2\/posts\/51094\/revisions\/51096"}],"wp:featuredmedia":[{"embeddable":true,"href":"https:\/\/elinformativotam.com\/index.php\/wp-json\/wp\/v2\/media\/51095"}],"wp:attachment":[{"href":"https:\/\/elinformativotam.com\/index.php\/wp-json\/wp\/v2\/media?parent=51094"}],"wp:term":[{"taxonomy":"category","embeddable":true,"href":"https:\/\/elinformativotam.com\/index.php\/wp-json\/wp\/v2\/categories?post=51094"},{"taxonomy":"post_tag","embeddable":true,"href":"https:\/\/elinformativotam.com\/index.php\/wp-json\/wp\/v2\/tags?post=51094"}],"curies":[{"name":"wp","href":"https:\/\/api.w.org\/{rel}","templated":true}]}}