{"id":51084,"date":"2024-06-10T20:03:48","date_gmt":"2024-06-11T02:03:48","guid":{"rendered":"https:\/\/elinformativotam.com\/?p=51084"},"modified":"2024-06-10T20:03:48","modified_gmt":"2024-06-11T02:03:48","slug":"realizara-dif-madero-campana-de-cirugia-de-cataratas-a-bajo-costo","status":"publish","type":"post","link":"https:\/\/elinformativotam.com\/index.php\/2024\/06\/10\/realizara-dif-madero-campana-de-cirugia-de-cataratas-a-bajo-costo\/","title":{"rendered":"REALIZAR\u00c1 DIF MADERO CAMPA\u00d1A DE CIRUG\u00cdA DE CATARATAS A BAJO COSTO."},"content":{"rendered":"<p>Cd. Madero, Tamaulipas.- El Sistema para el Desarrollo Integral de la Familia en Madero, llevar\u00e1 a cabo en coordinaci\u00f3n con la Fundaci\u00f3n Visi\u00f3n contra la Ceguera, una campa\u00f1a de cirug\u00edas de cataratas para personas de escasos recursos econ\u00f3micos.<\/p>\n<p>&nbsp;<\/p>\n<p>El director de la cl\u00ednica del voluntariado, Carlos Mireles Quir\u00f3z, se\u00f1al\u00f3 que la campa\u00f1a se desarrollar\u00e1 el 27 y 28 de junio, teniendo como objetivo llevar la atenci\u00f3n a la poblaci\u00f3n, brindando los apoyos correspondientes a quienes m\u00e1s lo necesitan.<\/p>\n<p>&nbsp;<\/p>\n<p>Destac\u00f3 que son cirug\u00edas a bajo costo que les permitir\u00e1 a los beneficiarios alcanzar una plenitud en su visi\u00f3n, algo que les permitir\u00e1 tener una mejor calidad de vida.<\/p>\n<p>&nbsp;<\/p>\n<p>Expusieron que el costo de la cirug\u00eda ser\u00e1 de 9 mil pesos, los cuales incluyen los gastos generados, as\u00ed como el lente intraocular que se les coloca.<\/p>\n<p>&nbsp;<\/p>\n<p>Mencion\u00f3 la informaci\u00f3n se puede brindar en las instalaciones del DIF Madero y ser beneficiarios de la campa\u00f1a, en la cual se buscar\u00e1 apoyar a una cantidad importante de personas.<\/p>\n<p>&nbsp;<\/p>\n<p>Expuso finalmente que se pretende atender a m\u00e1s de 42 pacientes durante esta campa\u00f1a.<\/p>\n","protected":false},"excerpt":{"rendered":"<p>Cd. Madero, Tamaulipas.- El Sistema para el Desarrollo Integral de la Familia en Madero, llevar\u00e1 a cabo en coordinaci\u00f3n con&hellip;<\/p>\n","protected":false},"author":1,"featured_media":51085,"comment_status":"open","ping_status":"open","sticky":false,"template":"","format":"standard","meta":{"footnotes":""},"categories":[4],"tags":[],"class_list":["post-51084","post","type-post","status-publish","format-standard","has-post-thumbnail","hentry","category-madero"],"yoast_head":"<!-- This site is optimized with the Yoast SEO plugin v27.4 - https:\/\/yoast.com\/product\/yoast-seo-wordpress\/ -->\n<title>REALIZAR\u00c1 DIF MADERO CAMPA\u00d1A DE CIRUG\u00cdA DE CATARATAS A BAJO COSTO. - EL INFORMATIVO DE TAMAULIPAS<\/title>\n<meta name=\"description\" content=\"Cd. Madero, Tamaulipas.- El Sistema para el Desarrollo Integral de la Familia en Madero, llevar\u00e1 a cabo en coordinaci\u00f3n con la Fundaci\u00f3n Visi\u00f3n contra la\" \/>\n<meta name=\"robots\" content=\"index, follow, max-snippet:-1, max-image-preview:large, max-video-preview:-1\" \/>\n<link rel=\"canonical\" href=\"https:\/\/elinformativotam.com\/index.php\/2024\/06\/10\/realizara-dif-madero-campana-de-cirugia-de-cataratas-a-bajo-costo\/\" \/>\n<meta property=\"og:locale\" content=\"es_MX\" \/>\n<meta property=\"og:type\" content=\"article\" \/>\n<meta property=\"og:title\" content=\"REALIZAR\u00c1 DIF MADERO CAMPA\u00d1A DE CIRUG\u00cdA DE CATARATAS A BAJO COSTO. - EL INFORMATIVO DE TAMAULIPAS\" \/>\n<meta property=\"og:description\" content=\"Cd. Madero, Tamaulipas.- El Sistema para el Desarrollo Integral de la Familia en Madero, llevar\u00e1 a cabo en coordinaci\u00f3n con la Fundaci\u00f3n Visi\u00f3n contra la\" \/>\n<meta property=\"og:url\" content=\"https:\/\/elinformativotam.com\/index.php\/2024\/06\/10\/realizara-dif-madero-campana-de-cirugia-de-cataratas-a-bajo-costo\/\" \/>\n<meta property=\"og:site_name\" content=\"EL INFORMATIVO DE TAMAULIPAS\" \/>\n<meta property=\"article:published_time\" content=\"2024-06-11T02:03:48+00:00\" \/>\n<meta property=\"og:image\" content=\"https:\/\/elinformativotam.com\/wp-content\/uploads\/2024\/06\/DIF-Madero.jpeg\" \/>\n\t<meta property=\"og:image:width\" content=\"1260\" \/>\n\t<meta property=\"og:image:height\" content=\"720\" \/>\n\t<meta property=\"og:image:type\" content=\"image\/jpeg\" \/>\n<meta name=\"author\" content=\"El Informativo Tam\" \/>\n<meta name=\"twitter:card\" content=\"summary_large_image\" \/>\n<meta name=\"twitter:label1\" content=\"Escrito por\" \/>\n\t<meta name=\"twitter:data1\" content=\"El Informativo Tam\" \/>\n\t<meta name=\"twitter:label2\" content=\"Tiempo de lectura\" \/>\n\t<meta name=\"twitter:data2\" content=\"2 minutos\" \/>\n<script type=\"application\/ld+json\" class=\"yoast-schema-graph\">{\"@context\":\"https:\\\/\\\/schema.org\",\"@graph\":[{\"@type\":\"Article\",\"@id\":\"https:\\\/\\\/elinformativotam.com\\\/index.php\\\/2024\\\/06\\\/10\\\/realizara-dif-madero-campana-de-cirugia-de-cataratas-a-bajo-costo\\\/#article\",\"isPartOf\":{\"@id\":\"https:\\\/\\\/elinformativotam.com\\\/index.php\\\/2024\\\/06\\\/10\\\/realizara-dif-madero-campana-de-cirugia-de-cataratas-a-bajo-costo\\\/\"},\"author\":{\"name\":\"El Informativo Tam\",\"@id\":\"https:\\\/\\\/elinformativotam.com\\\/#\\\/schema\\\/person\\\/78e08040eed0f6110f0c5f83b6153590\"},\"headline\":\"REALIZAR\u00c1 DIF MADERO CAMPA\u00d1A DE CIRUG\u00cdA DE CATARATAS A BAJO COSTO.\",\"datePublished\":\"2024-06-11T02:03:48+00:00\",\"mainEntityOfPage\":{\"@id\":\"https:\\\/\\\/elinformativotam.com\\\/index.php\\\/2024\\\/06\\\/10\\\/realizara-dif-madero-campana-de-cirugia-de-cataratas-a-bajo-costo\\\/\"},\"wordCount\":213,\"commentCount\":0,\"publisher\":{\"@id\":\"https:\\\/\\\/elinformativotam.com\\\/#organization\"},\"image\":{\"@id\":\"https:\\\/\\\/elinformativotam.com\\\/index.php\\\/2024\\\/06\\\/10\\\/realizara-dif-madero-campana-de-cirugia-de-cataratas-a-bajo-costo\\\/#primaryimage\"},\"thumbnailUrl\":\"https:\\\/\\\/elinformativotam.com\\\/wp-content\\\/uploads\\\/2024\\\/06\\\/DIF-Madero.jpeg\",\"articleSection\":[\"Cd Madero\"],\"inLanguage\":\"es\",\"potentialAction\":[{\"@type\":\"CommentAction\",\"name\":\"Comment\",\"target\":[\"https:\\\/\\\/elinformativotam.com\\\/index.php\\\/2024\\\/06\\\/10\\\/realizara-dif-madero-campana-de-cirugia-de-cataratas-a-bajo-costo\\\/#respond\"]}]},{\"@type\":\"WebPage\",\"@id\":\"https:\\\/\\\/elinformativotam.com\\\/index.php\\\/2024\\\/06\\\/10\\\/realizara-dif-madero-campana-de-cirugia-de-cataratas-a-bajo-costo\\\/\",\"url\":\"https:\\\/\\\/elinformativotam.com\\\/index.php\\\/2024\\\/06\\\/10\\\/realizara-dif-madero-campana-de-cirugia-de-cataratas-a-bajo-costo\\\/\",\"name\":\"REALIZAR\u00c1 DIF MADERO CAMPA\u00d1A DE CIRUG\u00cdA DE CATARATAS A BAJO COSTO. - EL INFORMATIVO DE TAMAULIPAS\",\"isPartOf\":{\"@id\":\"https:\\\/\\\/elinformativotam.com\\\/#website\"},\"primaryImageOfPage\":{\"@id\":\"https:\\\/\\\/elinformativotam.com\\\/index.php\\\/2024\\\/06\\\/10\\\/realizara-dif-madero-campana-de-cirugia-de-cataratas-a-bajo-costo\\\/#primaryimage\"},\"image\":{\"@id\":\"https:\\\/\\\/elinformativotam.com\\\/index.php\\\/2024\\\/06\\\/10\\\/realizara-dif-madero-campana-de-cirugia-de-cataratas-a-bajo-costo\\\/#primaryimage\"},\"thumbnailUrl\":\"https:\\\/\\\/elinformativotam.com\\\/wp-content\\\/uploads\\\/2024\\\/06\\\/DIF-Madero.jpeg\",\"datePublished\":\"2024-06-11T02:03:48+00:00\",\"description\":\"Cd. Madero, Tamaulipas.- El Sistema para el Desarrollo Integral de la Familia en Madero, llevar\u00e1 a cabo en coordinaci\u00f3n con la Fundaci\u00f3n Visi\u00f3n contra la\",\"inLanguage\":\"es\",\"potentialAction\":[{\"@type\":\"ReadAction\",\"target\":[\"https:\\\/\\\/elinformativotam.com\\\/index.php\\\/2024\\\/06\\\/10\\\/realizara-dif-madero-campana-de-cirugia-de-cataratas-a-bajo-costo\\\/\"]}]},{\"@type\":\"ImageObject\",\"inLanguage\":\"es\",\"@id\":\"https:\\\/\\\/elinformativotam.com\\\/index.php\\\/2024\\\/06\\\/10\\\/realizara-dif-madero-campana-de-cirugia-de-cataratas-a-bajo-costo\\\/#primaryimage\",\"url\":\"https:\\\/\\\/elinformativotam.com\\\/wp-content\\\/uploads\\\/2024\\\/06\\\/DIF-Madero.jpeg\",\"contentUrl\":\"https:\\\/\\\/elinformativotam.com\\\/wp-content\\\/uploads\\\/2024\\\/06\\\/DIF-Madero.jpeg\",\"width\":1260,\"height\":720},{\"@type\":\"WebSite\",\"@id\":\"https:\\\/\\\/elinformativotam.com\\\/#website\",\"url\":\"https:\\\/\\\/elinformativotam.com\\\/\",\"name\":\"EL INFORMATIVO DE TAMAULIPAS\",\"description\":\"Desde la Zona Metropolitana Para Todo M\u00e9xico\",\"publisher\":{\"@id\":\"https:\\\/\\\/elinformativotam.com\\\/#organization\"},\"potentialAction\":[{\"@type\":\"SearchAction\",\"target\":{\"@type\":\"EntryPoint\",\"urlTemplate\":\"https:\\\/\\\/elinformativotam.com\\\/?s={search_term_string}\"},\"query-input\":{\"@type\":\"PropertyValueSpecification\",\"valueRequired\":true,\"valueName\":\"search_term_string\"}}],\"inLanguage\":\"es\"},{\"@type\":\"Organization\",\"@id\":\"https:\\\/\\\/elinformativotam.com\\\/#organization\",\"name\":\"EL INFORMATIVO DE TAMAULIPAS\",\"url\":\"https:\\\/\\\/elinformativotam.com\\\/\",\"logo\":{\"@type\":\"ImageObject\",\"inLanguage\":\"es\",\"@id\":\"https:\\\/\\\/elinformativotam.com\\\/#\\\/schema\\\/logo\\\/image\\\/\",\"url\":\"https:\\\/\\\/elinformativotam.com\\\/wp-content\\\/uploads\\\/2026\\\/02\\\/Cabezal.png\",\"contentUrl\":\"https:\\\/\\\/elinformativotam.com\\\/wp-content\\\/uploads\\\/2026\\\/02\\\/Cabezal.png\",\"width\":960,\"height\":640,\"caption\":\"EL INFORMATIVO DE TAMAULIPAS\"},\"image\":{\"@id\":\"https:\\\/\\\/elinformativotam.com\\\/#\\\/schema\\\/logo\\\/image\\\/\"}},{\"@type\":\"Person\",\"@id\":\"https:\\\/\\\/elinformativotam.com\\\/#\\\/schema\\\/person\\\/78e08040eed0f6110f0c5f83b6153590\",\"name\":\"El Informativo Tam\",\"image\":{\"@type\":\"ImageObject\",\"inLanguage\":\"es\",\"@id\":\"https:\\\/\\\/secure.gravatar.com\\\/avatar\\\/f3b7ad3af540688955925ac610647be00b0cf41feea9c4978b73a707ee86bc53?s=96&d=mm&r=g\",\"url\":\"https:\\\/\\\/secure.gravatar.com\\\/avatar\\\/f3b7ad3af540688955925ac610647be00b0cf41feea9c4978b73a707ee86bc53?s=96&d=mm&r=g\",\"contentUrl\":\"https:\\\/\\\/secure.gravatar.com\\\/avatar\\\/f3b7ad3af540688955925ac610647be00b0cf41feea9c4978b73a707ee86bc53?s=96&d=mm&r=g\",\"caption\":\"El Informativo Tam\"}}]}<\/script>\n<!-- \/ Yoast SEO plugin. -->","yoast_head_json":{"title":"REALIZAR\u00c1 DIF MADERO CAMPA\u00d1A DE CIRUG\u00cdA DE CATARATAS A BAJO COSTO. - EL INFORMATIVO DE TAMAULIPAS","description":"Cd. Madero, Tamaulipas.- El Sistema para el Desarrollo Integral de la Familia en Madero, llevar\u00e1 a cabo en coordinaci\u00f3n con la Fundaci\u00f3n Visi\u00f3n contra la","robots":{"index":"index","follow":"follow","max-snippet":"max-snippet:-1","max-image-preview":"max-image-preview:large","max-video-preview":"max-video-preview:-1"},"canonical":"https:\/\/elinformativotam.com\/index.php\/2024\/06\/10\/realizara-dif-madero-campana-de-cirugia-de-cataratas-a-bajo-costo\/","og_locale":"es_MX","og_type":"article","og_title":"REALIZAR\u00c1 DIF MADERO CAMPA\u00d1A DE CIRUG\u00cdA DE CATARATAS A BAJO COSTO. - EL INFORMATIVO DE TAMAULIPAS","og_description":"Cd. Madero, Tamaulipas.- El Sistema para el Desarrollo Integral de la Familia en Madero, llevar\u00e1 a cabo en coordinaci\u00f3n con la Fundaci\u00f3n Visi\u00f3n contra la","og_url":"https:\/\/elinformativotam.com\/index.php\/2024\/06\/10\/realizara-dif-madero-campana-de-cirugia-de-cataratas-a-bajo-costo\/","og_site_name":"EL INFORMATIVO DE TAMAULIPAS","article_published_time":"2024-06-11T02:03:48+00:00","og_image":[{"width":1260,"height":720,"url":"https:\/\/elinformativotam.com\/wp-content\/uploads\/2024\/06\/DIF-Madero.jpeg","type":"image\/jpeg"}],"author":"El Informativo Tam","twitter_card":"summary_large_image","twitter_misc":{"Escrito por":"El Informativo Tam","Tiempo de lectura":"2 minutos"},"schema":{"@context":"https:\/\/schema.org","@graph":[{"@type":"Article","@id":"https:\/\/elinformativotam.com\/index.php\/2024\/06\/10\/realizara-dif-madero-campana-de-cirugia-de-cataratas-a-bajo-costo\/#article","isPartOf":{"@id":"https:\/\/elinformativotam.com\/index.php\/2024\/06\/10\/realizara-dif-madero-campana-de-cirugia-de-cataratas-a-bajo-costo\/"},"author":{"name":"El Informativo Tam","@id":"https:\/\/elinformativotam.com\/#\/schema\/person\/78e08040eed0f6110f0c5f83b6153590"},"headline":"REALIZAR\u00c1 DIF MADERO CAMPA\u00d1A DE CIRUG\u00cdA DE CATARATAS A BAJO COSTO.","datePublished":"2024-06-11T02:03:48+00:00","mainEntityOfPage":{"@id":"https:\/\/elinformativotam.com\/index.php\/2024\/06\/10\/realizara-dif-madero-campana-de-cirugia-de-cataratas-a-bajo-costo\/"},"wordCount":213,"commentCount":0,"publisher":{"@id":"https:\/\/elinformativotam.com\/#organization"},"image":{"@id":"https:\/\/elinformativotam.com\/index.php\/2024\/06\/10\/realizara-dif-madero-campana-de-cirugia-de-cataratas-a-bajo-costo\/#primaryimage"},"thumbnailUrl":"https:\/\/elinformativotam.com\/wp-content\/uploads\/2024\/06\/DIF-Madero.jpeg","articleSection":["Cd Madero"],"inLanguage":"es","potentialAction":[{"@type":"CommentAction","name":"Comment","target":["https:\/\/elinformativotam.com\/index.php\/2024\/06\/10\/realizara-dif-madero-campana-de-cirugia-de-cataratas-a-bajo-costo\/#respond"]}]},{"@type":"WebPage","@id":"https:\/\/elinformativotam.com\/index.php\/2024\/06\/10\/realizara-dif-madero-campana-de-cirugia-de-cataratas-a-bajo-costo\/","url":"https:\/\/elinformativotam.com\/index.php\/2024\/06\/10\/realizara-dif-madero-campana-de-cirugia-de-cataratas-a-bajo-costo\/","name":"REALIZAR\u00c1 DIF MADERO CAMPA\u00d1A DE CIRUG\u00cdA DE CATARATAS A BAJO COSTO. - EL INFORMATIVO DE TAMAULIPAS","isPartOf":{"@id":"https:\/\/elinformativotam.com\/#website"},"primaryImageOfPage":{"@id":"https:\/\/elinformativotam.com\/index.php\/2024\/06\/10\/realizara-dif-madero-campana-de-cirugia-de-cataratas-a-bajo-costo\/#primaryimage"},"image":{"@id":"https:\/\/elinformativotam.com\/index.php\/2024\/06\/10\/realizara-dif-madero-campana-de-cirugia-de-cataratas-a-bajo-costo\/#primaryimage"},"thumbnailUrl":"https:\/\/elinformativotam.com\/wp-content\/uploads\/2024\/06\/DIF-Madero.jpeg","datePublished":"2024-06-11T02:03:48+00:00","description":"Cd. Madero, Tamaulipas.- El Sistema para el Desarrollo Integral de la Familia en Madero, llevar\u00e1 a cabo en coordinaci\u00f3n con la Fundaci\u00f3n Visi\u00f3n contra la","inLanguage":"es","potentialAction":[{"@type":"ReadAction","target":["https:\/\/elinformativotam.com\/index.php\/2024\/06\/10\/realizara-dif-madero-campana-de-cirugia-de-cataratas-a-bajo-costo\/"]}]},{"@type":"ImageObject","inLanguage":"es","@id":"https:\/\/elinformativotam.com\/index.php\/2024\/06\/10\/realizara-dif-madero-campana-de-cirugia-de-cataratas-a-bajo-costo\/#primaryimage","url":"https:\/\/elinformativotam.com\/wp-content\/uploads\/2024\/06\/DIF-Madero.jpeg","contentUrl":"https:\/\/elinformativotam.com\/wp-content\/uploads\/2024\/06\/DIF-Madero.jpeg","width":1260,"height":720},{"@type":"WebSite","@id":"https:\/\/elinformativotam.com\/#website","url":"https:\/\/elinformativotam.com\/","name":"EL INFORMATIVO DE TAMAULIPAS","description":"Desde la Zona Metropolitana Para Todo M\u00e9xico","publisher":{"@id":"https:\/\/elinformativotam.com\/#organization"},"potentialAction":[{"@type":"SearchAction","target":{"@type":"EntryPoint","urlTemplate":"https:\/\/elinformativotam.com\/?s={search_term_string}"},"query-input":{"@type":"PropertyValueSpecification","valueRequired":true,"valueName":"search_term_string"}}],"inLanguage":"es"},{"@type":"Organization","@id":"https:\/\/elinformativotam.com\/#organization","name":"EL INFORMATIVO DE TAMAULIPAS","url":"https:\/\/elinformativotam.com\/","logo":{"@type":"ImageObject","inLanguage":"es","@id":"https:\/\/elinformativotam.com\/#\/schema\/logo\/image\/","url":"https:\/\/elinformativotam.com\/wp-content\/uploads\/2026\/02\/Cabezal.png","contentUrl":"https:\/\/elinformativotam.com\/wp-content\/uploads\/2026\/02\/Cabezal.png","width":960,"height":640,"caption":"EL INFORMATIVO DE TAMAULIPAS"},"image":{"@id":"https:\/\/elinformativotam.com\/#\/schema\/logo\/image\/"}},{"@type":"Person","@id":"https:\/\/elinformativotam.com\/#\/schema\/person\/78e08040eed0f6110f0c5f83b6153590","name":"El Informativo Tam","image":{"@type":"ImageObject","inLanguage":"es","@id":"https:\/\/secure.gravatar.com\/avatar\/f3b7ad3af540688955925ac610647be00b0cf41feea9c4978b73a707ee86bc53?s=96&d=mm&r=g","url":"https:\/\/secure.gravatar.com\/avatar\/f3b7ad3af540688955925ac610647be00b0cf41feea9c4978b73a707ee86bc53?s=96&d=mm&r=g","contentUrl":"https:\/\/secure.gravatar.com\/avatar\/f3b7ad3af540688955925ac610647be00b0cf41feea9c4978b73a707ee86bc53?s=96&d=mm&r=g","caption":"El Informativo Tam"}}]}},"_links":{"self":[{"href":"https:\/\/elinformativotam.com\/index.php\/wp-json\/wp\/v2\/posts\/51084","targetHints":{"allow":["GET"]}}],"collection":[{"href":"https:\/\/elinformativotam.com\/index.php\/wp-json\/wp\/v2\/posts"}],"about":[{"href":"https:\/\/elinformativotam.com\/index.php\/wp-json\/wp\/v2\/types\/post"}],"author":[{"embeddable":true,"href":"https:\/\/elinformativotam.com\/index.php\/wp-json\/wp\/v2\/users\/1"}],"replies":[{"embeddable":true,"href":"https:\/\/elinformativotam.com\/index.php\/wp-json\/wp\/v2\/comments?post=51084"}],"version-history":[{"count":1,"href":"https:\/\/elinformativotam.com\/index.php\/wp-json\/wp\/v2\/posts\/51084\/revisions"}],"predecessor-version":[{"id":51086,"href":"https:\/\/elinformativotam.com\/index.php\/wp-json\/wp\/v2\/posts\/51084\/revisions\/51086"}],"wp:featuredmedia":[{"embeddable":true,"href":"https:\/\/elinformativotam.com\/index.php\/wp-json\/wp\/v2\/media\/51085"}],"wp:attachment":[{"href":"https:\/\/elinformativotam.com\/index.php\/wp-json\/wp\/v2\/media?parent=51084"}],"wp:term":[{"taxonomy":"category","embeddable":true,"href":"https:\/\/elinformativotam.com\/index.php\/wp-json\/wp\/v2\/categories?post=51084"},{"taxonomy":"post_tag","embeddable":true,"href":"https:\/\/elinformativotam.com\/index.php\/wp-json\/wp\/v2\/tags?post=51084"}],"curies":[{"name":"wp","href":"https:\/\/api.w.org\/{rel}","templated":true}]}}