{"id":51081,"date":"2024-06-10T20:00:56","date_gmt":"2024-06-11T02:00:56","guid":{"rendered":"https:\/\/elinformativotam.com\/?p=51081"},"modified":"2024-06-10T20:00:56","modified_gmt":"2024-06-11T02:00:56","slug":"falta-de-agua-potable-no-debe-recrudecer-en-proximas-vacaciones","status":"publish","type":"post","link":"https:\/\/elinformativotam.com\/index.php\/2024\/06\/10\/falta-de-agua-potable-no-debe-recrudecer-en-proximas-vacaciones\/","title":{"rendered":"FALTA DE AGUA POTABLE NO DEBE RECRUDECER EN PR\u00d3XIMAS VACACIONES"},"content":{"rendered":"<h2 style=\"text-align: center;\"><em><span style=\"font-family: 'times new roman', times;\">*El Periodo De Asueto En La Zona Est\u00e1 A La Vuelta De La Esquina, Y Las Lluvias No Llegan<\/span><\/em><\/h2>\n<p>&nbsp;<\/p>\n<p>&nbsp;<\/p>\n<p>La falta de lluvias en la zona sur que ha ocasionado una seca preocupante en el sistema lagunario, y a su vez problemas en el abasto del agua potable en los sectores productivos, no debe afectar la pr\u00f3xima temporada vacacional de verano ni en la ocupaci\u00f3n hotelera, se\u00f1al\u00f3 Alberto Ortega Ortega.<\/p>\n<p>&nbsp;<\/p>\n<p>El Presidente de la Asociaci\u00f3n Mexicana de Hoteles del Sur de Tamaulipas (AMHST) destac\u00f3 la importancia de que las precipitaciones pluviales lleguen en unos d\u00edas m\u00e1s, pues sin lugar a dudas dar\u00e1n un respiro a la enorme crisis que impera en el racionamiento del vital l\u00edquido.<\/p>\n<p>&nbsp;<\/p>\n<p>Mencion\u00f3 que a casi un mes de que el tema se agudiz\u00f3 los hoteles de la regi\u00f3n trabajan sin falta del agua, aunque tambi\u00e9n con el ahorro significativo que en estos momentos se requiere.<\/p>\n<p>&nbsp;<\/p>\n<p>Manifest\u00f3, que el problema local ya se conoce a nivel nacional, al grado que el vacacionista ya pregunta si en el hotel que hizo la reservaci\u00f3n cuenta con el servicio de agua potable.<\/p>\n<p>&nbsp;<\/p>\n<p>&#8220;Los visitantes ya est\u00e1n hablando para saber s\u00ed hay servicio de agua potable&#8221;, a\u00f1adi\u00f3<\/p>\n<p>&nbsp;<\/p>\n<p>Ortega, confi\u00f3 en que esta crisis concluya lo m\u00e1s pronto posible con las lluvias pronosticadas en unos d\u00edas m\u00e1s.<\/p>\n<p>&nbsp;<\/p>\n<p>&#8220;Nos hemos mantenido funcionando, en esta semana pasada comenz\u00f3 a regularizarse el tema del abasto, sin embargo conforme se acerca la temporada vacacional la preocupaci\u00f3n del sector hotelero aumenta&#8221;, dijo.<\/p>\n<p>&nbsp;<\/p>\n<p>Apunt\u00f3 que la zona sur auspiciar\u00e1 un importante evento de corte nacional, como el Congreso Mexicano del Petr\u00f3leo con el que se espera el arribo de miles de visitantes y congresistas de todo el pa\u00eds, pues para el sector hotelero ser\u00e1 la prueba de fuego que habr\u00e1n de atender, y que ser\u00e1 la antesala de la inminente llegada del periodo de asueto de verano.<\/p>\n","protected":false},"excerpt":{"rendered":"<p>*El Periodo De Asueto En La Zona Est\u00e1 A La Vuelta De La Esquina, Y Las Lluvias No Llegan &nbsp;&hellip;<\/p>\n","protected":false},"author":1,"featured_media":51082,"comment_status":"open","ping_status":"open","sticky":false,"template":"","format":"standard","meta":{"footnotes":""},"categories":[3],"tags":[],"class_list":["post-51081","post","type-post","status-publish","format-standard","has-post-thumbnail","hentry","category-tampico"],"yoast_head":"<!-- This site is optimized with the Yoast SEO plugin v27.4 - https:\/\/yoast.com\/product\/yoast-seo-wordpress\/ -->\n<title>FALTA DE AGUA POTABLE NO DEBE RECRUDECER EN PR\u00d3XIMAS VACACIONES - EL INFORMATIVO DE TAMAULIPAS<\/title>\n<meta name=\"description\" content=\"*El Periodo De Asueto En La Zona Est\u00e1 A La Vuelta De La Esquina, Y Las Lluvias No Llegan &nbsp; &nbsp; La falta de lluvias en la zona sur que ha\" \/>\n<meta name=\"robots\" content=\"index, follow, max-snippet:-1, max-image-preview:large, max-video-preview:-1\" \/>\n<link rel=\"canonical\" href=\"https:\/\/elinformativotam.com\/index.php\/2024\/06\/10\/falta-de-agua-potable-no-debe-recrudecer-en-proximas-vacaciones\/\" \/>\n<meta property=\"og:locale\" content=\"es_MX\" \/>\n<meta property=\"og:type\" content=\"article\" \/>\n<meta property=\"og:title\" content=\"FALTA DE AGUA POTABLE NO DEBE RECRUDECER EN PR\u00d3XIMAS VACACIONES - EL INFORMATIVO DE TAMAULIPAS\" \/>\n<meta property=\"og:description\" content=\"*El Periodo De Asueto En La Zona Est\u00e1 A La Vuelta De La Esquina, Y Las Lluvias No Llegan &nbsp; &nbsp; La falta de lluvias en la zona sur que ha\" \/>\n<meta property=\"og:url\" content=\"https:\/\/elinformativotam.com\/index.php\/2024\/06\/10\/falta-de-agua-potable-no-debe-recrudecer-en-proximas-vacaciones\/\" \/>\n<meta property=\"og:site_name\" content=\"EL INFORMATIVO DE TAMAULIPAS\" \/>\n<meta property=\"article:published_time\" content=\"2024-06-11T02:00:56+00:00\" \/>\n<meta property=\"og:image\" content=\"https:\/\/elinformativotam.com\/wp-content\/uploads\/2024\/06\/Don-Alberto-Ortega.jpeg\" \/>\n\t<meta property=\"og:image:width\" content=\"1600\" \/>\n\t<meta property=\"og:image:height\" content=\"1204\" \/>\n\t<meta property=\"og:image:type\" content=\"image\/jpeg\" \/>\n<meta name=\"author\" content=\"El Informativo Tam\" \/>\n<meta name=\"twitter:card\" content=\"summary_large_image\" \/>\n<meta name=\"twitter:label1\" content=\"Escrito por\" \/>\n\t<meta name=\"twitter:data1\" content=\"El Informativo Tam\" \/>\n\t<meta name=\"twitter:label2\" content=\"Tiempo de lectura\" \/>\n\t<meta name=\"twitter:data2\" content=\"2 minutos\" \/>\n<script type=\"application\/ld+json\" class=\"yoast-schema-graph\">{\"@context\":\"https:\\\/\\\/schema.org\",\"@graph\":[{\"@type\":\"Article\",\"@id\":\"https:\\\/\\\/elinformativotam.com\\\/index.php\\\/2024\\\/06\\\/10\\\/falta-de-agua-potable-no-debe-recrudecer-en-proximas-vacaciones\\\/#article\",\"isPartOf\":{\"@id\":\"https:\\\/\\\/elinformativotam.com\\\/index.php\\\/2024\\\/06\\\/10\\\/falta-de-agua-potable-no-debe-recrudecer-en-proximas-vacaciones\\\/\"},\"author\":{\"name\":\"El Informativo Tam\",\"@id\":\"https:\\\/\\\/elinformativotam.com\\\/#\\\/schema\\\/person\\\/78e08040eed0f6110f0c5f83b6153590\"},\"headline\":\"FALTA DE AGUA POTABLE NO DEBE RECRUDECER EN PR\u00d3XIMAS VACACIONES\",\"datePublished\":\"2024-06-11T02:00:56+00:00\",\"mainEntityOfPage\":{\"@id\":\"https:\\\/\\\/elinformativotam.com\\\/index.php\\\/2024\\\/06\\\/10\\\/falta-de-agua-potable-no-debe-recrudecer-en-proximas-vacaciones\\\/\"},\"wordCount\":350,\"commentCount\":0,\"publisher\":{\"@id\":\"https:\\\/\\\/elinformativotam.com\\\/#organization\"},\"image\":{\"@id\":\"https:\\\/\\\/elinformativotam.com\\\/index.php\\\/2024\\\/06\\\/10\\\/falta-de-agua-potable-no-debe-recrudecer-en-proximas-vacaciones\\\/#primaryimage\"},\"thumbnailUrl\":\"https:\\\/\\\/elinformativotam.com\\\/wp-content\\\/uploads\\\/2024\\\/06\\\/Don-Alberto-Ortega.jpeg\",\"articleSection\":[\"Tampico\"],\"inLanguage\":\"es\",\"potentialAction\":[{\"@type\":\"CommentAction\",\"name\":\"Comment\",\"target\":[\"https:\\\/\\\/elinformativotam.com\\\/index.php\\\/2024\\\/06\\\/10\\\/falta-de-agua-potable-no-debe-recrudecer-en-proximas-vacaciones\\\/#respond\"]}]},{\"@type\":\"WebPage\",\"@id\":\"https:\\\/\\\/elinformativotam.com\\\/index.php\\\/2024\\\/06\\\/10\\\/falta-de-agua-potable-no-debe-recrudecer-en-proximas-vacaciones\\\/\",\"url\":\"https:\\\/\\\/elinformativotam.com\\\/index.php\\\/2024\\\/06\\\/10\\\/falta-de-agua-potable-no-debe-recrudecer-en-proximas-vacaciones\\\/\",\"name\":\"FALTA DE AGUA POTABLE NO DEBE RECRUDECER EN PR\u00d3XIMAS VACACIONES - EL INFORMATIVO DE TAMAULIPAS\",\"isPartOf\":{\"@id\":\"https:\\\/\\\/elinformativotam.com\\\/#website\"},\"primaryImageOfPage\":{\"@id\":\"https:\\\/\\\/elinformativotam.com\\\/index.php\\\/2024\\\/06\\\/10\\\/falta-de-agua-potable-no-debe-recrudecer-en-proximas-vacaciones\\\/#primaryimage\"},\"image\":{\"@id\":\"https:\\\/\\\/elinformativotam.com\\\/index.php\\\/2024\\\/06\\\/10\\\/falta-de-agua-potable-no-debe-recrudecer-en-proximas-vacaciones\\\/#primaryimage\"},\"thumbnailUrl\":\"https:\\\/\\\/elinformativotam.com\\\/wp-content\\\/uploads\\\/2024\\\/06\\\/Don-Alberto-Ortega.jpeg\",\"datePublished\":\"2024-06-11T02:00:56+00:00\",\"description\":\"*El Periodo De Asueto En La Zona Est\u00e1 A La Vuelta De La Esquina, Y Las Lluvias No Llegan &nbsp; &nbsp; La falta de lluvias en la zona sur que ha\",\"inLanguage\":\"es\",\"potentialAction\":[{\"@type\":\"ReadAction\",\"target\":[\"https:\\\/\\\/elinformativotam.com\\\/index.php\\\/2024\\\/06\\\/10\\\/falta-de-agua-potable-no-debe-recrudecer-en-proximas-vacaciones\\\/\"]}]},{\"@type\":\"ImageObject\",\"inLanguage\":\"es\",\"@id\":\"https:\\\/\\\/elinformativotam.com\\\/index.php\\\/2024\\\/06\\\/10\\\/falta-de-agua-potable-no-debe-recrudecer-en-proximas-vacaciones\\\/#primaryimage\",\"url\":\"https:\\\/\\\/elinformativotam.com\\\/wp-content\\\/uploads\\\/2024\\\/06\\\/Don-Alberto-Ortega.jpeg\",\"contentUrl\":\"https:\\\/\\\/elinformativotam.com\\\/wp-content\\\/uploads\\\/2024\\\/06\\\/Don-Alberto-Ortega.jpeg\",\"width\":1600,\"height\":1204},{\"@type\":\"WebSite\",\"@id\":\"https:\\\/\\\/elinformativotam.com\\\/#website\",\"url\":\"https:\\\/\\\/elinformativotam.com\\\/\",\"name\":\"EL INFORMATIVO DE TAMAULIPAS\",\"description\":\"Desde la Zona Metropolitana Para Todo M\u00e9xico\",\"publisher\":{\"@id\":\"https:\\\/\\\/elinformativotam.com\\\/#organization\"},\"potentialAction\":[{\"@type\":\"SearchAction\",\"target\":{\"@type\":\"EntryPoint\",\"urlTemplate\":\"https:\\\/\\\/elinformativotam.com\\\/?s={search_term_string}\"},\"query-input\":{\"@type\":\"PropertyValueSpecification\",\"valueRequired\":true,\"valueName\":\"search_term_string\"}}],\"inLanguage\":\"es\"},{\"@type\":\"Organization\",\"@id\":\"https:\\\/\\\/elinformativotam.com\\\/#organization\",\"name\":\"EL INFORMATIVO DE TAMAULIPAS\",\"url\":\"https:\\\/\\\/elinformativotam.com\\\/\",\"logo\":{\"@type\":\"ImageObject\",\"inLanguage\":\"es\",\"@id\":\"https:\\\/\\\/elinformativotam.com\\\/#\\\/schema\\\/logo\\\/image\\\/\",\"url\":\"https:\\\/\\\/elinformativotam.com\\\/wp-content\\\/uploads\\\/2026\\\/02\\\/Cabezal.png\",\"contentUrl\":\"https:\\\/\\\/elinformativotam.com\\\/wp-content\\\/uploads\\\/2026\\\/02\\\/Cabezal.png\",\"width\":960,\"height\":640,\"caption\":\"EL INFORMATIVO DE TAMAULIPAS\"},\"image\":{\"@id\":\"https:\\\/\\\/elinformativotam.com\\\/#\\\/schema\\\/logo\\\/image\\\/\"}},{\"@type\":\"Person\",\"@id\":\"https:\\\/\\\/elinformativotam.com\\\/#\\\/schema\\\/person\\\/78e08040eed0f6110f0c5f83b6153590\",\"name\":\"El Informativo Tam\",\"image\":{\"@type\":\"ImageObject\",\"inLanguage\":\"es\",\"@id\":\"https:\\\/\\\/secure.gravatar.com\\\/avatar\\\/f3b7ad3af540688955925ac610647be00b0cf41feea9c4978b73a707ee86bc53?s=96&d=mm&r=g\",\"url\":\"https:\\\/\\\/secure.gravatar.com\\\/avatar\\\/f3b7ad3af540688955925ac610647be00b0cf41feea9c4978b73a707ee86bc53?s=96&d=mm&r=g\",\"contentUrl\":\"https:\\\/\\\/secure.gravatar.com\\\/avatar\\\/f3b7ad3af540688955925ac610647be00b0cf41feea9c4978b73a707ee86bc53?s=96&d=mm&r=g\",\"caption\":\"El Informativo Tam\"}}]}<\/script>\n<!-- \/ Yoast SEO plugin. -->","yoast_head_json":{"title":"FALTA DE AGUA POTABLE NO DEBE RECRUDECER EN PR\u00d3XIMAS VACACIONES - EL INFORMATIVO DE TAMAULIPAS","description":"*El Periodo De Asueto En La Zona Est\u00e1 A La Vuelta De La Esquina, Y Las Lluvias No Llegan &nbsp; &nbsp; La falta de lluvias en la zona sur que ha","robots":{"index":"index","follow":"follow","max-snippet":"max-snippet:-1","max-image-preview":"max-image-preview:large","max-video-preview":"max-video-preview:-1"},"canonical":"https:\/\/elinformativotam.com\/index.php\/2024\/06\/10\/falta-de-agua-potable-no-debe-recrudecer-en-proximas-vacaciones\/","og_locale":"es_MX","og_type":"article","og_title":"FALTA DE AGUA POTABLE NO DEBE RECRUDECER EN PR\u00d3XIMAS VACACIONES - EL INFORMATIVO DE TAMAULIPAS","og_description":"*El Periodo De Asueto En La Zona Est\u00e1 A La Vuelta De La Esquina, Y Las Lluvias No Llegan &nbsp; &nbsp; La falta de lluvias en la zona sur que ha","og_url":"https:\/\/elinformativotam.com\/index.php\/2024\/06\/10\/falta-de-agua-potable-no-debe-recrudecer-en-proximas-vacaciones\/","og_site_name":"EL INFORMATIVO DE TAMAULIPAS","article_published_time":"2024-06-11T02:00:56+00:00","og_image":[{"width":1600,"height":1204,"url":"https:\/\/elinformativotam.com\/wp-content\/uploads\/2024\/06\/Don-Alberto-Ortega.jpeg","type":"image\/jpeg"}],"author":"El Informativo Tam","twitter_card":"summary_large_image","twitter_misc":{"Escrito por":"El Informativo Tam","Tiempo de lectura":"2 minutos"},"schema":{"@context":"https:\/\/schema.org","@graph":[{"@type":"Article","@id":"https:\/\/elinformativotam.com\/index.php\/2024\/06\/10\/falta-de-agua-potable-no-debe-recrudecer-en-proximas-vacaciones\/#article","isPartOf":{"@id":"https:\/\/elinformativotam.com\/index.php\/2024\/06\/10\/falta-de-agua-potable-no-debe-recrudecer-en-proximas-vacaciones\/"},"author":{"name":"El Informativo Tam","@id":"https:\/\/elinformativotam.com\/#\/schema\/person\/78e08040eed0f6110f0c5f83b6153590"},"headline":"FALTA DE AGUA POTABLE NO DEBE RECRUDECER EN PR\u00d3XIMAS VACACIONES","datePublished":"2024-06-11T02:00:56+00:00","mainEntityOfPage":{"@id":"https:\/\/elinformativotam.com\/index.php\/2024\/06\/10\/falta-de-agua-potable-no-debe-recrudecer-en-proximas-vacaciones\/"},"wordCount":350,"commentCount":0,"publisher":{"@id":"https:\/\/elinformativotam.com\/#organization"},"image":{"@id":"https:\/\/elinformativotam.com\/index.php\/2024\/06\/10\/falta-de-agua-potable-no-debe-recrudecer-en-proximas-vacaciones\/#primaryimage"},"thumbnailUrl":"https:\/\/elinformativotam.com\/wp-content\/uploads\/2024\/06\/Don-Alberto-Ortega.jpeg","articleSection":["Tampico"],"inLanguage":"es","potentialAction":[{"@type":"CommentAction","name":"Comment","target":["https:\/\/elinformativotam.com\/index.php\/2024\/06\/10\/falta-de-agua-potable-no-debe-recrudecer-en-proximas-vacaciones\/#respond"]}]},{"@type":"WebPage","@id":"https:\/\/elinformativotam.com\/index.php\/2024\/06\/10\/falta-de-agua-potable-no-debe-recrudecer-en-proximas-vacaciones\/","url":"https:\/\/elinformativotam.com\/index.php\/2024\/06\/10\/falta-de-agua-potable-no-debe-recrudecer-en-proximas-vacaciones\/","name":"FALTA DE AGUA POTABLE NO DEBE RECRUDECER EN PR\u00d3XIMAS VACACIONES - EL INFORMATIVO DE TAMAULIPAS","isPartOf":{"@id":"https:\/\/elinformativotam.com\/#website"},"primaryImageOfPage":{"@id":"https:\/\/elinformativotam.com\/index.php\/2024\/06\/10\/falta-de-agua-potable-no-debe-recrudecer-en-proximas-vacaciones\/#primaryimage"},"image":{"@id":"https:\/\/elinformativotam.com\/index.php\/2024\/06\/10\/falta-de-agua-potable-no-debe-recrudecer-en-proximas-vacaciones\/#primaryimage"},"thumbnailUrl":"https:\/\/elinformativotam.com\/wp-content\/uploads\/2024\/06\/Don-Alberto-Ortega.jpeg","datePublished":"2024-06-11T02:00:56+00:00","description":"*El Periodo De Asueto En La Zona Est\u00e1 A La Vuelta De La Esquina, Y Las Lluvias No Llegan &nbsp; &nbsp; La falta de lluvias en la zona sur que ha","inLanguage":"es","potentialAction":[{"@type":"ReadAction","target":["https:\/\/elinformativotam.com\/index.php\/2024\/06\/10\/falta-de-agua-potable-no-debe-recrudecer-en-proximas-vacaciones\/"]}]},{"@type":"ImageObject","inLanguage":"es","@id":"https:\/\/elinformativotam.com\/index.php\/2024\/06\/10\/falta-de-agua-potable-no-debe-recrudecer-en-proximas-vacaciones\/#primaryimage","url":"https:\/\/elinformativotam.com\/wp-content\/uploads\/2024\/06\/Don-Alberto-Ortega.jpeg","contentUrl":"https:\/\/elinformativotam.com\/wp-content\/uploads\/2024\/06\/Don-Alberto-Ortega.jpeg","width":1600,"height":1204},{"@type":"WebSite","@id":"https:\/\/elinformativotam.com\/#website","url":"https:\/\/elinformativotam.com\/","name":"EL INFORMATIVO DE TAMAULIPAS","description":"Desde la Zona Metropolitana Para Todo M\u00e9xico","publisher":{"@id":"https:\/\/elinformativotam.com\/#organization"},"potentialAction":[{"@type":"SearchAction","target":{"@type":"EntryPoint","urlTemplate":"https:\/\/elinformativotam.com\/?s={search_term_string}"},"query-input":{"@type":"PropertyValueSpecification","valueRequired":true,"valueName":"search_term_string"}}],"inLanguage":"es"},{"@type":"Organization","@id":"https:\/\/elinformativotam.com\/#organization","name":"EL INFORMATIVO DE TAMAULIPAS","url":"https:\/\/elinformativotam.com\/","logo":{"@type":"ImageObject","inLanguage":"es","@id":"https:\/\/elinformativotam.com\/#\/schema\/logo\/image\/","url":"https:\/\/elinformativotam.com\/wp-content\/uploads\/2026\/02\/Cabezal.png","contentUrl":"https:\/\/elinformativotam.com\/wp-content\/uploads\/2026\/02\/Cabezal.png","width":960,"height":640,"caption":"EL INFORMATIVO DE TAMAULIPAS"},"image":{"@id":"https:\/\/elinformativotam.com\/#\/schema\/logo\/image\/"}},{"@type":"Person","@id":"https:\/\/elinformativotam.com\/#\/schema\/person\/78e08040eed0f6110f0c5f83b6153590","name":"El Informativo Tam","image":{"@type":"ImageObject","inLanguage":"es","@id":"https:\/\/secure.gravatar.com\/avatar\/f3b7ad3af540688955925ac610647be00b0cf41feea9c4978b73a707ee86bc53?s=96&d=mm&r=g","url":"https:\/\/secure.gravatar.com\/avatar\/f3b7ad3af540688955925ac610647be00b0cf41feea9c4978b73a707ee86bc53?s=96&d=mm&r=g","contentUrl":"https:\/\/secure.gravatar.com\/avatar\/f3b7ad3af540688955925ac610647be00b0cf41feea9c4978b73a707ee86bc53?s=96&d=mm&r=g","caption":"El Informativo Tam"}}]}},"_links":{"self":[{"href":"https:\/\/elinformativotam.com\/index.php\/wp-json\/wp\/v2\/posts\/51081","targetHints":{"allow":["GET"]}}],"collection":[{"href":"https:\/\/elinformativotam.com\/index.php\/wp-json\/wp\/v2\/posts"}],"about":[{"href":"https:\/\/elinformativotam.com\/index.php\/wp-json\/wp\/v2\/types\/post"}],"author":[{"embeddable":true,"href":"https:\/\/elinformativotam.com\/index.php\/wp-json\/wp\/v2\/users\/1"}],"replies":[{"embeddable":true,"href":"https:\/\/elinformativotam.com\/index.php\/wp-json\/wp\/v2\/comments?post=51081"}],"version-history":[{"count":1,"href":"https:\/\/elinformativotam.com\/index.php\/wp-json\/wp\/v2\/posts\/51081\/revisions"}],"predecessor-version":[{"id":51083,"href":"https:\/\/elinformativotam.com\/index.php\/wp-json\/wp\/v2\/posts\/51081\/revisions\/51083"}],"wp:featuredmedia":[{"embeddable":true,"href":"https:\/\/elinformativotam.com\/index.php\/wp-json\/wp\/v2\/media\/51082"}],"wp:attachment":[{"href":"https:\/\/elinformativotam.com\/index.php\/wp-json\/wp\/v2\/media?parent=51081"}],"wp:term":[{"taxonomy":"category","embeddable":true,"href":"https:\/\/elinformativotam.com\/index.php\/wp-json\/wp\/v2\/categories?post=51081"},{"taxonomy":"post_tag","embeddable":true,"href":"https:\/\/elinformativotam.com\/index.php\/wp-json\/wp\/v2\/tags?post=51081"}],"curies":[{"name":"wp","href":"https:\/\/api.w.org\/{rel}","templated":true}]}}