{"id":51026,"date":"2024-06-05T21:56:54","date_gmt":"2024-06-06T03:56:54","guid":{"rendered":"https:\/\/elinformativotam.com\/?p=51026"},"modified":"2024-06-05T21:56:54","modified_gmt":"2024-06-06T03:56:54","slug":"agradece-accion-nacional-de-madero-apoyo-a-sus-candidatos-durante-la-jornada-electoral","status":"publish","type":"post","link":"https:\/\/elinformativotam.com\/index.php\/2024\/06\/05\/agradece-accion-nacional-de-madero-apoyo-a-sus-candidatos-durante-la-jornada-electoral\/","title":{"rendered":"AGRADECE ACCI\u00d3N NACIONAL DE MADERO APOYO A SUS CANDIDATOS DURANTE LA JORNADA ELECTORAL."},"content":{"rendered":"<p>Cd. Madero, Tamaulipas.- Tras reconocer la victoria de la coalici\u00f3n Sigamos Haciendo Historia en Tamaulipas, en el proceso electoral desarrollado el pasado domingo, el presidente del PAN en Ciudad Madero, Francisco Casta\u00f1eda Cruz, agradeci\u00f3 a cada una de las personas que apoyaron el proyecto y a todos los candidatos de este partido, al igual que a la aspirante a la presidencia de la rep\u00fablica, X\u00f3chitl G\u00e1lvez.<\/p>\n<p>&nbsp;<\/p>\n<p>Indic\u00f3 que se encuentran al pendiente del conteo de votos que se va a realizar a partir de este d\u00eda.<\/p>\n<p>&nbsp;<\/p>\n<p>Expuso que tienen detectadas algunas inconsistencias, por lo esperaran los resultados que arroje el computo final.<\/p>\n<p>&nbsp;<\/p>\n<p>Resalt\u00f3 que el virtual ganador de la elecci\u00f3n local es Erasmo Gonz\u00e1lez Robledo, pero eso no deja de lado el apoyo y respaldo que se tuvo de la ciudadano, pues obtuvieron m\u00e1s de 35 mil votos.<\/p>\n<p>&nbsp;<\/p>\n<p>A\u00f1adi\u00f3 Casta\u00f1eda Cruz,\u00a0 que esperan que el Instituto Electoral de Tamaulipas (IETAM) sea legal durante este proceso y revise esas posibles inconsistencias.<\/p>\n<p>&nbsp;<\/p>\n<p>&nbsp;<\/p>\n","protected":false},"excerpt":{"rendered":"<p>Cd. Madero, Tamaulipas.- Tras reconocer la victoria de la coalici\u00f3n Sigamos Haciendo Historia en Tamaulipas, en el proceso electoral desarrollado&hellip;<\/p>\n","protected":false},"author":1,"featured_media":51027,"comment_status":"open","ping_status":"open","sticky":false,"template":"","format":"standard","meta":{"footnotes":""},"categories":[4],"tags":[],"class_list":["post-51026","post","type-post","status-publish","format-standard","has-post-thumbnail","hentry","category-madero"],"yoast_head":"<!-- This site is optimized with the Yoast SEO plugin v27.4 - https:\/\/yoast.com\/product\/yoast-seo-wordpress\/ -->\n<title>AGRADECE ACCI\u00d3N NACIONAL DE MADERO APOYO A SUS CANDIDATOS DURANTE LA JORNADA ELECTORAL. - EL INFORMATIVO DE TAMAULIPAS<\/title>\n<meta name=\"description\" content=\"Cd. Madero, Tamaulipas.- Tras reconocer la victoria de la coalici\u00f3n Sigamos Haciendo Historia en Tamaulipas, en el proceso electoral desarrollado el\" \/>\n<meta name=\"robots\" content=\"index, follow, max-snippet:-1, max-image-preview:large, max-video-preview:-1\" \/>\n<link rel=\"canonical\" href=\"https:\/\/elinformativotam.com\/index.php\/2024\/06\/05\/agradece-accion-nacional-de-madero-apoyo-a-sus-candidatos-durante-la-jornada-electoral\/\" \/>\n<meta property=\"og:locale\" content=\"es_MX\" \/>\n<meta property=\"og:type\" content=\"article\" \/>\n<meta property=\"og:title\" content=\"AGRADECE ACCI\u00d3N NACIONAL DE MADERO APOYO A SUS CANDIDATOS DURANTE LA JORNADA ELECTORAL. - EL INFORMATIVO DE TAMAULIPAS\" \/>\n<meta property=\"og:description\" content=\"Cd. Madero, Tamaulipas.- Tras reconocer la victoria de la coalici\u00f3n Sigamos Haciendo Historia en Tamaulipas, en el proceso electoral desarrollado el\" \/>\n<meta property=\"og:url\" content=\"https:\/\/elinformativotam.com\/index.php\/2024\/06\/05\/agradece-accion-nacional-de-madero-apoyo-a-sus-candidatos-durante-la-jornada-electoral\/\" \/>\n<meta property=\"og:site_name\" content=\"EL INFORMATIVO DE TAMAULIPAS\" \/>\n<meta property=\"article:published_time\" content=\"2024-06-06T03:56:54+00:00\" \/>\n<meta property=\"og:image\" content=\"https:\/\/elinformativotam.com\/wp-content\/uploads\/2024\/06\/PAN-Madero.jpeg\" \/>\n\t<meta property=\"og:image:width\" content=\"1600\" \/>\n\t<meta property=\"og:image:height\" content=\"1200\" \/>\n\t<meta property=\"og:image:type\" content=\"image\/jpeg\" \/>\n<meta name=\"author\" content=\"El Informativo Tam\" \/>\n<meta name=\"twitter:card\" content=\"summary_large_image\" \/>\n<meta name=\"twitter:label1\" content=\"Escrito por\" \/>\n\t<meta name=\"twitter:data1\" content=\"El Informativo Tam\" \/>\n\t<meta name=\"twitter:label2\" content=\"Tiempo de lectura\" \/>\n\t<meta name=\"twitter:data2\" content=\"1 minuto\" \/>\n<script type=\"application\/ld+json\" class=\"yoast-schema-graph\">{\"@context\":\"https:\\\/\\\/schema.org\",\"@graph\":[{\"@type\":\"Article\",\"@id\":\"https:\\\/\\\/elinformativotam.com\\\/index.php\\\/2024\\\/06\\\/05\\\/agradece-accion-nacional-de-madero-apoyo-a-sus-candidatos-durante-la-jornada-electoral\\\/#article\",\"isPartOf\":{\"@id\":\"https:\\\/\\\/elinformativotam.com\\\/index.php\\\/2024\\\/06\\\/05\\\/agradece-accion-nacional-de-madero-apoyo-a-sus-candidatos-durante-la-jornada-electoral\\\/\"},\"author\":{\"name\":\"El Informativo Tam\",\"@id\":\"https:\\\/\\\/elinformativotam.com\\\/#\\\/schema\\\/person\\\/78e08040eed0f6110f0c5f83b6153590\"},\"headline\":\"AGRADECE ACCI\u00d3N NACIONAL DE MADERO APOYO A SUS CANDIDATOS DURANTE LA JORNADA ELECTORAL.\",\"datePublished\":\"2024-06-06T03:56:54+00:00\",\"mainEntityOfPage\":{\"@id\":\"https:\\\/\\\/elinformativotam.com\\\/index.php\\\/2024\\\/06\\\/05\\\/agradece-accion-nacional-de-madero-apoyo-a-sus-candidatos-durante-la-jornada-electoral\\\/\"},\"wordCount\":191,\"commentCount\":0,\"publisher\":{\"@id\":\"https:\\\/\\\/elinformativotam.com\\\/#organization\"},\"image\":{\"@id\":\"https:\\\/\\\/elinformativotam.com\\\/index.php\\\/2024\\\/06\\\/05\\\/agradece-accion-nacional-de-madero-apoyo-a-sus-candidatos-durante-la-jornada-electoral\\\/#primaryimage\"},\"thumbnailUrl\":\"https:\\\/\\\/elinformativotam.com\\\/wp-content\\\/uploads\\\/2024\\\/06\\\/PAN-Madero.jpeg\",\"articleSection\":[\"Cd Madero\"],\"inLanguage\":\"es\",\"potentialAction\":[{\"@type\":\"CommentAction\",\"name\":\"Comment\",\"target\":[\"https:\\\/\\\/elinformativotam.com\\\/index.php\\\/2024\\\/06\\\/05\\\/agradece-accion-nacional-de-madero-apoyo-a-sus-candidatos-durante-la-jornada-electoral\\\/#respond\"]}]},{\"@type\":\"WebPage\",\"@id\":\"https:\\\/\\\/elinformativotam.com\\\/index.php\\\/2024\\\/06\\\/05\\\/agradece-accion-nacional-de-madero-apoyo-a-sus-candidatos-durante-la-jornada-electoral\\\/\",\"url\":\"https:\\\/\\\/elinformativotam.com\\\/index.php\\\/2024\\\/06\\\/05\\\/agradece-accion-nacional-de-madero-apoyo-a-sus-candidatos-durante-la-jornada-electoral\\\/\",\"name\":\"AGRADECE ACCI\u00d3N NACIONAL DE MADERO APOYO A SUS CANDIDATOS DURANTE LA JORNADA ELECTORAL. - EL INFORMATIVO DE TAMAULIPAS\",\"isPartOf\":{\"@id\":\"https:\\\/\\\/elinformativotam.com\\\/#website\"},\"primaryImageOfPage\":{\"@id\":\"https:\\\/\\\/elinformativotam.com\\\/index.php\\\/2024\\\/06\\\/05\\\/agradece-accion-nacional-de-madero-apoyo-a-sus-candidatos-durante-la-jornada-electoral\\\/#primaryimage\"},\"image\":{\"@id\":\"https:\\\/\\\/elinformativotam.com\\\/index.php\\\/2024\\\/06\\\/05\\\/agradece-accion-nacional-de-madero-apoyo-a-sus-candidatos-durante-la-jornada-electoral\\\/#primaryimage\"},\"thumbnailUrl\":\"https:\\\/\\\/elinformativotam.com\\\/wp-content\\\/uploads\\\/2024\\\/06\\\/PAN-Madero.jpeg\",\"datePublished\":\"2024-06-06T03:56:54+00:00\",\"description\":\"Cd. Madero, Tamaulipas.- Tras reconocer la victoria de la coalici\u00f3n Sigamos Haciendo Historia en Tamaulipas, en el proceso electoral desarrollado el\",\"inLanguage\":\"es\",\"potentialAction\":[{\"@type\":\"ReadAction\",\"target\":[\"https:\\\/\\\/elinformativotam.com\\\/index.php\\\/2024\\\/06\\\/05\\\/agradece-accion-nacional-de-madero-apoyo-a-sus-candidatos-durante-la-jornada-electoral\\\/\"]}]},{\"@type\":\"ImageObject\",\"inLanguage\":\"es\",\"@id\":\"https:\\\/\\\/elinformativotam.com\\\/index.php\\\/2024\\\/06\\\/05\\\/agradece-accion-nacional-de-madero-apoyo-a-sus-candidatos-durante-la-jornada-electoral\\\/#primaryimage\",\"url\":\"https:\\\/\\\/elinformativotam.com\\\/wp-content\\\/uploads\\\/2024\\\/06\\\/PAN-Madero.jpeg\",\"contentUrl\":\"https:\\\/\\\/elinformativotam.com\\\/wp-content\\\/uploads\\\/2024\\\/06\\\/PAN-Madero.jpeg\",\"width\":1600,\"height\":1200},{\"@type\":\"WebSite\",\"@id\":\"https:\\\/\\\/elinformativotam.com\\\/#website\",\"url\":\"https:\\\/\\\/elinformativotam.com\\\/\",\"name\":\"EL INFORMATIVO DE TAMAULIPAS\",\"description\":\"Desde la Zona Metropolitana Para Todo M\u00e9xico\",\"publisher\":{\"@id\":\"https:\\\/\\\/elinformativotam.com\\\/#organization\"},\"potentialAction\":[{\"@type\":\"SearchAction\",\"target\":{\"@type\":\"EntryPoint\",\"urlTemplate\":\"https:\\\/\\\/elinformativotam.com\\\/?s={search_term_string}\"},\"query-input\":{\"@type\":\"PropertyValueSpecification\",\"valueRequired\":true,\"valueName\":\"search_term_string\"}}],\"inLanguage\":\"es\"},{\"@type\":\"Organization\",\"@id\":\"https:\\\/\\\/elinformativotam.com\\\/#organization\",\"name\":\"EL INFORMATIVO DE TAMAULIPAS\",\"url\":\"https:\\\/\\\/elinformativotam.com\\\/\",\"logo\":{\"@type\":\"ImageObject\",\"inLanguage\":\"es\",\"@id\":\"https:\\\/\\\/elinformativotam.com\\\/#\\\/schema\\\/logo\\\/image\\\/\",\"url\":\"https:\\\/\\\/elinformativotam.com\\\/wp-content\\\/uploads\\\/2026\\\/02\\\/Cabezal.png\",\"contentUrl\":\"https:\\\/\\\/elinformativotam.com\\\/wp-content\\\/uploads\\\/2026\\\/02\\\/Cabezal.png\",\"width\":960,\"height\":640,\"caption\":\"EL INFORMATIVO DE TAMAULIPAS\"},\"image\":{\"@id\":\"https:\\\/\\\/elinformativotam.com\\\/#\\\/schema\\\/logo\\\/image\\\/\"}},{\"@type\":\"Person\",\"@id\":\"https:\\\/\\\/elinformativotam.com\\\/#\\\/schema\\\/person\\\/78e08040eed0f6110f0c5f83b6153590\",\"name\":\"El Informativo Tam\",\"image\":{\"@type\":\"ImageObject\",\"inLanguage\":\"es\",\"@id\":\"https:\\\/\\\/secure.gravatar.com\\\/avatar\\\/f3b7ad3af540688955925ac610647be00b0cf41feea9c4978b73a707ee86bc53?s=96&d=mm&r=g\",\"url\":\"https:\\\/\\\/secure.gravatar.com\\\/avatar\\\/f3b7ad3af540688955925ac610647be00b0cf41feea9c4978b73a707ee86bc53?s=96&d=mm&r=g\",\"contentUrl\":\"https:\\\/\\\/secure.gravatar.com\\\/avatar\\\/f3b7ad3af540688955925ac610647be00b0cf41feea9c4978b73a707ee86bc53?s=96&d=mm&r=g\",\"caption\":\"El Informativo Tam\"}}]}<\/script>\n<!-- \/ Yoast SEO plugin. -->","yoast_head_json":{"title":"AGRADECE ACCI\u00d3N NACIONAL DE MADERO APOYO A SUS CANDIDATOS DURANTE LA JORNADA ELECTORAL. - EL INFORMATIVO DE TAMAULIPAS","description":"Cd. Madero, Tamaulipas.- Tras reconocer la victoria de la coalici\u00f3n Sigamos Haciendo Historia en Tamaulipas, en el proceso electoral desarrollado el","robots":{"index":"index","follow":"follow","max-snippet":"max-snippet:-1","max-image-preview":"max-image-preview:large","max-video-preview":"max-video-preview:-1"},"canonical":"https:\/\/elinformativotam.com\/index.php\/2024\/06\/05\/agradece-accion-nacional-de-madero-apoyo-a-sus-candidatos-durante-la-jornada-electoral\/","og_locale":"es_MX","og_type":"article","og_title":"AGRADECE ACCI\u00d3N NACIONAL DE MADERO APOYO A SUS CANDIDATOS DURANTE LA JORNADA ELECTORAL. - EL INFORMATIVO DE TAMAULIPAS","og_description":"Cd. Madero, Tamaulipas.- Tras reconocer la victoria de la coalici\u00f3n Sigamos Haciendo Historia en Tamaulipas, en el proceso electoral desarrollado el","og_url":"https:\/\/elinformativotam.com\/index.php\/2024\/06\/05\/agradece-accion-nacional-de-madero-apoyo-a-sus-candidatos-durante-la-jornada-electoral\/","og_site_name":"EL INFORMATIVO DE TAMAULIPAS","article_published_time":"2024-06-06T03:56:54+00:00","og_image":[{"width":1600,"height":1200,"url":"https:\/\/elinformativotam.com\/wp-content\/uploads\/2024\/06\/PAN-Madero.jpeg","type":"image\/jpeg"}],"author":"El Informativo Tam","twitter_card":"summary_large_image","twitter_misc":{"Escrito por":"El Informativo Tam","Tiempo de lectura":"1 minuto"},"schema":{"@context":"https:\/\/schema.org","@graph":[{"@type":"Article","@id":"https:\/\/elinformativotam.com\/index.php\/2024\/06\/05\/agradece-accion-nacional-de-madero-apoyo-a-sus-candidatos-durante-la-jornada-electoral\/#article","isPartOf":{"@id":"https:\/\/elinformativotam.com\/index.php\/2024\/06\/05\/agradece-accion-nacional-de-madero-apoyo-a-sus-candidatos-durante-la-jornada-electoral\/"},"author":{"name":"El Informativo Tam","@id":"https:\/\/elinformativotam.com\/#\/schema\/person\/78e08040eed0f6110f0c5f83b6153590"},"headline":"AGRADECE ACCI\u00d3N NACIONAL DE MADERO APOYO A SUS CANDIDATOS DURANTE LA JORNADA ELECTORAL.","datePublished":"2024-06-06T03:56:54+00:00","mainEntityOfPage":{"@id":"https:\/\/elinformativotam.com\/index.php\/2024\/06\/05\/agradece-accion-nacional-de-madero-apoyo-a-sus-candidatos-durante-la-jornada-electoral\/"},"wordCount":191,"commentCount":0,"publisher":{"@id":"https:\/\/elinformativotam.com\/#organization"},"image":{"@id":"https:\/\/elinformativotam.com\/index.php\/2024\/06\/05\/agradece-accion-nacional-de-madero-apoyo-a-sus-candidatos-durante-la-jornada-electoral\/#primaryimage"},"thumbnailUrl":"https:\/\/elinformativotam.com\/wp-content\/uploads\/2024\/06\/PAN-Madero.jpeg","articleSection":["Cd Madero"],"inLanguage":"es","potentialAction":[{"@type":"CommentAction","name":"Comment","target":["https:\/\/elinformativotam.com\/index.php\/2024\/06\/05\/agradece-accion-nacional-de-madero-apoyo-a-sus-candidatos-durante-la-jornada-electoral\/#respond"]}]},{"@type":"WebPage","@id":"https:\/\/elinformativotam.com\/index.php\/2024\/06\/05\/agradece-accion-nacional-de-madero-apoyo-a-sus-candidatos-durante-la-jornada-electoral\/","url":"https:\/\/elinformativotam.com\/index.php\/2024\/06\/05\/agradece-accion-nacional-de-madero-apoyo-a-sus-candidatos-durante-la-jornada-electoral\/","name":"AGRADECE ACCI\u00d3N NACIONAL DE MADERO APOYO A SUS CANDIDATOS DURANTE LA JORNADA ELECTORAL. - EL INFORMATIVO DE TAMAULIPAS","isPartOf":{"@id":"https:\/\/elinformativotam.com\/#website"},"primaryImageOfPage":{"@id":"https:\/\/elinformativotam.com\/index.php\/2024\/06\/05\/agradece-accion-nacional-de-madero-apoyo-a-sus-candidatos-durante-la-jornada-electoral\/#primaryimage"},"image":{"@id":"https:\/\/elinformativotam.com\/index.php\/2024\/06\/05\/agradece-accion-nacional-de-madero-apoyo-a-sus-candidatos-durante-la-jornada-electoral\/#primaryimage"},"thumbnailUrl":"https:\/\/elinformativotam.com\/wp-content\/uploads\/2024\/06\/PAN-Madero.jpeg","datePublished":"2024-06-06T03:56:54+00:00","description":"Cd. Madero, Tamaulipas.- Tras reconocer la victoria de la coalici\u00f3n Sigamos Haciendo Historia en Tamaulipas, en el proceso electoral desarrollado el","inLanguage":"es","potentialAction":[{"@type":"ReadAction","target":["https:\/\/elinformativotam.com\/index.php\/2024\/06\/05\/agradece-accion-nacional-de-madero-apoyo-a-sus-candidatos-durante-la-jornada-electoral\/"]}]},{"@type":"ImageObject","inLanguage":"es","@id":"https:\/\/elinformativotam.com\/index.php\/2024\/06\/05\/agradece-accion-nacional-de-madero-apoyo-a-sus-candidatos-durante-la-jornada-electoral\/#primaryimage","url":"https:\/\/elinformativotam.com\/wp-content\/uploads\/2024\/06\/PAN-Madero.jpeg","contentUrl":"https:\/\/elinformativotam.com\/wp-content\/uploads\/2024\/06\/PAN-Madero.jpeg","width":1600,"height":1200},{"@type":"WebSite","@id":"https:\/\/elinformativotam.com\/#website","url":"https:\/\/elinformativotam.com\/","name":"EL INFORMATIVO DE TAMAULIPAS","description":"Desde la Zona Metropolitana Para Todo M\u00e9xico","publisher":{"@id":"https:\/\/elinformativotam.com\/#organization"},"potentialAction":[{"@type":"SearchAction","target":{"@type":"EntryPoint","urlTemplate":"https:\/\/elinformativotam.com\/?s={search_term_string}"},"query-input":{"@type":"PropertyValueSpecification","valueRequired":true,"valueName":"search_term_string"}}],"inLanguage":"es"},{"@type":"Organization","@id":"https:\/\/elinformativotam.com\/#organization","name":"EL INFORMATIVO DE TAMAULIPAS","url":"https:\/\/elinformativotam.com\/","logo":{"@type":"ImageObject","inLanguage":"es","@id":"https:\/\/elinformativotam.com\/#\/schema\/logo\/image\/","url":"https:\/\/elinformativotam.com\/wp-content\/uploads\/2026\/02\/Cabezal.png","contentUrl":"https:\/\/elinformativotam.com\/wp-content\/uploads\/2026\/02\/Cabezal.png","width":960,"height":640,"caption":"EL INFORMATIVO DE TAMAULIPAS"},"image":{"@id":"https:\/\/elinformativotam.com\/#\/schema\/logo\/image\/"}},{"@type":"Person","@id":"https:\/\/elinformativotam.com\/#\/schema\/person\/78e08040eed0f6110f0c5f83b6153590","name":"El Informativo Tam","image":{"@type":"ImageObject","inLanguage":"es","@id":"https:\/\/secure.gravatar.com\/avatar\/f3b7ad3af540688955925ac610647be00b0cf41feea9c4978b73a707ee86bc53?s=96&d=mm&r=g","url":"https:\/\/secure.gravatar.com\/avatar\/f3b7ad3af540688955925ac610647be00b0cf41feea9c4978b73a707ee86bc53?s=96&d=mm&r=g","contentUrl":"https:\/\/secure.gravatar.com\/avatar\/f3b7ad3af540688955925ac610647be00b0cf41feea9c4978b73a707ee86bc53?s=96&d=mm&r=g","caption":"El Informativo Tam"}}]}},"_links":{"self":[{"href":"https:\/\/elinformativotam.com\/index.php\/wp-json\/wp\/v2\/posts\/51026","targetHints":{"allow":["GET"]}}],"collection":[{"href":"https:\/\/elinformativotam.com\/index.php\/wp-json\/wp\/v2\/posts"}],"about":[{"href":"https:\/\/elinformativotam.com\/index.php\/wp-json\/wp\/v2\/types\/post"}],"author":[{"embeddable":true,"href":"https:\/\/elinformativotam.com\/index.php\/wp-json\/wp\/v2\/users\/1"}],"replies":[{"embeddable":true,"href":"https:\/\/elinformativotam.com\/index.php\/wp-json\/wp\/v2\/comments?post=51026"}],"version-history":[{"count":1,"href":"https:\/\/elinformativotam.com\/index.php\/wp-json\/wp\/v2\/posts\/51026\/revisions"}],"predecessor-version":[{"id":51028,"href":"https:\/\/elinformativotam.com\/index.php\/wp-json\/wp\/v2\/posts\/51026\/revisions\/51028"}],"wp:featuredmedia":[{"embeddable":true,"href":"https:\/\/elinformativotam.com\/index.php\/wp-json\/wp\/v2\/media\/51027"}],"wp:attachment":[{"href":"https:\/\/elinformativotam.com\/index.php\/wp-json\/wp\/v2\/media?parent=51026"}],"wp:term":[{"taxonomy":"category","embeddable":true,"href":"https:\/\/elinformativotam.com\/index.php\/wp-json\/wp\/v2\/categories?post=51026"},{"taxonomy":"post_tag","embeddable":true,"href":"https:\/\/elinformativotam.com\/index.php\/wp-json\/wp\/v2\/tags?post=51026"}],"curies":[{"name":"wp","href":"https:\/\/api.w.org\/{rel}","templated":true}]}}