{"id":51017,"date":"2024-06-05T21:48:35","date_gmt":"2024-06-06T03:48:35","guid":{"rendered":"https:\/\/elinformativotam.com\/?p=51017"},"modified":"2024-06-05T21:48:35","modified_gmt":"2024-06-06T03:48:35","slug":"busca-coepris-que-no-se-salga-de-control-males-gastrointestinales-y-padecimientos-de-la-piel-en-el-sur","status":"publish","type":"post","link":"https:\/\/elinformativotam.com\/index.php\/2024\/06\/05\/busca-coepris-que-no-se-salga-de-control-males-gastrointestinales-y-padecimientos-de-la-piel-en-el-sur\/","title":{"rendered":"BUSCA COEPRIS QUE NO SE SALGA DE CONTROL MALES GASTROINTESTINALES Y PADECIMIENTOS DE LA PIEL EN EL SUR"},"content":{"rendered":"<h2 style=\"text-align: center;\"><em><span style=\"font-family: 'times new roman', times;\">*Hay Diversos Puntos Que Est\u00e1n Monitoreando En La Zona Sur<\/span><\/em><\/h2>\n<p>&nbsp;<\/p>\n<p>Con el fin de evitar que los padecimientos gastrointestinales y las enfermedades de la piel no se disparen a consecuencias de la mala calidad del agua potable, la Coepris de la zona sur realice de manera peri\u00f3dica revisiones a 70 puntos de Tampico y Madero, para conocer la medida del cloro residual que se vierte en la potabilizaci\u00f3n.<\/p>\n<p>&nbsp;<\/p>\n<p>Nicolas Berumen \u00c1valos, titular de esa dependencia, advirti\u00f3 que el monitoreo se increment\u00f3 desde hace d\u00edas por parte del personal a su cargo, ya que la instrucci\u00f3n de la Secretar\u00eda de Salud y Coepris Estatal es que la poblaci\u00f3n no presente alg\u00fan tipo de padecimiento relacionado con el agua turbia que en estos momentos consumen por la crisis h\u00eddrica.<\/p>\n<p>&nbsp;<\/p>\n<p>Explic\u00f3 que en Tampico se monitorean 45 puntos, entre los que se encuentra la propia Comapa Sur, con el objetivo de verificar que los niveles de cloro residual en el agua sean los correctos.<\/p>\n<p>&nbsp;<\/p>\n<p>A\u00f1adi\u00f3 que la medida del cloro en el agua de consumo en vivienda y en todo establecimiento de giro comercial debe ser de 0.5 a 1.5.<\/p>\n<p>&nbsp;<\/p>\n<p>&#8220;\u00c9sta medida incluso nos ha bajado, pero dentro de los l\u00edmites, pues aunque venga con sedimentos no ha causado estragos en la poblaci\u00f3n&#8221;, dijo<\/p>\n<p>&nbsp;<\/p>\n<p>Berumen, enfatiz\u00f3 que la coordinaci\u00f3n para evitar males gastrointestinales y de la piel en la poblaci\u00f3n es total con la jurisdicci\u00f3n sanitaria 2, pues esa dependencia de salud es qui\u00e9n nos reporta los casos relacionados con la mala calidad del agua que en \u00e9stos momentos consume la regi\u00f3n.<\/p>\n<p>&nbsp;<\/p>\n<p>Finalmente, coment\u00f3 que la poblaci\u00f3n puede utilizar cloro al agua que captan(3 gotas por cada litro de agua potable) y la llamada plata coloidal, que en \u00e9stos momentos es efectivo para contrarrestar cualquier posible bacteria que pudiera atacar a la poblaci\u00f3n, pues hasta el momento no se han registrado casos de padecimiento en la piel y de tipo gastrointestinal.<\/p>\n<p>&nbsp;<\/p>\n","protected":false},"excerpt":{"rendered":"<p>*Hay Diversos Puntos Que Est\u00e1n Monitoreando En La Zona Sur &nbsp; Con el fin de evitar que los padecimientos gastrointestinales&hellip;<\/p>\n","protected":false},"author":1,"featured_media":51018,"comment_status":"open","ping_status":"open","sticky":false,"template":"","format":"standard","meta":{"footnotes":""},"categories":[3],"tags":[],"class_list":["post-51017","post","type-post","status-publish","format-standard","has-post-thumbnail","hentry","category-tampico"],"yoast_head":"<!-- This site is optimized with the Yoast SEO plugin v27.4 - https:\/\/yoast.com\/product\/yoast-seo-wordpress\/ -->\n<title>BUSCA COEPRIS QUE NO SE SALGA DE CONTROL MALES GASTROINTESTINALES Y PADECIMIENTOS DE LA PIEL EN EL SUR - EL INFORMATIVO DE TAMAULIPAS<\/title>\n<meta name=\"description\" content=\"*Hay Diversos Puntos Que Est\u00e1n Monitoreando En La Zona Sur &nbsp; Con el fin de evitar que los padecimientos gastrointestinales y las enfermedades de la\" \/>\n<meta name=\"robots\" content=\"index, follow, max-snippet:-1, max-image-preview:large, max-video-preview:-1\" \/>\n<link rel=\"canonical\" href=\"https:\/\/elinformativotam.com\/index.php\/2024\/06\/05\/busca-coepris-que-no-se-salga-de-control-males-gastrointestinales-y-padecimientos-de-la-piel-en-el-sur\/\" \/>\n<meta property=\"og:locale\" content=\"es_MX\" \/>\n<meta property=\"og:type\" content=\"article\" \/>\n<meta property=\"og:title\" content=\"BUSCA COEPRIS QUE NO SE SALGA DE CONTROL MALES GASTROINTESTINALES Y PADECIMIENTOS DE LA PIEL EN EL SUR - EL INFORMATIVO DE TAMAULIPAS\" \/>\n<meta property=\"og:description\" content=\"*Hay Diversos Puntos Que Est\u00e1n Monitoreando En La Zona Sur &nbsp; Con el fin de evitar que los padecimientos gastrointestinales y las enfermedades de la\" \/>\n<meta property=\"og:url\" content=\"https:\/\/elinformativotam.com\/index.php\/2024\/06\/05\/busca-coepris-que-no-se-salga-de-control-males-gastrointestinales-y-padecimientos-de-la-piel-en-el-sur\/\" \/>\n<meta property=\"og:site_name\" content=\"EL INFORMATIVO DE TAMAULIPAS\" \/>\n<meta property=\"article:published_time\" content=\"2024-06-06T03:48:35+00:00\" \/>\n<meta property=\"og:image\" content=\"https:\/\/elinformativotam.com\/wp-content\/uploads\/2024\/06\/Berumen-coepris.jpeg\" \/>\n\t<meta property=\"og:image:width\" content=\"1600\" \/>\n\t<meta property=\"og:image:height\" content=\"1204\" \/>\n\t<meta property=\"og:image:type\" content=\"image\/jpeg\" \/>\n<meta name=\"author\" content=\"El Informativo Tam\" \/>\n<meta name=\"twitter:card\" content=\"summary_large_image\" \/>\n<meta name=\"twitter:label1\" content=\"Escrito por\" \/>\n\t<meta name=\"twitter:data1\" content=\"El Informativo Tam\" \/>\n\t<meta name=\"twitter:label2\" content=\"Tiempo de lectura\" \/>\n\t<meta name=\"twitter:data2\" content=\"2 minutos\" \/>\n<script type=\"application\/ld+json\" class=\"yoast-schema-graph\">{\"@context\":\"https:\\\/\\\/schema.org\",\"@graph\":[{\"@type\":\"Article\",\"@id\":\"https:\\\/\\\/elinformativotam.com\\\/index.php\\\/2024\\\/06\\\/05\\\/busca-coepris-que-no-se-salga-de-control-males-gastrointestinales-y-padecimientos-de-la-piel-en-el-sur\\\/#article\",\"isPartOf\":{\"@id\":\"https:\\\/\\\/elinformativotam.com\\\/index.php\\\/2024\\\/06\\\/05\\\/busca-coepris-que-no-se-salga-de-control-males-gastrointestinales-y-padecimientos-de-la-piel-en-el-sur\\\/\"},\"author\":{\"name\":\"El Informativo Tam\",\"@id\":\"https:\\\/\\\/elinformativotam.com\\\/#\\\/schema\\\/person\\\/78e08040eed0f6110f0c5f83b6153590\"},\"headline\":\"BUSCA COEPRIS QUE NO SE SALGA DE CONTROL MALES GASTROINTESTINALES Y PADECIMIENTOS DE LA PIEL EN EL SUR\",\"datePublished\":\"2024-06-06T03:48:35+00:00\",\"mainEntityOfPage\":{\"@id\":\"https:\\\/\\\/elinformativotam.com\\\/index.php\\\/2024\\\/06\\\/05\\\/busca-coepris-que-no-se-salga-de-control-males-gastrointestinales-y-padecimientos-de-la-piel-en-el-sur\\\/\"},\"wordCount\":358,\"commentCount\":0,\"publisher\":{\"@id\":\"https:\\\/\\\/elinformativotam.com\\\/#organization\"},\"image\":{\"@id\":\"https:\\\/\\\/elinformativotam.com\\\/index.php\\\/2024\\\/06\\\/05\\\/busca-coepris-que-no-se-salga-de-control-males-gastrointestinales-y-padecimientos-de-la-piel-en-el-sur\\\/#primaryimage\"},\"thumbnailUrl\":\"https:\\\/\\\/elinformativotam.com\\\/wp-content\\\/uploads\\\/2024\\\/06\\\/Berumen-coepris.jpeg\",\"articleSection\":[\"Tampico\"],\"inLanguage\":\"es\",\"potentialAction\":[{\"@type\":\"CommentAction\",\"name\":\"Comment\",\"target\":[\"https:\\\/\\\/elinformativotam.com\\\/index.php\\\/2024\\\/06\\\/05\\\/busca-coepris-que-no-se-salga-de-control-males-gastrointestinales-y-padecimientos-de-la-piel-en-el-sur\\\/#respond\"]}]},{\"@type\":\"WebPage\",\"@id\":\"https:\\\/\\\/elinformativotam.com\\\/index.php\\\/2024\\\/06\\\/05\\\/busca-coepris-que-no-se-salga-de-control-males-gastrointestinales-y-padecimientos-de-la-piel-en-el-sur\\\/\",\"url\":\"https:\\\/\\\/elinformativotam.com\\\/index.php\\\/2024\\\/06\\\/05\\\/busca-coepris-que-no-se-salga-de-control-males-gastrointestinales-y-padecimientos-de-la-piel-en-el-sur\\\/\",\"name\":\"BUSCA COEPRIS QUE NO SE SALGA DE CONTROL MALES GASTROINTESTINALES Y PADECIMIENTOS DE LA PIEL EN EL SUR - EL INFORMATIVO DE TAMAULIPAS\",\"isPartOf\":{\"@id\":\"https:\\\/\\\/elinformativotam.com\\\/#website\"},\"primaryImageOfPage\":{\"@id\":\"https:\\\/\\\/elinformativotam.com\\\/index.php\\\/2024\\\/06\\\/05\\\/busca-coepris-que-no-se-salga-de-control-males-gastrointestinales-y-padecimientos-de-la-piel-en-el-sur\\\/#primaryimage\"},\"image\":{\"@id\":\"https:\\\/\\\/elinformativotam.com\\\/index.php\\\/2024\\\/06\\\/05\\\/busca-coepris-que-no-se-salga-de-control-males-gastrointestinales-y-padecimientos-de-la-piel-en-el-sur\\\/#primaryimage\"},\"thumbnailUrl\":\"https:\\\/\\\/elinformativotam.com\\\/wp-content\\\/uploads\\\/2024\\\/06\\\/Berumen-coepris.jpeg\",\"datePublished\":\"2024-06-06T03:48:35+00:00\",\"description\":\"*Hay Diversos Puntos Que Est\u00e1n Monitoreando En La Zona Sur &nbsp; Con el fin de evitar que los padecimientos gastrointestinales y las enfermedades de la\",\"inLanguage\":\"es\",\"potentialAction\":[{\"@type\":\"ReadAction\",\"target\":[\"https:\\\/\\\/elinformativotam.com\\\/index.php\\\/2024\\\/06\\\/05\\\/busca-coepris-que-no-se-salga-de-control-males-gastrointestinales-y-padecimientos-de-la-piel-en-el-sur\\\/\"]}]},{\"@type\":\"ImageObject\",\"inLanguage\":\"es\",\"@id\":\"https:\\\/\\\/elinformativotam.com\\\/index.php\\\/2024\\\/06\\\/05\\\/busca-coepris-que-no-se-salga-de-control-males-gastrointestinales-y-padecimientos-de-la-piel-en-el-sur\\\/#primaryimage\",\"url\":\"https:\\\/\\\/elinformativotam.com\\\/wp-content\\\/uploads\\\/2024\\\/06\\\/Berumen-coepris.jpeg\",\"contentUrl\":\"https:\\\/\\\/elinformativotam.com\\\/wp-content\\\/uploads\\\/2024\\\/06\\\/Berumen-coepris.jpeg\",\"width\":1600,\"height\":1204},{\"@type\":\"WebSite\",\"@id\":\"https:\\\/\\\/elinformativotam.com\\\/#website\",\"url\":\"https:\\\/\\\/elinformativotam.com\\\/\",\"name\":\"EL INFORMATIVO DE TAMAULIPAS\",\"description\":\"Desde la Zona Metropolitana Para Todo M\u00e9xico\",\"publisher\":{\"@id\":\"https:\\\/\\\/elinformativotam.com\\\/#organization\"},\"potentialAction\":[{\"@type\":\"SearchAction\",\"target\":{\"@type\":\"EntryPoint\",\"urlTemplate\":\"https:\\\/\\\/elinformativotam.com\\\/?s={search_term_string}\"},\"query-input\":{\"@type\":\"PropertyValueSpecification\",\"valueRequired\":true,\"valueName\":\"search_term_string\"}}],\"inLanguage\":\"es\"},{\"@type\":\"Organization\",\"@id\":\"https:\\\/\\\/elinformativotam.com\\\/#organization\",\"name\":\"EL INFORMATIVO DE TAMAULIPAS\",\"url\":\"https:\\\/\\\/elinformativotam.com\\\/\",\"logo\":{\"@type\":\"ImageObject\",\"inLanguage\":\"es\",\"@id\":\"https:\\\/\\\/elinformativotam.com\\\/#\\\/schema\\\/logo\\\/image\\\/\",\"url\":\"https:\\\/\\\/elinformativotam.com\\\/wp-content\\\/uploads\\\/2026\\\/02\\\/Cabezal.png\",\"contentUrl\":\"https:\\\/\\\/elinformativotam.com\\\/wp-content\\\/uploads\\\/2026\\\/02\\\/Cabezal.png\",\"width\":960,\"height\":640,\"caption\":\"EL INFORMATIVO DE TAMAULIPAS\"},\"image\":{\"@id\":\"https:\\\/\\\/elinformativotam.com\\\/#\\\/schema\\\/logo\\\/image\\\/\"}},{\"@type\":\"Person\",\"@id\":\"https:\\\/\\\/elinformativotam.com\\\/#\\\/schema\\\/person\\\/78e08040eed0f6110f0c5f83b6153590\",\"name\":\"El Informativo Tam\",\"image\":{\"@type\":\"ImageObject\",\"inLanguage\":\"es\",\"@id\":\"https:\\\/\\\/secure.gravatar.com\\\/avatar\\\/f3b7ad3af540688955925ac610647be00b0cf41feea9c4978b73a707ee86bc53?s=96&d=mm&r=g\",\"url\":\"https:\\\/\\\/secure.gravatar.com\\\/avatar\\\/f3b7ad3af540688955925ac610647be00b0cf41feea9c4978b73a707ee86bc53?s=96&d=mm&r=g\",\"contentUrl\":\"https:\\\/\\\/secure.gravatar.com\\\/avatar\\\/f3b7ad3af540688955925ac610647be00b0cf41feea9c4978b73a707ee86bc53?s=96&d=mm&r=g\",\"caption\":\"El Informativo Tam\"}}]}<\/script>\n<!-- \/ Yoast SEO plugin. -->","yoast_head_json":{"title":"BUSCA COEPRIS QUE NO SE SALGA DE CONTROL MALES GASTROINTESTINALES Y PADECIMIENTOS DE LA PIEL EN EL SUR - EL INFORMATIVO DE TAMAULIPAS","description":"*Hay Diversos Puntos Que Est\u00e1n Monitoreando En La Zona Sur &nbsp; Con el fin de evitar que los padecimientos gastrointestinales y las enfermedades de la","robots":{"index":"index","follow":"follow","max-snippet":"max-snippet:-1","max-image-preview":"max-image-preview:large","max-video-preview":"max-video-preview:-1"},"canonical":"https:\/\/elinformativotam.com\/index.php\/2024\/06\/05\/busca-coepris-que-no-se-salga-de-control-males-gastrointestinales-y-padecimientos-de-la-piel-en-el-sur\/","og_locale":"es_MX","og_type":"article","og_title":"BUSCA COEPRIS QUE NO SE SALGA DE CONTROL MALES GASTROINTESTINALES Y PADECIMIENTOS DE LA PIEL EN EL SUR - EL INFORMATIVO DE TAMAULIPAS","og_description":"*Hay Diversos Puntos Que Est\u00e1n Monitoreando En La Zona Sur &nbsp; Con el fin de evitar que los padecimientos gastrointestinales y las enfermedades de la","og_url":"https:\/\/elinformativotam.com\/index.php\/2024\/06\/05\/busca-coepris-que-no-se-salga-de-control-males-gastrointestinales-y-padecimientos-de-la-piel-en-el-sur\/","og_site_name":"EL INFORMATIVO DE TAMAULIPAS","article_published_time":"2024-06-06T03:48:35+00:00","og_image":[{"width":1600,"height":1204,"url":"https:\/\/elinformativotam.com\/wp-content\/uploads\/2024\/06\/Berumen-coepris.jpeg","type":"image\/jpeg"}],"author":"El Informativo Tam","twitter_card":"summary_large_image","twitter_misc":{"Escrito por":"El Informativo Tam","Tiempo de lectura":"2 minutos"},"schema":{"@context":"https:\/\/schema.org","@graph":[{"@type":"Article","@id":"https:\/\/elinformativotam.com\/index.php\/2024\/06\/05\/busca-coepris-que-no-se-salga-de-control-males-gastrointestinales-y-padecimientos-de-la-piel-en-el-sur\/#article","isPartOf":{"@id":"https:\/\/elinformativotam.com\/index.php\/2024\/06\/05\/busca-coepris-que-no-se-salga-de-control-males-gastrointestinales-y-padecimientos-de-la-piel-en-el-sur\/"},"author":{"name":"El Informativo Tam","@id":"https:\/\/elinformativotam.com\/#\/schema\/person\/78e08040eed0f6110f0c5f83b6153590"},"headline":"BUSCA COEPRIS QUE NO SE SALGA DE CONTROL MALES GASTROINTESTINALES Y PADECIMIENTOS DE LA PIEL EN EL SUR","datePublished":"2024-06-06T03:48:35+00:00","mainEntityOfPage":{"@id":"https:\/\/elinformativotam.com\/index.php\/2024\/06\/05\/busca-coepris-que-no-se-salga-de-control-males-gastrointestinales-y-padecimientos-de-la-piel-en-el-sur\/"},"wordCount":358,"commentCount":0,"publisher":{"@id":"https:\/\/elinformativotam.com\/#organization"},"image":{"@id":"https:\/\/elinformativotam.com\/index.php\/2024\/06\/05\/busca-coepris-que-no-se-salga-de-control-males-gastrointestinales-y-padecimientos-de-la-piel-en-el-sur\/#primaryimage"},"thumbnailUrl":"https:\/\/elinformativotam.com\/wp-content\/uploads\/2024\/06\/Berumen-coepris.jpeg","articleSection":["Tampico"],"inLanguage":"es","potentialAction":[{"@type":"CommentAction","name":"Comment","target":["https:\/\/elinformativotam.com\/index.php\/2024\/06\/05\/busca-coepris-que-no-se-salga-de-control-males-gastrointestinales-y-padecimientos-de-la-piel-en-el-sur\/#respond"]}]},{"@type":"WebPage","@id":"https:\/\/elinformativotam.com\/index.php\/2024\/06\/05\/busca-coepris-que-no-se-salga-de-control-males-gastrointestinales-y-padecimientos-de-la-piel-en-el-sur\/","url":"https:\/\/elinformativotam.com\/index.php\/2024\/06\/05\/busca-coepris-que-no-se-salga-de-control-males-gastrointestinales-y-padecimientos-de-la-piel-en-el-sur\/","name":"BUSCA COEPRIS QUE NO SE SALGA DE CONTROL MALES GASTROINTESTINALES Y PADECIMIENTOS DE LA PIEL EN EL SUR - EL INFORMATIVO DE TAMAULIPAS","isPartOf":{"@id":"https:\/\/elinformativotam.com\/#website"},"primaryImageOfPage":{"@id":"https:\/\/elinformativotam.com\/index.php\/2024\/06\/05\/busca-coepris-que-no-se-salga-de-control-males-gastrointestinales-y-padecimientos-de-la-piel-en-el-sur\/#primaryimage"},"image":{"@id":"https:\/\/elinformativotam.com\/index.php\/2024\/06\/05\/busca-coepris-que-no-se-salga-de-control-males-gastrointestinales-y-padecimientos-de-la-piel-en-el-sur\/#primaryimage"},"thumbnailUrl":"https:\/\/elinformativotam.com\/wp-content\/uploads\/2024\/06\/Berumen-coepris.jpeg","datePublished":"2024-06-06T03:48:35+00:00","description":"*Hay Diversos Puntos Que Est\u00e1n Monitoreando En La Zona Sur &nbsp; Con el fin de evitar que los padecimientos gastrointestinales y las enfermedades de la","inLanguage":"es","potentialAction":[{"@type":"ReadAction","target":["https:\/\/elinformativotam.com\/index.php\/2024\/06\/05\/busca-coepris-que-no-se-salga-de-control-males-gastrointestinales-y-padecimientos-de-la-piel-en-el-sur\/"]}]},{"@type":"ImageObject","inLanguage":"es","@id":"https:\/\/elinformativotam.com\/index.php\/2024\/06\/05\/busca-coepris-que-no-se-salga-de-control-males-gastrointestinales-y-padecimientos-de-la-piel-en-el-sur\/#primaryimage","url":"https:\/\/elinformativotam.com\/wp-content\/uploads\/2024\/06\/Berumen-coepris.jpeg","contentUrl":"https:\/\/elinformativotam.com\/wp-content\/uploads\/2024\/06\/Berumen-coepris.jpeg","width":1600,"height":1204},{"@type":"WebSite","@id":"https:\/\/elinformativotam.com\/#website","url":"https:\/\/elinformativotam.com\/","name":"EL INFORMATIVO DE TAMAULIPAS","description":"Desde la Zona Metropolitana Para Todo M\u00e9xico","publisher":{"@id":"https:\/\/elinformativotam.com\/#organization"},"potentialAction":[{"@type":"SearchAction","target":{"@type":"EntryPoint","urlTemplate":"https:\/\/elinformativotam.com\/?s={search_term_string}"},"query-input":{"@type":"PropertyValueSpecification","valueRequired":true,"valueName":"search_term_string"}}],"inLanguage":"es"},{"@type":"Organization","@id":"https:\/\/elinformativotam.com\/#organization","name":"EL INFORMATIVO DE TAMAULIPAS","url":"https:\/\/elinformativotam.com\/","logo":{"@type":"ImageObject","inLanguage":"es","@id":"https:\/\/elinformativotam.com\/#\/schema\/logo\/image\/","url":"https:\/\/elinformativotam.com\/wp-content\/uploads\/2026\/02\/Cabezal.png","contentUrl":"https:\/\/elinformativotam.com\/wp-content\/uploads\/2026\/02\/Cabezal.png","width":960,"height":640,"caption":"EL INFORMATIVO DE TAMAULIPAS"},"image":{"@id":"https:\/\/elinformativotam.com\/#\/schema\/logo\/image\/"}},{"@type":"Person","@id":"https:\/\/elinformativotam.com\/#\/schema\/person\/78e08040eed0f6110f0c5f83b6153590","name":"El Informativo Tam","image":{"@type":"ImageObject","inLanguage":"es","@id":"https:\/\/secure.gravatar.com\/avatar\/f3b7ad3af540688955925ac610647be00b0cf41feea9c4978b73a707ee86bc53?s=96&d=mm&r=g","url":"https:\/\/secure.gravatar.com\/avatar\/f3b7ad3af540688955925ac610647be00b0cf41feea9c4978b73a707ee86bc53?s=96&d=mm&r=g","contentUrl":"https:\/\/secure.gravatar.com\/avatar\/f3b7ad3af540688955925ac610647be00b0cf41feea9c4978b73a707ee86bc53?s=96&d=mm&r=g","caption":"El Informativo Tam"}}]}},"_links":{"self":[{"href":"https:\/\/elinformativotam.com\/index.php\/wp-json\/wp\/v2\/posts\/51017","targetHints":{"allow":["GET"]}}],"collection":[{"href":"https:\/\/elinformativotam.com\/index.php\/wp-json\/wp\/v2\/posts"}],"about":[{"href":"https:\/\/elinformativotam.com\/index.php\/wp-json\/wp\/v2\/types\/post"}],"author":[{"embeddable":true,"href":"https:\/\/elinformativotam.com\/index.php\/wp-json\/wp\/v2\/users\/1"}],"replies":[{"embeddable":true,"href":"https:\/\/elinformativotam.com\/index.php\/wp-json\/wp\/v2\/comments?post=51017"}],"version-history":[{"count":1,"href":"https:\/\/elinformativotam.com\/index.php\/wp-json\/wp\/v2\/posts\/51017\/revisions"}],"predecessor-version":[{"id":51019,"href":"https:\/\/elinformativotam.com\/index.php\/wp-json\/wp\/v2\/posts\/51017\/revisions\/51019"}],"wp:featuredmedia":[{"embeddable":true,"href":"https:\/\/elinformativotam.com\/index.php\/wp-json\/wp\/v2\/media\/51018"}],"wp:attachment":[{"href":"https:\/\/elinformativotam.com\/index.php\/wp-json\/wp\/v2\/media?parent=51017"}],"wp:term":[{"taxonomy":"category","embeddable":true,"href":"https:\/\/elinformativotam.com\/index.php\/wp-json\/wp\/v2\/categories?post=51017"},{"taxonomy":"post_tag","embeddable":true,"href":"https:\/\/elinformativotam.com\/index.php\/wp-json\/wp\/v2\/tags?post=51017"}],"curies":[{"name":"wp","href":"https:\/\/api.w.org\/{rel}","templated":true}]}}