{"id":51011,"date":"2024-06-05T21:42:08","date_gmt":"2024-06-06T03:42:08","guid":{"rendered":"https:\/\/elinformativotam.com\/?p=51011"},"modified":"2024-06-05T21:42:08","modified_gmt":"2024-06-06T03:42:08","slug":"poblacion-de-la-zona-sur-no-tiene-la-cultura-del-almacenaje-del-agua-srh","status":"publish","type":"post","link":"https:\/\/elinformativotam.com\/index.php\/2024\/06\/05\/poblacion-de-la-zona-sur-no-tiene-la-cultura-del-almacenaje-del-agua-srh\/","title":{"rendered":"POBLACI\u00d3N DE LA ZONA SUR NO TIENE LA CULTURA DEL ALMACENAJE DEL AGUA: SRH"},"content":{"rendered":"<h2 style=\"text-align: center;\"><em><span style=\"font-family: 'times new roman', times;\">*En Ciudades Como Victoria El 95% De La Poblaci\u00f3n Tiene Tinacos En Sus Domicilios<\/span><\/em><\/h2>\n<p>&nbsp;<\/p>\n<p>&nbsp;<\/p>\n<p>El Secretario de Recursos Hidr\u00e1ulicos del Gobierno del Estado, Raul Quiroga \u00c1lvarez, se\u00f1al\u00f3 que habr\u00e1 de plantear a la Comapa Sur la posibilidad de que se realice un descuento a todos los usuarios que no han tenido el vital l\u00edquido en sus domicilios, esto luego de que la crisis h\u00eddrica agudiz\u00f3 en el sistema lagunario.<\/p>\n<p>&nbsp;<\/p>\n<p>Se\u00f1al\u00f3, que una vez que se normalice el abasto del vital l\u00edquido en la zona, habr\u00e1 de plantear a los dos organismos operadores de la zona la posibilidad de establecer alg\u00fan tipo de descuento o condonaci\u00f3n por todo el tiempo que no ha habido agua en los domicilios, comercio e Industria.<\/p>\n<p>&nbsp;<\/p>\n<p>&#8220;Vamos a hablar con la gente de Comapa para ver si es factible el descuento, que este dentro de la ley&#8221; , se\u00f1al\u00f3 el funcionario estatal<\/p>\n<p>&nbsp;<\/p>\n<p>Quiroga, enfatiz\u00f3 que en s\u00ed no es el agua lo que mensual o anualmente se cobra al usuario, sino todo lo que lleva implicito dicho cobro, como reparaciones, infraestructura, cambio de redes, administraci\u00f3n y operaci\u00f3n para que el agua llegu\u00e9 a la poblaci\u00f3n.<\/p>\n<p>&nbsp;<\/p>\n<p>&#8220;vamos a ver de qu\u00e9 manera se hace una pr\u00e1ctica de apoyo&#8221;, dijo<\/p>\n<p>&nbsp;<\/p>\n<p>El Secretario de Recursos Hidr\u00e1ulicos, lament\u00f3 que en la zona sur a\u00fan no se tenga la cultura del almacenaje del agua, tal como ya se hace en municipios como Ciudad Victoria &#8220;donde el 95% de la gente tiene sus tinacos, pues ya saben que una vez a la semana tienen agua&#8221;.<\/p>\n<p>&nbsp;<\/p>\n<p>Destac\u00f3 que para cambiar de una vez por todas la red hidr\u00e1ulica que data de mas de 80 a\u00f1os en la regi\u00f3n, ya se cuenta con un proyecto ejecutivo integral que ser\u00e1 presentado a CNA a finales de este a\u00f1o, toda vez que el presente sexenio ya cerr\u00f3 sus ventanillas en las diferentes secretar\u00edas y dependencias, para la obtenci\u00f3n de recursos de indole federal.<\/p>\n<p>&nbsp;<\/p>\n","protected":false},"excerpt":{"rendered":"<p>*En Ciudades Como Victoria El 95% De La Poblaci\u00f3n Tiene Tinacos En Sus Domicilios &nbsp; &nbsp; El Secretario de Recursos&hellip;<\/p>\n","protected":false},"author":1,"featured_media":51012,"comment_status":"open","ping_status":"open","sticky":false,"template":"","format":"standard","meta":{"footnotes":""},"categories":[3],"tags":[],"class_list":["post-51011","post","type-post","status-publish","format-standard","has-post-thumbnail","hentry","category-tampico"],"yoast_head":"<!-- This site is optimized with the Yoast SEO plugin v27.4 - https:\/\/yoast.com\/product\/yoast-seo-wordpress\/ -->\n<title>POBLACI\u00d3N DE LA ZONA SUR NO TIENE LA CULTURA DEL ALMACENAJE DEL AGUA: SRH - EL INFORMATIVO DE TAMAULIPAS<\/title>\n<meta name=\"description\" content=\"*En Ciudades Como Victoria El 95% De La Poblaci\u00f3n Tiene Tinacos En Sus Domicilios &nbsp; &nbsp; El Secretario de Recursos Hidr\u00e1ulicos del Gobierno del\" \/>\n<meta name=\"robots\" content=\"index, follow, max-snippet:-1, max-image-preview:large, max-video-preview:-1\" \/>\n<link rel=\"canonical\" href=\"https:\/\/elinformativotam.com\/index.php\/2024\/06\/05\/poblacion-de-la-zona-sur-no-tiene-la-cultura-del-almacenaje-del-agua-srh\/\" \/>\n<meta property=\"og:locale\" content=\"es_MX\" \/>\n<meta property=\"og:type\" content=\"article\" \/>\n<meta property=\"og:title\" content=\"POBLACI\u00d3N DE LA ZONA SUR NO TIENE LA CULTURA DEL ALMACENAJE DEL AGUA: SRH - EL INFORMATIVO DE TAMAULIPAS\" \/>\n<meta property=\"og:description\" content=\"*En Ciudades Como Victoria El 95% De La Poblaci\u00f3n Tiene Tinacos En Sus Domicilios &nbsp; &nbsp; El Secretario de Recursos Hidr\u00e1ulicos del Gobierno del\" \/>\n<meta property=\"og:url\" content=\"https:\/\/elinformativotam.com\/index.php\/2024\/06\/05\/poblacion-de-la-zona-sur-no-tiene-la-cultura-del-almacenaje-del-agua-srh\/\" \/>\n<meta property=\"og:site_name\" content=\"EL INFORMATIVO DE TAMAULIPAS\" \/>\n<meta property=\"article:published_time\" content=\"2024-06-06T03:42:08+00:00\" \/>\n<meta property=\"og:image\" content=\"https:\/\/elinformativotam.com\/wp-content\/uploads\/2024\/06\/Quiroga.jpeg\" \/>\n\t<meta property=\"og:image:width\" content=\"702\" \/>\n\t<meta property=\"og:image:height\" content=\"1600\" \/>\n\t<meta property=\"og:image:type\" content=\"image\/jpeg\" \/>\n<meta name=\"author\" content=\"El Informativo Tam\" \/>\n<meta name=\"twitter:card\" content=\"summary_large_image\" \/>\n<meta name=\"twitter:label1\" content=\"Escrito por\" \/>\n\t<meta name=\"twitter:data1\" content=\"El Informativo Tam\" \/>\n\t<meta name=\"twitter:label2\" content=\"Tiempo de lectura\" \/>\n\t<meta name=\"twitter:data2\" content=\"2 minutos\" \/>\n<script type=\"application\/ld+json\" class=\"yoast-schema-graph\">{\"@context\":\"https:\\\/\\\/schema.org\",\"@graph\":[{\"@type\":\"Article\",\"@id\":\"https:\\\/\\\/elinformativotam.com\\\/index.php\\\/2024\\\/06\\\/05\\\/poblacion-de-la-zona-sur-no-tiene-la-cultura-del-almacenaje-del-agua-srh\\\/#article\",\"isPartOf\":{\"@id\":\"https:\\\/\\\/elinformativotam.com\\\/index.php\\\/2024\\\/06\\\/05\\\/poblacion-de-la-zona-sur-no-tiene-la-cultura-del-almacenaje-del-agua-srh\\\/\"},\"author\":{\"name\":\"El Informativo Tam\",\"@id\":\"https:\\\/\\\/elinformativotam.com\\\/#\\\/schema\\\/person\\\/78e08040eed0f6110f0c5f83b6153590\"},\"headline\":\"POBLACI\u00d3N DE LA ZONA SUR NO TIENE LA CULTURA DEL ALMACENAJE DEL AGUA: SRH\",\"datePublished\":\"2024-06-06T03:42:08+00:00\",\"mainEntityOfPage\":{\"@id\":\"https:\\\/\\\/elinformativotam.com\\\/index.php\\\/2024\\\/06\\\/05\\\/poblacion-de-la-zona-sur-no-tiene-la-cultura-del-almacenaje-del-agua-srh\\\/\"},\"wordCount\":359,\"commentCount\":0,\"publisher\":{\"@id\":\"https:\\\/\\\/elinformativotam.com\\\/#organization\"},\"image\":{\"@id\":\"https:\\\/\\\/elinformativotam.com\\\/index.php\\\/2024\\\/06\\\/05\\\/poblacion-de-la-zona-sur-no-tiene-la-cultura-del-almacenaje-del-agua-srh\\\/#primaryimage\"},\"thumbnailUrl\":\"https:\\\/\\\/elinformativotam.com\\\/wp-content\\\/uploads\\\/2024\\\/06\\\/Quiroga.jpeg\",\"articleSection\":[\"Tampico\"],\"inLanguage\":\"es\",\"potentialAction\":[{\"@type\":\"CommentAction\",\"name\":\"Comment\",\"target\":[\"https:\\\/\\\/elinformativotam.com\\\/index.php\\\/2024\\\/06\\\/05\\\/poblacion-de-la-zona-sur-no-tiene-la-cultura-del-almacenaje-del-agua-srh\\\/#respond\"]}]},{\"@type\":\"WebPage\",\"@id\":\"https:\\\/\\\/elinformativotam.com\\\/index.php\\\/2024\\\/06\\\/05\\\/poblacion-de-la-zona-sur-no-tiene-la-cultura-del-almacenaje-del-agua-srh\\\/\",\"url\":\"https:\\\/\\\/elinformativotam.com\\\/index.php\\\/2024\\\/06\\\/05\\\/poblacion-de-la-zona-sur-no-tiene-la-cultura-del-almacenaje-del-agua-srh\\\/\",\"name\":\"POBLACI\u00d3N DE LA ZONA SUR NO TIENE LA CULTURA DEL ALMACENAJE DEL AGUA: SRH - EL INFORMATIVO DE TAMAULIPAS\",\"isPartOf\":{\"@id\":\"https:\\\/\\\/elinformativotam.com\\\/#website\"},\"primaryImageOfPage\":{\"@id\":\"https:\\\/\\\/elinformativotam.com\\\/index.php\\\/2024\\\/06\\\/05\\\/poblacion-de-la-zona-sur-no-tiene-la-cultura-del-almacenaje-del-agua-srh\\\/#primaryimage\"},\"image\":{\"@id\":\"https:\\\/\\\/elinformativotam.com\\\/index.php\\\/2024\\\/06\\\/05\\\/poblacion-de-la-zona-sur-no-tiene-la-cultura-del-almacenaje-del-agua-srh\\\/#primaryimage\"},\"thumbnailUrl\":\"https:\\\/\\\/elinformativotam.com\\\/wp-content\\\/uploads\\\/2024\\\/06\\\/Quiroga.jpeg\",\"datePublished\":\"2024-06-06T03:42:08+00:00\",\"description\":\"*En Ciudades Como Victoria El 95% De La Poblaci\u00f3n Tiene Tinacos En Sus Domicilios &nbsp; &nbsp; El Secretario de Recursos Hidr\u00e1ulicos del Gobierno del\",\"inLanguage\":\"es\",\"potentialAction\":[{\"@type\":\"ReadAction\",\"target\":[\"https:\\\/\\\/elinformativotam.com\\\/index.php\\\/2024\\\/06\\\/05\\\/poblacion-de-la-zona-sur-no-tiene-la-cultura-del-almacenaje-del-agua-srh\\\/\"]}]},{\"@type\":\"ImageObject\",\"inLanguage\":\"es\",\"@id\":\"https:\\\/\\\/elinformativotam.com\\\/index.php\\\/2024\\\/06\\\/05\\\/poblacion-de-la-zona-sur-no-tiene-la-cultura-del-almacenaje-del-agua-srh\\\/#primaryimage\",\"url\":\"https:\\\/\\\/elinformativotam.com\\\/wp-content\\\/uploads\\\/2024\\\/06\\\/Quiroga.jpeg\",\"contentUrl\":\"https:\\\/\\\/elinformativotam.com\\\/wp-content\\\/uploads\\\/2024\\\/06\\\/Quiroga.jpeg\",\"width\":702,\"height\":1600},{\"@type\":\"WebSite\",\"@id\":\"https:\\\/\\\/elinformativotam.com\\\/#website\",\"url\":\"https:\\\/\\\/elinformativotam.com\\\/\",\"name\":\"EL INFORMATIVO DE TAMAULIPAS\",\"description\":\"Desde la Zona Metropolitana Para Todo M\u00e9xico\",\"publisher\":{\"@id\":\"https:\\\/\\\/elinformativotam.com\\\/#organization\"},\"potentialAction\":[{\"@type\":\"SearchAction\",\"target\":{\"@type\":\"EntryPoint\",\"urlTemplate\":\"https:\\\/\\\/elinformativotam.com\\\/?s={search_term_string}\"},\"query-input\":{\"@type\":\"PropertyValueSpecification\",\"valueRequired\":true,\"valueName\":\"search_term_string\"}}],\"inLanguage\":\"es\"},{\"@type\":\"Organization\",\"@id\":\"https:\\\/\\\/elinformativotam.com\\\/#organization\",\"name\":\"EL INFORMATIVO DE TAMAULIPAS\",\"url\":\"https:\\\/\\\/elinformativotam.com\\\/\",\"logo\":{\"@type\":\"ImageObject\",\"inLanguage\":\"es\",\"@id\":\"https:\\\/\\\/elinformativotam.com\\\/#\\\/schema\\\/logo\\\/image\\\/\",\"url\":\"https:\\\/\\\/elinformativotam.com\\\/wp-content\\\/uploads\\\/2026\\\/02\\\/Cabezal.png\",\"contentUrl\":\"https:\\\/\\\/elinformativotam.com\\\/wp-content\\\/uploads\\\/2026\\\/02\\\/Cabezal.png\",\"width\":960,\"height\":640,\"caption\":\"EL INFORMATIVO DE TAMAULIPAS\"},\"image\":{\"@id\":\"https:\\\/\\\/elinformativotam.com\\\/#\\\/schema\\\/logo\\\/image\\\/\"}},{\"@type\":\"Person\",\"@id\":\"https:\\\/\\\/elinformativotam.com\\\/#\\\/schema\\\/person\\\/78e08040eed0f6110f0c5f83b6153590\",\"name\":\"El Informativo Tam\",\"image\":{\"@type\":\"ImageObject\",\"inLanguage\":\"es\",\"@id\":\"https:\\\/\\\/secure.gravatar.com\\\/avatar\\\/f3b7ad3af540688955925ac610647be00b0cf41feea9c4978b73a707ee86bc53?s=96&d=mm&r=g\",\"url\":\"https:\\\/\\\/secure.gravatar.com\\\/avatar\\\/f3b7ad3af540688955925ac610647be00b0cf41feea9c4978b73a707ee86bc53?s=96&d=mm&r=g\",\"contentUrl\":\"https:\\\/\\\/secure.gravatar.com\\\/avatar\\\/f3b7ad3af540688955925ac610647be00b0cf41feea9c4978b73a707ee86bc53?s=96&d=mm&r=g\",\"caption\":\"El Informativo Tam\"}}]}<\/script>\n<!-- \/ Yoast SEO plugin. -->","yoast_head_json":{"title":"POBLACI\u00d3N DE LA ZONA SUR NO TIENE LA CULTURA DEL ALMACENAJE DEL AGUA: SRH - EL INFORMATIVO DE TAMAULIPAS","description":"*En Ciudades Como Victoria El 95% De La Poblaci\u00f3n Tiene Tinacos En Sus Domicilios &nbsp; &nbsp; El Secretario de Recursos Hidr\u00e1ulicos del Gobierno del","robots":{"index":"index","follow":"follow","max-snippet":"max-snippet:-1","max-image-preview":"max-image-preview:large","max-video-preview":"max-video-preview:-1"},"canonical":"https:\/\/elinformativotam.com\/index.php\/2024\/06\/05\/poblacion-de-la-zona-sur-no-tiene-la-cultura-del-almacenaje-del-agua-srh\/","og_locale":"es_MX","og_type":"article","og_title":"POBLACI\u00d3N DE LA ZONA SUR NO TIENE LA CULTURA DEL ALMACENAJE DEL AGUA: SRH - EL INFORMATIVO DE TAMAULIPAS","og_description":"*En Ciudades Como Victoria El 95% De La Poblaci\u00f3n Tiene Tinacos En Sus Domicilios &nbsp; &nbsp; El Secretario de Recursos Hidr\u00e1ulicos del Gobierno del","og_url":"https:\/\/elinformativotam.com\/index.php\/2024\/06\/05\/poblacion-de-la-zona-sur-no-tiene-la-cultura-del-almacenaje-del-agua-srh\/","og_site_name":"EL INFORMATIVO DE TAMAULIPAS","article_published_time":"2024-06-06T03:42:08+00:00","og_image":[{"width":702,"height":1600,"url":"https:\/\/elinformativotam.com\/wp-content\/uploads\/2024\/06\/Quiroga.jpeg","type":"image\/jpeg"}],"author":"El Informativo Tam","twitter_card":"summary_large_image","twitter_misc":{"Escrito por":"El Informativo Tam","Tiempo de lectura":"2 minutos"},"schema":{"@context":"https:\/\/schema.org","@graph":[{"@type":"Article","@id":"https:\/\/elinformativotam.com\/index.php\/2024\/06\/05\/poblacion-de-la-zona-sur-no-tiene-la-cultura-del-almacenaje-del-agua-srh\/#article","isPartOf":{"@id":"https:\/\/elinformativotam.com\/index.php\/2024\/06\/05\/poblacion-de-la-zona-sur-no-tiene-la-cultura-del-almacenaje-del-agua-srh\/"},"author":{"name":"El Informativo Tam","@id":"https:\/\/elinformativotam.com\/#\/schema\/person\/78e08040eed0f6110f0c5f83b6153590"},"headline":"POBLACI\u00d3N DE LA ZONA SUR NO TIENE LA CULTURA DEL ALMACENAJE DEL AGUA: SRH","datePublished":"2024-06-06T03:42:08+00:00","mainEntityOfPage":{"@id":"https:\/\/elinformativotam.com\/index.php\/2024\/06\/05\/poblacion-de-la-zona-sur-no-tiene-la-cultura-del-almacenaje-del-agua-srh\/"},"wordCount":359,"commentCount":0,"publisher":{"@id":"https:\/\/elinformativotam.com\/#organization"},"image":{"@id":"https:\/\/elinformativotam.com\/index.php\/2024\/06\/05\/poblacion-de-la-zona-sur-no-tiene-la-cultura-del-almacenaje-del-agua-srh\/#primaryimage"},"thumbnailUrl":"https:\/\/elinformativotam.com\/wp-content\/uploads\/2024\/06\/Quiroga.jpeg","articleSection":["Tampico"],"inLanguage":"es","potentialAction":[{"@type":"CommentAction","name":"Comment","target":["https:\/\/elinformativotam.com\/index.php\/2024\/06\/05\/poblacion-de-la-zona-sur-no-tiene-la-cultura-del-almacenaje-del-agua-srh\/#respond"]}]},{"@type":"WebPage","@id":"https:\/\/elinformativotam.com\/index.php\/2024\/06\/05\/poblacion-de-la-zona-sur-no-tiene-la-cultura-del-almacenaje-del-agua-srh\/","url":"https:\/\/elinformativotam.com\/index.php\/2024\/06\/05\/poblacion-de-la-zona-sur-no-tiene-la-cultura-del-almacenaje-del-agua-srh\/","name":"POBLACI\u00d3N DE LA ZONA SUR NO TIENE LA CULTURA DEL ALMACENAJE DEL AGUA: SRH - EL INFORMATIVO DE TAMAULIPAS","isPartOf":{"@id":"https:\/\/elinformativotam.com\/#website"},"primaryImageOfPage":{"@id":"https:\/\/elinformativotam.com\/index.php\/2024\/06\/05\/poblacion-de-la-zona-sur-no-tiene-la-cultura-del-almacenaje-del-agua-srh\/#primaryimage"},"image":{"@id":"https:\/\/elinformativotam.com\/index.php\/2024\/06\/05\/poblacion-de-la-zona-sur-no-tiene-la-cultura-del-almacenaje-del-agua-srh\/#primaryimage"},"thumbnailUrl":"https:\/\/elinformativotam.com\/wp-content\/uploads\/2024\/06\/Quiroga.jpeg","datePublished":"2024-06-06T03:42:08+00:00","description":"*En Ciudades Como Victoria El 95% De La Poblaci\u00f3n Tiene Tinacos En Sus Domicilios &nbsp; &nbsp; El Secretario de Recursos Hidr\u00e1ulicos del Gobierno del","inLanguage":"es","potentialAction":[{"@type":"ReadAction","target":["https:\/\/elinformativotam.com\/index.php\/2024\/06\/05\/poblacion-de-la-zona-sur-no-tiene-la-cultura-del-almacenaje-del-agua-srh\/"]}]},{"@type":"ImageObject","inLanguage":"es","@id":"https:\/\/elinformativotam.com\/index.php\/2024\/06\/05\/poblacion-de-la-zona-sur-no-tiene-la-cultura-del-almacenaje-del-agua-srh\/#primaryimage","url":"https:\/\/elinformativotam.com\/wp-content\/uploads\/2024\/06\/Quiroga.jpeg","contentUrl":"https:\/\/elinformativotam.com\/wp-content\/uploads\/2024\/06\/Quiroga.jpeg","width":702,"height":1600},{"@type":"WebSite","@id":"https:\/\/elinformativotam.com\/#website","url":"https:\/\/elinformativotam.com\/","name":"EL INFORMATIVO DE TAMAULIPAS","description":"Desde la Zona Metropolitana Para Todo M\u00e9xico","publisher":{"@id":"https:\/\/elinformativotam.com\/#organization"},"potentialAction":[{"@type":"SearchAction","target":{"@type":"EntryPoint","urlTemplate":"https:\/\/elinformativotam.com\/?s={search_term_string}"},"query-input":{"@type":"PropertyValueSpecification","valueRequired":true,"valueName":"search_term_string"}}],"inLanguage":"es"},{"@type":"Organization","@id":"https:\/\/elinformativotam.com\/#organization","name":"EL INFORMATIVO DE TAMAULIPAS","url":"https:\/\/elinformativotam.com\/","logo":{"@type":"ImageObject","inLanguage":"es","@id":"https:\/\/elinformativotam.com\/#\/schema\/logo\/image\/","url":"https:\/\/elinformativotam.com\/wp-content\/uploads\/2026\/02\/Cabezal.png","contentUrl":"https:\/\/elinformativotam.com\/wp-content\/uploads\/2026\/02\/Cabezal.png","width":960,"height":640,"caption":"EL INFORMATIVO DE TAMAULIPAS"},"image":{"@id":"https:\/\/elinformativotam.com\/#\/schema\/logo\/image\/"}},{"@type":"Person","@id":"https:\/\/elinformativotam.com\/#\/schema\/person\/78e08040eed0f6110f0c5f83b6153590","name":"El Informativo Tam","image":{"@type":"ImageObject","inLanguage":"es","@id":"https:\/\/secure.gravatar.com\/avatar\/f3b7ad3af540688955925ac610647be00b0cf41feea9c4978b73a707ee86bc53?s=96&d=mm&r=g","url":"https:\/\/secure.gravatar.com\/avatar\/f3b7ad3af540688955925ac610647be00b0cf41feea9c4978b73a707ee86bc53?s=96&d=mm&r=g","contentUrl":"https:\/\/secure.gravatar.com\/avatar\/f3b7ad3af540688955925ac610647be00b0cf41feea9c4978b73a707ee86bc53?s=96&d=mm&r=g","caption":"El Informativo Tam"}}]}},"_links":{"self":[{"href":"https:\/\/elinformativotam.com\/index.php\/wp-json\/wp\/v2\/posts\/51011","targetHints":{"allow":["GET"]}}],"collection":[{"href":"https:\/\/elinformativotam.com\/index.php\/wp-json\/wp\/v2\/posts"}],"about":[{"href":"https:\/\/elinformativotam.com\/index.php\/wp-json\/wp\/v2\/types\/post"}],"author":[{"embeddable":true,"href":"https:\/\/elinformativotam.com\/index.php\/wp-json\/wp\/v2\/users\/1"}],"replies":[{"embeddable":true,"href":"https:\/\/elinformativotam.com\/index.php\/wp-json\/wp\/v2\/comments?post=51011"}],"version-history":[{"count":1,"href":"https:\/\/elinformativotam.com\/index.php\/wp-json\/wp\/v2\/posts\/51011\/revisions"}],"predecessor-version":[{"id":51013,"href":"https:\/\/elinformativotam.com\/index.php\/wp-json\/wp\/v2\/posts\/51011\/revisions\/51013"}],"wp:featuredmedia":[{"embeddable":true,"href":"https:\/\/elinformativotam.com\/index.php\/wp-json\/wp\/v2\/media\/51012"}],"wp:attachment":[{"href":"https:\/\/elinformativotam.com\/index.php\/wp-json\/wp\/v2\/media?parent=51011"}],"wp:term":[{"taxonomy":"category","embeddable":true,"href":"https:\/\/elinformativotam.com\/index.php\/wp-json\/wp\/v2\/categories?post=51011"},{"taxonomy":"post_tag","embeddable":true,"href":"https:\/\/elinformativotam.com\/index.php\/wp-json\/wp\/v2\/tags?post=51011"}],"curies":[{"name":"wp","href":"https:\/\/api.w.org\/{rel}","templated":true}]}}