{"id":51007,"date":"2024-06-04T21:50:07","date_gmt":"2024-06-05T03:50:07","guid":{"rendered":"https:\/\/elinformativotam.com\/?p=51007"},"modified":"2024-06-04T21:50:07","modified_gmt":"2024-06-05T03:50:07","slug":"hay-solidaridad-de-ip-en-apoyar-al-gobierno-en-problema-hidrico","status":"publish","type":"post","link":"https:\/\/elinformativotam.com\/index.php\/2024\/06\/04\/hay-solidaridad-de-ip-en-apoyar-al-gobierno-en-problema-hidrico\/","title":{"rendered":"HAY SOLIDARIDAD DE IP EN APOYAR AL GOBIERNO EN PROBLEMA H\u00cdDRICO"},"content":{"rendered":"<h2 style=\"text-align: center;\"><em><span style=\"font-family: 'times new roman', times;\">*Empresarios Han Aportado Maquinar\u00eda Y Equipo Para Atender La Situaci\u00f3n De La Falta De Agua<\/span><\/em><\/h2>\n<p>&nbsp;<\/p>\n<p>Gran parte de los empresarios de la zona han atendido el llamado de la mesa ciudadana del agua para colaborar con las autoridades de gobierno, en la realizaci\u00f3n de trabajos que se han derivado de la crisis h\u00eddrica hist\u00f3rica que impacta al \u00e1rea metropolitana.<\/p>\n<p>&nbsp;<\/p>\n<p>Al respecto, la vicepresidente de Coparmex, Xochiketzalli Viviana Rodr\u00edguez Rodr\u00edguez, afirm\u00f3 qu\u00e9 afortunadamente el sector privado ha mostrado solidaridad al severo impacto por el que atraviesa la regi\u00f3n en el tema de la falta de lluvias puntales.<\/p>\n<p>&nbsp;<\/p>\n<p>Remarc\u00f3 la importancia de que la poblaci\u00f3n siga ahorrando el vital l\u00edquido, y en cu\u00e1nto caigan las primeras precipitaciones pluviales.<\/p>\n<p>&nbsp;<\/p>\n<p>&#8220;Captar la mayor parte de agua lluvia que les sea posible, es una problem\u00e1tica que no se va a resolver en corto plazo, debe haber una recuperaci\u00f3n casi total del sistema lagunario&#8221;, acot\u00f3<\/p>\n<p>&nbsp;<\/p>\n<p>Rodr\u00edguez, dej\u00f3 en claro que la mesa ciudadana del agua reconoce el gran apoyo de empresarios, como de la construcci\u00f3n, que en d\u00edas pasados se sumaron a las acciones emergentes que encabezan las autoridades involucradas en el tema.<\/p>\n<p>&nbsp;<\/p>\n<p>&#8220;Incluso aportando equipo caro, consiguiendo material importante para atender esta crisis hist\u00f3rica&#8221;, a\u00f1adi\u00f3<\/p>\n<p>&nbsp;<\/p>\n<p>Rodr\u00edguez, enfatiz\u00f3 que las condiciones siguen siendo adversas, por lo que pidi\u00f3 a la poblaci\u00f3n no caer en psicosis, ni realizar acciones de vandalismo para obtener el preciado l\u00edquido.<\/p>\n<p>&nbsp;<\/p>\n<p>&#8220;Se debe mantener la calma, las autoridades est\u00e1n trabajando, y la mesa ciudadana del agua apoya en todo lo que sea posible&#8221;, acot\u00f3.<\/p>\n<p>&nbsp;<\/p>\n<p>&nbsp;<\/p>\n","protected":false},"excerpt":{"rendered":"<p>*Empresarios Han Aportado Maquinar\u00eda Y Equipo Para Atender La Situaci\u00f3n De La Falta De Agua &nbsp; Gran parte de los&hellip;<\/p>\n","protected":false},"author":1,"featured_media":51002,"comment_status":"open","ping_status":"open","sticky":false,"template":"","format":"standard","meta":{"footnotes":""},"categories":[3],"tags":[],"class_list":["post-51007","post","type-post","status-publish","format-standard","has-post-thumbnail","hentry","category-tampico"],"yoast_head":"<!-- This site is optimized with the Yoast SEO plugin v27.4 - https:\/\/yoast.com\/product\/yoast-seo-wordpress\/ -->\n<title>HAY SOLIDARIDAD DE IP EN APOYAR AL GOBIERNO EN PROBLEMA H\u00cdDRICO - EL INFORMATIVO DE TAMAULIPAS<\/title>\n<meta name=\"description\" content=\"*Empresarios Han Aportado Maquinar\u00eda Y Equipo Para Atender La Situaci\u00f3n De La Falta De Agua &nbsp; Gran parte de los empresarios de la zona han atendido\" \/>\n<meta name=\"robots\" content=\"index, follow, max-snippet:-1, max-image-preview:large, max-video-preview:-1\" \/>\n<link rel=\"canonical\" href=\"https:\/\/elinformativotam.com\/index.php\/2024\/06\/04\/hay-solidaridad-de-ip-en-apoyar-al-gobierno-en-problema-hidrico\/\" \/>\n<meta property=\"og:locale\" content=\"es_MX\" \/>\n<meta property=\"og:type\" content=\"article\" \/>\n<meta property=\"og:title\" content=\"HAY SOLIDARIDAD DE IP EN APOYAR AL GOBIERNO EN PROBLEMA H\u00cdDRICO - EL INFORMATIVO DE TAMAULIPAS\" \/>\n<meta property=\"og:description\" content=\"*Empresarios Han Aportado Maquinar\u00eda Y Equipo Para Atender La Situaci\u00f3n De La Falta De Agua &nbsp; Gran parte de los empresarios de la zona han atendido\" \/>\n<meta property=\"og:url\" content=\"https:\/\/elinformativotam.com\/index.php\/2024\/06\/04\/hay-solidaridad-de-ip-en-apoyar-al-gobierno-en-problema-hidrico\/\" \/>\n<meta property=\"og:site_name\" content=\"EL INFORMATIVO DE TAMAULIPAS\" \/>\n<meta property=\"article:published_time\" content=\"2024-06-05T03:50:07+00:00\" \/>\n<meta property=\"og:image\" content=\"https:\/\/elinformativotam.com\/wp-content\/uploads\/2024\/06\/Xochiketzalli.jpeg\" \/>\n\t<meta property=\"og:image:width\" content=\"1600\" \/>\n\t<meta property=\"og:image:height\" content=\"1204\" \/>\n\t<meta property=\"og:image:type\" content=\"image\/jpeg\" \/>\n<meta name=\"author\" content=\"El Informativo Tam\" \/>\n<meta name=\"twitter:card\" content=\"summary_large_image\" \/>\n<meta name=\"twitter:label1\" content=\"Escrito por\" \/>\n\t<meta name=\"twitter:data1\" content=\"El Informativo Tam\" \/>\n\t<meta name=\"twitter:label2\" content=\"Tiempo de lectura\" \/>\n\t<meta name=\"twitter:data2\" content=\"2 minutos\" \/>\n<script type=\"application\/ld+json\" class=\"yoast-schema-graph\">{\"@context\":\"https:\\\/\\\/schema.org\",\"@graph\":[{\"@type\":\"Article\",\"@id\":\"https:\\\/\\\/elinformativotam.com\\\/index.php\\\/2024\\\/06\\\/04\\\/hay-solidaridad-de-ip-en-apoyar-al-gobierno-en-problema-hidrico\\\/#article\",\"isPartOf\":{\"@id\":\"https:\\\/\\\/elinformativotam.com\\\/index.php\\\/2024\\\/06\\\/04\\\/hay-solidaridad-de-ip-en-apoyar-al-gobierno-en-problema-hidrico\\\/\"},\"author\":{\"name\":\"El Informativo Tam\",\"@id\":\"https:\\\/\\\/elinformativotam.com\\\/#\\\/schema\\\/person\\\/78e08040eed0f6110f0c5f83b6153590\"},\"headline\":\"HAY SOLIDARIDAD DE IP EN APOYAR AL GOBIERNO EN PROBLEMA H\u00cdDRICO\",\"datePublished\":\"2024-06-05T03:50:07+00:00\",\"mainEntityOfPage\":{\"@id\":\"https:\\\/\\\/elinformativotam.com\\\/index.php\\\/2024\\\/06\\\/04\\\/hay-solidaridad-de-ip-en-apoyar-al-gobierno-en-problema-hidrico\\\/\"},\"wordCount\":296,\"commentCount\":0,\"publisher\":{\"@id\":\"https:\\\/\\\/elinformativotam.com\\\/#organization\"},\"image\":{\"@id\":\"https:\\\/\\\/elinformativotam.com\\\/index.php\\\/2024\\\/06\\\/04\\\/hay-solidaridad-de-ip-en-apoyar-al-gobierno-en-problema-hidrico\\\/#primaryimage\"},\"thumbnailUrl\":\"https:\\\/\\\/elinformativotam.com\\\/wp-content\\\/uploads\\\/2024\\\/06\\\/Xochiketzalli.jpeg\",\"articleSection\":[\"Tampico\"],\"inLanguage\":\"es\",\"potentialAction\":[{\"@type\":\"CommentAction\",\"name\":\"Comment\",\"target\":[\"https:\\\/\\\/elinformativotam.com\\\/index.php\\\/2024\\\/06\\\/04\\\/hay-solidaridad-de-ip-en-apoyar-al-gobierno-en-problema-hidrico\\\/#respond\"]}]},{\"@type\":\"WebPage\",\"@id\":\"https:\\\/\\\/elinformativotam.com\\\/index.php\\\/2024\\\/06\\\/04\\\/hay-solidaridad-de-ip-en-apoyar-al-gobierno-en-problema-hidrico\\\/\",\"url\":\"https:\\\/\\\/elinformativotam.com\\\/index.php\\\/2024\\\/06\\\/04\\\/hay-solidaridad-de-ip-en-apoyar-al-gobierno-en-problema-hidrico\\\/\",\"name\":\"HAY SOLIDARIDAD DE IP EN APOYAR AL GOBIERNO EN PROBLEMA H\u00cdDRICO - EL INFORMATIVO DE TAMAULIPAS\",\"isPartOf\":{\"@id\":\"https:\\\/\\\/elinformativotam.com\\\/#website\"},\"primaryImageOfPage\":{\"@id\":\"https:\\\/\\\/elinformativotam.com\\\/index.php\\\/2024\\\/06\\\/04\\\/hay-solidaridad-de-ip-en-apoyar-al-gobierno-en-problema-hidrico\\\/#primaryimage\"},\"image\":{\"@id\":\"https:\\\/\\\/elinformativotam.com\\\/index.php\\\/2024\\\/06\\\/04\\\/hay-solidaridad-de-ip-en-apoyar-al-gobierno-en-problema-hidrico\\\/#primaryimage\"},\"thumbnailUrl\":\"https:\\\/\\\/elinformativotam.com\\\/wp-content\\\/uploads\\\/2024\\\/06\\\/Xochiketzalli.jpeg\",\"datePublished\":\"2024-06-05T03:50:07+00:00\",\"description\":\"*Empresarios Han Aportado Maquinar\u00eda Y Equipo Para Atender La Situaci\u00f3n De La Falta De Agua &nbsp; Gran parte de los empresarios de la zona han atendido\",\"inLanguage\":\"es\",\"potentialAction\":[{\"@type\":\"ReadAction\",\"target\":[\"https:\\\/\\\/elinformativotam.com\\\/index.php\\\/2024\\\/06\\\/04\\\/hay-solidaridad-de-ip-en-apoyar-al-gobierno-en-problema-hidrico\\\/\"]}]},{\"@type\":\"ImageObject\",\"inLanguage\":\"es\",\"@id\":\"https:\\\/\\\/elinformativotam.com\\\/index.php\\\/2024\\\/06\\\/04\\\/hay-solidaridad-de-ip-en-apoyar-al-gobierno-en-problema-hidrico\\\/#primaryimage\",\"url\":\"https:\\\/\\\/elinformativotam.com\\\/wp-content\\\/uploads\\\/2024\\\/06\\\/Xochiketzalli.jpeg\",\"contentUrl\":\"https:\\\/\\\/elinformativotam.com\\\/wp-content\\\/uploads\\\/2024\\\/06\\\/Xochiketzalli.jpeg\",\"width\":1600,\"height\":1204},{\"@type\":\"WebSite\",\"@id\":\"https:\\\/\\\/elinformativotam.com\\\/#website\",\"url\":\"https:\\\/\\\/elinformativotam.com\\\/\",\"name\":\"EL INFORMATIVO DE TAMAULIPAS\",\"description\":\"Desde la Zona Metropolitana Para Todo M\u00e9xico\",\"publisher\":{\"@id\":\"https:\\\/\\\/elinformativotam.com\\\/#organization\"},\"potentialAction\":[{\"@type\":\"SearchAction\",\"target\":{\"@type\":\"EntryPoint\",\"urlTemplate\":\"https:\\\/\\\/elinformativotam.com\\\/?s={search_term_string}\"},\"query-input\":{\"@type\":\"PropertyValueSpecification\",\"valueRequired\":true,\"valueName\":\"search_term_string\"}}],\"inLanguage\":\"es\"},{\"@type\":\"Organization\",\"@id\":\"https:\\\/\\\/elinformativotam.com\\\/#organization\",\"name\":\"EL INFORMATIVO DE TAMAULIPAS\",\"url\":\"https:\\\/\\\/elinformativotam.com\\\/\",\"logo\":{\"@type\":\"ImageObject\",\"inLanguage\":\"es\",\"@id\":\"https:\\\/\\\/elinformativotam.com\\\/#\\\/schema\\\/logo\\\/image\\\/\",\"url\":\"https:\\\/\\\/elinformativotam.com\\\/wp-content\\\/uploads\\\/2026\\\/02\\\/Cabezal.png\",\"contentUrl\":\"https:\\\/\\\/elinformativotam.com\\\/wp-content\\\/uploads\\\/2026\\\/02\\\/Cabezal.png\",\"width\":960,\"height\":640,\"caption\":\"EL INFORMATIVO DE TAMAULIPAS\"},\"image\":{\"@id\":\"https:\\\/\\\/elinformativotam.com\\\/#\\\/schema\\\/logo\\\/image\\\/\"}},{\"@type\":\"Person\",\"@id\":\"https:\\\/\\\/elinformativotam.com\\\/#\\\/schema\\\/person\\\/78e08040eed0f6110f0c5f83b6153590\",\"name\":\"El Informativo Tam\",\"image\":{\"@type\":\"ImageObject\",\"inLanguage\":\"es\",\"@id\":\"https:\\\/\\\/secure.gravatar.com\\\/avatar\\\/f3b7ad3af540688955925ac610647be00b0cf41feea9c4978b73a707ee86bc53?s=96&d=mm&r=g\",\"url\":\"https:\\\/\\\/secure.gravatar.com\\\/avatar\\\/f3b7ad3af540688955925ac610647be00b0cf41feea9c4978b73a707ee86bc53?s=96&d=mm&r=g\",\"contentUrl\":\"https:\\\/\\\/secure.gravatar.com\\\/avatar\\\/f3b7ad3af540688955925ac610647be00b0cf41feea9c4978b73a707ee86bc53?s=96&d=mm&r=g\",\"caption\":\"El Informativo Tam\"}}]}<\/script>\n<!-- \/ Yoast SEO plugin. -->","yoast_head_json":{"title":"HAY SOLIDARIDAD DE IP EN APOYAR AL GOBIERNO EN PROBLEMA H\u00cdDRICO - EL INFORMATIVO DE TAMAULIPAS","description":"*Empresarios Han Aportado Maquinar\u00eda Y Equipo Para Atender La Situaci\u00f3n De La Falta De Agua &nbsp; Gran parte de los empresarios de la zona han atendido","robots":{"index":"index","follow":"follow","max-snippet":"max-snippet:-1","max-image-preview":"max-image-preview:large","max-video-preview":"max-video-preview:-1"},"canonical":"https:\/\/elinformativotam.com\/index.php\/2024\/06\/04\/hay-solidaridad-de-ip-en-apoyar-al-gobierno-en-problema-hidrico\/","og_locale":"es_MX","og_type":"article","og_title":"HAY SOLIDARIDAD DE IP EN APOYAR AL GOBIERNO EN PROBLEMA H\u00cdDRICO - EL INFORMATIVO DE TAMAULIPAS","og_description":"*Empresarios Han Aportado Maquinar\u00eda Y Equipo Para Atender La Situaci\u00f3n De La Falta De Agua &nbsp; Gran parte de los empresarios de la zona han atendido","og_url":"https:\/\/elinformativotam.com\/index.php\/2024\/06\/04\/hay-solidaridad-de-ip-en-apoyar-al-gobierno-en-problema-hidrico\/","og_site_name":"EL INFORMATIVO DE TAMAULIPAS","article_published_time":"2024-06-05T03:50:07+00:00","og_image":[{"width":1600,"height":1204,"url":"https:\/\/elinformativotam.com\/wp-content\/uploads\/2024\/06\/Xochiketzalli.jpeg","type":"image\/jpeg"}],"author":"El Informativo Tam","twitter_card":"summary_large_image","twitter_misc":{"Escrito por":"El Informativo Tam","Tiempo de lectura":"2 minutos"},"schema":{"@context":"https:\/\/schema.org","@graph":[{"@type":"Article","@id":"https:\/\/elinformativotam.com\/index.php\/2024\/06\/04\/hay-solidaridad-de-ip-en-apoyar-al-gobierno-en-problema-hidrico\/#article","isPartOf":{"@id":"https:\/\/elinformativotam.com\/index.php\/2024\/06\/04\/hay-solidaridad-de-ip-en-apoyar-al-gobierno-en-problema-hidrico\/"},"author":{"name":"El Informativo Tam","@id":"https:\/\/elinformativotam.com\/#\/schema\/person\/78e08040eed0f6110f0c5f83b6153590"},"headline":"HAY SOLIDARIDAD DE IP EN APOYAR AL GOBIERNO EN PROBLEMA H\u00cdDRICO","datePublished":"2024-06-05T03:50:07+00:00","mainEntityOfPage":{"@id":"https:\/\/elinformativotam.com\/index.php\/2024\/06\/04\/hay-solidaridad-de-ip-en-apoyar-al-gobierno-en-problema-hidrico\/"},"wordCount":296,"commentCount":0,"publisher":{"@id":"https:\/\/elinformativotam.com\/#organization"},"image":{"@id":"https:\/\/elinformativotam.com\/index.php\/2024\/06\/04\/hay-solidaridad-de-ip-en-apoyar-al-gobierno-en-problema-hidrico\/#primaryimage"},"thumbnailUrl":"https:\/\/elinformativotam.com\/wp-content\/uploads\/2024\/06\/Xochiketzalli.jpeg","articleSection":["Tampico"],"inLanguage":"es","potentialAction":[{"@type":"CommentAction","name":"Comment","target":["https:\/\/elinformativotam.com\/index.php\/2024\/06\/04\/hay-solidaridad-de-ip-en-apoyar-al-gobierno-en-problema-hidrico\/#respond"]}]},{"@type":"WebPage","@id":"https:\/\/elinformativotam.com\/index.php\/2024\/06\/04\/hay-solidaridad-de-ip-en-apoyar-al-gobierno-en-problema-hidrico\/","url":"https:\/\/elinformativotam.com\/index.php\/2024\/06\/04\/hay-solidaridad-de-ip-en-apoyar-al-gobierno-en-problema-hidrico\/","name":"HAY SOLIDARIDAD DE IP EN APOYAR AL GOBIERNO EN PROBLEMA H\u00cdDRICO - EL INFORMATIVO DE TAMAULIPAS","isPartOf":{"@id":"https:\/\/elinformativotam.com\/#website"},"primaryImageOfPage":{"@id":"https:\/\/elinformativotam.com\/index.php\/2024\/06\/04\/hay-solidaridad-de-ip-en-apoyar-al-gobierno-en-problema-hidrico\/#primaryimage"},"image":{"@id":"https:\/\/elinformativotam.com\/index.php\/2024\/06\/04\/hay-solidaridad-de-ip-en-apoyar-al-gobierno-en-problema-hidrico\/#primaryimage"},"thumbnailUrl":"https:\/\/elinformativotam.com\/wp-content\/uploads\/2024\/06\/Xochiketzalli.jpeg","datePublished":"2024-06-05T03:50:07+00:00","description":"*Empresarios Han Aportado Maquinar\u00eda Y Equipo Para Atender La Situaci\u00f3n De La Falta De Agua &nbsp; Gran parte de los empresarios de la zona han atendido","inLanguage":"es","potentialAction":[{"@type":"ReadAction","target":["https:\/\/elinformativotam.com\/index.php\/2024\/06\/04\/hay-solidaridad-de-ip-en-apoyar-al-gobierno-en-problema-hidrico\/"]}]},{"@type":"ImageObject","inLanguage":"es","@id":"https:\/\/elinformativotam.com\/index.php\/2024\/06\/04\/hay-solidaridad-de-ip-en-apoyar-al-gobierno-en-problema-hidrico\/#primaryimage","url":"https:\/\/elinformativotam.com\/wp-content\/uploads\/2024\/06\/Xochiketzalli.jpeg","contentUrl":"https:\/\/elinformativotam.com\/wp-content\/uploads\/2024\/06\/Xochiketzalli.jpeg","width":1600,"height":1204},{"@type":"WebSite","@id":"https:\/\/elinformativotam.com\/#website","url":"https:\/\/elinformativotam.com\/","name":"EL INFORMATIVO DE TAMAULIPAS","description":"Desde la Zona Metropolitana Para Todo M\u00e9xico","publisher":{"@id":"https:\/\/elinformativotam.com\/#organization"},"potentialAction":[{"@type":"SearchAction","target":{"@type":"EntryPoint","urlTemplate":"https:\/\/elinformativotam.com\/?s={search_term_string}"},"query-input":{"@type":"PropertyValueSpecification","valueRequired":true,"valueName":"search_term_string"}}],"inLanguage":"es"},{"@type":"Organization","@id":"https:\/\/elinformativotam.com\/#organization","name":"EL INFORMATIVO DE TAMAULIPAS","url":"https:\/\/elinformativotam.com\/","logo":{"@type":"ImageObject","inLanguage":"es","@id":"https:\/\/elinformativotam.com\/#\/schema\/logo\/image\/","url":"https:\/\/elinformativotam.com\/wp-content\/uploads\/2026\/02\/Cabezal.png","contentUrl":"https:\/\/elinformativotam.com\/wp-content\/uploads\/2026\/02\/Cabezal.png","width":960,"height":640,"caption":"EL INFORMATIVO DE TAMAULIPAS"},"image":{"@id":"https:\/\/elinformativotam.com\/#\/schema\/logo\/image\/"}},{"@type":"Person","@id":"https:\/\/elinformativotam.com\/#\/schema\/person\/78e08040eed0f6110f0c5f83b6153590","name":"El Informativo Tam","image":{"@type":"ImageObject","inLanguage":"es","@id":"https:\/\/secure.gravatar.com\/avatar\/f3b7ad3af540688955925ac610647be00b0cf41feea9c4978b73a707ee86bc53?s=96&d=mm&r=g","url":"https:\/\/secure.gravatar.com\/avatar\/f3b7ad3af540688955925ac610647be00b0cf41feea9c4978b73a707ee86bc53?s=96&d=mm&r=g","contentUrl":"https:\/\/secure.gravatar.com\/avatar\/f3b7ad3af540688955925ac610647be00b0cf41feea9c4978b73a707ee86bc53?s=96&d=mm&r=g","caption":"El Informativo Tam"}}]}},"_links":{"self":[{"href":"https:\/\/elinformativotam.com\/index.php\/wp-json\/wp\/v2\/posts\/51007","targetHints":{"allow":["GET"]}}],"collection":[{"href":"https:\/\/elinformativotam.com\/index.php\/wp-json\/wp\/v2\/posts"}],"about":[{"href":"https:\/\/elinformativotam.com\/index.php\/wp-json\/wp\/v2\/types\/post"}],"author":[{"embeddable":true,"href":"https:\/\/elinformativotam.com\/index.php\/wp-json\/wp\/v2\/users\/1"}],"replies":[{"embeddable":true,"href":"https:\/\/elinformativotam.com\/index.php\/wp-json\/wp\/v2\/comments?post=51007"}],"version-history":[{"count":1,"href":"https:\/\/elinformativotam.com\/index.php\/wp-json\/wp\/v2\/posts\/51007\/revisions"}],"predecessor-version":[{"id":51008,"href":"https:\/\/elinformativotam.com\/index.php\/wp-json\/wp\/v2\/posts\/51007\/revisions\/51008"}],"wp:featuredmedia":[{"embeddable":true,"href":"https:\/\/elinformativotam.com\/index.php\/wp-json\/wp\/v2\/media\/51002"}],"wp:attachment":[{"href":"https:\/\/elinformativotam.com\/index.php\/wp-json\/wp\/v2\/media?parent=51007"}],"wp:term":[{"taxonomy":"category","embeddable":true,"href":"https:\/\/elinformativotam.com\/index.php\/wp-json\/wp\/v2\/categories?post=51007"},{"taxonomy":"post_tag","embeddable":true,"href":"https:\/\/elinformativotam.com\/index.php\/wp-json\/wp\/v2\/tags?post=51007"}],"curies":[{"name":"wp","href":"https:\/\/api.w.org\/{rel}","templated":true}]}}