{"id":51005,"date":"2024-06-04T21:45:37","date_gmt":"2024-06-05T03:45:37","guid":{"rendered":"https:\/\/elinformativotam.com\/?p=51005"},"modified":"2024-06-04T21:45:37","modified_gmt":"2024-06-05T03:45:37","slug":"ante-la-sequia-autoridades-maderenses-exhortan-a-la-ciudadania-a-cuidar-el-agua","status":"publish","type":"post","link":"https:\/\/elinformativotam.com\/index.php\/2024\/06\/04\/ante-la-sequia-autoridades-maderenses-exhortan-a-la-ciudadania-a-cuidar-el-agua\/","title":{"rendered":"ANTE LA SEQU\u00cdA, AUTORIDADES MADERENSES EXHORTAN A LA CIUDADAN\u00cdA A CUIDAR EL AGUA"},"content":{"rendered":"<p>Debido a la cr\u00edtica situaci\u00f3n de sequ\u00eda que se vive en el noreste del pa\u00eds y particularmente, en el sur de Tamaulipas, que ha provocado la intermitencia en el suministro del agua hacia la red p\u00fablica, autoridades de Ciudad Madero exhortan a la ciudadan\u00eda a cuidar y hacer uso responsable y eficiente de este vital recurso en hogares y negocios.<\/p>\n<p>&nbsp;<\/p>\n<p>Sobre lo anterior, el director de Medio Ambiente y Cambio Clim\u00e1tico, Jes\u00fas Alberto Olvera Vargas, recomend\u00f3 a la poblaci\u00f3n reducir las actividades no prioritarias, como el lavado de autom\u00f3viles, lavado de patios, el riego de jardines, uso de albercas, adem\u00e1s reutilizar las aguas de desecho, como las del aseo del hogar, lavado de ropa, aseo personal, que pueden emplearse para el riego y limpieza de retretes.<\/p>\n<p>&nbsp;<\/p>\n<p>Asimismo, coment\u00f3 que el agua generada por la condensaci\u00f3n de los aires acondicionados, es de mejor calidad, la cual puede recolectarse en contenedores limpios para utilizarla en la limpieza de cocina y alimentos.<\/p>\n<p>&nbsp;<\/p>\n<p>De igual manera, el titular de la citada dependencia municipal agreg\u00f3 que es buen momento para la reparaci\u00f3n y mantenimiento de fugas previamente identificadas, para evitar el desperdicio del agua, por lo que reiter\u00f3 la invitaci\u00f3n a los ciudadanos a cuidar el vital l\u00edquido en esta temporada de sequ\u00eda.<\/p>\n<p>&nbsp;<\/p>\n<p>&nbsp;<\/p>\n<p>&nbsp;<\/p>\n","protected":false},"excerpt":{"rendered":"<p>Debido a la cr\u00edtica situaci\u00f3n de sequ\u00eda que se vive en el noreste del pa\u00eds y particularmente, en el sur&hellip;<\/p>\n","protected":false},"author":1,"featured_media":51000,"comment_status":"open","ping_status":"open","sticky":false,"template":"","format":"standard","meta":{"footnotes":""},"categories":[4],"tags":[],"class_list":["post-51005","post","type-post","status-publish","format-standard","has-post-thumbnail","hentry","category-madero"],"yoast_head":"<!-- This site is optimized with the Yoast SEO plugin v27.4 - https:\/\/yoast.com\/product\/yoast-seo-wordpress\/ -->\n<title>ANTE LA SEQU\u00cdA, AUTORIDADES MADERENSES EXHORTAN A LA CIUDADAN\u00cdA A CUIDAR EL AGUA - EL INFORMATIVO DE TAMAULIPAS<\/title>\n<meta name=\"description\" content=\"Debido a la cr\u00edtica situaci\u00f3n de sequ\u00eda que se vive en el noreste del pa\u00eds y particularmente, en el sur de Tamaulipas, que ha provocado la intermitencia\" \/>\n<meta name=\"robots\" content=\"index, follow, max-snippet:-1, max-image-preview:large, max-video-preview:-1\" \/>\n<link rel=\"canonical\" href=\"https:\/\/elinformativotam.com\/index.php\/2024\/06\/04\/ante-la-sequia-autoridades-maderenses-exhortan-a-la-ciudadania-a-cuidar-el-agua\/\" \/>\n<meta property=\"og:locale\" content=\"es_MX\" \/>\n<meta property=\"og:type\" content=\"article\" \/>\n<meta property=\"og:title\" content=\"ANTE LA SEQU\u00cdA, AUTORIDADES MADERENSES EXHORTAN A LA CIUDADAN\u00cdA A CUIDAR EL AGUA - EL INFORMATIVO DE TAMAULIPAS\" \/>\n<meta property=\"og:description\" content=\"Debido a la cr\u00edtica situaci\u00f3n de sequ\u00eda que se vive en el noreste del pa\u00eds y particularmente, en el sur de Tamaulipas, que ha provocado la intermitencia\" \/>\n<meta property=\"og:url\" content=\"https:\/\/elinformativotam.com\/index.php\/2024\/06\/04\/ante-la-sequia-autoridades-maderenses-exhortan-a-la-ciudadania-a-cuidar-el-agua\/\" \/>\n<meta property=\"og:site_name\" content=\"EL INFORMATIVO DE TAMAULIPAS\" \/>\n<meta property=\"article:published_time\" content=\"2024-06-05T03:45:37+00:00\" \/>\n<meta property=\"og:image\" content=\"https:\/\/elinformativotam.com\/wp-content\/uploads\/2024\/06\/1-scaled.jpg\" \/>\n\t<meta property=\"og:image:width\" content=\"1707\" \/>\n\t<meta property=\"og:image:height\" content=\"2560\" \/>\n\t<meta property=\"og:image:type\" content=\"image\/jpeg\" \/>\n<meta name=\"author\" content=\"El Informativo Tam\" \/>\n<meta name=\"twitter:card\" content=\"summary_large_image\" \/>\n<meta name=\"twitter:label1\" content=\"Escrito por\" \/>\n\t<meta name=\"twitter:data1\" content=\"El Informativo Tam\" \/>\n\t<meta name=\"twitter:label2\" content=\"Tiempo de lectura\" \/>\n\t<meta name=\"twitter:data2\" content=\"2 minutos\" \/>\n<script type=\"application\/ld+json\" class=\"yoast-schema-graph\">{\"@context\":\"https:\\\/\\\/schema.org\",\"@graph\":[{\"@type\":\"Article\",\"@id\":\"https:\\\/\\\/elinformativotam.com\\\/index.php\\\/2024\\\/06\\\/04\\\/ante-la-sequia-autoridades-maderenses-exhortan-a-la-ciudadania-a-cuidar-el-agua\\\/#article\",\"isPartOf\":{\"@id\":\"https:\\\/\\\/elinformativotam.com\\\/index.php\\\/2024\\\/06\\\/04\\\/ante-la-sequia-autoridades-maderenses-exhortan-a-la-ciudadania-a-cuidar-el-agua\\\/\"},\"author\":{\"name\":\"El Informativo Tam\",\"@id\":\"https:\\\/\\\/elinformativotam.com\\\/#\\\/schema\\\/person\\\/78e08040eed0f6110f0c5f83b6153590\"},\"headline\":\"ANTE LA SEQU\u00cdA, AUTORIDADES MADERENSES EXHORTAN A LA CIUDADAN\u00cdA A CUIDAR EL AGUA\",\"datePublished\":\"2024-06-05T03:45:37+00:00\",\"mainEntityOfPage\":{\"@id\":\"https:\\\/\\\/elinformativotam.com\\\/index.php\\\/2024\\\/06\\\/04\\\/ante-la-sequia-autoridades-maderenses-exhortan-a-la-ciudadania-a-cuidar-el-agua\\\/\"},\"wordCount\":245,\"commentCount\":0,\"publisher\":{\"@id\":\"https:\\\/\\\/elinformativotam.com\\\/#organization\"},\"image\":{\"@id\":\"https:\\\/\\\/elinformativotam.com\\\/index.php\\\/2024\\\/06\\\/04\\\/ante-la-sequia-autoridades-maderenses-exhortan-a-la-ciudadania-a-cuidar-el-agua\\\/#primaryimage\"},\"thumbnailUrl\":\"https:\\\/\\\/elinformativotam.com\\\/wp-content\\\/uploads\\\/2024\\\/06\\\/1-scaled.jpg\",\"articleSection\":[\"Cd Madero\"],\"inLanguage\":\"es\",\"potentialAction\":[{\"@type\":\"CommentAction\",\"name\":\"Comment\",\"target\":[\"https:\\\/\\\/elinformativotam.com\\\/index.php\\\/2024\\\/06\\\/04\\\/ante-la-sequia-autoridades-maderenses-exhortan-a-la-ciudadania-a-cuidar-el-agua\\\/#respond\"]}]},{\"@type\":\"WebPage\",\"@id\":\"https:\\\/\\\/elinformativotam.com\\\/index.php\\\/2024\\\/06\\\/04\\\/ante-la-sequia-autoridades-maderenses-exhortan-a-la-ciudadania-a-cuidar-el-agua\\\/\",\"url\":\"https:\\\/\\\/elinformativotam.com\\\/index.php\\\/2024\\\/06\\\/04\\\/ante-la-sequia-autoridades-maderenses-exhortan-a-la-ciudadania-a-cuidar-el-agua\\\/\",\"name\":\"ANTE LA SEQU\u00cdA, AUTORIDADES MADERENSES EXHORTAN A LA CIUDADAN\u00cdA A CUIDAR EL AGUA - EL INFORMATIVO DE TAMAULIPAS\",\"isPartOf\":{\"@id\":\"https:\\\/\\\/elinformativotam.com\\\/#website\"},\"primaryImageOfPage\":{\"@id\":\"https:\\\/\\\/elinformativotam.com\\\/index.php\\\/2024\\\/06\\\/04\\\/ante-la-sequia-autoridades-maderenses-exhortan-a-la-ciudadania-a-cuidar-el-agua\\\/#primaryimage\"},\"image\":{\"@id\":\"https:\\\/\\\/elinformativotam.com\\\/index.php\\\/2024\\\/06\\\/04\\\/ante-la-sequia-autoridades-maderenses-exhortan-a-la-ciudadania-a-cuidar-el-agua\\\/#primaryimage\"},\"thumbnailUrl\":\"https:\\\/\\\/elinformativotam.com\\\/wp-content\\\/uploads\\\/2024\\\/06\\\/1-scaled.jpg\",\"datePublished\":\"2024-06-05T03:45:37+00:00\",\"description\":\"Debido a la cr\u00edtica situaci\u00f3n de sequ\u00eda que se vive en el noreste del pa\u00eds y particularmente, en el sur de Tamaulipas, que ha provocado la intermitencia\",\"inLanguage\":\"es\",\"potentialAction\":[{\"@type\":\"ReadAction\",\"target\":[\"https:\\\/\\\/elinformativotam.com\\\/index.php\\\/2024\\\/06\\\/04\\\/ante-la-sequia-autoridades-maderenses-exhortan-a-la-ciudadania-a-cuidar-el-agua\\\/\"]}]},{\"@type\":\"ImageObject\",\"inLanguage\":\"es\",\"@id\":\"https:\\\/\\\/elinformativotam.com\\\/index.php\\\/2024\\\/06\\\/04\\\/ante-la-sequia-autoridades-maderenses-exhortan-a-la-ciudadania-a-cuidar-el-agua\\\/#primaryimage\",\"url\":\"https:\\\/\\\/elinformativotam.com\\\/wp-content\\\/uploads\\\/2024\\\/06\\\/1-scaled.jpg\",\"contentUrl\":\"https:\\\/\\\/elinformativotam.com\\\/wp-content\\\/uploads\\\/2024\\\/06\\\/1-scaled.jpg\",\"width\":1707,\"height\":2560},{\"@type\":\"WebSite\",\"@id\":\"https:\\\/\\\/elinformativotam.com\\\/#website\",\"url\":\"https:\\\/\\\/elinformativotam.com\\\/\",\"name\":\"EL INFORMATIVO DE TAMAULIPAS\",\"description\":\"Desde la Zona Metropolitana Para Todo M\u00e9xico\",\"publisher\":{\"@id\":\"https:\\\/\\\/elinformativotam.com\\\/#organization\"},\"potentialAction\":[{\"@type\":\"SearchAction\",\"target\":{\"@type\":\"EntryPoint\",\"urlTemplate\":\"https:\\\/\\\/elinformativotam.com\\\/?s={search_term_string}\"},\"query-input\":{\"@type\":\"PropertyValueSpecification\",\"valueRequired\":true,\"valueName\":\"search_term_string\"}}],\"inLanguage\":\"es\"},{\"@type\":\"Organization\",\"@id\":\"https:\\\/\\\/elinformativotam.com\\\/#organization\",\"name\":\"EL INFORMATIVO DE TAMAULIPAS\",\"url\":\"https:\\\/\\\/elinformativotam.com\\\/\",\"logo\":{\"@type\":\"ImageObject\",\"inLanguage\":\"es\",\"@id\":\"https:\\\/\\\/elinformativotam.com\\\/#\\\/schema\\\/logo\\\/image\\\/\",\"url\":\"https:\\\/\\\/elinformativotam.com\\\/wp-content\\\/uploads\\\/2026\\\/02\\\/Cabezal.png\",\"contentUrl\":\"https:\\\/\\\/elinformativotam.com\\\/wp-content\\\/uploads\\\/2026\\\/02\\\/Cabezal.png\",\"width\":960,\"height\":640,\"caption\":\"EL INFORMATIVO DE TAMAULIPAS\"},\"image\":{\"@id\":\"https:\\\/\\\/elinformativotam.com\\\/#\\\/schema\\\/logo\\\/image\\\/\"}},{\"@type\":\"Person\",\"@id\":\"https:\\\/\\\/elinformativotam.com\\\/#\\\/schema\\\/person\\\/78e08040eed0f6110f0c5f83b6153590\",\"name\":\"El Informativo Tam\",\"image\":{\"@type\":\"ImageObject\",\"inLanguage\":\"es\",\"@id\":\"https:\\\/\\\/secure.gravatar.com\\\/avatar\\\/f3b7ad3af540688955925ac610647be00b0cf41feea9c4978b73a707ee86bc53?s=96&d=mm&r=g\",\"url\":\"https:\\\/\\\/secure.gravatar.com\\\/avatar\\\/f3b7ad3af540688955925ac610647be00b0cf41feea9c4978b73a707ee86bc53?s=96&d=mm&r=g\",\"contentUrl\":\"https:\\\/\\\/secure.gravatar.com\\\/avatar\\\/f3b7ad3af540688955925ac610647be00b0cf41feea9c4978b73a707ee86bc53?s=96&d=mm&r=g\",\"caption\":\"El Informativo Tam\"}}]}<\/script>\n<!-- \/ Yoast SEO plugin. -->","yoast_head_json":{"title":"ANTE LA SEQU\u00cdA, AUTORIDADES MADERENSES EXHORTAN A LA CIUDADAN\u00cdA A CUIDAR EL AGUA - EL INFORMATIVO DE TAMAULIPAS","description":"Debido a la cr\u00edtica situaci\u00f3n de sequ\u00eda que se vive en el noreste del pa\u00eds y particularmente, en el sur de Tamaulipas, que ha provocado la intermitencia","robots":{"index":"index","follow":"follow","max-snippet":"max-snippet:-1","max-image-preview":"max-image-preview:large","max-video-preview":"max-video-preview:-1"},"canonical":"https:\/\/elinformativotam.com\/index.php\/2024\/06\/04\/ante-la-sequia-autoridades-maderenses-exhortan-a-la-ciudadania-a-cuidar-el-agua\/","og_locale":"es_MX","og_type":"article","og_title":"ANTE LA SEQU\u00cdA, AUTORIDADES MADERENSES EXHORTAN A LA CIUDADAN\u00cdA A CUIDAR EL AGUA - EL INFORMATIVO DE TAMAULIPAS","og_description":"Debido a la cr\u00edtica situaci\u00f3n de sequ\u00eda que se vive en el noreste del pa\u00eds y particularmente, en el sur de Tamaulipas, que ha provocado la intermitencia","og_url":"https:\/\/elinformativotam.com\/index.php\/2024\/06\/04\/ante-la-sequia-autoridades-maderenses-exhortan-a-la-ciudadania-a-cuidar-el-agua\/","og_site_name":"EL INFORMATIVO DE TAMAULIPAS","article_published_time":"2024-06-05T03:45:37+00:00","og_image":[{"width":1707,"height":2560,"url":"https:\/\/elinformativotam.com\/wp-content\/uploads\/2024\/06\/1-scaled.jpg","type":"image\/jpeg"}],"author":"El Informativo Tam","twitter_card":"summary_large_image","twitter_misc":{"Escrito por":"El Informativo Tam","Tiempo de lectura":"2 minutos"},"schema":{"@context":"https:\/\/schema.org","@graph":[{"@type":"Article","@id":"https:\/\/elinformativotam.com\/index.php\/2024\/06\/04\/ante-la-sequia-autoridades-maderenses-exhortan-a-la-ciudadania-a-cuidar-el-agua\/#article","isPartOf":{"@id":"https:\/\/elinformativotam.com\/index.php\/2024\/06\/04\/ante-la-sequia-autoridades-maderenses-exhortan-a-la-ciudadania-a-cuidar-el-agua\/"},"author":{"name":"El Informativo Tam","@id":"https:\/\/elinformativotam.com\/#\/schema\/person\/78e08040eed0f6110f0c5f83b6153590"},"headline":"ANTE LA SEQU\u00cdA, AUTORIDADES MADERENSES EXHORTAN A LA CIUDADAN\u00cdA A CUIDAR EL AGUA","datePublished":"2024-06-05T03:45:37+00:00","mainEntityOfPage":{"@id":"https:\/\/elinformativotam.com\/index.php\/2024\/06\/04\/ante-la-sequia-autoridades-maderenses-exhortan-a-la-ciudadania-a-cuidar-el-agua\/"},"wordCount":245,"commentCount":0,"publisher":{"@id":"https:\/\/elinformativotam.com\/#organization"},"image":{"@id":"https:\/\/elinformativotam.com\/index.php\/2024\/06\/04\/ante-la-sequia-autoridades-maderenses-exhortan-a-la-ciudadania-a-cuidar-el-agua\/#primaryimage"},"thumbnailUrl":"https:\/\/elinformativotam.com\/wp-content\/uploads\/2024\/06\/1-scaled.jpg","articleSection":["Cd Madero"],"inLanguage":"es","potentialAction":[{"@type":"CommentAction","name":"Comment","target":["https:\/\/elinformativotam.com\/index.php\/2024\/06\/04\/ante-la-sequia-autoridades-maderenses-exhortan-a-la-ciudadania-a-cuidar-el-agua\/#respond"]}]},{"@type":"WebPage","@id":"https:\/\/elinformativotam.com\/index.php\/2024\/06\/04\/ante-la-sequia-autoridades-maderenses-exhortan-a-la-ciudadania-a-cuidar-el-agua\/","url":"https:\/\/elinformativotam.com\/index.php\/2024\/06\/04\/ante-la-sequia-autoridades-maderenses-exhortan-a-la-ciudadania-a-cuidar-el-agua\/","name":"ANTE LA SEQU\u00cdA, AUTORIDADES MADERENSES EXHORTAN A LA CIUDADAN\u00cdA A CUIDAR EL AGUA - EL INFORMATIVO DE TAMAULIPAS","isPartOf":{"@id":"https:\/\/elinformativotam.com\/#website"},"primaryImageOfPage":{"@id":"https:\/\/elinformativotam.com\/index.php\/2024\/06\/04\/ante-la-sequia-autoridades-maderenses-exhortan-a-la-ciudadania-a-cuidar-el-agua\/#primaryimage"},"image":{"@id":"https:\/\/elinformativotam.com\/index.php\/2024\/06\/04\/ante-la-sequia-autoridades-maderenses-exhortan-a-la-ciudadania-a-cuidar-el-agua\/#primaryimage"},"thumbnailUrl":"https:\/\/elinformativotam.com\/wp-content\/uploads\/2024\/06\/1-scaled.jpg","datePublished":"2024-06-05T03:45:37+00:00","description":"Debido a la cr\u00edtica situaci\u00f3n de sequ\u00eda que se vive en el noreste del pa\u00eds y particularmente, en el sur de Tamaulipas, que ha provocado la intermitencia","inLanguage":"es","potentialAction":[{"@type":"ReadAction","target":["https:\/\/elinformativotam.com\/index.php\/2024\/06\/04\/ante-la-sequia-autoridades-maderenses-exhortan-a-la-ciudadania-a-cuidar-el-agua\/"]}]},{"@type":"ImageObject","inLanguage":"es","@id":"https:\/\/elinformativotam.com\/index.php\/2024\/06\/04\/ante-la-sequia-autoridades-maderenses-exhortan-a-la-ciudadania-a-cuidar-el-agua\/#primaryimage","url":"https:\/\/elinformativotam.com\/wp-content\/uploads\/2024\/06\/1-scaled.jpg","contentUrl":"https:\/\/elinformativotam.com\/wp-content\/uploads\/2024\/06\/1-scaled.jpg","width":1707,"height":2560},{"@type":"WebSite","@id":"https:\/\/elinformativotam.com\/#website","url":"https:\/\/elinformativotam.com\/","name":"EL INFORMATIVO DE TAMAULIPAS","description":"Desde la Zona Metropolitana Para Todo M\u00e9xico","publisher":{"@id":"https:\/\/elinformativotam.com\/#organization"},"potentialAction":[{"@type":"SearchAction","target":{"@type":"EntryPoint","urlTemplate":"https:\/\/elinformativotam.com\/?s={search_term_string}"},"query-input":{"@type":"PropertyValueSpecification","valueRequired":true,"valueName":"search_term_string"}}],"inLanguage":"es"},{"@type":"Organization","@id":"https:\/\/elinformativotam.com\/#organization","name":"EL INFORMATIVO DE TAMAULIPAS","url":"https:\/\/elinformativotam.com\/","logo":{"@type":"ImageObject","inLanguage":"es","@id":"https:\/\/elinformativotam.com\/#\/schema\/logo\/image\/","url":"https:\/\/elinformativotam.com\/wp-content\/uploads\/2026\/02\/Cabezal.png","contentUrl":"https:\/\/elinformativotam.com\/wp-content\/uploads\/2026\/02\/Cabezal.png","width":960,"height":640,"caption":"EL INFORMATIVO DE TAMAULIPAS"},"image":{"@id":"https:\/\/elinformativotam.com\/#\/schema\/logo\/image\/"}},{"@type":"Person","@id":"https:\/\/elinformativotam.com\/#\/schema\/person\/78e08040eed0f6110f0c5f83b6153590","name":"El Informativo Tam","image":{"@type":"ImageObject","inLanguage":"es","@id":"https:\/\/secure.gravatar.com\/avatar\/f3b7ad3af540688955925ac610647be00b0cf41feea9c4978b73a707ee86bc53?s=96&d=mm&r=g","url":"https:\/\/secure.gravatar.com\/avatar\/f3b7ad3af540688955925ac610647be00b0cf41feea9c4978b73a707ee86bc53?s=96&d=mm&r=g","contentUrl":"https:\/\/secure.gravatar.com\/avatar\/f3b7ad3af540688955925ac610647be00b0cf41feea9c4978b73a707ee86bc53?s=96&d=mm&r=g","caption":"El Informativo Tam"}}]}},"_links":{"self":[{"href":"https:\/\/elinformativotam.com\/index.php\/wp-json\/wp\/v2\/posts\/51005","targetHints":{"allow":["GET"]}}],"collection":[{"href":"https:\/\/elinformativotam.com\/index.php\/wp-json\/wp\/v2\/posts"}],"about":[{"href":"https:\/\/elinformativotam.com\/index.php\/wp-json\/wp\/v2\/types\/post"}],"author":[{"embeddable":true,"href":"https:\/\/elinformativotam.com\/index.php\/wp-json\/wp\/v2\/users\/1"}],"replies":[{"embeddable":true,"href":"https:\/\/elinformativotam.com\/index.php\/wp-json\/wp\/v2\/comments?post=51005"}],"version-history":[{"count":1,"href":"https:\/\/elinformativotam.com\/index.php\/wp-json\/wp\/v2\/posts\/51005\/revisions"}],"predecessor-version":[{"id":51006,"href":"https:\/\/elinformativotam.com\/index.php\/wp-json\/wp\/v2\/posts\/51005\/revisions\/51006"}],"wp:featuredmedia":[{"embeddable":true,"href":"https:\/\/elinformativotam.com\/index.php\/wp-json\/wp\/v2\/media\/51000"}],"wp:attachment":[{"href":"https:\/\/elinformativotam.com\/index.php\/wp-json\/wp\/v2\/media?parent=51005"}],"wp:term":[{"taxonomy":"category","embeddable":true,"href":"https:\/\/elinformativotam.com\/index.php\/wp-json\/wp\/v2\/categories?post=51005"},{"taxonomy":"post_tag","embeddable":true,"href":"https:\/\/elinformativotam.com\/index.php\/wp-json\/wp\/v2\/tags?post=51005"}],"curies":[{"name":"wp","href":"https:\/\/api.w.org\/{rel}","templated":true}]}}