{"id":51,"date":"2019-10-04T12:33:45","date_gmt":"2019-10-04T18:33:45","guid":{"rendered":"http:\/\/elinformativotam.com\/?p=51"},"modified":"2019-10-04T12:33:45","modified_gmt":"2019-10-04T18:33:45","slug":"gobierno-de-tamaulipas-y-sebien-entrega-productos-subsidiados-a-familias-de-padilla-y-jimenez","status":"publish","type":"post","link":"https:\/\/elinformativotam.com\/index.php\/2019\/10\/04\/gobierno-de-tamaulipas-y-sebien-entrega-productos-subsidiados-a-familias-de-padilla-y-jimenez\/","title":{"rendered":"Gobierno de Tamaulipas y Sebien entrega productos subsidiados a familias de Padilla y Jim\u00e9nez"},"content":{"rendered":"\n<p>El Gobierno del Estado de Tamaulipas, que preside Francisco Garc\u00eda Cabeza de Vaca, a trav\u00e9s de la Secretar\u00eda de Bienestar Social (SEBIEN), contin\u00faa entregando insumos bajo el Programa de Subsidios para Grupos Comunitarios SEBIEN-CMT, ahora en los municipios de Jim\u00e9nez y Padilla.<\/p>\n\n\n\n<p>En su gira de trabajo el encargado de Despacho de la SEBIEN, R\u00f3mulo Garza Mart\u00ednez, entreg\u00f3 a titulares de derecho insumos que son brindados a la ciudadan\u00eda gracias al convenio de colaboraci\u00f3n del Gobierno de Tamaulipas con la Congregaci\u00f3n Mariana Trinitaria.<\/p>\n\n\n\n<p>En el municipio de Jim\u00e9nez se realiz\u00f3 la entrega de 96 piezas, y en Padilla 39 piezas, entre tinacos, bebederos y bombas de agua, beneficiando a un total de 120 familias, lo que contribuye a un mayor bienestar de su vida cotidiana.<\/p>\n\n\n\n<p>Acompa\u00f1aron a Garza Mart\u00ednez, el presidente municipal de Padilla, Edgar Eduardo Alvarado Garc\u00eda; el subsecretario de Bienestar Social, \u00c1lvaro Humberto Barrientos Barr\u00f3n; la directora regional de Bienestar Social, Maybella Ram\u00edrez Sald\u00edvar; el director de Estudios Socioecon\u00f3micos y coordinador General de la Ventanilla \u00danica en Tamaulipas, Jorge Daniel Lagunes Alba, entre otros invitados.<\/p>\n\n\n\n<p>Este programa tiene el objetivo de brindar a la poblaci\u00f3n en general productos subsidiados como leche l\u00edquida, zapatos; y materiales de construcci\u00f3n: cemento, varilla, l\u00e1mina, pintura, entre otros.<\/p>\n\n\n\n<p>Adem\u00e1s, materiales para mejora de la vivienda como: tinacos, bebederos, ofreciendo con ello un ahorro a las familias tamaulipecas y beneficiando el desarrollo econ\u00f3mico de las mismas.<\/p>\n\n\n\n<p>Para lograr ser beneficiario del Programa de Subsidios es necesario vivir en el estado de Tamaulipas, adem\u00e1s de presentar credencial de elector, curp y comprobante de domicilio en la Ventanilla de Atenci\u00f3n \u00danica.<\/p>\n\n\n\n<p>Para mayor informaci\u00f3n pueden solicitarla en el correo electr\u00f3nico ventanillacmt@tam.gob.mx y\/o en el tel\u00e9fono: (834) 1078399 Ext. 43067 en la Ventanilla de Atenci\u00f3n Ciudadana de la CMT, ubicada en Centro Gubernamental de Oficinas Torre Bicentenario, Piso 4, Libramiento Naciones Unidas y Prolongaci\u00f3n Praxedis Balboa, en Ciudad Victoria.&nbsp;<\/p>\n","protected":false},"excerpt":{"rendered":"<p>El Gobierno del Estado de Tamaulipas, que preside Francisco Garc\u00eda Cabeza de Vaca, a trav\u00e9s de la Secretar\u00eda de Bienestar&hellip;<\/p>\n","protected":false},"author":1,"featured_media":0,"comment_status":"open","ping_status":"open","sticky":false,"template":"","format":"standard","meta":{"footnotes":""},"categories":[6],"tags":[],"class_list":["post-51","post","type-post","status-publish","format-standard","hentry","category-tamaulipas"],"yoast_head":"<!-- This site is optimized with the Yoast SEO plugin v27.5 - https:\/\/yoast.com\/product\/yoast-seo-wordpress\/ -->\n<title>Gobierno de Tamaulipas y Sebien entrega productos subsidiados a familias de Padilla y Jim\u00e9nez - EL INFORMATIVO DE TAMAULIPAS<\/title>\n<meta name=\"description\" content=\"El Gobierno del Estado de Tamaulipas, que preside Francisco Garc\u00eda Cabeza de Vaca, a trav\u00e9s de la Secretar\u00eda de Bienestar Social (SEBIEN), contin\u00faa\" \/>\n<meta name=\"robots\" content=\"index, follow, max-snippet:-1, max-image-preview:large, max-video-preview:-1\" \/>\n<link rel=\"canonical\" href=\"https:\/\/elinformativotam.com\/index.php\/2019\/10\/04\/gobierno-de-tamaulipas-y-sebien-entrega-productos-subsidiados-a-familias-de-padilla-y-jimenez\/\" \/>\n<meta property=\"og:locale\" content=\"es_MX\" \/>\n<meta property=\"og:type\" content=\"article\" \/>\n<meta property=\"og:title\" content=\"Gobierno de Tamaulipas y Sebien entrega productos subsidiados a familias de Padilla y Jim\u00e9nez - EL INFORMATIVO DE TAMAULIPAS\" \/>\n<meta property=\"og:description\" content=\"El Gobierno del Estado de Tamaulipas, que preside Francisco Garc\u00eda Cabeza de Vaca, a trav\u00e9s de la Secretar\u00eda de Bienestar Social (SEBIEN), contin\u00faa\" \/>\n<meta property=\"og:url\" content=\"https:\/\/elinformativotam.com\/index.php\/2019\/10\/04\/gobierno-de-tamaulipas-y-sebien-entrega-productos-subsidiados-a-familias-de-padilla-y-jimenez\/\" \/>\n<meta property=\"og:site_name\" content=\"EL INFORMATIVO DE TAMAULIPAS\" \/>\n<meta property=\"article:published_time\" content=\"2019-10-04T18:33:45+00:00\" \/>\n<meta name=\"author\" content=\"El Informativo Tam\" \/>\n<meta name=\"twitter:card\" content=\"summary_large_image\" \/>\n<meta name=\"twitter:label1\" content=\"Escrito por\" \/>\n\t<meta name=\"twitter:data1\" content=\"El Informativo Tam\" \/>\n\t<meta name=\"twitter:label2\" content=\"Tiempo de lectura\" \/>\n\t<meta name=\"twitter:data2\" content=\"2 minutos\" \/>\n<script type=\"application\/ld+json\" class=\"yoast-schema-graph\">{\"@context\":\"https:\\\/\\\/schema.org\",\"@graph\":[{\"@type\":\"Article\",\"@id\":\"https:\\\/\\\/elinformativotam.com\\\/index.php\\\/2019\\\/10\\\/04\\\/gobierno-de-tamaulipas-y-sebien-entrega-productos-subsidiados-a-familias-de-padilla-y-jimenez\\\/#article\",\"isPartOf\":{\"@id\":\"https:\\\/\\\/elinformativotam.com\\\/index.php\\\/2019\\\/10\\\/04\\\/gobierno-de-tamaulipas-y-sebien-entrega-productos-subsidiados-a-familias-de-padilla-y-jimenez\\\/\"},\"author\":{\"name\":\"El Informativo Tam\",\"@id\":\"https:\\\/\\\/elinformativotam.com\\\/#\\\/schema\\\/person\\\/78e08040eed0f6110f0c5f83b6153590\"},\"headline\":\"Gobierno de Tamaulipas y Sebien entrega productos subsidiados a familias de Padilla y Jim\u00e9nez\",\"datePublished\":\"2019-10-04T18:33:45+00:00\",\"mainEntityOfPage\":{\"@id\":\"https:\\\/\\\/elinformativotam.com\\\/index.php\\\/2019\\\/10\\\/04\\\/gobierno-de-tamaulipas-y-sebien-entrega-productos-subsidiados-a-familias-de-padilla-y-jimenez\\\/\"},\"wordCount\":356,\"commentCount\":0,\"publisher\":{\"@id\":\"https:\\\/\\\/elinformativotam.com\\\/#organization\"},\"articleSection\":[\"Tamaulipas\"],\"inLanguage\":\"es\",\"potentialAction\":[{\"@type\":\"CommentAction\",\"name\":\"Comment\",\"target\":[\"https:\\\/\\\/elinformativotam.com\\\/index.php\\\/2019\\\/10\\\/04\\\/gobierno-de-tamaulipas-y-sebien-entrega-productos-subsidiados-a-familias-de-padilla-y-jimenez\\\/#respond\"]}]},{\"@type\":\"WebPage\",\"@id\":\"https:\\\/\\\/elinformativotam.com\\\/index.php\\\/2019\\\/10\\\/04\\\/gobierno-de-tamaulipas-y-sebien-entrega-productos-subsidiados-a-familias-de-padilla-y-jimenez\\\/\",\"url\":\"https:\\\/\\\/elinformativotam.com\\\/index.php\\\/2019\\\/10\\\/04\\\/gobierno-de-tamaulipas-y-sebien-entrega-productos-subsidiados-a-familias-de-padilla-y-jimenez\\\/\",\"name\":\"Gobierno de Tamaulipas y Sebien entrega productos subsidiados a familias de Padilla y Jim\u00e9nez - EL INFORMATIVO DE TAMAULIPAS\",\"isPartOf\":{\"@id\":\"https:\\\/\\\/elinformativotam.com\\\/#website\"},\"datePublished\":\"2019-10-04T18:33:45+00:00\",\"description\":\"El Gobierno del Estado de Tamaulipas, que preside Francisco Garc\u00eda Cabeza de Vaca, a trav\u00e9s de la Secretar\u00eda de Bienestar Social (SEBIEN), contin\u00faa\",\"inLanguage\":\"es\",\"potentialAction\":[{\"@type\":\"ReadAction\",\"target\":[\"https:\\\/\\\/elinformativotam.com\\\/index.php\\\/2019\\\/10\\\/04\\\/gobierno-de-tamaulipas-y-sebien-entrega-productos-subsidiados-a-familias-de-padilla-y-jimenez\\\/\"]}]},{\"@type\":\"WebSite\",\"@id\":\"https:\\\/\\\/elinformativotam.com\\\/#website\",\"url\":\"https:\\\/\\\/elinformativotam.com\\\/\",\"name\":\"EL INFORMATIVO DE TAMAULIPAS\",\"description\":\"Desde la Zona Metropolitana Para Todo M\u00e9xico\",\"publisher\":{\"@id\":\"https:\\\/\\\/elinformativotam.com\\\/#organization\"},\"potentialAction\":[{\"@type\":\"SearchAction\",\"target\":{\"@type\":\"EntryPoint\",\"urlTemplate\":\"https:\\\/\\\/elinformativotam.com\\\/?s={search_term_string}\"},\"query-input\":{\"@type\":\"PropertyValueSpecification\",\"valueRequired\":true,\"valueName\":\"search_term_string\"}}],\"inLanguage\":\"es\"},{\"@type\":\"Organization\",\"@id\":\"https:\\\/\\\/elinformativotam.com\\\/#organization\",\"name\":\"EL INFORMATIVO DE TAMAULIPAS\",\"url\":\"https:\\\/\\\/elinformativotam.com\\\/\",\"logo\":{\"@type\":\"ImageObject\",\"inLanguage\":\"es\",\"@id\":\"https:\\\/\\\/elinformativotam.com\\\/#\\\/schema\\\/logo\\\/image\\\/\",\"url\":\"https:\\\/\\\/elinformativotam.com\\\/wp-content\\\/uploads\\\/2026\\\/02\\\/Cabezal.png\",\"contentUrl\":\"https:\\\/\\\/elinformativotam.com\\\/wp-content\\\/uploads\\\/2026\\\/02\\\/Cabezal.png\",\"width\":960,\"height\":640,\"caption\":\"EL INFORMATIVO DE TAMAULIPAS\"},\"image\":{\"@id\":\"https:\\\/\\\/elinformativotam.com\\\/#\\\/schema\\\/logo\\\/image\\\/\"}},{\"@type\":\"Person\",\"@id\":\"https:\\\/\\\/elinformativotam.com\\\/#\\\/schema\\\/person\\\/78e08040eed0f6110f0c5f83b6153590\",\"name\":\"El Informativo Tam\",\"image\":{\"@type\":\"ImageObject\",\"inLanguage\":\"es\",\"@id\":\"https:\\\/\\\/secure.gravatar.com\\\/avatar\\\/f3b7ad3af540688955925ac610647be00b0cf41feea9c4978b73a707ee86bc53?s=96&d=mm&r=g\",\"url\":\"https:\\\/\\\/secure.gravatar.com\\\/avatar\\\/f3b7ad3af540688955925ac610647be00b0cf41feea9c4978b73a707ee86bc53?s=96&d=mm&r=g\",\"contentUrl\":\"https:\\\/\\\/secure.gravatar.com\\\/avatar\\\/f3b7ad3af540688955925ac610647be00b0cf41feea9c4978b73a707ee86bc53?s=96&d=mm&r=g\",\"caption\":\"El Informativo Tam\"}}]}<\/script>\n<!-- \/ Yoast SEO plugin. -->","yoast_head_json":{"title":"Gobierno de Tamaulipas y Sebien entrega productos subsidiados a familias de Padilla y Jim\u00e9nez - EL INFORMATIVO DE TAMAULIPAS","description":"El Gobierno del Estado de Tamaulipas, que preside Francisco Garc\u00eda Cabeza de Vaca, a trav\u00e9s de la Secretar\u00eda de Bienestar Social (SEBIEN), contin\u00faa","robots":{"index":"index","follow":"follow","max-snippet":"max-snippet:-1","max-image-preview":"max-image-preview:large","max-video-preview":"max-video-preview:-1"},"canonical":"https:\/\/elinformativotam.com\/index.php\/2019\/10\/04\/gobierno-de-tamaulipas-y-sebien-entrega-productos-subsidiados-a-familias-de-padilla-y-jimenez\/","og_locale":"es_MX","og_type":"article","og_title":"Gobierno de Tamaulipas y Sebien entrega productos subsidiados a familias de Padilla y Jim\u00e9nez - EL INFORMATIVO DE TAMAULIPAS","og_description":"El Gobierno del Estado de Tamaulipas, que preside Francisco Garc\u00eda Cabeza de Vaca, a trav\u00e9s de la Secretar\u00eda de Bienestar Social (SEBIEN), contin\u00faa","og_url":"https:\/\/elinformativotam.com\/index.php\/2019\/10\/04\/gobierno-de-tamaulipas-y-sebien-entrega-productos-subsidiados-a-familias-de-padilla-y-jimenez\/","og_site_name":"EL INFORMATIVO DE TAMAULIPAS","article_published_time":"2019-10-04T18:33:45+00:00","author":"El Informativo Tam","twitter_card":"summary_large_image","twitter_misc":{"Escrito por":"El Informativo Tam","Tiempo de lectura":"2 minutos"},"schema":{"@context":"https:\/\/schema.org","@graph":[{"@type":"Article","@id":"https:\/\/elinformativotam.com\/index.php\/2019\/10\/04\/gobierno-de-tamaulipas-y-sebien-entrega-productos-subsidiados-a-familias-de-padilla-y-jimenez\/#article","isPartOf":{"@id":"https:\/\/elinformativotam.com\/index.php\/2019\/10\/04\/gobierno-de-tamaulipas-y-sebien-entrega-productos-subsidiados-a-familias-de-padilla-y-jimenez\/"},"author":{"name":"El Informativo Tam","@id":"https:\/\/elinformativotam.com\/#\/schema\/person\/78e08040eed0f6110f0c5f83b6153590"},"headline":"Gobierno de Tamaulipas y Sebien entrega productos subsidiados a familias de Padilla y Jim\u00e9nez","datePublished":"2019-10-04T18:33:45+00:00","mainEntityOfPage":{"@id":"https:\/\/elinformativotam.com\/index.php\/2019\/10\/04\/gobierno-de-tamaulipas-y-sebien-entrega-productos-subsidiados-a-familias-de-padilla-y-jimenez\/"},"wordCount":356,"commentCount":0,"publisher":{"@id":"https:\/\/elinformativotam.com\/#organization"},"articleSection":["Tamaulipas"],"inLanguage":"es","potentialAction":[{"@type":"CommentAction","name":"Comment","target":["https:\/\/elinformativotam.com\/index.php\/2019\/10\/04\/gobierno-de-tamaulipas-y-sebien-entrega-productos-subsidiados-a-familias-de-padilla-y-jimenez\/#respond"]}]},{"@type":"WebPage","@id":"https:\/\/elinformativotam.com\/index.php\/2019\/10\/04\/gobierno-de-tamaulipas-y-sebien-entrega-productos-subsidiados-a-familias-de-padilla-y-jimenez\/","url":"https:\/\/elinformativotam.com\/index.php\/2019\/10\/04\/gobierno-de-tamaulipas-y-sebien-entrega-productos-subsidiados-a-familias-de-padilla-y-jimenez\/","name":"Gobierno de Tamaulipas y Sebien entrega productos subsidiados a familias de Padilla y Jim\u00e9nez - EL INFORMATIVO DE TAMAULIPAS","isPartOf":{"@id":"https:\/\/elinformativotam.com\/#website"},"datePublished":"2019-10-04T18:33:45+00:00","description":"El Gobierno del Estado de Tamaulipas, que preside Francisco Garc\u00eda Cabeza de Vaca, a trav\u00e9s de la Secretar\u00eda de Bienestar Social (SEBIEN), contin\u00faa","inLanguage":"es","potentialAction":[{"@type":"ReadAction","target":["https:\/\/elinformativotam.com\/index.php\/2019\/10\/04\/gobierno-de-tamaulipas-y-sebien-entrega-productos-subsidiados-a-familias-de-padilla-y-jimenez\/"]}]},{"@type":"WebSite","@id":"https:\/\/elinformativotam.com\/#website","url":"https:\/\/elinformativotam.com\/","name":"EL INFORMATIVO DE TAMAULIPAS","description":"Desde la Zona Metropolitana Para Todo M\u00e9xico","publisher":{"@id":"https:\/\/elinformativotam.com\/#organization"},"potentialAction":[{"@type":"SearchAction","target":{"@type":"EntryPoint","urlTemplate":"https:\/\/elinformativotam.com\/?s={search_term_string}"},"query-input":{"@type":"PropertyValueSpecification","valueRequired":true,"valueName":"search_term_string"}}],"inLanguage":"es"},{"@type":"Organization","@id":"https:\/\/elinformativotam.com\/#organization","name":"EL INFORMATIVO DE TAMAULIPAS","url":"https:\/\/elinformativotam.com\/","logo":{"@type":"ImageObject","inLanguage":"es","@id":"https:\/\/elinformativotam.com\/#\/schema\/logo\/image\/","url":"https:\/\/elinformativotam.com\/wp-content\/uploads\/2026\/02\/Cabezal.png","contentUrl":"https:\/\/elinformativotam.com\/wp-content\/uploads\/2026\/02\/Cabezal.png","width":960,"height":640,"caption":"EL INFORMATIVO DE TAMAULIPAS"},"image":{"@id":"https:\/\/elinformativotam.com\/#\/schema\/logo\/image\/"}},{"@type":"Person","@id":"https:\/\/elinformativotam.com\/#\/schema\/person\/78e08040eed0f6110f0c5f83b6153590","name":"El Informativo Tam","image":{"@type":"ImageObject","inLanguage":"es","@id":"https:\/\/secure.gravatar.com\/avatar\/f3b7ad3af540688955925ac610647be00b0cf41feea9c4978b73a707ee86bc53?s=96&d=mm&r=g","url":"https:\/\/secure.gravatar.com\/avatar\/f3b7ad3af540688955925ac610647be00b0cf41feea9c4978b73a707ee86bc53?s=96&d=mm&r=g","contentUrl":"https:\/\/secure.gravatar.com\/avatar\/f3b7ad3af540688955925ac610647be00b0cf41feea9c4978b73a707ee86bc53?s=96&d=mm&r=g","caption":"El Informativo Tam"}}]}},"_links":{"self":[{"href":"https:\/\/elinformativotam.com\/index.php\/wp-json\/wp\/v2\/posts\/51","targetHints":{"allow":["GET"]}}],"collection":[{"href":"https:\/\/elinformativotam.com\/index.php\/wp-json\/wp\/v2\/posts"}],"about":[{"href":"https:\/\/elinformativotam.com\/index.php\/wp-json\/wp\/v2\/types\/post"}],"author":[{"embeddable":true,"href":"https:\/\/elinformativotam.com\/index.php\/wp-json\/wp\/v2\/users\/1"}],"replies":[{"embeddable":true,"href":"https:\/\/elinformativotam.com\/index.php\/wp-json\/wp\/v2\/comments?post=51"}],"version-history":[{"count":0,"href":"https:\/\/elinformativotam.com\/index.php\/wp-json\/wp\/v2\/posts\/51\/revisions"}],"wp:attachment":[{"href":"https:\/\/elinformativotam.com\/index.php\/wp-json\/wp\/v2\/media?parent=51"}],"wp:term":[{"taxonomy":"category","embeddable":true,"href":"https:\/\/elinformativotam.com\/index.php\/wp-json\/wp\/v2\/categories?post=51"},{"taxonomy":"post_tag","embeddable":true,"href":"https:\/\/elinformativotam.com\/index.php\/wp-json\/wp\/v2\/tags?post=51"}],"curies":[{"name":"wp","href":"https:\/\/api.w.org\/{rel}","templated":true}]}}