{"id":50999,"date":"2024-06-04T21:40:31","date_gmt":"2024-06-05T03:40:31","guid":{"rendered":"https:\/\/elinformativotam.com\/?p=50999"},"modified":"2024-06-04T21:40:31","modified_gmt":"2024-06-05T03:40:31","slug":"pide-mesa-ciudadana-del-agua-a-gobierno-del-estado-declaratoria-de-desastre-hidrico-para-el-sur","status":"publish","type":"post","link":"https:\/\/elinformativotam.com\/index.php\/2024\/06\/04\/pide-mesa-ciudadana-del-agua-a-gobierno-del-estado-declaratoria-de-desastre-hidrico-para-el-sur\/","title":{"rendered":"PIDE MESA CIUDADANA DEL AGUA A GOBIERNO DEL ESTADO DECLARATORIA DE DESASTRE H\u00cdDRICO PARA EL SUR"},"content":{"rendered":"<h2 style=\"text-align: center;\"><em><span style=\"font-family: 'times new roman', times;\">*La IP Ni La Mesa Ciudadana Pueden Hacer Tr\u00e1mites O Establecer Apoyos Sino Cuentan Con Ese Documento Que Emite El Gobierno Del Estado<\/span><\/em><\/h2>\n<p>&nbsp;<\/p>\n<p>&nbsp;<\/p>\n<p>La zona sur requiere cu\u00e1nto antes que el gobierno del estado emita la declaratoria de emergencia h\u00eddrica para que la iniciativa privada pueda comenzar a traer plantas desalinizadoras de pa\u00edses del continente europeo, y de esta manera contener el problema de abasto interno y detener otros como la p\u00e9rdida de empleos ya que dif\u00edcilmente las empresas del corredor industrial podr\u00e1n sobrevivir.<\/p>\n<p>&nbsp;<\/p>\n<p>En conferencia de prensa encabezada por el coordinador de la mesa ciudadana del agua, Luis Aperti Llovett, mencion\u00f3 que desde hace dos semanas est\u00e1n solicitando al gobierno del estado que se emita la declaratoria de emergencia por la falta de agua, pues hasta el momento &#8220;nos han tratado con frialdad, pues la autoridad federal nos est\u00e1 exigiendo esa constancia de desastre para poder liberar permisos y poder, nosotros, traer una desalinizadora de Kuwait, una de las empresas de AISTAC, que ser\u00e1 usada para mantener su estatus de seguridad para operar, y de ah\u00ed entregar agua desalinizada a la poblaci\u00f3n&#8221;.<\/p>\n<p>&nbsp;<\/p>\n<p>Dijo que es urgente que se tenga la cooperaci\u00f3n de los tres \u00f3rdenes de gobierno para contar con ese documento y permisos que pide dependencias como Semarnat, CNA, Profepa, de lo contrario la industria podr\u00eda caer en otra crisis, que es la falta de empleo e inversi\u00f3n.<\/p>\n<p>&nbsp;<\/p>\n<p>Explic\u00f3 que todas las autoridades de gobierno inmersas en el tema han atendido adecuadamente la problem\u00e1tica, sobre todo CNA con el arduo trabajo de regular las 2700 concesiones que hay a lo largo del r\u00edo Tames\u00ed y su cuenca<\/p>\n<p>&nbsp;<\/p>\n<p>&#8220;Es muy complicado decirles a sus concesionarios que no pueden tomar agua, porque no van a sembrar, y eso ser\u00e1 otro impacto que tendremos a corto tiempo&#8221;, dijo<\/p>\n<p>&nbsp;<\/p>\n<p>Aperti, lament\u00f3 que las autoridades locales no est\u00e9n d\u00e1ndole la debida Importancia a esta crisis h\u00eddrica<\/p>\n<p>&nbsp;<\/p>\n<p>&#8220;nosotros hemos tratado de estar a la altura de esta emergencia, pero no sentimos la prisa en la respuesta por parte de las autoridades para tener est\u00e1 declaratoria&#8221;, resalt\u00f3<\/p>\n<p>&nbsp;<\/p>\n<p>Coment\u00f3 que el protocolo a seguir para lograr dicha declaratoria de emergencia es que el gobernador encabece una reuni\u00f3n con el comit\u00e9 estatal de protecci\u00f3n civil.<\/p>\n<p>&nbsp;<\/p>\n<p>&#8220;Y en sesi\u00f3n formalizar esa petici\u00f3n para darle a conocer, incluso a trav\u00e9s del peri\u00f3dico oficial, y si ellos consideran elevarla a nivel nacional, pero es una decisi\u00f3n que corresponde al gobierno del estado&#8221;.<\/p>\n<p>&nbsp;<\/p>\n<p>Coment\u00f3, que en la zona ya se han registrado actos vand\u00e1licos de la poblaci\u00f3n por obtener el preciado l\u00edquido hacia camiones de purificadoras o pipas de agua, donde ciudadanos los paran, ya que la desesperaci\u00f3n por tener agua ya est\u00e1 en ese Nivel&#8221;.<\/p>\n<p>&nbsp;<\/p>\n<p>Recalc\u00f3, que las autoridades federales exigen a la industria de la zona un cat\u00e1logo de permisos para poder traer y operar equipos desalinizadores, que no hay en M\u00e9xico.<\/p>\n<p>&nbsp;<\/p>\n<p>&#8220;Y la respuesta de la autoridad federal es que mientras yo no tenga la declaratoria, no pueden autorizar el protocolo de emergencia, y la pregunta que nos hacemos es que est\u00e1mos esperando para entender que esto es ya una emergencia&#8221;.<\/p>\n<p>&nbsp;<\/p>\n<p>Son dos trasvases que est\u00e1 en proceso de recibir el sistema lagunario para amainar el problema de la sequ\u00eda, de Ciudad Mante que est\u00e1 por llegar este fin de semana, y del Tampa\u00f3n, que juntos ser\u00edan casi 5 metros c\u00fabicos por segundo, lo que ha permitido un ligero aumento en el nivel del vaso de captaci\u00f3n de dos cent\u00edmetros.<\/p>\n","protected":false},"excerpt":{"rendered":"<p>*La IP Ni La Mesa Ciudadana Pueden Hacer Tr\u00e1mites O Establecer Apoyos Sino Cuentan Con Ese Documento Que Emite El&hellip;<\/p>\n","protected":false},"author":1,"featured_media":51003,"comment_status":"open","ping_status":"open","sticky":false,"template":"","format":"standard","meta":{"footnotes":""},"categories":[3],"tags":[],"class_list":["post-50999","post","type-post","status-publish","format-standard","has-post-thumbnail","hentry","category-tampico"],"yoast_head":"<!-- This site is optimized with the Yoast SEO plugin v27.4 - https:\/\/yoast.com\/product\/yoast-seo-wordpress\/ -->\n<title>PIDE MESA CIUDADANA DEL AGUA A GOBIERNO DEL ESTADO DECLARATORIA DE DESASTRE H\u00cdDRICO PARA EL SUR - EL INFORMATIVO DE TAMAULIPAS<\/title>\n<meta name=\"description\" content=\"*La IP Ni La Mesa Ciudadana Pueden Hacer Tr\u00e1mites O Establecer Apoyos Sino Cuentan Con Ese Documento Que Emite El Gobierno Del Estado &nbsp; &nbsp; La\" \/>\n<meta name=\"robots\" content=\"index, follow, max-snippet:-1, max-image-preview:large, max-video-preview:-1\" \/>\n<link rel=\"canonical\" href=\"https:\/\/elinformativotam.com\/index.php\/2024\/06\/04\/pide-mesa-ciudadana-del-agua-a-gobierno-del-estado-declaratoria-de-desastre-hidrico-para-el-sur\/\" \/>\n<meta property=\"og:locale\" content=\"es_MX\" \/>\n<meta property=\"og:type\" content=\"article\" \/>\n<meta property=\"og:title\" content=\"PIDE MESA CIUDADANA DEL AGUA A GOBIERNO DEL ESTADO DECLARATORIA DE DESASTRE H\u00cdDRICO PARA EL SUR - EL INFORMATIVO DE TAMAULIPAS\" \/>\n<meta property=\"og:description\" content=\"*La IP Ni La Mesa Ciudadana Pueden Hacer Tr\u00e1mites O Establecer Apoyos Sino Cuentan Con Ese Documento Que Emite El Gobierno Del Estado &nbsp; &nbsp; La\" \/>\n<meta property=\"og:url\" content=\"https:\/\/elinformativotam.com\/index.php\/2024\/06\/04\/pide-mesa-ciudadana-del-agua-a-gobierno-del-estado-declaratoria-de-desastre-hidrico-para-el-sur\/\" \/>\n<meta property=\"og:site_name\" content=\"EL INFORMATIVO DE TAMAULIPAS\" \/>\n<meta property=\"article:published_time\" content=\"2024-06-05T03:40:31+00:00\" \/>\n<meta property=\"og:image\" content=\"https:\/\/elinformativotam.com\/wp-content\/uploads\/2024\/06\/Cisest.jpeg\" \/>\n\t<meta property=\"og:image:width\" content=\"1600\" \/>\n\t<meta property=\"og:image:height\" content=\"1204\" \/>\n\t<meta property=\"og:image:type\" content=\"image\/jpeg\" \/>\n<meta name=\"author\" content=\"El Informativo Tam\" \/>\n<meta name=\"twitter:card\" content=\"summary_large_image\" \/>\n<meta name=\"twitter:label1\" content=\"Escrito por\" \/>\n\t<meta name=\"twitter:data1\" content=\"El Informativo Tam\" \/>\n\t<meta name=\"twitter:label2\" content=\"Tiempo de lectura\" \/>\n\t<meta name=\"twitter:data2\" content=\"3 minutos\" \/>\n<script type=\"application\/ld+json\" class=\"yoast-schema-graph\">{\"@context\":\"https:\\\/\\\/schema.org\",\"@graph\":[{\"@type\":\"Article\",\"@id\":\"https:\\\/\\\/elinformativotam.com\\\/index.php\\\/2024\\\/06\\\/04\\\/pide-mesa-ciudadana-del-agua-a-gobierno-del-estado-declaratoria-de-desastre-hidrico-para-el-sur\\\/#article\",\"isPartOf\":{\"@id\":\"https:\\\/\\\/elinformativotam.com\\\/index.php\\\/2024\\\/06\\\/04\\\/pide-mesa-ciudadana-del-agua-a-gobierno-del-estado-declaratoria-de-desastre-hidrico-para-el-sur\\\/\"},\"author\":{\"name\":\"El Informativo Tam\",\"@id\":\"https:\\\/\\\/elinformativotam.com\\\/#\\\/schema\\\/person\\\/78e08040eed0f6110f0c5f83b6153590\"},\"headline\":\"PIDE MESA CIUDADANA DEL AGUA A GOBIERNO DEL ESTADO DECLARATORIA DE DESASTRE H\u00cdDRICO PARA EL SUR\",\"datePublished\":\"2024-06-05T03:40:31+00:00\",\"mainEntityOfPage\":{\"@id\":\"https:\\\/\\\/elinformativotam.com\\\/index.php\\\/2024\\\/06\\\/04\\\/pide-mesa-ciudadana-del-agua-a-gobierno-del-estado-declaratoria-de-desastre-hidrico-para-el-sur\\\/\"},\"wordCount\":638,\"commentCount\":0,\"publisher\":{\"@id\":\"https:\\\/\\\/elinformativotam.com\\\/#organization\"},\"image\":{\"@id\":\"https:\\\/\\\/elinformativotam.com\\\/index.php\\\/2024\\\/06\\\/04\\\/pide-mesa-ciudadana-del-agua-a-gobierno-del-estado-declaratoria-de-desastre-hidrico-para-el-sur\\\/#primaryimage\"},\"thumbnailUrl\":\"https:\\\/\\\/elinformativotam.com\\\/wp-content\\\/uploads\\\/2024\\\/06\\\/Cisest.jpeg\",\"articleSection\":[\"Tampico\"],\"inLanguage\":\"es\",\"potentialAction\":[{\"@type\":\"CommentAction\",\"name\":\"Comment\",\"target\":[\"https:\\\/\\\/elinformativotam.com\\\/index.php\\\/2024\\\/06\\\/04\\\/pide-mesa-ciudadana-del-agua-a-gobierno-del-estado-declaratoria-de-desastre-hidrico-para-el-sur\\\/#respond\"]}]},{\"@type\":\"WebPage\",\"@id\":\"https:\\\/\\\/elinformativotam.com\\\/index.php\\\/2024\\\/06\\\/04\\\/pide-mesa-ciudadana-del-agua-a-gobierno-del-estado-declaratoria-de-desastre-hidrico-para-el-sur\\\/\",\"url\":\"https:\\\/\\\/elinformativotam.com\\\/index.php\\\/2024\\\/06\\\/04\\\/pide-mesa-ciudadana-del-agua-a-gobierno-del-estado-declaratoria-de-desastre-hidrico-para-el-sur\\\/\",\"name\":\"PIDE MESA CIUDADANA DEL AGUA A GOBIERNO DEL ESTADO DECLARATORIA DE DESASTRE H\u00cdDRICO PARA EL SUR - EL INFORMATIVO DE TAMAULIPAS\",\"isPartOf\":{\"@id\":\"https:\\\/\\\/elinformativotam.com\\\/#website\"},\"primaryImageOfPage\":{\"@id\":\"https:\\\/\\\/elinformativotam.com\\\/index.php\\\/2024\\\/06\\\/04\\\/pide-mesa-ciudadana-del-agua-a-gobierno-del-estado-declaratoria-de-desastre-hidrico-para-el-sur\\\/#primaryimage\"},\"image\":{\"@id\":\"https:\\\/\\\/elinformativotam.com\\\/index.php\\\/2024\\\/06\\\/04\\\/pide-mesa-ciudadana-del-agua-a-gobierno-del-estado-declaratoria-de-desastre-hidrico-para-el-sur\\\/#primaryimage\"},\"thumbnailUrl\":\"https:\\\/\\\/elinformativotam.com\\\/wp-content\\\/uploads\\\/2024\\\/06\\\/Cisest.jpeg\",\"datePublished\":\"2024-06-05T03:40:31+00:00\",\"description\":\"*La IP Ni La Mesa Ciudadana Pueden Hacer Tr\u00e1mites O Establecer Apoyos Sino Cuentan Con Ese Documento Que Emite El Gobierno Del Estado &nbsp; &nbsp; La\",\"inLanguage\":\"es\",\"potentialAction\":[{\"@type\":\"ReadAction\",\"target\":[\"https:\\\/\\\/elinformativotam.com\\\/index.php\\\/2024\\\/06\\\/04\\\/pide-mesa-ciudadana-del-agua-a-gobierno-del-estado-declaratoria-de-desastre-hidrico-para-el-sur\\\/\"]}]},{\"@type\":\"ImageObject\",\"inLanguage\":\"es\",\"@id\":\"https:\\\/\\\/elinformativotam.com\\\/index.php\\\/2024\\\/06\\\/04\\\/pide-mesa-ciudadana-del-agua-a-gobierno-del-estado-declaratoria-de-desastre-hidrico-para-el-sur\\\/#primaryimage\",\"url\":\"https:\\\/\\\/elinformativotam.com\\\/wp-content\\\/uploads\\\/2024\\\/06\\\/Cisest.jpeg\",\"contentUrl\":\"https:\\\/\\\/elinformativotam.com\\\/wp-content\\\/uploads\\\/2024\\\/06\\\/Cisest.jpeg\",\"width\":1600,\"height\":1204},{\"@type\":\"WebSite\",\"@id\":\"https:\\\/\\\/elinformativotam.com\\\/#website\",\"url\":\"https:\\\/\\\/elinformativotam.com\\\/\",\"name\":\"EL INFORMATIVO DE TAMAULIPAS\",\"description\":\"Desde la Zona Metropolitana Para Todo M\u00e9xico\",\"publisher\":{\"@id\":\"https:\\\/\\\/elinformativotam.com\\\/#organization\"},\"potentialAction\":[{\"@type\":\"SearchAction\",\"target\":{\"@type\":\"EntryPoint\",\"urlTemplate\":\"https:\\\/\\\/elinformativotam.com\\\/?s={search_term_string}\"},\"query-input\":{\"@type\":\"PropertyValueSpecification\",\"valueRequired\":true,\"valueName\":\"search_term_string\"}}],\"inLanguage\":\"es\"},{\"@type\":\"Organization\",\"@id\":\"https:\\\/\\\/elinformativotam.com\\\/#organization\",\"name\":\"EL INFORMATIVO DE TAMAULIPAS\",\"url\":\"https:\\\/\\\/elinformativotam.com\\\/\",\"logo\":{\"@type\":\"ImageObject\",\"inLanguage\":\"es\",\"@id\":\"https:\\\/\\\/elinformativotam.com\\\/#\\\/schema\\\/logo\\\/image\\\/\",\"url\":\"https:\\\/\\\/elinformativotam.com\\\/wp-content\\\/uploads\\\/2026\\\/02\\\/Cabezal.png\",\"contentUrl\":\"https:\\\/\\\/elinformativotam.com\\\/wp-content\\\/uploads\\\/2026\\\/02\\\/Cabezal.png\",\"width\":960,\"height\":640,\"caption\":\"EL INFORMATIVO DE TAMAULIPAS\"},\"image\":{\"@id\":\"https:\\\/\\\/elinformativotam.com\\\/#\\\/schema\\\/logo\\\/image\\\/\"}},{\"@type\":\"Person\",\"@id\":\"https:\\\/\\\/elinformativotam.com\\\/#\\\/schema\\\/person\\\/78e08040eed0f6110f0c5f83b6153590\",\"name\":\"El Informativo Tam\",\"image\":{\"@type\":\"ImageObject\",\"inLanguage\":\"es\",\"@id\":\"https:\\\/\\\/secure.gravatar.com\\\/avatar\\\/f3b7ad3af540688955925ac610647be00b0cf41feea9c4978b73a707ee86bc53?s=96&d=mm&r=g\",\"url\":\"https:\\\/\\\/secure.gravatar.com\\\/avatar\\\/f3b7ad3af540688955925ac610647be00b0cf41feea9c4978b73a707ee86bc53?s=96&d=mm&r=g\",\"contentUrl\":\"https:\\\/\\\/secure.gravatar.com\\\/avatar\\\/f3b7ad3af540688955925ac610647be00b0cf41feea9c4978b73a707ee86bc53?s=96&d=mm&r=g\",\"caption\":\"El Informativo Tam\"}}]}<\/script>\n<!-- \/ Yoast SEO plugin. -->","yoast_head_json":{"title":"PIDE MESA CIUDADANA DEL AGUA A GOBIERNO DEL ESTADO DECLARATORIA DE DESASTRE H\u00cdDRICO PARA EL SUR - EL INFORMATIVO DE TAMAULIPAS","description":"*La IP Ni La Mesa Ciudadana Pueden Hacer Tr\u00e1mites O Establecer Apoyos Sino Cuentan Con Ese Documento Que Emite El Gobierno Del Estado &nbsp; &nbsp; La","robots":{"index":"index","follow":"follow","max-snippet":"max-snippet:-1","max-image-preview":"max-image-preview:large","max-video-preview":"max-video-preview:-1"},"canonical":"https:\/\/elinformativotam.com\/index.php\/2024\/06\/04\/pide-mesa-ciudadana-del-agua-a-gobierno-del-estado-declaratoria-de-desastre-hidrico-para-el-sur\/","og_locale":"es_MX","og_type":"article","og_title":"PIDE MESA CIUDADANA DEL AGUA A GOBIERNO DEL ESTADO DECLARATORIA DE DESASTRE H\u00cdDRICO PARA EL SUR - EL INFORMATIVO DE TAMAULIPAS","og_description":"*La IP Ni La Mesa Ciudadana Pueden Hacer Tr\u00e1mites O Establecer Apoyos Sino Cuentan Con Ese Documento Que Emite El Gobierno Del Estado &nbsp; &nbsp; La","og_url":"https:\/\/elinformativotam.com\/index.php\/2024\/06\/04\/pide-mesa-ciudadana-del-agua-a-gobierno-del-estado-declaratoria-de-desastre-hidrico-para-el-sur\/","og_site_name":"EL INFORMATIVO DE TAMAULIPAS","article_published_time":"2024-06-05T03:40:31+00:00","og_image":[{"width":1600,"height":1204,"url":"https:\/\/elinformativotam.com\/wp-content\/uploads\/2024\/06\/Cisest.jpeg","type":"image\/jpeg"}],"author":"El Informativo Tam","twitter_card":"summary_large_image","twitter_misc":{"Escrito por":"El Informativo Tam","Tiempo de lectura":"3 minutos"},"schema":{"@context":"https:\/\/schema.org","@graph":[{"@type":"Article","@id":"https:\/\/elinformativotam.com\/index.php\/2024\/06\/04\/pide-mesa-ciudadana-del-agua-a-gobierno-del-estado-declaratoria-de-desastre-hidrico-para-el-sur\/#article","isPartOf":{"@id":"https:\/\/elinformativotam.com\/index.php\/2024\/06\/04\/pide-mesa-ciudadana-del-agua-a-gobierno-del-estado-declaratoria-de-desastre-hidrico-para-el-sur\/"},"author":{"name":"El Informativo Tam","@id":"https:\/\/elinformativotam.com\/#\/schema\/person\/78e08040eed0f6110f0c5f83b6153590"},"headline":"PIDE MESA CIUDADANA DEL AGUA A GOBIERNO DEL ESTADO DECLARATORIA DE DESASTRE H\u00cdDRICO PARA EL SUR","datePublished":"2024-06-05T03:40:31+00:00","mainEntityOfPage":{"@id":"https:\/\/elinformativotam.com\/index.php\/2024\/06\/04\/pide-mesa-ciudadana-del-agua-a-gobierno-del-estado-declaratoria-de-desastre-hidrico-para-el-sur\/"},"wordCount":638,"commentCount":0,"publisher":{"@id":"https:\/\/elinformativotam.com\/#organization"},"image":{"@id":"https:\/\/elinformativotam.com\/index.php\/2024\/06\/04\/pide-mesa-ciudadana-del-agua-a-gobierno-del-estado-declaratoria-de-desastre-hidrico-para-el-sur\/#primaryimage"},"thumbnailUrl":"https:\/\/elinformativotam.com\/wp-content\/uploads\/2024\/06\/Cisest.jpeg","articleSection":["Tampico"],"inLanguage":"es","potentialAction":[{"@type":"CommentAction","name":"Comment","target":["https:\/\/elinformativotam.com\/index.php\/2024\/06\/04\/pide-mesa-ciudadana-del-agua-a-gobierno-del-estado-declaratoria-de-desastre-hidrico-para-el-sur\/#respond"]}]},{"@type":"WebPage","@id":"https:\/\/elinformativotam.com\/index.php\/2024\/06\/04\/pide-mesa-ciudadana-del-agua-a-gobierno-del-estado-declaratoria-de-desastre-hidrico-para-el-sur\/","url":"https:\/\/elinformativotam.com\/index.php\/2024\/06\/04\/pide-mesa-ciudadana-del-agua-a-gobierno-del-estado-declaratoria-de-desastre-hidrico-para-el-sur\/","name":"PIDE MESA CIUDADANA DEL AGUA A GOBIERNO DEL ESTADO DECLARATORIA DE DESASTRE H\u00cdDRICO PARA EL SUR - EL INFORMATIVO DE TAMAULIPAS","isPartOf":{"@id":"https:\/\/elinformativotam.com\/#website"},"primaryImageOfPage":{"@id":"https:\/\/elinformativotam.com\/index.php\/2024\/06\/04\/pide-mesa-ciudadana-del-agua-a-gobierno-del-estado-declaratoria-de-desastre-hidrico-para-el-sur\/#primaryimage"},"image":{"@id":"https:\/\/elinformativotam.com\/index.php\/2024\/06\/04\/pide-mesa-ciudadana-del-agua-a-gobierno-del-estado-declaratoria-de-desastre-hidrico-para-el-sur\/#primaryimage"},"thumbnailUrl":"https:\/\/elinformativotam.com\/wp-content\/uploads\/2024\/06\/Cisest.jpeg","datePublished":"2024-06-05T03:40:31+00:00","description":"*La IP Ni La Mesa Ciudadana Pueden Hacer Tr\u00e1mites O Establecer Apoyos Sino Cuentan Con Ese Documento Que Emite El Gobierno Del Estado &nbsp; &nbsp; La","inLanguage":"es","potentialAction":[{"@type":"ReadAction","target":["https:\/\/elinformativotam.com\/index.php\/2024\/06\/04\/pide-mesa-ciudadana-del-agua-a-gobierno-del-estado-declaratoria-de-desastre-hidrico-para-el-sur\/"]}]},{"@type":"ImageObject","inLanguage":"es","@id":"https:\/\/elinformativotam.com\/index.php\/2024\/06\/04\/pide-mesa-ciudadana-del-agua-a-gobierno-del-estado-declaratoria-de-desastre-hidrico-para-el-sur\/#primaryimage","url":"https:\/\/elinformativotam.com\/wp-content\/uploads\/2024\/06\/Cisest.jpeg","contentUrl":"https:\/\/elinformativotam.com\/wp-content\/uploads\/2024\/06\/Cisest.jpeg","width":1600,"height":1204},{"@type":"WebSite","@id":"https:\/\/elinformativotam.com\/#website","url":"https:\/\/elinformativotam.com\/","name":"EL INFORMATIVO DE TAMAULIPAS","description":"Desde la Zona Metropolitana Para Todo M\u00e9xico","publisher":{"@id":"https:\/\/elinformativotam.com\/#organization"},"potentialAction":[{"@type":"SearchAction","target":{"@type":"EntryPoint","urlTemplate":"https:\/\/elinformativotam.com\/?s={search_term_string}"},"query-input":{"@type":"PropertyValueSpecification","valueRequired":true,"valueName":"search_term_string"}}],"inLanguage":"es"},{"@type":"Organization","@id":"https:\/\/elinformativotam.com\/#organization","name":"EL INFORMATIVO DE TAMAULIPAS","url":"https:\/\/elinformativotam.com\/","logo":{"@type":"ImageObject","inLanguage":"es","@id":"https:\/\/elinformativotam.com\/#\/schema\/logo\/image\/","url":"https:\/\/elinformativotam.com\/wp-content\/uploads\/2026\/02\/Cabezal.png","contentUrl":"https:\/\/elinformativotam.com\/wp-content\/uploads\/2026\/02\/Cabezal.png","width":960,"height":640,"caption":"EL INFORMATIVO DE TAMAULIPAS"},"image":{"@id":"https:\/\/elinformativotam.com\/#\/schema\/logo\/image\/"}},{"@type":"Person","@id":"https:\/\/elinformativotam.com\/#\/schema\/person\/78e08040eed0f6110f0c5f83b6153590","name":"El Informativo Tam","image":{"@type":"ImageObject","inLanguage":"es","@id":"https:\/\/secure.gravatar.com\/avatar\/f3b7ad3af540688955925ac610647be00b0cf41feea9c4978b73a707ee86bc53?s=96&d=mm&r=g","url":"https:\/\/secure.gravatar.com\/avatar\/f3b7ad3af540688955925ac610647be00b0cf41feea9c4978b73a707ee86bc53?s=96&d=mm&r=g","contentUrl":"https:\/\/secure.gravatar.com\/avatar\/f3b7ad3af540688955925ac610647be00b0cf41feea9c4978b73a707ee86bc53?s=96&d=mm&r=g","caption":"El Informativo Tam"}}]}},"_links":{"self":[{"href":"https:\/\/elinformativotam.com\/index.php\/wp-json\/wp\/v2\/posts\/50999","targetHints":{"allow":["GET"]}}],"collection":[{"href":"https:\/\/elinformativotam.com\/index.php\/wp-json\/wp\/v2\/posts"}],"about":[{"href":"https:\/\/elinformativotam.com\/index.php\/wp-json\/wp\/v2\/types\/post"}],"author":[{"embeddable":true,"href":"https:\/\/elinformativotam.com\/index.php\/wp-json\/wp\/v2\/users\/1"}],"replies":[{"embeddable":true,"href":"https:\/\/elinformativotam.com\/index.php\/wp-json\/wp\/v2\/comments?post=50999"}],"version-history":[{"count":1,"href":"https:\/\/elinformativotam.com\/index.php\/wp-json\/wp\/v2\/posts\/50999\/revisions"}],"predecessor-version":[{"id":51004,"href":"https:\/\/elinformativotam.com\/index.php\/wp-json\/wp\/v2\/posts\/50999\/revisions\/51004"}],"wp:featuredmedia":[{"embeddable":true,"href":"https:\/\/elinformativotam.com\/index.php\/wp-json\/wp\/v2\/media\/51003"}],"wp:attachment":[{"href":"https:\/\/elinformativotam.com\/index.php\/wp-json\/wp\/v2\/media?parent=50999"}],"wp:term":[{"taxonomy":"category","embeddable":true,"href":"https:\/\/elinformativotam.com\/index.php\/wp-json\/wp\/v2\/categories?post=50999"},{"taxonomy":"post_tag","embeddable":true,"href":"https:\/\/elinformativotam.com\/index.php\/wp-json\/wp\/v2\/tags?post=50999"}],"curies":[{"name":"wp","href":"https:\/\/api.w.org\/{rel}","templated":true}]}}