{"id":50975,"date":"2024-05-31T10:32:28","date_gmt":"2024-05-31T16:32:28","guid":{"rendered":"https:\/\/elinformativotam.com\/?p=50975"},"modified":"2024-05-31T10:32:28","modified_gmt":"2024-05-31T16:32:28","slug":"falta-de-agua-apagones-e-inseguridad-preocupacion-de-ip","status":"publish","type":"post","link":"https:\/\/elinformativotam.com\/index.php\/2024\/05\/31\/falta-de-agua-apagones-e-inseguridad-preocupacion-de-ip\/","title":{"rendered":"FALTA DE AGUA, APAGONES E INSEGURIDAD, PREOCUPACI\u00d3N DE IP"},"content":{"rendered":"<h2 style=\"text-align: center;\"><em><span style=\"font-family: 'times new roman', times;\">*Son Tres Rubros Que Impactan Al Pa\u00eds Y A La Zona Sur<\/span><\/em><\/h2>\n<p>&nbsp;<\/p>\n<p>El inadecuado servicio de energ\u00eda el\u00e9ctrica con los denominados apagones, la falta de agua y la inseguridad que persiste en el pa\u00eds, son temas que preocupan a la iniciativa privada integrada en Coparmex.<\/p>\n<p>&nbsp;<\/p>\n<p>As\u00ed lo expres\u00f3 el Presidente del Centro Empresarial de la Zona Sur, Gonz\u00e1lo Trevi\u00f1o Rodr\u00edguez, al destacar que esos tres rubros habr\u00e1n de ser abordados con los pr\u00f3ximos gobiernos, de \u00edndole federal, municipios y los legisladores que ganen el pr\u00f3ximo 2 de Junio<\/p>\n<p>&nbsp;<\/p>\n<p>Detall\u00f3 que tan solo en el rubro de energ\u00eda el\u00e9ctrica a nivel nacional las empresas pierden el 3.4% de sus ventas a consecuencias de la problem\u00e1tica de los apagones.<\/p>\n<p>&nbsp;<\/p>\n<p>Destac\u00f3 que en la zona sur dichos temas no var\u00edan tanto, sin embargo tambi\u00e9n son un problema para los empresarios.<\/p>\n<p>&nbsp;<\/p>\n<p>&#8220;Pues si fallan esos tres rubros simplemente no existe inversi\u00f3n, hay incertidumbre*, detall\u00f3<\/p>\n<p>&nbsp;<\/p>\n<p>Trevi\u00f1o, dej\u00f3 en claro que el tema del agua tambi\u00e9n preocupa a la IP, ya que debi\u00f3 ser un aspecto previsorio por los actuales gobiernos.<\/p>\n<p>&nbsp;<\/p>\n<p>&#8220;Hoy salen a flote muchas deficiencias en Comapa Sur, CNA y la Secretar\u00eda de Recursos Hidr\u00e1ulicos, que no han sabido darle la soluci\u00f3n adecuada&#8221;, recalc\u00f3<\/p>\n<p>&nbsp;<\/p>\n<p>El representante de los empresarios en la zona extern\u00f3 que hay sitios como Aguascalientes y Le\u00f3n, donde el problema del adecuado abasto es algo parecido a la regi\u00f3n sur.<\/p>\n<p>&nbsp;<\/p>\n<p>&#8220;Pero all\u00e1 son los ciudadanos los que manejan los organismos operadores del vital l\u00edquido, ellos se encargan de administrarlos y darles un adecuado funcionamiento&#8221;.<\/p>\n<p>&nbsp;<\/p>\n<p>Explic\u00f3 que el tema de la seguridad es otro de los aspectos que preocupa al sector patronal, pues aunque la zona sur en \u00e9stos momentos se encuentra tranquila, la frontera con EUA no termina por generar un crecimiento y desarrollo que impacten en sus municipios, como Matamoros, Reynosa y Nuevo Laredo.<\/p>\n","protected":false},"excerpt":{"rendered":"<p>*Son Tres Rubros Que Impactan Al Pa\u00eds Y A La Zona Sur &nbsp; El inadecuado servicio de energ\u00eda el\u00e9ctrica con&hellip;<\/p>\n","protected":false},"author":1,"featured_media":50965,"comment_status":"open","ping_status":"open","sticky":false,"template":"","format":"standard","meta":{"footnotes":""},"categories":[3],"tags":[],"class_list":["post-50975","post","type-post","status-publish","format-standard","has-post-thumbnail","hentry","category-tampico"],"yoast_head":"<!-- This site is optimized with the Yoast SEO plugin v27.4 - https:\/\/yoast.com\/product\/yoast-seo-wordpress\/ -->\n<title>FALTA DE AGUA, APAGONES E INSEGURIDAD, PREOCUPACI\u00d3N DE IP - EL INFORMATIVO DE TAMAULIPAS<\/title>\n<meta name=\"description\" content=\"*Son Tres Rubros Que Impactan Al Pa\u00eds Y A La Zona Sur &nbsp; El inadecuado servicio de energ\u00eda el\u00e9ctrica con los denominados apagones, la falta de agua y\" \/>\n<meta name=\"robots\" content=\"index, follow, max-snippet:-1, max-image-preview:large, max-video-preview:-1\" \/>\n<link rel=\"canonical\" href=\"https:\/\/elinformativotam.com\/index.php\/2024\/05\/31\/falta-de-agua-apagones-e-inseguridad-preocupacion-de-ip\/\" \/>\n<meta property=\"og:locale\" content=\"es_MX\" \/>\n<meta property=\"og:type\" content=\"article\" \/>\n<meta property=\"og:title\" content=\"FALTA DE AGUA, APAGONES E INSEGURIDAD, PREOCUPACI\u00d3N DE IP - EL INFORMATIVO DE TAMAULIPAS\" \/>\n<meta property=\"og:description\" content=\"*Son Tres Rubros Que Impactan Al Pa\u00eds Y A La Zona Sur &nbsp; El inadecuado servicio de energ\u00eda el\u00e9ctrica con los denominados apagones, la falta de agua y\" \/>\n<meta property=\"og:url\" content=\"https:\/\/elinformativotam.com\/index.php\/2024\/05\/31\/falta-de-agua-apagones-e-inseguridad-preocupacion-de-ip\/\" \/>\n<meta property=\"og:site_name\" content=\"EL INFORMATIVO DE TAMAULIPAS\" \/>\n<meta property=\"article:published_time\" content=\"2024-05-31T16:32:28+00:00\" \/>\n<meta property=\"og:image\" content=\"https:\/\/elinformativotam.com\/wp-content\/uploads\/2024\/05\/Coparmex.jpg\" \/>\n\t<meta property=\"og:image:width\" content=\"1600\" \/>\n\t<meta property=\"og:image:height\" content=\"1204\" \/>\n\t<meta property=\"og:image:type\" content=\"image\/jpeg\" \/>\n<meta name=\"author\" content=\"El Informativo Tam\" \/>\n<meta name=\"twitter:card\" content=\"summary_large_image\" \/>\n<meta name=\"twitter:label1\" content=\"Escrito por\" \/>\n\t<meta name=\"twitter:data1\" content=\"El Informativo Tam\" \/>\n\t<meta name=\"twitter:label2\" content=\"Tiempo de lectura\" \/>\n\t<meta name=\"twitter:data2\" content=\"2 minutos\" \/>\n<script type=\"application\/ld+json\" class=\"yoast-schema-graph\">{\"@context\":\"https:\\\/\\\/schema.org\",\"@graph\":[{\"@type\":\"Article\",\"@id\":\"https:\\\/\\\/elinformativotam.com\\\/index.php\\\/2024\\\/05\\\/31\\\/falta-de-agua-apagones-e-inseguridad-preocupacion-de-ip\\\/#article\",\"isPartOf\":{\"@id\":\"https:\\\/\\\/elinformativotam.com\\\/index.php\\\/2024\\\/05\\\/31\\\/falta-de-agua-apagones-e-inseguridad-preocupacion-de-ip\\\/\"},\"author\":{\"name\":\"El Informativo Tam\",\"@id\":\"https:\\\/\\\/elinformativotam.com\\\/#\\\/schema\\\/person\\\/78e08040eed0f6110f0c5f83b6153590\"},\"headline\":\"FALTA DE AGUA, APAGONES E INSEGURIDAD, PREOCUPACI\u00d3N DE IP\",\"datePublished\":\"2024-05-31T16:32:28+00:00\",\"mainEntityOfPage\":{\"@id\":\"https:\\\/\\\/elinformativotam.com\\\/index.php\\\/2024\\\/05\\\/31\\\/falta-de-agua-apagones-e-inseguridad-preocupacion-de-ip\\\/\"},\"wordCount\":346,\"commentCount\":0,\"publisher\":{\"@id\":\"https:\\\/\\\/elinformativotam.com\\\/#organization\"},\"image\":{\"@id\":\"https:\\\/\\\/elinformativotam.com\\\/index.php\\\/2024\\\/05\\\/31\\\/falta-de-agua-apagones-e-inseguridad-preocupacion-de-ip\\\/#primaryimage\"},\"thumbnailUrl\":\"https:\\\/\\\/elinformativotam.com\\\/wp-content\\\/uploads\\\/2024\\\/05\\\/Coparmex.jpg\",\"articleSection\":[\"Tampico\"],\"inLanguage\":\"es\",\"potentialAction\":[{\"@type\":\"CommentAction\",\"name\":\"Comment\",\"target\":[\"https:\\\/\\\/elinformativotam.com\\\/index.php\\\/2024\\\/05\\\/31\\\/falta-de-agua-apagones-e-inseguridad-preocupacion-de-ip\\\/#respond\"]}]},{\"@type\":\"WebPage\",\"@id\":\"https:\\\/\\\/elinformativotam.com\\\/index.php\\\/2024\\\/05\\\/31\\\/falta-de-agua-apagones-e-inseguridad-preocupacion-de-ip\\\/\",\"url\":\"https:\\\/\\\/elinformativotam.com\\\/index.php\\\/2024\\\/05\\\/31\\\/falta-de-agua-apagones-e-inseguridad-preocupacion-de-ip\\\/\",\"name\":\"FALTA DE AGUA, APAGONES E INSEGURIDAD, PREOCUPACI\u00d3N DE IP - EL INFORMATIVO DE TAMAULIPAS\",\"isPartOf\":{\"@id\":\"https:\\\/\\\/elinformativotam.com\\\/#website\"},\"primaryImageOfPage\":{\"@id\":\"https:\\\/\\\/elinformativotam.com\\\/index.php\\\/2024\\\/05\\\/31\\\/falta-de-agua-apagones-e-inseguridad-preocupacion-de-ip\\\/#primaryimage\"},\"image\":{\"@id\":\"https:\\\/\\\/elinformativotam.com\\\/index.php\\\/2024\\\/05\\\/31\\\/falta-de-agua-apagones-e-inseguridad-preocupacion-de-ip\\\/#primaryimage\"},\"thumbnailUrl\":\"https:\\\/\\\/elinformativotam.com\\\/wp-content\\\/uploads\\\/2024\\\/05\\\/Coparmex.jpg\",\"datePublished\":\"2024-05-31T16:32:28+00:00\",\"description\":\"*Son Tres Rubros Que Impactan Al Pa\u00eds Y A La Zona Sur &nbsp; El inadecuado servicio de energ\u00eda el\u00e9ctrica con los denominados apagones, la falta de agua y\",\"inLanguage\":\"es\",\"potentialAction\":[{\"@type\":\"ReadAction\",\"target\":[\"https:\\\/\\\/elinformativotam.com\\\/index.php\\\/2024\\\/05\\\/31\\\/falta-de-agua-apagones-e-inseguridad-preocupacion-de-ip\\\/\"]}]},{\"@type\":\"ImageObject\",\"inLanguage\":\"es\",\"@id\":\"https:\\\/\\\/elinformativotam.com\\\/index.php\\\/2024\\\/05\\\/31\\\/falta-de-agua-apagones-e-inseguridad-preocupacion-de-ip\\\/#primaryimage\",\"url\":\"https:\\\/\\\/elinformativotam.com\\\/wp-content\\\/uploads\\\/2024\\\/05\\\/Coparmex.jpg\",\"contentUrl\":\"https:\\\/\\\/elinformativotam.com\\\/wp-content\\\/uploads\\\/2024\\\/05\\\/Coparmex.jpg\",\"width\":1600,\"height\":1204},{\"@type\":\"WebSite\",\"@id\":\"https:\\\/\\\/elinformativotam.com\\\/#website\",\"url\":\"https:\\\/\\\/elinformativotam.com\\\/\",\"name\":\"EL INFORMATIVO DE TAMAULIPAS\",\"description\":\"Desde la Zona Metropolitana Para Todo M\u00e9xico\",\"publisher\":{\"@id\":\"https:\\\/\\\/elinformativotam.com\\\/#organization\"},\"potentialAction\":[{\"@type\":\"SearchAction\",\"target\":{\"@type\":\"EntryPoint\",\"urlTemplate\":\"https:\\\/\\\/elinformativotam.com\\\/?s={search_term_string}\"},\"query-input\":{\"@type\":\"PropertyValueSpecification\",\"valueRequired\":true,\"valueName\":\"search_term_string\"}}],\"inLanguage\":\"es\"},{\"@type\":\"Organization\",\"@id\":\"https:\\\/\\\/elinformativotam.com\\\/#organization\",\"name\":\"EL INFORMATIVO DE TAMAULIPAS\",\"url\":\"https:\\\/\\\/elinformativotam.com\\\/\",\"logo\":{\"@type\":\"ImageObject\",\"inLanguage\":\"es\",\"@id\":\"https:\\\/\\\/elinformativotam.com\\\/#\\\/schema\\\/logo\\\/image\\\/\",\"url\":\"https:\\\/\\\/elinformativotam.com\\\/wp-content\\\/uploads\\\/2026\\\/02\\\/Cabezal.png\",\"contentUrl\":\"https:\\\/\\\/elinformativotam.com\\\/wp-content\\\/uploads\\\/2026\\\/02\\\/Cabezal.png\",\"width\":960,\"height\":640,\"caption\":\"EL INFORMATIVO DE TAMAULIPAS\"},\"image\":{\"@id\":\"https:\\\/\\\/elinformativotam.com\\\/#\\\/schema\\\/logo\\\/image\\\/\"}},{\"@type\":\"Person\",\"@id\":\"https:\\\/\\\/elinformativotam.com\\\/#\\\/schema\\\/person\\\/78e08040eed0f6110f0c5f83b6153590\",\"name\":\"El Informativo Tam\",\"image\":{\"@type\":\"ImageObject\",\"inLanguage\":\"es\",\"@id\":\"https:\\\/\\\/secure.gravatar.com\\\/avatar\\\/f3b7ad3af540688955925ac610647be00b0cf41feea9c4978b73a707ee86bc53?s=96&d=mm&r=g\",\"url\":\"https:\\\/\\\/secure.gravatar.com\\\/avatar\\\/f3b7ad3af540688955925ac610647be00b0cf41feea9c4978b73a707ee86bc53?s=96&d=mm&r=g\",\"contentUrl\":\"https:\\\/\\\/secure.gravatar.com\\\/avatar\\\/f3b7ad3af540688955925ac610647be00b0cf41feea9c4978b73a707ee86bc53?s=96&d=mm&r=g\",\"caption\":\"El Informativo Tam\"}}]}<\/script>\n<!-- \/ Yoast SEO plugin. -->","yoast_head_json":{"title":"FALTA DE AGUA, APAGONES E INSEGURIDAD, PREOCUPACI\u00d3N DE IP - EL INFORMATIVO DE TAMAULIPAS","description":"*Son Tres Rubros Que Impactan Al Pa\u00eds Y A La Zona Sur &nbsp; El inadecuado servicio de energ\u00eda el\u00e9ctrica con los denominados apagones, la falta de agua y","robots":{"index":"index","follow":"follow","max-snippet":"max-snippet:-1","max-image-preview":"max-image-preview:large","max-video-preview":"max-video-preview:-1"},"canonical":"https:\/\/elinformativotam.com\/index.php\/2024\/05\/31\/falta-de-agua-apagones-e-inseguridad-preocupacion-de-ip\/","og_locale":"es_MX","og_type":"article","og_title":"FALTA DE AGUA, APAGONES E INSEGURIDAD, PREOCUPACI\u00d3N DE IP - EL INFORMATIVO DE TAMAULIPAS","og_description":"*Son Tres Rubros Que Impactan Al Pa\u00eds Y A La Zona Sur &nbsp; El inadecuado servicio de energ\u00eda el\u00e9ctrica con los denominados apagones, la falta de agua y","og_url":"https:\/\/elinformativotam.com\/index.php\/2024\/05\/31\/falta-de-agua-apagones-e-inseguridad-preocupacion-de-ip\/","og_site_name":"EL INFORMATIVO DE TAMAULIPAS","article_published_time":"2024-05-31T16:32:28+00:00","og_image":[{"width":1600,"height":1204,"url":"https:\/\/elinformativotam.com\/wp-content\/uploads\/2024\/05\/Coparmex.jpg","type":"image\/jpeg"}],"author":"El Informativo Tam","twitter_card":"summary_large_image","twitter_misc":{"Escrito por":"El Informativo Tam","Tiempo de lectura":"2 minutos"},"schema":{"@context":"https:\/\/schema.org","@graph":[{"@type":"Article","@id":"https:\/\/elinformativotam.com\/index.php\/2024\/05\/31\/falta-de-agua-apagones-e-inseguridad-preocupacion-de-ip\/#article","isPartOf":{"@id":"https:\/\/elinformativotam.com\/index.php\/2024\/05\/31\/falta-de-agua-apagones-e-inseguridad-preocupacion-de-ip\/"},"author":{"name":"El Informativo Tam","@id":"https:\/\/elinformativotam.com\/#\/schema\/person\/78e08040eed0f6110f0c5f83b6153590"},"headline":"FALTA DE AGUA, APAGONES E INSEGURIDAD, PREOCUPACI\u00d3N DE IP","datePublished":"2024-05-31T16:32:28+00:00","mainEntityOfPage":{"@id":"https:\/\/elinformativotam.com\/index.php\/2024\/05\/31\/falta-de-agua-apagones-e-inseguridad-preocupacion-de-ip\/"},"wordCount":346,"commentCount":0,"publisher":{"@id":"https:\/\/elinformativotam.com\/#organization"},"image":{"@id":"https:\/\/elinformativotam.com\/index.php\/2024\/05\/31\/falta-de-agua-apagones-e-inseguridad-preocupacion-de-ip\/#primaryimage"},"thumbnailUrl":"https:\/\/elinformativotam.com\/wp-content\/uploads\/2024\/05\/Coparmex.jpg","articleSection":["Tampico"],"inLanguage":"es","potentialAction":[{"@type":"CommentAction","name":"Comment","target":["https:\/\/elinformativotam.com\/index.php\/2024\/05\/31\/falta-de-agua-apagones-e-inseguridad-preocupacion-de-ip\/#respond"]}]},{"@type":"WebPage","@id":"https:\/\/elinformativotam.com\/index.php\/2024\/05\/31\/falta-de-agua-apagones-e-inseguridad-preocupacion-de-ip\/","url":"https:\/\/elinformativotam.com\/index.php\/2024\/05\/31\/falta-de-agua-apagones-e-inseguridad-preocupacion-de-ip\/","name":"FALTA DE AGUA, APAGONES E INSEGURIDAD, PREOCUPACI\u00d3N DE IP - EL INFORMATIVO DE TAMAULIPAS","isPartOf":{"@id":"https:\/\/elinformativotam.com\/#website"},"primaryImageOfPage":{"@id":"https:\/\/elinformativotam.com\/index.php\/2024\/05\/31\/falta-de-agua-apagones-e-inseguridad-preocupacion-de-ip\/#primaryimage"},"image":{"@id":"https:\/\/elinformativotam.com\/index.php\/2024\/05\/31\/falta-de-agua-apagones-e-inseguridad-preocupacion-de-ip\/#primaryimage"},"thumbnailUrl":"https:\/\/elinformativotam.com\/wp-content\/uploads\/2024\/05\/Coparmex.jpg","datePublished":"2024-05-31T16:32:28+00:00","description":"*Son Tres Rubros Que Impactan Al Pa\u00eds Y A La Zona Sur &nbsp; El inadecuado servicio de energ\u00eda el\u00e9ctrica con los denominados apagones, la falta de agua y","inLanguage":"es","potentialAction":[{"@type":"ReadAction","target":["https:\/\/elinformativotam.com\/index.php\/2024\/05\/31\/falta-de-agua-apagones-e-inseguridad-preocupacion-de-ip\/"]}]},{"@type":"ImageObject","inLanguage":"es","@id":"https:\/\/elinformativotam.com\/index.php\/2024\/05\/31\/falta-de-agua-apagones-e-inseguridad-preocupacion-de-ip\/#primaryimage","url":"https:\/\/elinformativotam.com\/wp-content\/uploads\/2024\/05\/Coparmex.jpg","contentUrl":"https:\/\/elinformativotam.com\/wp-content\/uploads\/2024\/05\/Coparmex.jpg","width":1600,"height":1204},{"@type":"WebSite","@id":"https:\/\/elinformativotam.com\/#website","url":"https:\/\/elinformativotam.com\/","name":"EL INFORMATIVO DE TAMAULIPAS","description":"Desde la Zona Metropolitana Para Todo M\u00e9xico","publisher":{"@id":"https:\/\/elinformativotam.com\/#organization"},"potentialAction":[{"@type":"SearchAction","target":{"@type":"EntryPoint","urlTemplate":"https:\/\/elinformativotam.com\/?s={search_term_string}"},"query-input":{"@type":"PropertyValueSpecification","valueRequired":true,"valueName":"search_term_string"}}],"inLanguage":"es"},{"@type":"Organization","@id":"https:\/\/elinformativotam.com\/#organization","name":"EL INFORMATIVO DE TAMAULIPAS","url":"https:\/\/elinformativotam.com\/","logo":{"@type":"ImageObject","inLanguage":"es","@id":"https:\/\/elinformativotam.com\/#\/schema\/logo\/image\/","url":"https:\/\/elinformativotam.com\/wp-content\/uploads\/2026\/02\/Cabezal.png","contentUrl":"https:\/\/elinformativotam.com\/wp-content\/uploads\/2026\/02\/Cabezal.png","width":960,"height":640,"caption":"EL INFORMATIVO DE TAMAULIPAS"},"image":{"@id":"https:\/\/elinformativotam.com\/#\/schema\/logo\/image\/"}},{"@type":"Person","@id":"https:\/\/elinformativotam.com\/#\/schema\/person\/78e08040eed0f6110f0c5f83b6153590","name":"El Informativo Tam","image":{"@type":"ImageObject","inLanguage":"es","@id":"https:\/\/secure.gravatar.com\/avatar\/f3b7ad3af540688955925ac610647be00b0cf41feea9c4978b73a707ee86bc53?s=96&d=mm&r=g","url":"https:\/\/secure.gravatar.com\/avatar\/f3b7ad3af540688955925ac610647be00b0cf41feea9c4978b73a707ee86bc53?s=96&d=mm&r=g","contentUrl":"https:\/\/secure.gravatar.com\/avatar\/f3b7ad3af540688955925ac610647be00b0cf41feea9c4978b73a707ee86bc53?s=96&d=mm&r=g","caption":"El Informativo Tam"}}]}},"_links":{"self":[{"href":"https:\/\/elinformativotam.com\/index.php\/wp-json\/wp\/v2\/posts\/50975","targetHints":{"allow":["GET"]}}],"collection":[{"href":"https:\/\/elinformativotam.com\/index.php\/wp-json\/wp\/v2\/posts"}],"about":[{"href":"https:\/\/elinformativotam.com\/index.php\/wp-json\/wp\/v2\/types\/post"}],"author":[{"embeddable":true,"href":"https:\/\/elinformativotam.com\/index.php\/wp-json\/wp\/v2\/users\/1"}],"replies":[{"embeddable":true,"href":"https:\/\/elinformativotam.com\/index.php\/wp-json\/wp\/v2\/comments?post=50975"}],"version-history":[{"count":1,"href":"https:\/\/elinformativotam.com\/index.php\/wp-json\/wp\/v2\/posts\/50975\/revisions"}],"predecessor-version":[{"id":50976,"href":"https:\/\/elinformativotam.com\/index.php\/wp-json\/wp\/v2\/posts\/50975\/revisions\/50976"}],"wp:featuredmedia":[{"embeddable":true,"href":"https:\/\/elinformativotam.com\/index.php\/wp-json\/wp\/v2\/media\/50965"}],"wp:attachment":[{"href":"https:\/\/elinformativotam.com\/index.php\/wp-json\/wp\/v2\/media?parent=50975"}],"wp:term":[{"taxonomy":"category","embeddable":true,"href":"https:\/\/elinformativotam.com\/index.php\/wp-json\/wp\/v2\/categories?post=50975"},{"taxonomy":"post_tag","embeddable":true,"href":"https:\/\/elinformativotam.com\/index.php\/wp-json\/wp\/v2\/tags?post=50975"}],"curies":[{"name":"wp","href":"https:\/\/api.w.org\/{rel}","templated":true}]}}