{"id":50973,"date":"2024-05-31T10:29:18","date_gmt":"2024-05-31T16:29:18","guid":{"rendered":"https:\/\/elinformativotam.com\/?p=50973"},"modified":"2024-05-31T10:31:39","modified_gmt":"2024-05-31T16:31:39","slug":"comenzaron-los-3-dias-de-reflexion-electoral-de-la-poblacion-rumbo-al-2-de-junio","status":"publish","type":"post","link":"https:\/\/elinformativotam.com\/index.php\/2024\/05\/31\/comenzaron-los-3-dias-de-reflexion-electoral-de-la-poblacion-rumbo-al-2-de-junio\/","title":{"rendered":"COMENZARON LOS 3 D\u00cdAS DE REFLEXI\u00d3N ELECTORAL DE LA POBLACI\u00d3N RUMBO AL 2 DE JUNIO"},"content":{"rendered":"<h2 style=\"text-align: center;\"><em><span style=\"font-family: 'times new roman', times;\">*En El 8 Distrito Electoral Ning\u00fan Candidato Debe Hacer Proselitismo Hasta El Domingo Cuando Acuda A Votar<\/span><\/em><\/h2>\n<p>&nbsp;<\/p>\n<p>&nbsp;<\/p>\n<p>El Consejo Distrital Electoral 8 con sede en Tampico, se\u00f1al\u00f3 que a partir de este jueves y hasta el s\u00e1bado habr\u00e1 un periodo de reflexi\u00f3n de la poblaci\u00f3n, y de esta manera definir porque candidatos habr\u00e1n de sufragar el pr\u00f3ximo domingo 2 de Junio.<\/p>\n<p>&nbsp;<\/p>\n<p>Mar\u00eda de la Luz Espinoza Hern\u00e1ndez, presidenta del referido consejo distrital, extern\u00f3 que el elector tendr\u00e1 tres d\u00edas para terminar por definir por qui\u00e9n votar en el 8 distrito.<\/p>\n<p>&nbsp;<\/p>\n<p>Resalt\u00f3 que de acuerdo a lo establecido por la Ley General de Instituciones y Procedimientos Electorales(LEGIPE) ning\u00fan candidato o partido politico deber\u00e1 hacer proselitismo de jueves a s\u00e1bado, ni difusi\u00f3n de reuniones o actos p\u00fablicos de campa\u00f1a.<\/p>\n<p>&nbsp;<\/p>\n<p>Recalc\u00f3 que este periodo de abstinencia pol\u00edtico-electoral tiene como objetivo para el INE y los Oples &#8220;generar condiciones para que la ciudadan\u00eda reflexione el sentido de su voto en libertad, es as\u00ed que los actores pol\u00edticos est\u00e1n obligados en abstenerse de llevar a cabo reuniones o actos p\u00fablicos que llamen al voto&#8221;.<\/p>\n<p>&nbsp;<\/p>\n<p>Dijo, que la ciudadan\u00eda debe acudir en plena libertad a las casillas para votar por las personas que ser\u00e1n sus representantes ante el Congreso de la Uni\u00f3n y en la Presidencia de la Rep\u00fablica Mexicana.<\/p>\n<p>&nbsp;<\/p>\n<p>Adem\u00e1s, mencion\u00f3 que la propaganda electoral deber\u00e1 respetar los tiempos legales para su retiro y no estar en las inmediaciones de las casillas.<\/p>\n<p>&nbsp;<\/p>\n<p>&#8220;Es decir a 50 metros, por lo cual las mantas deber\u00e1n ser retiradas y las bardas pintarse. En el caso de la propaganda que se encuentre colocada en la v\u00eda p\u00fablica se tiene hasta los siete d\u00edas posteriores a la conclusi\u00f3n de la Jornada Electoral para su retiro&#8221;, acot\u00f3<\/p>\n<p>&nbsp;<\/p>\n<p>Finalmente, la Consejera Presidenta record\u00f3 que es obligaci\u00f3n de las personas candidatas, simpatizantes, afiliados de los partidos pol\u00edticos a cumplir con lo anterior, por lo que se vigilar\u00e1 que se cumpla con lo mandatado en la ley federal.<\/p>\n<p>&nbsp;<\/p>\n<p>&nbsp;<\/p>\n<p>&nbsp;<\/p>\n<p>&nbsp;<\/p>\n","protected":false},"excerpt":{"rendered":"<p>*En El 8 Distrito Electoral Ning\u00fan Candidato Debe Hacer Proselitismo Hasta El Domingo Cuando Acuda A Votar &nbsp; &nbsp; El&hellip;<\/p>\n","protected":false},"author":1,"featured_media":50966,"comment_status":"open","ping_status":"open","sticky":false,"template":"","format":"standard","meta":{"footnotes":""},"categories":[3],"tags":[],"class_list":["post-50973","post","type-post","status-publish","format-standard","has-post-thumbnail","hentry","category-tampico"],"yoast_head":"<!-- This site is optimized with the Yoast SEO plugin v27.4 - https:\/\/yoast.com\/product\/yoast-seo-wordpress\/ -->\n<title>COMENZARON LOS 3 D\u00cdAS DE REFLEXI\u00d3N ELECTORAL DE LA POBLACI\u00d3N RUMBO AL 2 DE JUNIO - EL INFORMATIVO DE TAMAULIPAS<\/title>\n<meta name=\"description\" content=\"*En El 8 Distrito Electoral Ning\u00fan Candidato Debe Hacer Proselitismo Hasta El Domingo Cuando Acuda A Votar &nbsp; &nbsp; El Consejo Distrital Electoral 8\" \/>\n<meta name=\"robots\" content=\"index, follow, max-snippet:-1, max-image-preview:large, max-video-preview:-1\" \/>\n<link rel=\"canonical\" href=\"https:\/\/elinformativotam.com\/index.php\/2024\/05\/31\/comenzaron-los-3-dias-de-reflexion-electoral-de-la-poblacion-rumbo-al-2-de-junio\/\" \/>\n<meta property=\"og:locale\" content=\"es_MX\" \/>\n<meta property=\"og:type\" content=\"article\" \/>\n<meta property=\"og:title\" content=\"COMENZARON LOS 3 D\u00cdAS DE REFLEXI\u00d3N ELECTORAL DE LA POBLACI\u00d3N RUMBO AL 2 DE JUNIO - EL INFORMATIVO DE TAMAULIPAS\" \/>\n<meta property=\"og:description\" content=\"*En El 8 Distrito Electoral Ning\u00fan Candidato Debe Hacer Proselitismo Hasta El Domingo Cuando Acuda A Votar &nbsp; &nbsp; El Consejo Distrital Electoral 8\" \/>\n<meta property=\"og:url\" content=\"https:\/\/elinformativotam.com\/index.php\/2024\/05\/31\/comenzaron-los-3-dias-de-reflexion-electoral-de-la-poblacion-rumbo-al-2-de-junio\/\" \/>\n<meta property=\"og:site_name\" content=\"EL INFORMATIVO DE TAMAULIPAS\" \/>\n<meta property=\"article:published_time\" content=\"2024-05-31T16:29:18+00:00\" \/>\n<meta property=\"article:modified_time\" content=\"2024-05-31T16:31:39+00:00\" \/>\n<meta property=\"og:image\" content=\"https:\/\/elinformativotam.com\/wp-content\/uploads\/2024\/05\/Maria-de-la-luz.jpg\" \/>\n\t<meta property=\"og:image:width\" content=\"1600\" \/>\n\t<meta property=\"og:image:height\" content=\"1204\" \/>\n\t<meta property=\"og:image:type\" content=\"image\/jpeg\" \/>\n<meta name=\"author\" content=\"El Informativo Tam\" \/>\n<meta name=\"twitter:card\" content=\"summary_large_image\" \/>\n<meta name=\"twitter:label1\" content=\"Escrito por\" \/>\n\t<meta name=\"twitter:data1\" content=\"El Informativo Tam\" \/>\n\t<meta name=\"twitter:label2\" content=\"Tiempo de lectura\" \/>\n\t<meta name=\"twitter:data2\" content=\"2 minutos\" \/>\n<script type=\"application\/ld+json\" class=\"yoast-schema-graph\">{\"@context\":\"https:\\\/\\\/schema.org\",\"@graph\":[{\"@type\":\"Article\",\"@id\":\"https:\\\/\\\/elinformativotam.com\\\/index.php\\\/2024\\\/05\\\/31\\\/comenzaron-los-3-dias-de-reflexion-electoral-de-la-poblacion-rumbo-al-2-de-junio\\\/#article\",\"isPartOf\":{\"@id\":\"https:\\\/\\\/elinformativotam.com\\\/index.php\\\/2024\\\/05\\\/31\\\/comenzaron-los-3-dias-de-reflexion-electoral-de-la-poblacion-rumbo-al-2-de-junio\\\/\"},\"author\":{\"name\":\"El Informativo Tam\",\"@id\":\"https:\\\/\\\/elinformativotam.com\\\/#\\\/schema\\\/person\\\/78e08040eed0f6110f0c5f83b6153590\"},\"headline\":\"COMENZARON LOS 3 D\u00cdAS DE REFLEXI\u00d3N ELECTORAL DE LA POBLACI\u00d3N RUMBO AL 2 DE JUNIO\",\"datePublished\":\"2024-05-31T16:29:18+00:00\",\"dateModified\":\"2024-05-31T16:31:39+00:00\",\"mainEntityOfPage\":{\"@id\":\"https:\\\/\\\/elinformativotam.com\\\/index.php\\\/2024\\\/05\\\/31\\\/comenzaron-los-3-dias-de-reflexion-electoral-de-la-poblacion-rumbo-al-2-de-junio\\\/\"},\"wordCount\":382,\"commentCount\":0,\"publisher\":{\"@id\":\"https:\\\/\\\/elinformativotam.com\\\/#organization\"},\"image\":{\"@id\":\"https:\\\/\\\/elinformativotam.com\\\/index.php\\\/2024\\\/05\\\/31\\\/comenzaron-los-3-dias-de-reflexion-electoral-de-la-poblacion-rumbo-al-2-de-junio\\\/#primaryimage\"},\"thumbnailUrl\":\"https:\\\/\\\/elinformativotam.com\\\/wp-content\\\/uploads\\\/2024\\\/05\\\/Maria-de-la-luz.jpg\",\"articleSection\":[\"Tampico\"],\"inLanguage\":\"es\",\"potentialAction\":[{\"@type\":\"CommentAction\",\"name\":\"Comment\",\"target\":[\"https:\\\/\\\/elinformativotam.com\\\/index.php\\\/2024\\\/05\\\/31\\\/comenzaron-los-3-dias-de-reflexion-electoral-de-la-poblacion-rumbo-al-2-de-junio\\\/#respond\"]}]},{\"@type\":\"WebPage\",\"@id\":\"https:\\\/\\\/elinformativotam.com\\\/index.php\\\/2024\\\/05\\\/31\\\/comenzaron-los-3-dias-de-reflexion-electoral-de-la-poblacion-rumbo-al-2-de-junio\\\/\",\"url\":\"https:\\\/\\\/elinformativotam.com\\\/index.php\\\/2024\\\/05\\\/31\\\/comenzaron-los-3-dias-de-reflexion-electoral-de-la-poblacion-rumbo-al-2-de-junio\\\/\",\"name\":\"COMENZARON LOS 3 D\u00cdAS DE REFLEXI\u00d3N ELECTORAL DE LA POBLACI\u00d3N RUMBO AL 2 DE JUNIO - EL INFORMATIVO DE TAMAULIPAS\",\"isPartOf\":{\"@id\":\"https:\\\/\\\/elinformativotam.com\\\/#website\"},\"primaryImageOfPage\":{\"@id\":\"https:\\\/\\\/elinformativotam.com\\\/index.php\\\/2024\\\/05\\\/31\\\/comenzaron-los-3-dias-de-reflexion-electoral-de-la-poblacion-rumbo-al-2-de-junio\\\/#primaryimage\"},\"image\":{\"@id\":\"https:\\\/\\\/elinformativotam.com\\\/index.php\\\/2024\\\/05\\\/31\\\/comenzaron-los-3-dias-de-reflexion-electoral-de-la-poblacion-rumbo-al-2-de-junio\\\/#primaryimage\"},\"thumbnailUrl\":\"https:\\\/\\\/elinformativotam.com\\\/wp-content\\\/uploads\\\/2024\\\/05\\\/Maria-de-la-luz.jpg\",\"datePublished\":\"2024-05-31T16:29:18+00:00\",\"dateModified\":\"2024-05-31T16:31:39+00:00\",\"description\":\"*En El 8 Distrito Electoral Ning\u00fan Candidato Debe Hacer Proselitismo Hasta El Domingo Cuando Acuda A Votar &nbsp; &nbsp; El Consejo Distrital Electoral 8\",\"inLanguage\":\"es\",\"potentialAction\":[{\"@type\":\"ReadAction\",\"target\":[\"https:\\\/\\\/elinformativotam.com\\\/index.php\\\/2024\\\/05\\\/31\\\/comenzaron-los-3-dias-de-reflexion-electoral-de-la-poblacion-rumbo-al-2-de-junio\\\/\"]}]},{\"@type\":\"ImageObject\",\"inLanguage\":\"es\",\"@id\":\"https:\\\/\\\/elinformativotam.com\\\/index.php\\\/2024\\\/05\\\/31\\\/comenzaron-los-3-dias-de-reflexion-electoral-de-la-poblacion-rumbo-al-2-de-junio\\\/#primaryimage\",\"url\":\"https:\\\/\\\/elinformativotam.com\\\/wp-content\\\/uploads\\\/2024\\\/05\\\/Maria-de-la-luz.jpg\",\"contentUrl\":\"https:\\\/\\\/elinformativotam.com\\\/wp-content\\\/uploads\\\/2024\\\/05\\\/Maria-de-la-luz.jpg\",\"width\":1600,\"height\":1204},{\"@type\":\"WebSite\",\"@id\":\"https:\\\/\\\/elinformativotam.com\\\/#website\",\"url\":\"https:\\\/\\\/elinformativotam.com\\\/\",\"name\":\"EL INFORMATIVO DE TAMAULIPAS\",\"description\":\"Desde la Zona Metropolitana Para Todo M\u00e9xico\",\"publisher\":{\"@id\":\"https:\\\/\\\/elinformativotam.com\\\/#organization\"},\"potentialAction\":[{\"@type\":\"SearchAction\",\"target\":{\"@type\":\"EntryPoint\",\"urlTemplate\":\"https:\\\/\\\/elinformativotam.com\\\/?s={search_term_string}\"},\"query-input\":{\"@type\":\"PropertyValueSpecification\",\"valueRequired\":true,\"valueName\":\"search_term_string\"}}],\"inLanguage\":\"es\"},{\"@type\":\"Organization\",\"@id\":\"https:\\\/\\\/elinformativotam.com\\\/#organization\",\"name\":\"EL INFORMATIVO DE TAMAULIPAS\",\"url\":\"https:\\\/\\\/elinformativotam.com\\\/\",\"logo\":{\"@type\":\"ImageObject\",\"inLanguage\":\"es\",\"@id\":\"https:\\\/\\\/elinformativotam.com\\\/#\\\/schema\\\/logo\\\/image\\\/\",\"url\":\"https:\\\/\\\/elinformativotam.com\\\/wp-content\\\/uploads\\\/2026\\\/02\\\/Cabezal.png\",\"contentUrl\":\"https:\\\/\\\/elinformativotam.com\\\/wp-content\\\/uploads\\\/2026\\\/02\\\/Cabezal.png\",\"width\":960,\"height\":640,\"caption\":\"EL INFORMATIVO DE TAMAULIPAS\"},\"image\":{\"@id\":\"https:\\\/\\\/elinformativotam.com\\\/#\\\/schema\\\/logo\\\/image\\\/\"}},{\"@type\":\"Person\",\"@id\":\"https:\\\/\\\/elinformativotam.com\\\/#\\\/schema\\\/person\\\/78e08040eed0f6110f0c5f83b6153590\",\"name\":\"El Informativo Tam\",\"image\":{\"@type\":\"ImageObject\",\"inLanguage\":\"es\",\"@id\":\"https:\\\/\\\/secure.gravatar.com\\\/avatar\\\/f3b7ad3af540688955925ac610647be00b0cf41feea9c4978b73a707ee86bc53?s=96&d=mm&r=g\",\"url\":\"https:\\\/\\\/secure.gravatar.com\\\/avatar\\\/f3b7ad3af540688955925ac610647be00b0cf41feea9c4978b73a707ee86bc53?s=96&d=mm&r=g\",\"contentUrl\":\"https:\\\/\\\/secure.gravatar.com\\\/avatar\\\/f3b7ad3af540688955925ac610647be00b0cf41feea9c4978b73a707ee86bc53?s=96&d=mm&r=g\",\"caption\":\"El Informativo Tam\"}}]}<\/script>\n<!-- \/ Yoast SEO plugin. -->","yoast_head_json":{"title":"COMENZARON LOS 3 D\u00cdAS DE REFLEXI\u00d3N ELECTORAL DE LA POBLACI\u00d3N RUMBO AL 2 DE JUNIO - EL INFORMATIVO DE TAMAULIPAS","description":"*En El 8 Distrito Electoral Ning\u00fan Candidato Debe Hacer Proselitismo Hasta El Domingo Cuando Acuda A Votar &nbsp; &nbsp; El Consejo Distrital Electoral 8","robots":{"index":"index","follow":"follow","max-snippet":"max-snippet:-1","max-image-preview":"max-image-preview:large","max-video-preview":"max-video-preview:-1"},"canonical":"https:\/\/elinformativotam.com\/index.php\/2024\/05\/31\/comenzaron-los-3-dias-de-reflexion-electoral-de-la-poblacion-rumbo-al-2-de-junio\/","og_locale":"es_MX","og_type":"article","og_title":"COMENZARON LOS 3 D\u00cdAS DE REFLEXI\u00d3N ELECTORAL DE LA POBLACI\u00d3N RUMBO AL 2 DE JUNIO - EL INFORMATIVO DE TAMAULIPAS","og_description":"*En El 8 Distrito Electoral Ning\u00fan Candidato Debe Hacer Proselitismo Hasta El Domingo Cuando Acuda A Votar &nbsp; &nbsp; El Consejo Distrital Electoral 8","og_url":"https:\/\/elinformativotam.com\/index.php\/2024\/05\/31\/comenzaron-los-3-dias-de-reflexion-electoral-de-la-poblacion-rumbo-al-2-de-junio\/","og_site_name":"EL INFORMATIVO DE TAMAULIPAS","article_published_time":"2024-05-31T16:29:18+00:00","article_modified_time":"2024-05-31T16:31:39+00:00","og_image":[{"width":1600,"height":1204,"url":"https:\/\/elinformativotam.com\/wp-content\/uploads\/2024\/05\/Maria-de-la-luz.jpg","type":"image\/jpeg"}],"author":"El Informativo Tam","twitter_card":"summary_large_image","twitter_misc":{"Escrito por":"El Informativo Tam","Tiempo de lectura":"2 minutos"},"schema":{"@context":"https:\/\/schema.org","@graph":[{"@type":"Article","@id":"https:\/\/elinformativotam.com\/index.php\/2024\/05\/31\/comenzaron-los-3-dias-de-reflexion-electoral-de-la-poblacion-rumbo-al-2-de-junio\/#article","isPartOf":{"@id":"https:\/\/elinformativotam.com\/index.php\/2024\/05\/31\/comenzaron-los-3-dias-de-reflexion-electoral-de-la-poblacion-rumbo-al-2-de-junio\/"},"author":{"name":"El Informativo Tam","@id":"https:\/\/elinformativotam.com\/#\/schema\/person\/78e08040eed0f6110f0c5f83b6153590"},"headline":"COMENZARON LOS 3 D\u00cdAS DE REFLEXI\u00d3N ELECTORAL DE LA POBLACI\u00d3N RUMBO AL 2 DE JUNIO","datePublished":"2024-05-31T16:29:18+00:00","dateModified":"2024-05-31T16:31:39+00:00","mainEntityOfPage":{"@id":"https:\/\/elinformativotam.com\/index.php\/2024\/05\/31\/comenzaron-los-3-dias-de-reflexion-electoral-de-la-poblacion-rumbo-al-2-de-junio\/"},"wordCount":382,"commentCount":0,"publisher":{"@id":"https:\/\/elinformativotam.com\/#organization"},"image":{"@id":"https:\/\/elinformativotam.com\/index.php\/2024\/05\/31\/comenzaron-los-3-dias-de-reflexion-electoral-de-la-poblacion-rumbo-al-2-de-junio\/#primaryimage"},"thumbnailUrl":"https:\/\/elinformativotam.com\/wp-content\/uploads\/2024\/05\/Maria-de-la-luz.jpg","articleSection":["Tampico"],"inLanguage":"es","potentialAction":[{"@type":"CommentAction","name":"Comment","target":["https:\/\/elinformativotam.com\/index.php\/2024\/05\/31\/comenzaron-los-3-dias-de-reflexion-electoral-de-la-poblacion-rumbo-al-2-de-junio\/#respond"]}]},{"@type":"WebPage","@id":"https:\/\/elinformativotam.com\/index.php\/2024\/05\/31\/comenzaron-los-3-dias-de-reflexion-electoral-de-la-poblacion-rumbo-al-2-de-junio\/","url":"https:\/\/elinformativotam.com\/index.php\/2024\/05\/31\/comenzaron-los-3-dias-de-reflexion-electoral-de-la-poblacion-rumbo-al-2-de-junio\/","name":"COMENZARON LOS 3 D\u00cdAS DE REFLEXI\u00d3N ELECTORAL DE LA POBLACI\u00d3N RUMBO AL 2 DE JUNIO - EL INFORMATIVO DE TAMAULIPAS","isPartOf":{"@id":"https:\/\/elinformativotam.com\/#website"},"primaryImageOfPage":{"@id":"https:\/\/elinformativotam.com\/index.php\/2024\/05\/31\/comenzaron-los-3-dias-de-reflexion-electoral-de-la-poblacion-rumbo-al-2-de-junio\/#primaryimage"},"image":{"@id":"https:\/\/elinformativotam.com\/index.php\/2024\/05\/31\/comenzaron-los-3-dias-de-reflexion-electoral-de-la-poblacion-rumbo-al-2-de-junio\/#primaryimage"},"thumbnailUrl":"https:\/\/elinformativotam.com\/wp-content\/uploads\/2024\/05\/Maria-de-la-luz.jpg","datePublished":"2024-05-31T16:29:18+00:00","dateModified":"2024-05-31T16:31:39+00:00","description":"*En El 8 Distrito Electoral Ning\u00fan Candidato Debe Hacer Proselitismo Hasta El Domingo Cuando Acuda A Votar &nbsp; &nbsp; El Consejo Distrital Electoral 8","inLanguage":"es","potentialAction":[{"@type":"ReadAction","target":["https:\/\/elinformativotam.com\/index.php\/2024\/05\/31\/comenzaron-los-3-dias-de-reflexion-electoral-de-la-poblacion-rumbo-al-2-de-junio\/"]}]},{"@type":"ImageObject","inLanguage":"es","@id":"https:\/\/elinformativotam.com\/index.php\/2024\/05\/31\/comenzaron-los-3-dias-de-reflexion-electoral-de-la-poblacion-rumbo-al-2-de-junio\/#primaryimage","url":"https:\/\/elinformativotam.com\/wp-content\/uploads\/2024\/05\/Maria-de-la-luz.jpg","contentUrl":"https:\/\/elinformativotam.com\/wp-content\/uploads\/2024\/05\/Maria-de-la-luz.jpg","width":1600,"height":1204},{"@type":"WebSite","@id":"https:\/\/elinformativotam.com\/#website","url":"https:\/\/elinformativotam.com\/","name":"EL INFORMATIVO DE TAMAULIPAS","description":"Desde la Zona Metropolitana Para Todo M\u00e9xico","publisher":{"@id":"https:\/\/elinformativotam.com\/#organization"},"potentialAction":[{"@type":"SearchAction","target":{"@type":"EntryPoint","urlTemplate":"https:\/\/elinformativotam.com\/?s={search_term_string}"},"query-input":{"@type":"PropertyValueSpecification","valueRequired":true,"valueName":"search_term_string"}}],"inLanguage":"es"},{"@type":"Organization","@id":"https:\/\/elinformativotam.com\/#organization","name":"EL INFORMATIVO DE TAMAULIPAS","url":"https:\/\/elinformativotam.com\/","logo":{"@type":"ImageObject","inLanguage":"es","@id":"https:\/\/elinformativotam.com\/#\/schema\/logo\/image\/","url":"https:\/\/elinformativotam.com\/wp-content\/uploads\/2026\/02\/Cabezal.png","contentUrl":"https:\/\/elinformativotam.com\/wp-content\/uploads\/2026\/02\/Cabezal.png","width":960,"height":640,"caption":"EL INFORMATIVO DE TAMAULIPAS"},"image":{"@id":"https:\/\/elinformativotam.com\/#\/schema\/logo\/image\/"}},{"@type":"Person","@id":"https:\/\/elinformativotam.com\/#\/schema\/person\/78e08040eed0f6110f0c5f83b6153590","name":"El Informativo Tam","image":{"@type":"ImageObject","inLanguage":"es","@id":"https:\/\/secure.gravatar.com\/avatar\/f3b7ad3af540688955925ac610647be00b0cf41feea9c4978b73a707ee86bc53?s=96&d=mm&r=g","url":"https:\/\/secure.gravatar.com\/avatar\/f3b7ad3af540688955925ac610647be00b0cf41feea9c4978b73a707ee86bc53?s=96&d=mm&r=g","contentUrl":"https:\/\/secure.gravatar.com\/avatar\/f3b7ad3af540688955925ac610647be00b0cf41feea9c4978b73a707ee86bc53?s=96&d=mm&r=g","caption":"El Informativo Tam"}}]}},"_links":{"self":[{"href":"https:\/\/elinformativotam.com\/index.php\/wp-json\/wp\/v2\/posts\/50973","targetHints":{"allow":["GET"]}}],"collection":[{"href":"https:\/\/elinformativotam.com\/index.php\/wp-json\/wp\/v2\/posts"}],"about":[{"href":"https:\/\/elinformativotam.com\/index.php\/wp-json\/wp\/v2\/types\/post"}],"author":[{"embeddable":true,"href":"https:\/\/elinformativotam.com\/index.php\/wp-json\/wp\/v2\/users\/1"}],"replies":[{"embeddable":true,"href":"https:\/\/elinformativotam.com\/index.php\/wp-json\/wp\/v2\/comments?post=50973"}],"version-history":[{"count":1,"href":"https:\/\/elinformativotam.com\/index.php\/wp-json\/wp\/v2\/posts\/50973\/revisions"}],"predecessor-version":[{"id":50974,"href":"https:\/\/elinformativotam.com\/index.php\/wp-json\/wp\/v2\/posts\/50973\/revisions\/50974"}],"wp:featuredmedia":[{"embeddable":true,"href":"https:\/\/elinformativotam.com\/index.php\/wp-json\/wp\/v2\/media\/50966"}],"wp:attachment":[{"href":"https:\/\/elinformativotam.com\/index.php\/wp-json\/wp\/v2\/media?parent=50973"}],"wp:term":[{"taxonomy":"category","embeddable":true,"href":"https:\/\/elinformativotam.com\/index.php\/wp-json\/wp\/v2\/categories?post=50973"},{"taxonomy":"post_tag","embeddable":true,"href":"https:\/\/elinformativotam.com\/index.php\/wp-json\/wp\/v2\/tags?post=50973"}],"curies":[{"name":"wp","href":"https:\/\/api.w.org\/{rel}","templated":true}]}}