{"id":50970,"date":"2024-05-31T09:43:47","date_gmt":"2024-05-31T15:43:47","guid":{"rendered":"https:\/\/elinformativotam.com\/?p=50970"},"modified":"2024-05-31T10:16:48","modified_gmt":"2024-05-31T16:16:48","slug":"mejorara-abasto-de-agua-a-partir-del-fin-de-semana-en-zona-sur-gobernador","status":"publish","type":"post","link":"https:\/\/elinformativotam.com\/index.php\/2024\/05\/31\/mejorara-abasto-de-agua-a-partir-del-fin-de-semana-en-zona-sur-gobernador\/","title":{"rendered":"MEJORAR\u00c1 ABASTO DE AGUA A PARTIR DEL FIN DE SEMANA EN ZONA SUR: GOBERNADOR"},"content":{"rendered":"<h2 style=\"text-align: center;\"><em><span style=\"font-family: 'times new roman', times;\">*Trasvases De Varias Partes De La Entidad Y De SLP Mejorar\u00e1n Las Condiciones Que Tiene La Poblaci\u00f3n Por El Tema De La Sequ\u00eda<\/span><\/em><\/h2>\n<p>&nbsp;<\/p>\n<p>&nbsp;<\/p>\n<p>&nbsp;<\/p>\n<p>La zona sur de Tamaulipas tendr\u00e1 un leve respiro h\u00eddrico a partir de este fin de semana, como resultado del trasvase de agua del R\u00edo Tampa\u00f3n al Sistema Lagunario; as\u00ed como algunos escurrimientos que tambi\u00e9n se liberaron del R\u00edo Guayalejo, de las zonas de Tula y Miquihuana; adem\u00e1s del distrito de riego de la zona ca\u00f1era de Ciudad Mante, que complementar\u00e1n el apoyo del vital l\u00edquido que se prev\u00e9 para los habitantes de la zona metropolitana<\/p>\n<p>&nbsp;<\/p>\n<p>Al respecto, el Gobernador Am\u00e9rico Villarreal Anaya, se\u00f1al\u00f3 que estos trasiegos de agua que se llevan a cabo con la ven\u00eda de San Lu\u00eds Potos\u00ed y de algunas zonas del altiplano de esta entidad, ayudar\u00e1n a que la poblaci\u00f3n vuelva a contar con el l\u00edquido vital a partir de \u00e9ste viernes.<\/p>\n<p>&nbsp;<\/p>\n<p>Acompa\u00f1ado del Secretario de Recursos Hidr\u00e1ulicos del Gobierno del Estado, Ra\u00fal Quiroga; el Jefe del Ejecutivo Estatal se\u00f1al\u00f3 en Tampico, que algunas zonas de la entidad y del vecino estado de San Lu\u00eds Potos\u00ed, est\u00e1n contribuyendo para que en la regi\u00f3n sur se detenga un poco el grave estr\u00e9s h\u00eddrico por el que atraviesa.<\/p>\n<p>&nbsp;<\/p>\n<p>Antes de sostener una reuni\u00f3n privada con dependencias involucradas en el tema, Villarreal dej\u00f3 en claro que la sociedad ya debe de adoptar completamente la cultura del ahorro y el adecuado uso del agua<\/p>\n<p>&nbsp;<\/p>\n<p>&#8220;Y ante ello creo, que debemos de tener una circunstancia solidaria y cuando menos como tamaulipecos decirles gracias por ese apoyo, y esa condici\u00f3n&#8221; , dijo<\/p>\n<p>&nbsp;<\/p>\n<p>Destac\u00f3 que s\u00ed bien la poblaci\u00f3n tiene todo el derecho constitucional de contar con el agua, el gobierno del estado y las autoridades involucradas hacen lo humanamente posible por dotar de dicho servicio.<\/p>\n<p>&nbsp;<\/p>\n<p>&#8220;Las personas es lo primero que debemos atender, despu\u00e9s el desarrollo urbano, empresa y agricultura, en esa escala&#8221;, reiter\u00f3<\/p>\n<p>&nbsp;<\/p>\n<p>El gobernador dej\u00f3 claro que la industria y las plantas de ciclo combinado(que dotan de energ\u00eda el\u00e9ctrica a la regi\u00f3n) no pueden dejar de operar &#8220;debemos mantener un equilibrio y solventar est\u00e1s condiciones&#8221;, recalc\u00f3<\/p>\n<p>&nbsp;<\/p>\n<p>En torno a las serie de manifestaciones ciudadanas que se han registrado en los \u00faltimos d\u00edas en varias colonias de la zona por la falta de agua, el mandatario se mostr\u00f3 respetuoso de dichas acciones y coment\u00f3 que varias pipas realizan acciones de abasto.<\/p>\n<p>&nbsp;<\/p>\n<p>&#8220;Estamos trabando para mejorar estas condiciones de lo que ahora nos toca vivir&#8221; y en tono jocoso expres\u00f3 &#8220;ya espanten a los marcianos&#8221;.<\/p>\n<p>&nbsp;<\/p>\n<p>Finalmente, detall\u00f3 que empresas como CFE, Industria Petroqu\u00edmica, Pemex y las empresas, trabajan en conjunto para laborar a baja capacidad, sin embargo su labor no puede ser suspendida en su totalidad.<\/p>\n","protected":false},"excerpt":{"rendered":"<p>*Trasvases De Varias Partes De La Entidad Y De SLP Mejorar\u00e1n Las Condiciones Que Tiene La Poblaci\u00f3n Por El Tema&hellip;<\/p>\n","protected":false},"author":1,"featured_media":50967,"comment_status":"open","ping_status":"open","sticky":false,"template":"","format":"standard","meta":{"footnotes":""},"categories":[3],"tags":[],"class_list":["post-50970","post","type-post","status-publish","format-standard","has-post-thumbnail","hentry","category-tampico"],"yoast_head":"<!-- This site is optimized with the Yoast SEO plugin v27.4 - https:\/\/yoast.com\/product\/yoast-seo-wordpress\/ -->\n<title>MEJORAR\u00c1 ABASTO DE AGUA A PARTIR DEL FIN DE SEMANA EN ZONA SUR: GOBERNADOR - EL INFORMATIVO DE TAMAULIPAS<\/title>\n<meta name=\"description\" content=\"*Trasvases De Varias Partes De La Entidad Y De SLP Mejorar\u00e1n Las Condiciones Que Tiene La Poblaci\u00f3n Por El Tema De La Sequ\u00eda &nbsp; &nbsp; &nbsp; La zona\" \/>\n<meta name=\"robots\" content=\"index, follow, max-snippet:-1, max-image-preview:large, max-video-preview:-1\" \/>\n<link rel=\"canonical\" href=\"https:\/\/elinformativotam.com\/index.php\/2024\/05\/31\/mejorara-abasto-de-agua-a-partir-del-fin-de-semana-en-zona-sur-gobernador\/\" \/>\n<meta property=\"og:locale\" content=\"es_MX\" \/>\n<meta property=\"og:type\" content=\"article\" \/>\n<meta property=\"og:title\" content=\"MEJORAR\u00c1 ABASTO DE AGUA A PARTIR DEL FIN DE SEMANA EN ZONA SUR: GOBERNADOR - EL INFORMATIVO DE TAMAULIPAS\" \/>\n<meta property=\"og:description\" content=\"*Trasvases De Varias Partes De La Entidad Y De SLP Mejorar\u00e1n Las Condiciones Que Tiene La Poblaci\u00f3n Por El Tema De La Sequ\u00eda &nbsp; &nbsp; &nbsp; La zona\" \/>\n<meta property=\"og:url\" content=\"https:\/\/elinformativotam.com\/index.php\/2024\/05\/31\/mejorara-abasto-de-agua-a-partir-del-fin-de-semana-en-zona-sur-gobernador\/\" \/>\n<meta property=\"og:site_name\" content=\"EL INFORMATIVO DE TAMAULIPAS\" \/>\n<meta property=\"article:published_time\" content=\"2024-05-31T15:43:47+00:00\" \/>\n<meta property=\"article:modified_time\" content=\"2024-05-31T16:16:48+00:00\" \/>\n<meta property=\"og:image\" content=\"https:\/\/elinformativotam.com\/wp-content\/uploads\/2024\/05\/gober-tam.jpg\" \/>\n\t<meta property=\"og:image:width\" content=\"1040\" \/>\n\t<meta property=\"og:image:height\" content=\"780\" \/>\n\t<meta property=\"og:image:type\" content=\"image\/jpeg\" \/>\n<meta name=\"author\" content=\"El Informativo Tam\" \/>\n<meta name=\"twitter:card\" content=\"summary_large_image\" \/>\n<meta name=\"twitter:label1\" content=\"Escrito por\" \/>\n\t<meta name=\"twitter:data1\" content=\"El Informativo Tam\" \/>\n\t<meta name=\"twitter:label2\" content=\"Tiempo de lectura\" \/>\n\t<meta name=\"twitter:data2\" content=\"3 minutos\" \/>\n<script type=\"application\/ld+json\" class=\"yoast-schema-graph\">{\"@context\":\"https:\\\/\\\/schema.org\",\"@graph\":[{\"@type\":\"Article\",\"@id\":\"https:\\\/\\\/elinformativotam.com\\\/index.php\\\/2024\\\/05\\\/31\\\/mejorara-abasto-de-agua-a-partir-del-fin-de-semana-en-zona-sur-gobernador\\\/#article\",\"isPartOf\":{\"@id\":\"https:\\\/\\\/elinformativotam.com\\\/index.php\\\/2024\\\/05\\\/31\\\/mejorara-abasto-de-agua-a-partir-del-fin-de-semana-en-zona-sur-gobernador\\\/\"},\"author\":{\"name\":\"El Informativo Tam\",\"@id\":\"https:\\\/\\\/elinformativotam.com\\\/#\\\/schema\\\/person\\\/78e08040eed0f6110f0c5f83b6153590\"},\"headline\":\"MEJORAR\u00c1 ABASTO DE AGUA A PARTIR DEL FIN DE SEMANA EN ZONA SUR: GOBERNADOR\",\"datePublished\":\"2024-05-31T15:43:47+00:00\",\"dateModified\":\"2024-05-31T16:16:48+00:00\",\"mainEntityOfPage\":{\"@id\":\"https:\\\/\\\/elinformativotam.com\\\/index.php\\\/2024\\\/05\\\/31\\\/mejorara-abasto-de-agua-a-partir-del-fin-de-semana-en-zona-sur-gobernador\\\/\"},\"wordCount\":513,\"commentCount\":0,\"publisher\":{\"@id\":\"https:\\\/\\\/elinformativotam.com\\\/#organization\"},\"image\":{\"@id\":\"https:\\\/\\\/elinformativotam.com\\\/index.php\\\/2024\\\/05\\\/31\\\/mejorara-abasto-de-agua-a-partir-del-fin-de-semana-en-zona-sur-gobernador\\\/#primaryimage\"},\"thumbnailUrl\":\"https:\\\/\\\/elinformativotam.com\\\/wp-content\\\/uploads\\\/2024\\\/05\\\/gober-tam.jpg\",\"articleSection\":[\"Tampico\"],\"inLanguage\":\"es\",\"potentialAction\":[{\"@type\":\"CommentAction\",\"name\":\"Comment\",\"target\":[\"https:\\\/\\\/elinformativotam.com\\\/index.php\\\/2024\\\/05\\\/31\\\/mejorara-abasto-de-agua-a-partir-del-fin-de-semana-en-zona-sur-gobernador\\\/#respond\"]}]},{\"@type\":\"WebPage\",\"@id\":\"https:\\\/\\\/elinformativotam.com\\\/index.php\\\/2024\\\/05\\\/31\\\/mejorara-abasto-de-agua-a-partir-del-fin-de-semana-en-zona-sur-gobernador\\\/\",\"url\":\"https:\\\/\\\/elinformativotam.com\\\/index.php\\\/2024\\\/05\\\/31\\\/mejorara-abasto-de-agua-a-partir-del-fin-de-semana-en-zona-sur-gobernador\\\/\",\"name\":\"MEJORAR\u00c1 ABASTO DE AGUA A PARTIR DEL FIN DE SEMANA EN ZONA SUR: GOBERNADOR - EL INFORMATIVO DE TAMAULIPAS\",\"isPartOf\":{\"@id\":\"https:\\\/\\\/elinformativotam.com\\\/#website\"},\"primaryImageOfPage\":{\"@id\":\"https:\\\/\\\/elinformativotam.com\\\/index.php\\\/2024\\\/05\\\/31\\\/mejorara-abasto-de-agua-a-partir-del-fin-de-semana-en-zona-sur-gobernador\\\/#primaryimage\"},\"image\":{\"@id\":\"https:\\\/\\\/elinformativotam.com\\\/index.php\\\/2024\\\/05\\\/31\\\/mejorara-abasto-de-agua-a-partir-del-fin-de-semana-en-zona-sur-gobernador\\\/#primaryimage\"},\"thumbnailUrl\":\"https:\\\/\\\/elinformativotam.com\\\/wp-content\\\/uploads\\\/2024\\\/05\\\/gober-tam.jpg\",\"datePublished\":\"2024-05-31T15:43:47+00:00\",\"dateModified\":\"2024-05-31T16:16:48+00:00\",\"description\":\"*Trasvases De Varias Partes De La Entidad Y De SLP Mejorar\u00e1n Las Condiciones Que Tiene La Poblaci\u00f3n Por El Tema De La Sequ\u00eda &nbsp; &nbsp; &nbsp; La zona\",\"inLanguage\":\"es\",\"potentialAction\":[{\"@type\":\"ReadAction\",\"target\":[\"https:\\\/\\\/elinformativotam.com\\\/index.php\\\/2024\\\/05\\\/31\\\/mejorara-abasto-de-agua-a-partir-del-fin-de-semana-en-zona-sur-gobernador\\\/\"]}]},{\"@type\":\"ImageObject\",\"inLanguage\":\"es\",\"@id\":\"https:\\\/\\\/elinformativotam.com\\\/index.php\\\/2024\\\/05\\\/31\\\/mejorara-abasto-de-agua-a-partir-del-fin-de-semana-en-zona-sur-gobernador\\\/#primaryimage\",\"url\":\"https:\\\/\\\/elinformativotam.com\\\/wp-content\\\/uploads\\\/2024\\\/05\\\/gober-tam.jpg\",\"contentUrl\":\"https:\\\/\\\/elinformativotam.com\\\/wp-content\\\/uploads\\\/2024\\\/05\\\/gober-tam.jpg\",\"width\":1040,\"height\":780},{\"@type\":\"WebSite\",\"@id\":\"https:\\\/\\\/elinformativotam.com\\\/#website\",\"url\":\"https:\\\/\\\/elinformativotam.com\\\/\",\"name\":\"EL INFORMATIVO DE TAMAULIPAS\",\"description\":\"Desde la Zona Metropolitana Para Todo M\u00e9xico\",\"publisher\":{\"@id\":\"https:\\\/\\\/elinformativotam.com\\\/#organization\"},\"potentialAction\":[{\"@type\":\"SearchAction\",\"target\":{\"@type\":\"EntryPoint\",\"urlTemplate\":\"https:\\\/\\\/elinformativotam.com\\\/?s={search_term_string}\"},\"query-input\":{\"@type\":\"PropertyValueSpecification\",\"valueRequired\":true,\"valueName\":\"search_term_string\"}}],\"inLanguage\":\"es\"},{\"@type\":\"Organization\",\"@id\":\"https:\\\/\\\/elinformativotam.com\\\/#organization\",\"name\":\"EL INFORMATIVO DE TAMAULIPAS\",\"url\":\"https:\\\/\\\/elinformativotam.com\\\/\",\"logo\":{\"@type\":\"ImageObject\",\"inLanguage\":\"es\",\"@id\":\"https:\\\/\\\/elinformativotam.com\\\/#\\\/schema\\\/logo\\\/image\\\/\",\"url\":\"https:\\\/\\\/elinformativotam.com\\\/wp-content\\\/uploads\\\/2026\\\/02\\\/Cabezal.png\",\"contentUrl\":\"https:\\\/\\\/elinformativotam.com\\\/wp-content\\\/uploads\\\/2026\\\/02\\\/Cabezal.png\",\"width\":960,\"height\":640,\"caption\":\"EL INFORMATIVO DE TAMAULIPAS\"},\"image\":{\"@id\":\"https:\\\/\\\/elinformativotam.com\\\/#\\\/schema\\\/logo\\\/image\\\/\"}},{\"@type\":\"Person\",\"@id\":\"https:\\\/\\\/elinformativotam.com\\\/#\\\/schema\\\/person\\\/78e08040eed0f6110f0c5f83b6153590\",\"name\":\"El Informativo Tam\",\"image\":{\"@type\":\"ImageObject\",\"inLanguage\":\"es\",\"@id\":\"https:\\\/\\\/secure.gravatar.com\\\/avatar\\\/f3b7ad3af540688955925ac610647be00b0cf41feea9c4978b73a707ee86bc53?s=96&d=mm&r=g\",\"url\":\"https:\\\/\\\/secure.gravatar.com\\\/avatar\\\/f3b7ad3af540688955925ac610647be00b0cf41feea9c4978b73a707ee86bc53?s=96&d=mm&r=g\",\"contentUrl\":\"https:\\\/\\\/secure.gravatar.com\\\/avatar\\\/f3b7ad3af540688955925ac610647be00b0cf41feea9c4978b73a707ee86bc53?s=96&d=mm&r=g\",\"caption\":\"El Informativo Tam\"}}]}<\/script>\n<!-- \/ Yoast SEO plugin. -->","yoast_head_json":{"title":"MEJORAR\u00c1 ABASTO DE AGUA A PARTIR DEL FIN DE SEMANA EN ZONA SUR: GOBERNADOR - EL INFORMATIVO DE TAMAULIPAS","description":"*Trasvases De Varias Partes De La Entidad Y De SLP Mejorar\u00e1n Las Condiciones Que Tiene La Poblaci\u00f3n Por El Tema De La Sequ\u00eda &nbsp; &nbsp; &nbsp; La zona","robots":{"index":"index","follow":"follow","max-snippet":"max-snippet:-1","max-image-preview":"max-image-preview:large","max-video-preview":"max-video-preview:-1"},"canonical":"https:\/\/elinformativotam.com\/index.php\/2024\/05\/31\/mejorara-abasto-de-agua-a-partir-del-fin-de-semana-en-zona-sur-gobernador\/","og_locale":"es_MX","og_type":"article","og_title":"MEJORAR\u00c1 ABASTO DE AGUA A PARTIR DEL FIN DE SEMANA EN ZONA SUR: GOBERNADOR - EL INFORMATIVO DE TAMAULIPAS","og_description":"*Trasvases De Varias Partes De La Entidad Y De SLP Mejorar\u00e1n Las Condiciones Que Tiene La Poblaci\u00f3n Por El Tema De La Sequ\u00eda &nbsp; &nbsp; &nbsp; La zona","og_url":"https:\/\/elinformativotam.com\/index.php\/2024\/05\/31\/mejorara-abasto-de-agua-a-partir-del-fin-de-semana-en-zona-sur-gobernador\/","og_site_name":"EL INFORMATIVO DE TAMAULIPAS","article_published_time":"2024-05-31T15:43:47+00:00","article_modified_time":"2024-05-31T16:16:48+00:00","og_image":[{"width":1040,"height":780,"url":"https:\/\/elinformativotam.com\/wp-content\/uploads\/2024\/05\/gober-tam.jpg","type":"image\/jpeg"}],"author":"El Informativo Tam","twitter_card":"summary_large_image","twitter_misc":{"Escrito por":"El Informativo Tam","Tiempo de lectura":"3 minutos"},"schema":{"@context":"https:\/\/schema.org","@graph":[{"@type":"Article","@id":"https:\/\/elinformativotam.com\/index.php\/2024\/05\/31\/mejorara-abasto-de-agua-a-partir-del-fin-de-semana-en-zona-sur-gobernador\/#article","isPartOf":{"@id":"https:\/\/elinformativotam.com\/index.php\/2024\/05\/31\/mejorara-abasto-de-agua-a-partir-del-fin-de-semana-en-zona-sur-gobernador\/"},"author":{"name":"El Informativo Tam","@id":"https:\/\/elinformativotam.com\/#\/schema\/person\/78e08040eed0f6110f0c5f83b6153590"},"headline":"MEJORAR\u00c1 ABASTO DE AGUA A PARTIR DEL FIN DE SEMANA EN ZONA SUR: GOBERNADOR","datePublished":"2024-05-31T15:43:47+00:00","dateModified":"2024-05-31T16:16:48+00:00","mainEntityOfPage":{"@id":"https:\/\/elinformativotam.com\/index.php\/2024\/05\/31\/mejorara-abasto-de-agua-a-partir-del-fin-de-semana-en-zona-sur-gobernador\/"},"wordCount":513,"commentCount":0,"publisher":{"@id":"https:\/\/elinformativotam.com\/#organization"},"image":{"@id":"https:\/\/elinformativotam.com\/index.php\/2024\/05\/31\/mejorara-abasto-de-agua-a-partir-del-fin-de-semana-en-zona-sur-gobernador\/#primaryimage"},"thumbnailUrl":"https:\/\/elinformativotam.com\/wp-content\/uploads\/2024\/05\/gober-tam.jpg","articleSection":["Tampico"],"inLanguage":"es","potentialAction":[{"@type":"CommentAction","name":"Comment","target":["https:\/\/elinformativotam.com\/index.php\/2024\/05\/31\/mejorara-abasto-de-agua-a-partir-del-fin-de-semana-en-zona-sur-gobernador\/#respond"]}]},{"@type":"WebPage","@id":"https:\/\/elinformativotam.com\/index.php\/2024\/05\/31\/mejorara-abasto-de-agua-a-partir-del-fin-de-semana-en-zona-sur-gobernador\/","url":"https:\/\/elinformativotam.com\/index.php\/2024\/05\/31\/mejorara-abasto-de-agua-a-partir-del-fin-de-semana-en-zona-sur-gobernador\/","name":"MEJORAR\u00c1 ABASTO DE AGUA A PARTIR DEL FIN DE SEMANA EN ZONA SUR: GOBERNADOR - EL INFORMATIVO DE TAMAULIPAS","isPartOf":{"@id":"https:\/\/elinformativotam.com\/#website"},"primaryImageOfPage":{"@id":"https:\/\/elinformativotam.com\/index.php\/2024\/05\/31\/mejorara-abasto-de-agua-a-partir-del-fin-de-semana-en-zona-sur-gobernador\/#primaryimage"},"image":{"@id":"https:\/\/elinformativotam.com\/index.php\/2024\/05\/31\/mejorara-abasto-de-agua-a-partir-del-fin-de-semana-en-zona-sur-gobernador\/#primaryimage"},"thumbnailUrl":"https:\/\/elinformativotam.com\/wp-content\/uploads\/2024\/05\/gober-tam.jpg","datePublished":"2024-05-31T15:43:47+00:00","dateModified":"2024-05-31T16:16:48+00:00","description":"*Trasvases De Varias Partes De La Entidad Y De SLP Mejorar\u00e1n Las Condiciones Que Tiene La Poblaci\u00f3n Por El Tema De La Sequ\u00eda &nbsp; &nbsp; &nbsp; La zona","inLanguage":"es","potentialAction":[{"@type":"ReadAction","target":["https:\/\/elinformativotam.com\/index.php\/2024\/05\/31\/mejorara-abasto-de-agua-a-partir-del-fin-de-semana-en-zona-sur-gobernador\/"]}]},{"@type":"ImageObject","inLanguage":"es","@id":"https:\/\/elinformativotam.com\/index.php\/2024\/05\/31\/mejorara-abasto-de-agua-a-partir-del-fin-de-semana-en-zona-sur-gobernador\/#primaryimage","url":"https:\/\/elinformativotam.com\/wp-content\/uploads\/2024\/05\/gober-tam.jpg","contentUrl":"https:\/\/elinformativotam.com\/wp-content\/uploads\/2024\/05\/gober-tam.jpg","width":1040,"height":780},{"@type":"WebSite","@id":"https:\/\/elinformativotam.com\/#website","url":"https:\/\/elinformativotam.com\/","name":"EL INFORMATIVO DE TAMAULIPAS","description":"Desde la Zona Metropolitana Para Todo M\u00e9xico","publisher":{"@id":"https:\/\/elinformativotam.com\/#organization"},"potentialAction":[{"@type":"SearchAction","target":{"@type":"EntryPoint","urlTemplate":"https:\/\/elinformativotam.com\/?s={search_term_string}"},"query-input":{"@type":"PropertyValueSpecification","valueRequired":true,"valueName":"search_term_string"}}],"inLanguage":"es"},{"@type":"Organization","@id":"https:\/\/elinformativotam.com\/#organization","name":"EL INFORMATIVO DE TAMAULIPAS","url":"https:\/\/elinformativotam.com\/","logo":{"@type":"ImageObject","inLanguage":"es","@id":"https:\/\/elinformativotam.com\/#\/schema\/logo\/image\/","url":"https:\/\/elinformativotam.com\/wp-content\/uploads\/2026\/02\/Cabezal.png","contentUrl":"https:\/\/elinformativotam.com\/wp-content\/uploads\/2026\/02\/Cabezal.png","width":960,"height":640,"caption":"EL INFORMATIVO DE TAMAULIPAS"},"image":{"@id":"https:\/\/elinformativotam.com\/#\/schema\/logo\/image\/"}},{"@type":"Person","@id":"https:\/\/elinformativotam.com\/#\/schema\/person\/78e08040eed0f6110f0c5f83b6153590","name":"El Informativo Tam","image":{"@type":"ImageObject","inLanguage":"es","@id":"https:\/\/secure.gravatar.com\/avatar\/f3b7ad3af540688955925ac610647be00b0cf41feea9c4978b73a707ee86bc53?s=96&d=mm&r=g","url":"https:\/\/secure.gravatar.com\/avatar\/f3b7ad3af540688955925ac610647be00b0cf41feea9c4978b73a707ee86bc53?s=96&d=mm&r=g","contentUrl":"https:\/\/secure.gravatar.com\/avatar\/f3b7ad3af540688955925ac610647be00b0cf41feea9c4978b73a707ee86bc53?s=96&d=mm&r=g","caption":"El Informativo Tam"}}]}},"_links":{"self":[{"href":"https:\/\/elinformativotam.com\/index.php\/wp-json\/wp\/v2\/posts\/50970","targetHints":{"allow":["GET"]}}],"collection":[{"href":"https:\/\/elinformativotam.com\/index.php\/wp-json\/wp\/v2\/posts"}],"about":[{"href":"https:\/\/elinformativotam.com\/index.php\/wp-json\/wp\/v2\/types\/post"}],"author":[{"embeddable":true,"href":"https:\/\/elinformativotam.com\/index.php\/wp-json\/wp\/v2\/users\/1"}],"replies":[{"embeddable":true,"href":"https:\/\/elinformativotam.com\/index.php\/wp-json\/wp\/v2\/comments?post=50970"}],"version-history":[{"count":2,"href":"https:\/\/elinformativotam.com\/index.php\/wp-json\/wp\/v2\/posts\/50970\/revisions"}],"predecessor-version":[{"id":50972,"href":"https:\/\/elinformativotam.com\/index.php\/wp-json\/wp\/v2\/posts\/50970\/revisions\/50972"}],"wp:featuredmedia":[{"embeddable":true,"href":"https:\/\/elinformativotam.com\/index.php\/wp-json\/wp\/v2\/media\/50967"}],"wp:attachment":[{"href":"https:\/\/elinformativotam.com\/index.php\/wp-json\/wp\/v2\/media?parent=50970"}],"wp:term":[{"taxonomy":"category","embeddable":true,"href":"https:\/\/elinformativotam.com\/index.php\/wp-json\/wp\/v2\/categories?post=50970"},{"taxonomy":"post_tag","embeddable":true,"href":"https:\/\/elinformativotam.com\/index.php\/wp-json\/wp\/v2\/tags?post=50970"}],"curies":[{"name":"wp","href":"https:\/\/api.w.org\/{rel}","templated":true}]}}