{"id":50959,"date":"2024-05-29T23:43:18","date_gmt":"2024-05-30T05:43:18","guid":{"rendered":"https:\/\/elinformativotam.com\/?p=50959"},"modified":"2024-05-29T23:43:18","modified_gmt":"2024-05-30T05:43:18","slug":"va-canaco-por-promocion-del-voto-para-el-2-de-junio","status":"publish","type":"post","link":"https:\/\/elinformativotam.com\/index.php\/2024\/05\/29\/va-canaco-por-promocion-del-voto-para-el-2-de-junio\/","title":{"rendered":"VA CANACO POR PROMOCI\u00d3N DEL VOTO PARA EL 2 DE JUNIO"},"content":{"rendered":"<h2 style=\"text-align: center;\"><em><span style=\"font-family: 'times new roman', times;\">*El Comercio Organizado Har\u00e1 Regalos E Incentivos A Todo Aquel Que Muestre Su Dedo Marcado Con Tinta Indeleble<\/span><\/em><\/h2>\n<p>&nbsp;<\/p>\n<p>&nbsp;<\/p>\n<p>Los negocios adheridos a la Canaco Tampico llevar\u00e1n a cabo una campa\u00f1a de promoci\u00f3n del voto para el pr\u00f3ximo domingo, que consiste en qu\u00e9 la poblaci\u00f3n presente su dedo marcado y ha cambio el negocio le otorgue un incentivo, regalo o descuento por cumplir con su obligaci\u00f3n c\u00edvica.<\/p>\n<p>&nbsp;<\/p>\n<p>Al respecto, Carlos Mu\u00f1oz Gonz\u00e1lez, Presidente del Organismo C\u00e1maral, record\u00f3 que la campa\u00f1a de promoci\u00f3n al sufragio ha sido bien recibida, pues hoy m\u00e1s que nunca el empresario mexicano busca incentivar a la sociedad para que salga y emita el voto por los abanderados de su preferencia.<\/p>\n<p>&nbsp;<\/p>\n<p>Apunt\u00f3 que est\u00e1 por terminar la campa\u00f1a fijada en 3 etapas denominada por &#8220;Amor a M\u00e9xico&#8221; que consiste en el di\u00e1logo con todos los candidatos as\u00ed como el planteamiento de cada una de sus propuestas, pues una vez estando en el ejercicio del poder sean tomadas en cuenta.<\/p>\n<p>&nbsp;<\/p>\n<p>Mu\u00f1oz, extern\u00f3 que poco m\u00e1s del 50% de los comerciantes hicieron propuestas de c\u00f3mo habr\u00e1n de ofrecer sus productos en \u00e9sta campa\u00f1a, qu\u00e9 solo ser\u00e1 exclusivamente el 2 de Junio<\/p>\n<p>&nbsp;<\/p>\n<p>Exhort\u00f3 a los due\u00f1os de las empresas y comercios adheridos a la c\u00e1mara a ser flexibles con sus trabajadores para que acudan a votar y no tengan ning\u00fan tipo de contratiempo.<\/p>\n<p>&nbsp;<\/p>\n<p>Recalc\u00f3 que cada negocio participar\u00e1 con los descuentos, premios o incentivos que est\u00e9n a su alcance &#8220;Aqu\u00ed lo importante es que incentiven al elector para que salga a votar y no se quede en su casa&#8221;, acot\u00f3<\/p>\n<p>&nbsp;<\/p>\n<p>Puntualiz\u00f3 que la tercera ola de calor que impacta a la zona sur no debe pretexto para que el electorado deje de acudir a la urna el pr\u00f3ximo domingo.<\/p>\n","protected":false},"excerpt":{"rendered":"<p>*El Comercio Organizado Har\u00e1 Regalos E Incentivos A Todo Aquel Que Muestre Su Dedo Marcado Con Tinta Indeleble &nbsp; &nbsp;&hellip;<\/p>\n","protected":false},"author":1,"featured_media":50957,"comment_status":"open","ping_status":"open","sticky":false,"template":"","format":"standard","meta":{"footnotes":""},"categories":[3],"tags":[],"class_list":["post-50959","post","type-post","status-publish","format-standard","has-post-thumbnail","hentry","category-tampico"],"yoast_head":"<!-- This site is optimized with the Yoast SEO plugin v27.4 - https:\/\/yoast.com\/product\/yoast-seo-wordpress\/ -->\n<title>VA CANACO POR PROMOCI\u00d3N DEL VOTO PARA EL 2 DE JUNIO - EL INFORMATIVO DE TAMAULIPAS<\/title>\n<meta name=\"description\" content=\"*El Comercio Organizado Har\u00e1 Regalos E Incentivos A Todo Aquel Que Muestre Su Dedo Marcado Con Tinta Indeleble &nbsp; &nbsp; Los negocios adheridos a la\" \/>\n<meta name=\"robots\" content=\"index, follow, max-snippet:-1, max-image-preview:large, max-video-preview:-1\" \/>\n<link rel=\"canonical\" href=\"https:\/\/elinformativotam.com\/index.php\/2024\/05\/29\/va-canaco-por-promocion-del-voto-para-el-2-de-junio\/\" \/>\n<meta property=\"og:locale\" content=\"es_MX\" \/>\n<meta property=\"og:type\" content=\"article\" \/>\n<meta property=\"og:title\" content=\"VA CANACO POR PROMOCI\u00d3N DEL VOTO PARA EL 2 DE JUNIO - EL INFORMATIVO DE TAMAULIPAS\" \/>\n<meta property=\"og:description\" content=\"*El Comercio Organizado Har\u00e1 Regalos E Incentivos A Todo Aquel Que Muestre Su Dedo Marcado Con Tinta Indeleble &nbsp; &nbsp; Los negocios adheridos a la\" \/>\n<meta property=\"og:url\" content=\"https:\/\/elinformativotam.com\/index.php\/2024\/05\/29\/va-canaco-por-promocion-del-voto-para-el-2-de-junio\/\" \/>\n<meta property=\"og:site_name\" content=\"EL INFORMATIVO DE TAMAULIPAS\" \/>\n<meta property=\"article:published_time\" content=\"2024-05-30T05:43:18+00:00\" \/>\n<meta property=\"og:image\" content=\"https:\/\/elinformativotam.com\/wp-content\/uploads\/2024\/05\/Carlos-Munoz.jpeg\" \/>\n\t<meta property=\"og:image:width\" content=\"1600\" \/>\n\t<meta property=\"og:image:height\" content=\"1204\" \/>\n\t<meta property=\"og:image:type\" content=\"image\/jpeg\" \/>\n<meta name=\"author\" content=\"El Informativo Tam\" \/>\n<meta name=\"twitter:card\" content=\"summary_large_image\" \/>\n<meta name=\"twitter:label1\" content=\"Escrito por\" \/>\n\t<meta name=\"twitter:data1\" content=\"El Informativo Tam\" \/>\n\t<meta name=\"twitter:label2\" content=\"Tiempo de lectura\" \/>\n\t<meta name=\"twitter:data2\" content=\"2 minutos\" \/>\n<script type=\"application\/ld+json\" class=\"yoast-schema-graph\">{\"@context\":\"https:\\\/\\\/schema.org\",\"@graph\":[{\"@type\":\"Article\",\"@id\":\"https:\\\/\\\/elinformativotam.com\\\/index.php\\\/2024\\\/05\\\/29\\\/va-canaco-por-promocion-del-voto-para-el-2-de-junio\\\/#article\",\"isPartOf\":{\"@id\":\"https:\\\/\\\/elinformativotam.com\\\/index.php\\\/2024\\\/05\\\/29\\\/va-canaco-por-promocion-del-voto-para-el-2-de-junio\\\/\"},\"author\":{\"name\":\"El Informativo Tam\",\"@id\":\"https:\\\/\\\/elinformativotam.com\\\/#\\\/schema\\\/person\\\/78e08040eed0f6110f0c5f83b6153590\"},\"headline\":\"VA CANACO POR PROMOCI\u00d3N DEL VOTO PARA EL 2 DE JUNIO\",\"datePublished\":\"2024-05-30T05:43:18+00:00\",\"mainEntityOfPage\":{\"@id\":\"https:\\\/\\\/elinformativotam.com\\\/index.php\\\/2024\\\/05\\\/29\\\/va-canaco-por-promocion-del-voto-para-el-2-de-junio\\\/\"},\"wordCount\":330,\"commentCount\":0,\"publisher\":{\"@id\":\"https:\\\/\\\/elinformativotam.com\\\/#organization\"},\"image\":{\"@id\":\"https:\\\/\\\/elinformativotam.com\\\/index.php\\\/2024\\\/05\\\/29\\\/va-canaco-por-promocion-del-voto-para-el-2-de-junio\\\/#primaryimage\"},\"thumbnailUrl\":\"https:\\\/\\\/elinformativotam.com\\\/wp-content\\\/uploads\\\/2024\\\/05\\\/Carlos-Munoz.jpeg\",\"articleSection\":[\"Tampico\"],\"inLanguage\":\"es\",\"potentialAction\":[{\"@type\":\"CommentAction\",\"name\":\"Comment\",\"target\":[\"https:\\\/\\\/elinformativotam.com\\\/index.php\\\/2024\\\/05\\\/29\\\/va-canaco-por-promocion-del-voto-para-el-2-de-junio\\\/#respond\"]}]},{\"@type\":\"WebPage\",\"@id\":\"https:\\\/\\\/elinformativotam.com\\\/index.php\\\/2024\\\/05\\\/29\\\/va-canaco-por-promocion-del-voto-para-el-2-de-junio\\\/\",\"url\":\"https:\\\/\\\/elinformativotam.com\\\/index.php\\\/2024\\\/05\\\/29\\\/va-canaco-por-promocion-del-voto-para-el-2-de-junio\\\/\",\"name\":\"VA CANACO POR PROMOCI\u00d3N DEL VOTO PARA EL 2 DE JUNIO - EL INFORMATIVO DE TAMAULIPAS\",\"isPartOf\":{\"@id\":\"https:\\\/\\\/elinformativotam.com\\\/#website\"},\"primaryImageOfPage\":{\"@id\":\"https:\\\/\\\/elinformativotam.com\\\/index.php\\\/2024\\\/05\\\/29\\\/va-canaco-por-promocion-del-voto-para-el-2-de-junio\\\/#primaryimage\"},\"image\":{\"@id\":\"https:\\\/\\\/elinformativotam.com\\\/index.php\\\/2024\\\/05\\\/29\\\/va-canaco-por-promocion-del-voto-para-el-2-de-junio\\\/#primaryimage\"},\"thumbnailUrl\":\"https:\\\/\\\/elinformativotam.com\\\/wp-content\\\/uploads\\\/2024\\\/05\\\/Carlos-Munoz.jpeg\",\"datePublished\":\"2024-05-30T05:43:18+00:00\",\"description\":\"*El Comercio Organizado Har\u00e1 Regalos E Incentivos A Todo Aquel Que Muestre Su Dedo Marcado Con Tinta Indeleble &nbsp; &nbsp; Los negocios adheridos a la\",\"inLanguage\":\"es\",\"potentialAction\":[{\"@type\":\"ReadAction\",\"target\":[\"https:\\\/\\\/elinformativotam.com\\\/index.php\\\/2024\\\/05\\\/29\\\/va-canaco-por-promocion-del-voto-para-el-2-de-junio\\\/\"]}]},{\"@type\":\"ImageObject\",\"inLanguage\":\"es\",\"@id\":\"https:\\\/\\\/elinformativotam.com\\\/index.php\\\/2024\\\/05\\\/29\\\/va-canaco-por-promocion-del-voto-para-el-2-de-junio\\\/#primaryimage\",\"url\":\"https:\\\/\\\/elinformativotam.com\\\/wp-content\\\/uploads\\\/2024\\\/05\\\/Carlos-Munoz.jpeg\",\"contentUrl\":\"https:\\\/\\\/elinformativotam.com\\\/wp-content\\\/uploads\\\/2024\\\/05\\\/Carlos-Munoz.jpeg\",\"width\":1600,\"height\":1204},{\"@type\":\"WebSite\",\"@id\":\"https:\\\/\\\/elinformativotam.com\\\/#website\",\"url\":\"https:\\\/\\\/elinformativotam.com\\\/\",\"name\":\"EL INFORMATIVO DE TAMAULIPAS\",\"description\":\"Desde la Zona Metropolitana Para Todo M\u00e9xico\",\"publisher\":{\"@id\":\"https:\\\/\\\/elinformativotam.com\\\/#organization\"},\"potentialAction\":[{\"@type\":\"SearchAction\",\"target\":{\"@type\":\"EntryPoint\",\"urlTemplate\":\"https:\\\/\\\/elinformativotam.com\\\/?s={search_term_string}\"},\"query-input\":{\"@type\":\"PropertyValueSpecification\",\"valueRequired\":true,\"valueName\":\"search_term_string\"}}],\"inLanguage\":\"es\"},{\"@type\":\"Organization\",\"@id\":\"https:\\\/\\\/elinformativotam.com\\\/#organization\",\"name\":\"EL INFORMATIVO DE TAMAULIPAS\",\"url\":\"https:\\\/\\\/elinformativotam.com\\\/\",\"logo\":{\"@type\":\"ImageObject\",\"inLanguage\":\"es\",\"@id\":\"https:\\\/\\\/elinformativotam.com\\\/#\\\/schema\\\/logo\\\/image\\\/\",\"url\":\"https:\\\/\\\/elinformativotam.com\\\/wp-content\\\/uploads\\\/2026\\\/02\\\/Cabezal.png\",\"contentUrl\":\"https:\\\/\\\/elinformativotam.com\\\/wp-content\\\/uploads\\\/2026\\\/02\\\/Cabezal.png\",\"width\":960,\"height\":640,\"caption\":\"EL INFORMATIVO DE TAMAULIPAS\"},\"image\":{\"@id\":\"https:\\\/\\\/elinformativotam.com\\\/#\\\/schema\\\/logo\\\/image\\\/\"}},{\"@type\":\"Person\",\"@id\":\"https:\\\/\\\/elinformativotam.com\\\/#\\\/schema\\\/person\\\/78e08040eed0f6110f0c5f83b6153590\",\"name\":\"El Informativo Tam\",\"image\":{\"@type\":\"ImageObject\",\"inLanguage\":\"es\",\"@id\":\"https:\\\/\\\/secure.gravatar.com\\\/avatar\\\/f3b7ad3af540688955925ac610647be00b0cf41feea9c4978b73a707ee86bc53?s=96&d=mm&r=g\",\"url\":\"https:\\\/\\\/secure.gravatar.com\\\/avatar\\\/f3b7ad3af540688955925ac610647be00b0cf41feea9c4978b73a707ee86bc53?s=96&d=mm&r=g\",\"contentUrl\":\"https:\\\/\\\/secure.gravatar.com\\\/avatar\\\/f3b7ad3af540688955925ac610647be00b0cf41feea9c4978b73a707ee86bc53?s=96&d=mm&r=g\",\"caption\":\"El Informativo Tam\"}}]}<\/script>\n<!-- \/ Yoast SEO plugin. -->","yoast_head_json":{"title":"VA CANACO POR PROMOCI\u00d3N DEL VOTO PARA EL 2 DE JUNIO - EL INFORMATIVO DE TAMAULIPAS","description":"*El Comercio Organizado Har\u00e1 Regalos E Incentivos A Todo Aquel Que Muestre Su Dedo Marcado Con Tinta Indeleble &nbsp; &nbsp; Los negocios adheridos a la","robots":{"index":"index","follow":"follow","max-snippet":"max-snippet:-1","max-image-preview":"max-image-preview:large","max-video-preview":"max-video-preview:-1"},"canonical":"https:\/\/elinformativotam.com\/index.php\/2024\/05\/29\/va-canaco-por-promocion-del-voto-para-el-2-de-junio\/","og_locale":"es_MX","og_type":"article","og_title":"VA CANACO POR PROMOCI\u00d3N DEL VOTO PARA EL 2 DE JUNIO - EL INFORMATIVO DE TAMAULIPAS","og_description":"*El Comercio Organizado Har\u00e1 Regalos E Incentivos A Todo Aquel Que Muestre Su Dedo Marcado Con Tinta Indeleble &nbsp; &nbsp; Los negocios adheridos a la","og_url":"https:\/\/elinformativotam.com\/index.php\/2024\/05\/29\/va-canaco-por-promocion-del-voto-para-el-2-de-junio\/","og_site_name":"EL INFORMATIVO DE TAMAULIPAS","article_published_time":"2024-05-30T05:43:18+00:00","og_image":[{"width":1600,"height":1204,"url":"https:\/\/elinformativotam.com\/wp-content\/uploads\/2024\/05\/Carlos-Munoz.jpeg","type":"image\/jpeg"}],"author":"El Informativo Tam","twitter_card":"summary_large_image","twitter_misc":{"Escrito por":"El Informativo Tam","Tiempo de lectura":"2 minutos"},"schema":{"@context":"https:\/\/schema.org","@graph":[{"@type":"Article","@id":"https:\/\/elinformativotam.com\/index.php\/2024\/05\/29\/va-canaco-por-promocion-del-voto-para-el-2-de-junio\/#article","isPartOf":{"@id":"https:\/\/elinformativotam.com\/index.php\/2024\/05\/29\/va-canaco-por-promocion-del-voto-para-el-2-de-junio\/"},"author":{"name":"El Informativo Tam","@id":"https:\/\/elinformativotam.com\/#\/schema\/person\/78e08040eed0f6110f0c5f83b6153590"},"headline":"VA CANACO POR PROMOCI\u00d3N DEL VOTO PARA EL 2 DE JUNIO","datePublished":"2024-05-30T05:43:18+00:00","mainEntityOfPage":{"@id":"https:\/\/elinformativotam.com\/index.php\/2024\/05\/29\/va-canaco-por-promocion-del-voto-para-el-2-de-junio\/"},"wordCount":330,"commentCount":0,"publisher":{"@id":"https:\/\/elinformativotam.com\/#organization"},"image":{"@id":"https:\/\/elinformativotam.com\/index.php\/2024\/05\/29\/va-canaco-por-promocion-del-voto-para-el-2-de-junio\/#primaryimage"},"thumbnailUrl":"https:\/\/elinformativotam.com\/wp-content\/uploads\/2024\/05\/Carlos-Munoz.jpeg","articleSection":["Tampico"],"inLanguage":"es","potentialAction":[{"@type":"CommentAction","name":"Comment","target":["https:\/\/elinformativotam.com\/index.php\/2024\/05\/29\/va-canaco-por-promocion-del-voto-para-el-2-de-junio\/#respond"]}]},{"@type":"WebPage","@id":"https:\/\/elinformativotam.com\/index.php\/2024\/05\/29\/va-canaco-por-promocion-del-voto-para-el-2-de-junio\/","url":"https:\/\/elinformativotam.com\/index.php\/2024\/05\/29\/va-canaco-por-promocion-del-voto-para-el-2-de-junio\/","name":"VA CANACO POR PROMOCI\u00d3N DEL VOTO PARA EL 2 DE JUNIO - EL INFORMATIVO DE TAMAULIPAS","isPartOf":{"@id":"https:\/\/elinformativotam.com\/#website"},"primaryImageOfPage":{"@id":"https:\/\/elinformativotam.com\/index.php\/2024\/05\/29\/va-canaco-por-promocion-del-voto-para-el-2-de-junio\/#primaryimage"},"image":{"@id":"https:\/\/elinformativotam.com\/index.php\/2024\/05\/29\/va-canaco-por-promocion-del-voto-para-el-2-de-junio\/#primaryimage"},"thumbnailUrl":"https:\/\/elinformativotam.com\/wp-content\/uploads\/2024\/05\/Carlos-Munoz.jpeg","datePublished":"2024-05-30T05:43:18+00:00","description":"*El Comercio Organizado Har\u00e1 Regalos E Incentivos A Todo Aquel Que Muestre Su Dedo Marcado Con Tinta Indeleble &nbsp; &nbsp; Los negocios adheridos a la","inLanguage":"es","potentialAction":[{"@type":"ReadAction","target":["https:\/\/elinformativotam.com\/index.php\/2024\/05\/29\/va-canaco-por-promocion-del-voto-para-el-2-de-junio\/"]}]},{"@type":"ImageObject","inLanguage":"es","@id":"https:\/\/elinformativotam.com\/index.php\/2024\/05\/29\/va-canaco-por-promocion-del-voto-para-el-2-de-junio\/#primaryimage","url":"https:\/\/elinformativotam.com\/wp-content\/uploads\/2024\/05\/Carlos-Munoz.jpeg","contentUrl":"https:\/\/elinformativotam.com\/wp-content\/uploads\/2024\/05\/Carlos-Munoz.jpeg","width":1600,"height":1204},{"@type":"WebSite","@id":"https:\/\/elinformativotam.com\/#website","url":"https:\/\/elinformativotam.com\/","name":"EL INFORMATIVO DE TAMAULIPAS","description":"Desde la Zona Metropolitana Para Todo M\u00e9xico","publisher":{"@id":"https:\/\/elinformativotam.com\/#organization"},"potentialAction":[{"@type":"SearchAction","target":{"@type":"EntryPoint","urlTemplate":"https:\/\/elinformativotam.com\/?s={search_term_string}"},"query-input":{"@type":"PropertyValueSpecification","valueRequired":true,"valueName":"search_term_string"}}],"inLanguage":"es"},{"@type":"Organization","@id":"https:\/\/elinformativotam.com\/#organization","name":"EL INFORMATIVO DE TAMAULIPAS","url":"https:\/\/elinformativotam.com\/","logo":{"@type":"ImageObject","inLanguage":"es","@id":"https:\/\/elinformativotam.com\/#\/schema\/logo\/image\/","url":"https:\/\/elinformativotam.com\/wp-content\/uploads\/2026\/02\/Cabezal.png","contentUrl":"https:\/\/elinformativotam.com\/wp-content\/uploads\/2026\/02\/Cabezal.png","width":960,"height":640,"caption":"EL INFORMATIVO DE TAMAULIPAS"},"image":{"@id":"https:\/\/elinformativotam.com\/#\/schema\/logo\/image\/"}},{"@type":"Person","@id":"https:\/\/elinformativotam.com\/#\/schema\/person\/78e08040eed0f6110f0c5f83b6153590","name":"El Informativo Tam","image":{"@type":"ImageObject","inLanguage":"es","@id":"https:\/\/secure.gravatar.com\/avatar\/f3b7ad3af540688955925ac610647be00b0cf41feea9c4978b73a707ee86bc53?s=96&d=mm&r=g","url":"https:\/\/secure.gravatar.com\/avatar\/f3b7ad3af540688955925ac610647be00b0cf41feea9c4978b73a707ee86bc53?s=96&d=mm&r=g","contentUrl":"https:\/\/secure.gravatar.com\/avatar\/f3b7ad3af540688955925ac610647be00b0cf41feea9c4978b73a707ee86bc53?s=96&d=mm&r=g","caption":"El Informativo Tam"}}]}},"_links":{"self":[{"href":"https:\/\/elinformativotam.com\/index.php\/wp-json\/wp\/v2\/posts\/50959","targetHints":{"allow":["GET"]}}],"collection":[{"href":"https:\/\/elinformativotam.com\/index.php\/wp-json\/wp\/v2\/posts"}],"about":[{"href":"https:\/\/elinformativotam.com\/index.php\/wp-json\/wp\/v2\/types\/post"}],"author":[{"embeddable":true,"href":"https:\/\/elinformativotam.com\/index.php\/wp-json\/wp\/v2\/users\/1"}],"replies":[{"embeddable":true,"href":"https:\/\/elinformativotam.com\/index.php\/wp-json\/wp\/v2\/comments?post=50959"}],"version-history":[{"count":1,"href":"https:\/\/elinformativotam.com\/index.php\/wp-json\/wp\/v2\/posts\/50959\/revisions"}],"predecessor-version":[{"id":50960,"href":"https:\/\/elinformativotam.com\/index.php\/wp-json\/wp\/v2\/posts\/50959\/revisions\/50960"}],"wp:featuredmedia":[{"embeddable":true,"href":"https:\/\/elinformativotam.com\/index.php\/wp-json\/wp\/v2\/media\/50957"}],"wp:attachment":[{"href":"https:\/\/elinformativotam.com\/index.php\/wp-json\/wp\/v2\/media?parent=50959"}],"wp:term":[{"taxonomy":"category","embeddable":true,"href":"https:\/\/elinformativotam.com\/index.php\/wp-json\/wp\/v2\/categories?post=50959"},{"taxonomy":"post_tag","embeddable":true,"href":"https:\/\/elinformativotam.com\/index.php\/wp-json\/wp\/v2\/tags?post=50959"}],"curies":[{"name":"wp","href":"https:\/\/api.w.org\/{rel}","templated":true}]}}