{"id":50954,"date":"2024-05-29T23:41:01","date_gmt":"2024-05-30T05:41:01","guid":{"rendered":"https:\/\/elinformativotam.com\/?p=50954"},"modified":"2024-05-29T23:41:01","modified_gmt":"2024-05-30T05:41:01","slug":"exhortan-a-la-poblacion-de-tampico-a-cuidarse-del-golpe-de-calor","status":"publish","type":"post","link":"https:\/\/elinformativotam.com\/index.php\/2024\/05\/29\/exhortan-a-la-poblacion-de-tampico-a-cuidarse-del-golpe-de-calor\/","title":{"rendered":"EXHORTAN A LA POBLACI\u00d3N DE TAMPICO A CUIDARSE DEL GOLPE DE CALOR"},"content":{"rendered":"<h2 style=\"text-align: center;\"><em><span style=\"font-family: 'times new roman', times;\">*Las Altas Temperaturas Seguir\u00e1n En Los Pr\u00f3ximos D\u00edas En La Zona Sur<\/span><\/em><\/h2>\n<p>&nbsp;<\/p>\n<p>El municipio de Tampico contin\u00faa exhortando a la poblaci\u00f3n a evitar la exposici\u00f3n a los rayos solares, en esta tercera ola de calor, que en los \u00faltimos d\u00edas ha alcanzado temperaturas superiores a los 35 grados.<\/p>\n<p>&nbsp;<\/p>\n<p>Sobre el tema, la edil de la comisi\u00f3n de salud en el cabildo, Juana Laura Rivera Salas, mencion\u00f3 que la indicaci\u00f3n a toda la sociedad y trabajadores del municipio es a cuidarse del denominado golpe de calor que ocasiona estar expuesto al Sol por algunas horas.<\/p>\n<p>&nbsp;<\/p>\n<p>Se\u00f1al\u00f3 que la prevenci\u00f3n debe estar enfocada en los menores y j\u00f3venes, ya que \u00e9ste sector poblacional no mide las consecuencias de lo que podr\u00eda acarrear tener insolaci\u00f3n y deshidrataci\u00f3n.<\/p>\n<p>&nbsp;<\/p>\n<p>Pidi\u00f3 a los trabajadores del municipio acatar las disposiciones que marca las secretar\u00edas relacionadas con la actividad laboral en las calles de la ciudad<\/p>\n<p>&nbsp;<\/p>\n<p>Remarc\u00f3 que aunado a ello el problema de la mala calidad del agua potable que llega a los domicilios a causa del estiaje, ya provoca enfermedades en la piel y malestar gastrointestinal.<\/p>\n<p>&nbsp;<\/p>\n<p>Rivera, manifest\u00f3 que la temporada de verano a\u00fan no comienza y las altas temperaturas se han apoderado de la zona, por lo que, dijo, es importante que la poblaci\u00f3n no deje de atender las medidas preventivas que lanza la autoridad involucrada en el tema.<\/p>\n","protected":false},"excerpt":{"rendered":"<p>*Las Altas Temperaturas Seguir\u00e1n En Los Pr\u00f3ximos D\u00edas En La Zona Sur &nbsp; El municipio de Tampico contin\u00faa exhortando a&hellip;<\/p>\n","protected":false},"author":1,"featured_media":50956,"comment_status":"open","ping_status":"open","sticky":false,"template":"","format":"standard","meta":{"footnotes":""},"categories":[3],"tags":[],"class_list":["post-50954","post","type-post","status-publish","format-standard","has-post-thumbnail","hentry","category-tampico"],"yoast_head":"<!-- This site is optimized with the Yoast SEO plugin v27.4 - https:\/\/yoast.com\/product\/yoast-seo-wordpress\/ -->\n<title>EXHORTAN A LA POBLACI\u00d3N DE TAMPICO A CUIDARSE DEL GOLPE DE CALOR - EL INFORMATIVO DE TAMAULIPAS<\/title>\n<meta name=\"description\" content=\"*Las Altas Temperaturas Seguir\u00e1n En Los Pr\u00f3ximos D\u00edas En La Zona Sur &nbsp; El municipio de Tampico contin\u00faa exhortando a la poblaci\u00f3n a evitar la\" \/>\n<meta name=\"robots\" content=\"index, follow, max-snippet:-1, max-image-preview:large, max-video-preview:-1\" \/>\n<link rel=\"canonical\" href=\"https:\/\/elinformativotam.com\/index.php\/2024\/05\/29\/exhortan-a-la-poblacion-de-tampico-a-cuidarse-del-golpe-de-calor\/\" \/>\n<meta property=\"og:locale\" content=\"es_MX\" \/>\n<meta property=\"og:type\" content=\"article\" \/>\n<meta property=\"og:title\" content=\"EXHORTAN A LA POBLACI\u00d3N DE TAMPICO A CUIDARSE DEL GOLPE DE CALOR - EL INFORMATIVO DE TAMAULIPAS\" \/>\n<meta property=\"og:description\" content=\"*Las Altas Temperaturas Seguir\u00e1n En Los Pr\u00f3ximos D\u00edas En La Zona Sur &nbsp; El municipio de Tampico contin\u00faa exhortando a la poblaci\u00f3n a evitar la\" \/>\n<meta property=\"og:url\" content=\"https:\/\/elinformativotam.com\/index.php\/2024\/05\/29\/exhortan-a-la-poblacion-de-tampico-a-cuidarse-del-golpe-de-calor\/\" \/>\n<meta property=\"og:site_name\" content=\"EL INFORMATIVO DE TAMAULIPAS\" \/>\n<meta property=\"article:published_time\" content=\"2024-05-30T05:41:01+00:00\" \/>\n<meta property=\"og:image\" content=\"https:\/\/elinformativotam.com\/wp-content\/uploads\/2024\/05\/Juana-Laura-Rivera.jpeg\" \/>\n\t<meta property=\"og:image:width\" content=\"1600\" \/>\n\t<meta property=\"og:image:height\" content=\"1204\" \/>\n\t<meta property=\"og:image:type\" content=\"image\/jpeg\" \/>\n<meta name=\"author\" content=\"El Informativo Tam\" \/>\n<meta name=\"twitter:card\" content=\"summary_large_image\" \/>\n<meta name=\"twitter:label1\" content=\"Escrito por\" \/>\n\t<meta name=\"twitter:data1\" content=\"El Informativo Tam\" \/>\n\t<meta name=\"twitter:label2\" content=\"Tiempo de lectura\" \/>\n\t<meta name=\"twitter:data2\" content=\"2 minutos\" \/>\n<script type=\"application\/ld+json\" class=\"yoast-schema-graph\">{\"@context\":\"https:\\\/\\\/schema.org\",\"@graph\":[{\"@type\":\"Article\",\"@id\":\"https:\\\/\\\/elinformativotam.com\\\/index.php\\\/2024\\\/05\\\/29\\\/exhortan-a-la-poblacion-de-tampico-a-cuidarse-del-golpe-de-calor\\\/#article\",\"isPartOf\":{\"@id\":\"https:\\\/\\\/elinformativotam.com\\\/index.php\\\/2024\\\/05\\\/29\\\/exhortan-a-la-poblacion-de-tampico-a-cuidarse-del-golpe-de-calor\\\/\"},\"author\":{\"name\":\"El Informativo Tam\",\"@id\":\"https:\\\/\\\/elinformativotam.com\\\/#\\\/schema\\\/person\\\/78e08040eed0f6110f0c5f83b6153590\"},\"headline\":\"EXHORTAN A LA POBLACI\u00d3N DE TAMPICO A CUIDARSE DEL GOLPE DE CALOR\",\"datePublished\":\"2024-05-30T05:41:01+00:00\",\"mainEntityOfPage\":{\"@id\":\"https:\\\/\\\/elinformativotam.com\\\/index.php\\\/2024\\\/05\\\/29\\\/exhortan-a-la-poblacion-de-tampico-a-cuidarse-del-golpe-de-calor\\\/\"},\"wordCount\":260,\"commentCount\":0,\"publisher\":{\"@id\":\"https:\\\/\\\/elinformativotam.com\\\/#organization\"},\"image\":{\"@id\":\"https:\\\/\\\/elinformativotam.com\\\/index.php\\\/2024\\\/05\\\/29\\\/exhortan-a-la-poblacion-de-tampico-a-cuidarse-del-golpe-de-calor\\\/#primaryimage\"},\"thumbnailUrl\":\"https:\\\/\\\/elinformativotam.com\\\/wp-content\\\/uploads\\\/2024\\\/05\\\/Juana-Laura-Rivera.jpeg\",\"articleSection\":[\"Tampico\"],\"inLanguage\":\"es\",\"potentialAction\":[{\"@type\":\"CommentAction\",\"name\":\"Comment\",\"target\":[\"https:\\\/\\\/elinformativotam.com\\\/index.php\\\/2024\\\/05\\\/29\\\/exhortan-a-la-poblacion-de-tampico-a-cuidarse-del-golpe-de-calor\\\/#respond\"]}]},{\"@type\":\"WebPage\",\"@id\":\"https:\\\/\\\/elinformativotam.com\\\/index.php\\\/2024\\\/05\\\/29\\\/exhortan-a-la-poblacion-de-tampico-a-cuidarse-del-golpe-de-calor\\\/\",\"url\":\"https:\\\/\\\/elinformativotam.com\\\/index.php\\\/2024\\\/05\\\/29\\\/exhortan-a-la-poblacion-de-tampico-a-cuidarse-del-golpe-de-calor\\\/\",\"name\":\"EXHORTAN A LA POBLACI\u00d3N DE TAMPICO A CUIDARSE DEL GOLPE DE CALOR - EL INFORMATIVO DE TAMAULIPAS\",\"isPartOf\":{\"@id\":\"https:\\\/\\\/elinformativotam.com\\\/#website\"},\"primaryImageOfPage\":{\"@id\":\"https:\\\/\\\/elinformativotam.com\\\/index.php\\\/2024\\\/05\\\/29\\\/exhortan-a-la-poblacion-de-tampico-a-cuidarse-del-golpe-de-calor\\\/#primaryimage\"},\"image\":{\"@id\":\"https:\\\/\\\/elinformativotam.com\\\/index.php\\\/2024\\\/05\\\/29\\\/exhortan-a-la-poblacion-de-tampico-a-cuidarse-del-golpe-de-calor\\\/#primaryimage\"},\"thumbnailUrl\":\"https:\\\/\\\/elinformativotam.com\\\/wp-content\\\/uploads\\\/2024\\\/05\\\/Juana-Laura-Rivera.jpeg\",\"datePublished\":\"2024-05-30T05:41:01+00:00\",\"description\":\"*Las Altas Temperaturas Seguir\u00e1n En Los Pr\u00f3ximos D\u00edas En La Zona Sur &nbsp; El municipio de Tampico contin\u00faa exhortando a la poblaci\u00f3n a evitar la\",\"inLanguage\":\"es\",\"potentialAction\":[{\"@type\":\"ReadAction\",\"target\":[\"https:\\\/\\\/elinformativotam.com\\\/index.php\\\/2024\\\/05\\\/29\\\/exhortan-a-la-poblacion-de-tampico-a-cuidarse-del-golpe-de-calor\\\/\"]}]},{\"@type\":\"ImageObject\",\"inLanguage\":\"es\",\"@id\":\"https:\\\/\\\/elinformativotam.com\\\/index.php\\\/2024\\\/05\\\/29\\\/exhortan-a-la-poblacion-de-tampico-a-cuidarse-del-golpe-de-calor\\\/#primaryimage\",\"url\":\"https:\\\/\\\/elinformativotam.com\\\/wp-content\\\/uploads\\\/2024\\\/05\\\/Juana-Laura-Rivera.jpeg\",\"contentUrl\":\"https:\\\/\\\/elinformativotam.com\\\/wp-content\\\/uploads\\\/2024\\\/05\\\/Juana-Laura-Rivera.jpeg\",\"width\":1600,\"height\":1204},{\"@type\":\"WebSite\",\"@id\":\"https:\\\/\\\/elinformativotam.com\\\/#website\",\"url\":\"https:\\\/\\\/elinformativotam.com\\\/\",\"name\":\"EL INFORMATIVO DE TAMAULIPAS\",\"description\":\"Desde la Zona Metropolitana Para Todo M\u00e9xico\",\"publisher\":{\"@id\":\"https:\\\/\\\/elinformativotam.com\\\/#organization\"},\"potentialAction\":[{\"@type\":\"SearchAction\",\"target\":{\"@type\":\"EntryPoint\",\"urlTemplate\":\"https:\\\/\\\/elinformativotam.com\\\/?s={search_term_string}\"},\"query-input\":{\"@type\":\"PropertyValueSpecification\",\"valueRequired\":true,\"valueName\":\"search_term_string\"}}],\"inLanguage\":\"es\"},{\"@type\":\"Organization\",\"@id\":\"https:\\\/\\\/elinformativotam.com\\\/#organization\",\"name\":\"EL INFORMATIVO DE TAMAULIPAS\",\"url\":\"https:\\\/\\\/elinformativotam.com\\\/\",\"logo\":{\"@type\":\"ImageObject\",\"inLanguage\":\"es\",\"@id\":\"https:\\\/\\\/elinformativotam.com\\\/#\\\/schema\\\/logo\\\/image\\\/\",\"url\":\"https:\\\/\\\/elinformativotam.com\\\/wp-content\\\/uploads\\\/2026\\\/02\\\/Cabezal.png\",\"contentUrl\":\"https:\\\/\\\/elinformativotam.com\\\/wp-content\\\/uploads\\\/2026\\\/02\\\/Cabezal.png\",\"width\":960,\"height\":640,\"caption\":\"EL INFORMATIVO DE TAMAULIPAS\"},\"image\":{\"@id\":\"https:\\\/\\\/elinformativotam.com\\\/#\\\/schema\\\/logo\\\/image\\\/\"}},{\"@type\":\"Person\",\"@id\":\"https:\\\/\\\/elinformativotam.com\\\/#\\\/schema\\\/person\\\/78e08040eed0f6110f0c5f83b6153590\",\"name\":\"El Informativo Tam\",\"image\":{\"@type\":\"ImageObject\",\"inLanguage\":\"es\",\"@id\":\"https:\\\/\\\/secure.gravatar.com\\\/avatar\\\/f3b7ad3af540688955925ac610647be00b0cf41feea9c4978b73a707ee86bc53?s=96&d=mm&r=g\",\"url\":\"https:\\\/\\\/secure.gravatar.com\\\/avatar\\\/f3b7ad3af540688955925ac610647be00b0cf41feea9c4978b73a707ee86bc53?s=96&d=mm&r=g\",\"contentUrl\":\"https:\\\/\\\/secure.gravatar.com\\\/avatar\\\/f3b7ad3af540688955925ac610647be00b0cf41feea9c4978b73a707ee86bc53?s=96&d=mm&r=g\",\"caption\":\"El Informativo Tam\"}}]}<\/script>\n<!-- \/ Yoast SEO plugin. -->","yoast_head_json":{"title":"EXHORTAN A LA POBLACI\u00d3N DE TAMPICO A CUIDARSE DEL GOLPE DE CALOR - EL INFORMATIVO DE TAMAULIPAS","description":"*Las Altas Temperaturas Seguir\u00e1n En Los Pr\u00f3ximos D\u00edas En La Zona Sur &nbsp; El municipio de Tampico contin\u00faa exhortando a la poblaci\u00f3n a evitar la","robots":{"index":"index","follow":"follow","max-snippet":"max-snippet:-1","max-image-preview":"max-image-preview:large","max-video-preview":"max-video-preview:-1"},"canonical":"https:\/\/elinformativotam.com\/index.php\/2024\/05\/29\/exhortan-a-la-poblacion-de-tampico-a-cuidarse-del-golpe-de-calor\/","og_locale":"es_MX","og_type":"article","og_title":"EXHORTAN A LA POBLACI\u00d3N DE TAMPICO A CUIDARSE DEL GOLPE DE CALOR - EL INFORMATIVO DE TAMAULIPAS","og_description":"*Las Altas Temperaturas Seguir\u00e1n En Los Pr\u00f3ximos D\u00edas En La Zona Sur &nbsp; El municipio de Tampico contin\u00faa exhortando a la poblaci\u00f3n a evitar la","og_url":"https:\/\/elinformativotam.com\/index.php\/2024\/05\/29\/exhortan-a-la-poblacion-de-tampico-a-cuidarse-del-golpe-de-calor\/","og_site_name":"EL INFORMATIVO DE TAMAULIPAS","article_published_time":"2024-05-30T05:41:01+00:00","og_image":[{"width":1600,"height":1204,"url":"https:\/\/elinformativotam.com\/wp-content\/uploads\/2024\/05\/Juana-Laura-Rivera.jpeg","type":"image\/jpeg"}],"author":"El Informativo Tam","twitter_card":"summary_large_image","twitter_misc":{"Escrito por":"El Informativo Tam","Tiempo de lectura":"2 minutos"},"schema":{"@context":"https:\/\/schema.org","@graph":[{"@type":"Article","@id":"https:\/\/elinformativotam.com\/index.php\/2024\/05\/29\/exhortan-a-la-poblacion-de-tampico-a-cuidarse-del-golpe-de-calor\/#article","isPartOf":{"@id":"https:\/\/elinformativotam.com\/index.php\/2024\/05\/29\/exhortan-a-la-poblacion-de-tampico-a-cuidarse-del-golpe-de-calor\/"},"author":{"name":"El Informativo Tam","@id":"https:\/\/elinformativotam.com\/#\/schema\/person\/78e08040eed0f6110f0c5f83b6153590"},"headline":"EXHORTAN A LA POBLACI\u00d3N DE TAMPICO A CUIDARSE DEL GOLPE DE CALOR","datePublished":"2024-05-30T05:41:01+00:00","mainEntityOfPage":{"@id":"https:\/\/elinformativotam.com\/index.php\/2024\/05\/29\/exhortan-a-la-poblacion-de-tampico-a-cuidarse-del-golpe-de-calor\/"},"wordCount":260,"commentCount":0,"publisher":{"@id":"https:\/\/elinformativotam.com\/#organization"},"image":{"@id":"https:\/\/elinformativotam.com\/index.php\/2024\/05\/29\/exhortan-a-la-poblacion-de-tampico-a-cuidarse-del-golpe-de-calor\/#primaryimage"},"thumbnailUrl":"https:\/\/elinformativotam.com\/wp-content\/uploads\/2024\/05\/Juana-Laura-Rivera.jpeg","articleSection":["Tampico"],"inLanguage":"es","potentialAction":[{"@type":"CommentAction","name":"Comment","target":["https:\/\/elinformativotam.com\/index.php\/2024\/05\/29\/exhortan-a-la-poblacion-de-tampico-a-cuidarse-del-golpe-de-calor\/#respond"]}]},{"@type":"WebPage","@id":"https:\/\/elinformativotam.com\/index.php\/2024\/05\/29\/exhortan-a-la-poblacion-de-tampico-a-cuidarse-del-golpe-de-calor\/","url":"https:\/\/elinformativotam.com\/index.php\/2024\/05\/29\/exhortan-a-la-poblacion-de-tampico-a-cuidarse-del-golpe-de-calor\/","name":"EXHORTAN A LA POBLACI\u00d3N DE TAMPICO A CUIDARSE DEL GOLPE DE CALOR - EL INFORMATIVO DE TAMAULIPAS","isPartOf":{"@id":"https:\/\/elinformativotam.com\/#website"},"primaryImageOfPage":{"@id":"https:\/\/elinformativotam.com\/index.php\/2024\/05\/29\/exhortan-a-la-poblacion-de-tampico-a-cuidarse-del-golpe-de-calor\/#primaryimage"},"image":{"@id":"https:\/\/elinformativotam.com\/index.php\/2024\/05\/29\/exhortan-a-la-poblacion-de-tampico-a-cuidarse-del-golpe-de-calor\/#primaryimage"},"thumbnailUrl":"https:\/\/elinformativotam.com\/wp-content\/uploads\/2024\/05\/Juana-Laura-Rivera.jpeg","datePublished":"2024-05-30T05:41:01+00:00","description":"*Las Altas Temperaturas Seguir\u00e1n En Los Pr\u00f3ximos D\u00edas En La Zona Sur &nbsp; El municipio de Tampico contin\u00faa exhortando a la poblaci\u00f3n a evitar la","inLanguage":"es","potentialAction":[{"@type":"ReadAction","target":["https:\/\/elinformativotam.com\/index.php\/2024\/05\/29\/exhortan-a-la-poblacion-de-tampico-a-cuidarse-del-golpe-de-calor\/"]}]},{"@type":"ImageObject","inLanguage":"es","@id":"https:\/\/elinformativotam.com\/index.php\/2024\/05\/29\/exhortan-a-la-poblacion-de-tampico-a-cuidarse-del-golpe-de-calor\/#primaryimage","url":"https:\/\/elinformativotam.com\/wp-content\/uploads\/2024\/05\/Juana-Laura-Rivera.jpeg","contentUrl":"https:\/\/elinformativotam.com\/wp-content\/uploads\/2024\/05\/Juana-Laura-Rivera.jpeg","width":1600,"height":1204},{"@type":"WebSite","@id":"https:\/\/elinformativotam.com\/#website","url":"https:\/\/elinformativotam.com\/","name":"EL INFORMATIVO DE TAMAULIPAS","description":"Desde la Zona Metropolitana Para Todo M\u00e9xico","publisher":{"@id":"https:\/\/elinformativotam.com\/#organization"},"potentialAction":[{"@type":"SearchAction","target":{"@type":"EntryPoint","urlTemplate":"https:\/\/elinformativotam.com\/?s={search_term_string}"},"query-input":{"@type":"PropertyValueSpecification","valueRequired":true,"valueName":"search_term_string"}}],"inLanguage":"es"},{"@type":"Organization","@id":"https:\/\/elinformativotam.com\/#organization","name":"EL INFORMATIVO DE TAMAULIPAS","url":"https:\/\/elinformativotam.com\/","logo":{"@type":"ImageObject","inLanguage":"es","@id":"https:\/\/elinformativotam.com\/#\/schema\/logo\/image\/","url":"https:\/\/elinformativotam.com\/wp-content\/uploads\/2026\/02\/Cabezal.png","contentUrl":"https:\/\/elinformativotam.com\/wp-content\/uploads\/2026\/02\/Cabezal.png","width":960,"height":640,"caption":"EL INFORMATIVO DE TAMAULIPAS"},"image":{"@id":"https:\/\/elinformativotam.com\/#\/schema\/logo\/image\/"}},{"@type":"Person","@id":"https:\/\/elinformativotam.com\/#\/schema\/person\/78e08040eed0f6110f0c5f83b6153590","name":"El Informativo Tam","image":{"@type":"ImageObject","inLanguage":"es","@id":"https:\/\/secure.gravatar.com\/avatar\/f3b7ad3af540688955925ac610647be00b0cf41feea9c4978b73a707ee86bc53?s=96&d=mm&r=g","url":"https:\/\/secure.gravatar.com\/avatar\/f3b7ad3af540688955925ac610647be00b0cf41feea9c4978b73a707ee86bc53?s=96&d=mm&r=g","contentUrl":"https:\/\/secure.gravatar.com\/avatar\/f3b7ad3af540688955925ac610647be00b0cf41feea9c4978b73a707ee86bc53?s=96&d=mm&r=g","caption":"El Informativo Tam"}}]}},"_links":{"self":[{"href":"https:\/\/elinformativotam.com\/index.php\/wp-json\/wp\/v2\/posts\/50954","targetHints":{"allow":["GET"]}}],"collection":[{"href":"https:\/\/elinformativotam.com\/index.php\/wp-json\/wp\/v2\/posts"}],"about":[{"href":"https:\/\/elinformativotam.com\/index.php\/wp-json\/wp\/v2\/types\/post"}],"author":[{"embeddable":true,"href":"https:\/\/elinformativotam.com\/index.php\/wp-json\/wp\/v2\/users\/1"}],"replies":[{"embeddable":true,"href":"https:\/\/elinformativotam.com\/index.php\/wp-json\/wp\/v2\/comments?post=50954"}],"version-history":[{"count":1,"href":"https:\/\/elinformativotam.com\/index.php\/wp-json\/wp\/v2\/posts\/50954\/revisions"}],"predecessor-version":[{"id":50958,"href":"https:\/\/elinformativotam.com\/index.php\/wp-json\/wp\/v2\/posts\/50954\/revisions\/50958"}],"wp:featuredmedia":[{"embeddable":true,"href":"https:\/\/elinformativotam.com\/index.php\/wp-json\/wp\/v2\/media\/50956"}],"wp:attachment":[{"href":"https:\/\/elinformativotam.com\/index.php\/wp-json\/wp\/v2\/media?parent=50954"}],"wp:term":[{"taxonomy":"category","embeddable":true,"href":"https:\/\/elinformativotam.com\/index.php\/wp-json\/wp\/v2\/categories?post=50954"},{"taxonomy":"post_tag","embeddable":true,"href":"https:\/\/elinformativotam.com\/index.php\/wp-json\/wp\/v2\/tags?post=50954"}],"curies":[{"name":"wp","href":"https:\/\/api.w.org\/{rel}","templated":true}]}}