{"id":50950,"date":"2024-05-29T23:01:25","date_gmt":"2024-05-30T05:01:25","guid":{"rendered":"https:\/\/elinformativotam.com\/?p=50950"},"modified":"2024-05-29T23:01:25","modified_gmt":"2024-05-30T05:01:25","slug":"la-nueva-historia-de-ciudad-madero-se-escribe-con-carlos-fernandez-altamirano","status":"publish","type":"post","link":"https:\/\/elinformativotam.com\/index.php\/2024\/05\/29\/la-nueva-historia-de-ciudad-madero-se-escribe-con-carlos-fernandez-altamirano\/","title":{"rendered":"LA NUEVA HISTORIA DE CIUDAD MADERO SE ESCRIBE CON CARLOS FERN\u00c1NDEZ ALTAMIRANO."},"content":{"rendered":"<p>Ciudad Madero, Tam.- Lo que se convirti\u00f3 en un clamor ciudadano, se har\u00e1 realidad este dos de junio con Carlos Fern\u00e1ndez Altamirano, pues el \u00a1El Cambio ya Viene y es Imparable!.<\/p>\n<p>&nbsp;<\/p>\n<p>Esto qued\u00f3 demostrado durante el plet\u00f3rico cierre de campa\u00f1a del candidato de la coalici\u00f3n Fuerza y Coraz\u00f3n por Tamaulipas a la alcald\u00eda de Ciudad Madero, desarrollado en el centro de este municipio.<\/p>\n<p>&nbsp;<\/p>\n<p>Los 10 mil asistentes al acto, ratificaron Con Fuerza la Unidad y Sinergia lograda entre el aspirante y la ciudadan\u00eda maderense, quien desea un verdadero cambio en el municipio petrolero.<\/p>\n<p>&nbsp;<\/p>\n<p>Entre porras y gritos de apoyo, Carlos Fern\u00e1ndez Altamirano, expres\u00f3 \u201cla visi\u00f3n es clara, Madero ser\u00e1n la ciudad donde cada mujer y hombre aporten su capacidad y sus ideas para construir un madero moderno, seguro y transparente, un madero que brille con propuestas reales que impulsen el verdadero progreso de nuestra ciudad\u201d.<\/p>\n<p><img loading=\"lazy\" decoding=\"async\" class=\"size-medium wp-image-50951 alignleft\" src=\"https:\/\/elinformativotam.com\/wp-content\/uploads\/2024\/05\/CF2-487x365.jpeg\" alt=\"\" width=\"487\" height=\"365\" srcset=\"https:\/\/elinformativotam.com\/wp-content\/uploads\/2024\/05\/CF2-487x365.jpeg 487w, https:\/\/elinformativotam.com\/wp-content\/uploads\/2024\/05\/CF2-840x630.jpeg 840w, https:\/\/elinformativotam.com\/wp-content\/uploads\/2024\/05\/CF2-768x576.jpeg 768w, https:\/\/elinformativotam.com\/wp-content\/uploads\/2024\/05\/CF2-160x120.jpeg 160w, https:\/\/elinformativotam.com\/wp-content\/uploads\/2024\/05\/CF2.jpeg 1280w\" sizes=\"auto, (max-width: 487px) 100vw, 487px\" \/><\/p>\n<p>\u201cHoy les digo a ustedes mujeres, que construiremos una ciudad donde ser mujer no sea sin\u00f3nimo de miedo, implementaremos una pol\u00edtica de cero tolerancia a la corrupci\u00f3n y la violencia; El pasado nos ha fallado una y otra vez, pero hoy, estamos decididos a no repetir los mismos errores\u201d, resalta el candidato del cambio.<\/p>\n<p>&nbsp;<\/p>\n<p>Fern\u00e1ndez Altamirano asegura que no pueden confiar en aquellos que han fallado durante d\u00e9cadas y que a la fecha creen que los ciudadanos no tienen memoria, adem\u00e1s que se burlan de la inteligencia de todos pidiendo el voto.<\/p>\n<p>&nbsp;<\/p>\n<p>Al hablar de forma fuerte y clara, destaca que no se puede permitir que el pasado siga frenando el futuro de las familias de Ciudad Madero.<\/p>\n<p>&nbsp;<\/p>\n<p>\u201cEstoy convencido, el poder de los ciudadanos es imparable y en equipo construiremos el madero de nuestros sue\u00f1os, veremos como una realidad lo que verdaderamente nos interesa a los maderenses, el museo del petr\u00f3leo, la ciudad deportiva orinegros, la casa club del adulto mayor, la casa de la cultura, ciclov\u00edas con parques tem\u00e1ticos, servicios p\u00fablicos eficientes y de calidad, la reactivaci\u00f3n de la cultura para nuestras familias, el malec\u00f3n fest, la reconfiguraci\u00f3n de nuestros espacios p\u00fablicos y un mercado funcional y totalmente renovado, con una infraestructura de primer nivel, donde promoveremos las energ\u00edas limpias utilizando paneles solares y entre muchos otros proyectos que son resultado de hablar claro y de frente con todos ustedes durante esta campa\u00f1a\u201d, a\u00f1ade.<\/p>\n<p>&nbsp;<\/p>\n<p>Carlos Fern\u00e1ndez indica de manera tajante a los presentes, \u201cjuntos todo esto es posible, tengan la seguridad que sabemos el que hacer y el como lograrlo, la generaci\u00f3n del cambio ya lleg\u00f3, el futuro ya viene y est\u00e1 en nuestras manos, con prisa y determinaci\u00f3n, haremos realidad un Madero seguro, tranquilo, y sin impunidad\u201d.<\/p>\n<p>&nbsp;<\/p>\n<p>Finaliz\u00f3 resaltando que trabajar es por un Madero imparable, por lo que no les va a fallar.<\/p>\n","protected":false},"excerpt":{"rendered":"<p>Ciudad Madero, Tam.- Lo que se convirti\u00f3 en un clamor ciudadano, se har\u00e1 realidad este dos de junio con Carlos&hellip;<\/p>\n","protected":false},"author":1,"featured_media":50952,"comment_status":"open","ping_status":"open","sticky":false,"template":"","format":"standard","meta":{"footnotes":""},"categories":[4],"tags":[],"class_list":["post-50950","post","type-post","status-publish","format-standard","has-post-thumbnail","hentry","category-madero"],"yoast_head":"<!-- This site is optimized with the Yoast SEO plugin v27.4 - https:\/\/yoast.com\/product\/yoast-seo-wordpress\/ -->\n<title>LA NUEVA HISTORIA DE CIUDAD MADERO SE ESCRIBE CON CARLOS FERN\u00c1NDEZ ALTAMIRANO. - EL INFORMATIVO DE TAMAULIPAS<\/title>\n<meta name=\"description\" content=\"Ciudad Madero, Tam.- Lo que se convirti\u00f3 en un clamor ciudadano, se har\u00e1 realidad este dos de junio con Carlos Fern\u00e1ndez Altamirano, pues el \u00a1El Cambio ya\" \/>\n<meta name=\"robots\" content=\"index, follow, max-snippet:-1, max-image-preview:large, max-video-preview:-1\" \/>\n<link rel=\"canonical\" href=\"https:\/\/elinformativotam.com\/index.php\/2024\/05\/29\/la-nueva-historia-de-ciudad-madero-se-escribe-con-carlos-fernandez-altamirano\/\" \/>\n<meta property=\"og:locale\" content=\"es_MX\" \/>\n<meta property=\"og:type\" content=\"article\" \/>\n<meta property=\"og:title\" content=\"LA NUEVA HISTORIA DE CIUDAD MADERO SE ESCRIBE CON CARLOS FERN\u00c1NDEZ ALTAMIRANO. - EL INFORMATIVO DE TAMAULIPAS\" \/>\n<meta property=\"og:description\" content=\"Ciudad Madero, Tam.- Lo que se convirti\u00f3 en un clamor ciudadano, se har\u00e1 realidad este dos de junio con Carlos Fern\u00e1ndez Altamirano, pues el \u00a1El Cambio ya\" \/>\n<meta property=\"og:url\" content=\"https:\/\/elinformativotam.com\/index.php\/2024\/05\/29\/la-nueva-historia-de-ciudad-madero-se-escribe-con-carlos-fernandez-altamirano\/\" \/>\n<meta property=\"og:site_name\" content=\"EL INFORMATIVO DE TAMAULIPAS\" \/>\n<meta property=\"article:published_time\" content=\"2024-05-30T05:01:25+00:00\" \/>\n<meta property=\"og:image\" content=\"https:\/\/elinformativotam.com\/wp-content\/uploads\/2024\/05\/CF1.jpeg\" \/>\n\t<meta property=\"og:image:width\" content=\"960\" \/>\n\t<meta property=\"og:image:height\" content=\"1280\" \/>\n\t<meta property=\"og:image:type\" content=\"image\/jpeg\" \/>\n<meta name=\"author\" content=\"El Informativo Tam\" \/>\n<meta name=\"twitter:card\" content=\"summary_large_image\" \/>\n<meta name=\"twitter:label1\" content=\"Escrito por\" \/>\n\t<meta name=\"twitter:data1\" content=\"El Informativo Tam\" \/>\n\t<meta name=\"twitter:label2\" content=\"Tiempo de lectura\" \/>\n\t<meta name=\"twitter:data2\" content=\"3 minutos\" \/>\n<script type=\"application\/ld+json\" class=\"yoast-schema-graph\">{\"@context\":\"https:\\\/\\\/schema.org\",\"@graph\":[{\"@type\":\"Article\",\"@id\":\"https:\\\/\\\/elinformativotam.com\\\/index.php\\\/2024\\\/05\\\/29\\\/la-nueva-historia-de-ciudad-madero-se-escribe-con-carlos-fernandez-altamirano\\\/#article\",\"isPartOf\":{\"@id\":\"https:\\\/\\\/elinformativotam.com\\\/index.php\\\/2024\\\/05\\\/29\\\/la-nueva-historia-de-ciudad-madero-se-escribe-con-carlos-fernandez-altamirano\\\/\"},\"author\":{\"name\":\"El Informativo Tam\",\"@id\":\"https:\\\/\\\/elinformativotam.com\\\/#\\\/schema\\\/person\\\/78e08040eed0f6110f0c5f83b6153590\"},\"headline\":\"LA NUEVA HISTORIA DE CIUDAD MADERO SE ESCRIBE CON CARLOS FERN\u00c1NDEZ ALTAMIRANO.\",\"datePublished\":\"2024-05-30T05:01:25+00:00\",\"mainEntityOfPage\":{\"@id\":\"https:\\\/\\\/elinformativotam.com\\\/index.php\\\/2024\\\/05\\\/29\\\/la-nueva-historia-de-ciudad-madero-se-escribe-con-carlos-fernandez-altamirano\\\/\"},\"wordCount\":504,\"commentCount\":0,\"publisher\":{\"@id\":\"https:\\\/\\\/elinformativotam.com\\\/#organization\"},\"image\":{\"@id\":\"https:\\\/\\\/elinformativotam.com\\\/index.php\\\/2024\\\/05\\\/29\\\/la-nueva-historia-de-ciudad-madero-se-escribe-con-carlos-fernandez-altamirano\\\/#primaryimage\"},\"thumbnailUrl\":\"https:\\\/\\\/elinformativotam.com\\\/wp-content\\\/uploads\\\/2024\\\/05\\\/CF1.jpeg\",\"articleSection\":[\"Cd Madero\"],\"inLanguage\":\"es\",\"potentialAction\":[{\"@type\":\"CommentAction\",\"name\":\"Comment\",\"target\":[\"https:\\\/\\\/elinformativotam.com\\\/index.php\\\/2024\\\/05\\\/29\\\/la-nueva-historia-de-ciudad-madero-se-escribe-con-carlos-fernandez-altamirano\\\/#respond\"]}]},{\"@type\":\"WebPage\",\"@id\":\"https:\\\/\\\/elinformativotam.com\\\/index.php\\\/2024\\\/05\\\/29\\\/la-nueva-historia-de-ciudad-madero-se-escribe-con-carlos-fernandez-altamirano\\\/\",\"url\":\"https:\\\/\\\/elinformativotam.com\\\/index.php\\\/2024\\\/05\\\/29\\\/la-nueva-historia-de-ciudad-madero-se-escribe-con-carlos-fernandez-altamirano\\\/\",\"name\":\"LA NUEVA HISTORIA DE CIUDAD MADERO SE ESCRIBE CON CARLOS FERN\u00c1NDEZ ALTAMIRANO. - EL INFORMATIVO DE TAMAULIPAS\",\"isPartOf\":{\"@id\":\"https:\\\/\\\/elinformativotam.com\\\/#website\"},\"primaryImageOfPage\":{\"@id\":\"https:\\\/\\\/elinformativotam.com\\\/index.php\\\/2024\\\/05\\\/29\\\/la-nueva-historia-de-ciudad-madero-se-escribe-con-carlos-fernandez-altamirano\\\/#primaryimage\"},\"image\":{\"@id\":\"https:\\\/\\\/elinformativotam.com\\\/index.php\\\/2024\\\/05\\\/29\\\/la-nueva-historia-de-ciudad-madero-se-escribe-con-carlos-fernandez-altamirano\\\/#primaryimage\"},\"thumbnailUrl\":\"https:\\\/\\\/elinformativotam.com\\\/wp-content\\\/uploads\\\/2024\\\/05\\\/CF1.jpeg\",\"datePublished\":\"2024-05-30T05:01:25+00:00\",\"description\":\"Ciudad Madero, Tam.- Lo que se convirti\u00f3 en un clamor ciudadano, se har\u00e1 realidad este dos de junio con Carlos Fern\u00e1ndez Altamirano, pues el \u00a1El Cambio ya\",\"inLanguage\":\"es\",\"potentialAction\":[{\"@type\":\"ReadAction\",\"target\":[\"https:\\\/\\\/elinformativotam.com\\\/index.php\\\/2024\\\/05\\\/29\\\/la-nueva-historia-de-ciudad-madero-se-escribe-con-carlos-fernandez-altamirano\\\/\"]}]},{\"@type\":\"ImageObject\",\"inLanguage\":\"es\",\"@id\":\"https:\\\/\\\/elinformativotam.com\\\/index.php\\\/2024\\\/05\\\/29\\\/la-nueva-historia-de-ciudad-madero-se-escribe-con-carlos-fernandez-altamirano\\\/#primaryimage\",\"url\":\"https:\\\/\\\/elinformativotam.com\\\/wp-content\\\/uploads\\\/2024\\\/05\\\/CF1.jpeg\",\"contentUrl\":\"https:\\\/\\\/elinformativotam.com\\\/wp-content\\\/uploads\\\/2024\\\/05\\\/CF1.jpeg\",\"width\":960,\"height\":1280},{\"@type\":\"WebSite\",\"@id\":\"https:\\\/\\\/elinformativotam.com\\\/#website\",\"url\":\"https:\\\/\\\/elinformativotam.com\\\/\",\"name\":\"EL INFORMATIVO DE TAMAULIPAS\",\"description\":\"Desde la Zona Metropolitana Para Todo M\u00e9xico\",\"publisher\":{\"@id\":\"https:\\\/\\\/elinformativotam.com\\\/#organization\"},\"potentialAction\":[{\"@type\":\"SearchAction\",\"target\":{\"@type\":\"EntryPoint\",\"urlTemplate\":\"https:\\\/\\\/elinformativotam.com\\\/?s={search_term_string}\"},\"query-input\":{\"@type\":\"PropertyValueSpecification\",\"valueRequired\":true,\"valueName\":\"search_term_string\"}}],\"inLanguage\":\"es\"},{\"@type\":\"Organization\",\"@id\":\"https:\\\/\\\/elinformativotam.com\\\/#organization\",\"name\":\"EL INFORMATIVO DE TAMAULIPAS\",\"url\":\"https:\\\/\\\/elinformativotam.com\\\/\",\"logo\":{\"@type\":\"ImageObject\",\"inLanguage\":\"es\",\"@id\":\"https:\\\/\\\/elinformativotam.com\\\/#\\\/schema\\\/logo\\\/image\\\/\",\"url\":\"https:\\\/\\\/elinformativotam.com\\\/wp-content\\\/uploads\\\/2026\\\/02\\\/Cabezal.png\",\"contentUrl\":\"https:\\\/\\\/elinformativotam.com\\\/wp-content\\\/uploads\\\/2026\\\/02\\\/Cabezal.png\",\"width\":960,\"height\":640,\"caption\":\"EL INFORMATIVO DE TAMAULIPAS\"},\"image\":{\"@id\":\"https:\\\/\\\/elinformativotam.com\\\/#\\\/schema\\\/logo\\\/image\\\/\"}},{\"@type\":\"Person\",\"@id\":\"https:\\\/\\\/elinformativotam.com\\\/#\\\/schema\\\/person\\\/78e08040eed0f6110f0c5f83b6153590\",\"name\":\"El Informativo Tam\",\"image\":{\"@type\":\"ImageObject\",\"inLanguage\":\"es\",\"@id\":\"https:\\\/\\\/secure.gravatar.com\\\/avatar\\\/f3b7ad3af540688955925ac610647be00b0cf41feea9c4978b73a707ee86bc53?s=96&d=mm&r=g\",\"url\":\"https:\\\/\\\/secure.gravatar.com\\\/avatar\\\/f3b7ad3af540688955925ac610647be00b0cf41feea9c4978b73a707ee86bc53?s=96&d=mm&r=g\",\"contentUrl\":\"https:\\\/\\\/secure.gravatar.com\\\/avatar\\\/f3b7ad3af540688955925ac610647be00b0cf41feea9c4978b73a707ee86bc53?s=96&d=mm&r=g\",\"caption\":\"El Informativo Tam\"}}]}<\/script>\n<!-- \/ Yoast SEO plugin. -->","yoast_head_json":{"title":"LA NUEVA HISTORIA DE CIUDAD MADERO SE ESCRIBE CON CARLOS FERN\u00c1NDEZ ALTAMIRANO. - EL INFORMATIVO DE TAMAULIPAS","description":"Ciudad Madero, Tam.- Lo que se convirti\u00f3 en un clamor ciudadano, se har\u00e1 realidad este dos de junio con Carlos Fern\u00e1ndez Altamirano, pues el \u00a1El Cambio ya","robots":{"index":"index","follow":"follow","max-snippet":"max-snippet:-1","max-image-preview":"max-image-preview:large","max-video-preview":"max-video-preview:-1"},"canonical":"https:\/\/elinformativotam.com\/index.php\/2024\/05\/29\/la-nueva-historia-de-ciudad-madero-se-escribe-con-carlos-fernandez-altamirano\/","og_locale":"es_MX","og_type":"article","og_title":"LA NUEVA HISTORIA DE CIUDAD MADERO SE ESCRIBE CON CARLOS FERN\u00c1NDEZ ALTAMIRANO. - EL INFORMATIVO DE TAMAULIPAS","og_description":"Ciudad Madero, Tam.- Lo que se convirti\u00f3 en un clamor ciudadano, se har\u00e1 realidad este dos de junio con Carlos Fern\u00e1ndez Altamirano, pues el \u00a1El Cambio ya","og_url":"https:\/\/elinformativotam.com\/index.php\/2024\/05\/29\/la-nueva-historia-de-ciudad-madero-se-escribe-con-carlos-fernandez-altamirano\/","og_site_name":"EL INFORMATIVO DE TAMAULIPAS","article_published_time":"2024-05-30T05:01:25+00:00","og_image":[{"width":960,"height":1280,"url":"https:\/\/elinformativotam.com\/wp-content\/uploads\/2024\/05\/CF1.jpeg","type":"image\/jpeg"}],"author":"El Informativo Tam","twitter_card":"summary_large_image","twitter_misc":{"Escrito por":"El Informativo Tam","Tiempo de lectura":"3 minutos"},"schema":{"@context":"https:\/\/schema.org","@graph":[{"@type":"Article","@id":"https:\/\/elinformativotam.com\/index.php\/2024\/05\/29\/la-nueva-historia-de-ciudad-madero-se-escribe-con-carlos-fernandez-altamirano\/#article","isPartOf":{"@id":"https:\/\/elinformativotam.com\/index.php\/2024\/05\/29\/la-nueva-historia-de-ciudad-madero-se-escribe-con-carlos-fernandez-altamirano\/"},"author":{"name":"El Informativo Tam","@id":"https:\/\/elinformativotam.com\/#\/schema\/person\/78e08040eed0f6110f0c5f83b6153590"},"headline":"LA NUEVA HISTORIA DE CIUDAD MADERO SE ESCRIBE CON CARLOS FERN\u00c1NDEZ ALTAMIRANO.","datePublished":"2024-05-30T05:01:25+00:00","mainEntityOfPage":{"@id":"https:\/\/elinformativotam.com\/index.php\/2024\/05\/29\/la-nueva-historia-de-ciudad-madero-se-escribe-con-carlos-fernandez-altamirano\/"},"wordCount":504,"commentCount":0,"publisher":{"@id":"https:\/\/elinformativotam.com\/#organization"},"image":{"@id":"https:\/\/elinformativotam.com\/index.php\/2024\/05\/29\/la-nueva-historia-de-ciudad-madero-se-escribe-con-carlos-fernandez-altamirano\/#primaryimage"},"thumbnailUrl":"https:\/\/elinformativotam.com\/wp-content\/uploads\/2024\/05\/CF1.jpeg","articleSection":["Cd Madero"],"inLanguage":"es","potentialAction":[{"@type":"CommentAction","name":"Comment","target":["https:\/\/elinformativotam.com\/index.php\/2024\/05\/29\/la-nueva-historia-de-ciudad-madero-se-escribe-con-carlos-fernandez-altamirano\/#respond"]}]},{"@type":"WebPage","@id":"https:\/\/elinformativotam.com\/index.php\/2024\/05\/29\/la-nueva-historia-de-ciudad-madero-se-escribe-con-carlos-fernandez-altamirano\/","url":"https:\/\/elinformativotam.com\/index.php\/2024\/05\/29\/la-nueva-historia-de-ciudad-madero-se-escribe-con-carlos-fernandez-altamirano\/","name":"LA NUEVA HISTORIA DE CIUDAD MADERO SE ESCRIBE CON CARLOS FERN\u00c1NDEZ ALTAMIRANO. - EL INFORMATIVO DE TAMAULIPAS","isPartOf":{"@id":"https:\/\/elinformativotam.com\/#website"},"primaryImageOfPage":{"@id":"https:\/\/elinformativotam.com\/index.php\/2024\/05\/29\/la-nueva-historia-de-ciudad-madero-se-escribe-con-carlos-fernandez-altamirano\/#primaryimage"},"image":{"@id":"https:\/\/elinformativotam.com\/index.php\/2024\/05\/29\/la-nueva-historia-de-ciudad-madero-se-escribe-con-carlos-fernandez-altamirano\/#primaryimage"},"thumbnailUrl":"https:\/\/elinformativotam.com\/wp-content\/uploads\/2024\/05\/CF1.jpeg","datePublished":"2024-05-30T05:01:25+00:00","description":"Ciudad Madero, Tam.- Lo que se convirti\u00f3 en un clamor ciudadano, se har\u00e1 realidad este dos de junio con Carlos Fern\u00e1ndez Altamirano, pues el \u00a1El Cambio ya","inLanguage":"es","potentialAction":[{"@type":"ReadAction","target":["https:\/\/elinformativotam.com\/index.php\/2024\/05\/29\/la-nueva-historia-de-ciudad-madero-se-escribe-con-carlos-fernandez-altamirano\/"]}]},{"@type":"ImageObject","inLanguage":"es","@id":"https:\/\/elinformativotam.com\/index.php\/2024\/05\/29\/la-nueva-historia-de-ciudad-madero-se-escribe-con-carlos-fernandez-altamirano\/#primaryimage","url":"https:\/\/elinformativotam.com\/wp-content\/uploads\/2024\/05\/CF1.jpeg","contentUrl":"https:\/\/elinformativotam.com\/wp-content\/uploads\/2024\/05\/CF1.jpeg","width":960,"height":1280},{"@type":"WebSite","@id":"https:\/\/elinformativotam.com\/#website","url":"https:\/\/elinformativotam.com\/","name":"EL INFORMATIVO DE TAMAULIPAS","description":"Desde la Zona Metropolitana Para Todo M\u00e9xico","publisher":{"@id":"https:\/\/elinformativotam.com\/#organization"},"potentialAction":[{"@type":"SearchAction","target":{"@type":"EntryPoint","urlTemplate":"https:\/\/elinformativotam.com\/?s={search_term_string}"},"query-input":{"@type":"PropertyValueSpecification","valueRequired":true,"valueName":"search_term_string"}}],"inLanguage":"es"},{"@type":"Organization","@id":"https:\/\/elinformativotam.com\/#organization","name":"EL INFORMATIVO DE TAMAULIPAS","url":"https:\/\/elinformativotam.com\/","logo":{"@type":"ImageObject","inLanguage":"es","@id":"https:\/\/elinformativotam.com\/#\/schema\/logo\/image\/","url":"https:\/\/elinformativotam.com\/wp-content\/uploads\/2026\/02\/Cabezal.png","contentUrl":"https:\/\/elinformativotam.com\/wp-content\/uploads\/2026\/02\/Cabezal.png","width":960,"height":640,"caption":"EL INFORMATIVO DE TAMAULIPAS"},"image":{"@id":"https:\/\/elinformativotam.com\/#\/schema\/logo\/image\/"}},{"@type":"Person","@id":"https:\/\/elinformativotam.com\/#\/schema\/person\/78e08040eed0f6110f0c5f83b6153590","name":"El Informativo Tam","image":{"@type":"ImageObject","inLanguage":"es","@id":"https:\/\/secure.gravatar.com\/avatar\/f3b7ad3af540688955925ac610647be00b0cf41feea9c4978b73a707ee86bc53?s=96&d=mm&r=g","url":"https:\/\/secure.gravatar.com\/avatar\/f3b7ad3af540688955925ac610647be00b0cf41feea9c4978b73a707ee86bc53?s=96&d=mm&r=g","contentUrl":"https:\/\/secure.gravatar.com\/avatar\/f3b7ad3af540688955925ac610647be00b0cf41feea9c4978b73a707ee86bc53?s=96&d=mm&r=g","caption":"El Informativo Tam"}}]}},"_links":{"self":[{"href":"https:\/\/elinformativotam.com\/index.php\/wp-json\/wp\/v2\/posts\/50950","targetHints":{"allow":["GET"]}}],"collection":[{"href":"https:\/\/elinformativotam.com\/index.php\/wp-json\/wp\/v2\/posts"}],"about":[{"href":"https:\/\/elinformativotam.com\/index.php\/wp-json\/wp\/v2\/types\/post"}],"author":[{"embeddable":true,"href":"https:\/\/elinformativotam.com\/index.php\/wp-json\/wp\/v2\/users\/1"}],"replies":[{"embeddable":true,"href":"https:\/\/elinformativotam.com\/index.php\/wp-json\/wp\/v2\/comments?post=50950"}],"version-history":[{"count":1,"href":"https:\/\/elinformativotam.com\/index.php\/wp-json\/wp\/v2\/posts\/50950\/revisions"}],"predecessor-version":[{"id":50953,"href":"https:\/\/elinformativotam.com\/index.php\/wp-json\/wp\/v2\/posts\/50950\/revisions\/50953"}],"wp:featuredmedia":[{"embeddable":true,"href":"https:\/\/elinformativotam.com\/index.php\/wp-json\/wp\/v2\/media\/50952"}],"wp:attachment":[{"href":"https:\/\/elinformativotam.com\/index.php\/wp-json\/wp\/v2\/media?parent=50950"}],"wp:term":[{"taxonomy":"category","embeddable":true,"href":"https:\/\/elinformativotam.com\/index.php\/wp-json\/wp\/v2\/categories?post=50950"},{"taxonomy":"post_tag","embeddable":true,"href":"https:\/\/elinformativotam.com\/index.php\/wp-json\/wp\/v2\/tags?post=50950"}],"curies":[{"name":"wp","href":"https:\/\/api.w.org\/{rel}","templated":true}]}}