{"id":50939,"date":"2024-05-28T22:30:10","date_gmt":"2024-05-29T04:30:10","guid":{"rendered":"https:\/\/elinformativotam.com\/?p=50939"},"modified":"2024-05-28T22:30:10","modified_gmt":"2024-05-29T04:30:10","slug":"vital-que-poblacion-salga-a-votar-el-proximo-domingo","status":"publish","type":"post","link":"https:\/\/elinformativotam.com\/index.php\/2024\/05\/28\/vital-que-poblacion-salga-a-votar-el-proximo-domingo\/","title":{"rendered":"VITAL QUE POBLACI\u00d3N SALGA A VOTAR EL PR\u00d3XIMO DOMINGO"},"content":{"rendered":"<h2 style=\"text-align: center;\"><em><span style=\"font-family: 'times new roman', times;\">*Esperan Una Alta Participaci\u00f3n En Las Urnas<\/span><\/em><\/h2>\n<p>&nbsp;<\/p>\n<p>Los empresarios hoteleros de la zona sur exhortan a la poblaci\u00f3n a salir a votar el pr\u00f3ximo 2 de Junio, ya que es la \u00fanica herramienta que se tiene para cambiar o refrendar funcionarios o servidores p\u00fablicos en los tres \u00f3rdenes de gobierno<\/p>\n<p>&nbsp;<\/p>\n<p>Alberto Ortega Ortega, representante de ese sector empresarial, indic\u00f3 que \u00e9sta elecci\u00f3n concurrente es importante para los mexicanos, ya que pr\u00e1cticamente se renuevan dos poderes de la uni\u00f3n, como el ejecutivo y legislativo, tan necesarios para la gobernabilidad de la naci\u00f3n.<\/p>\n<p>&nbsp;<\/p>\n<p>Dijo que en el campo local la sociedad debe de definir a quienes quieren tener como alcaldes y diputados locales.<\/p>\n<p>&nbsp;<\/p>\n<p>&#8220;Pero es necesario que la poblaci\u00f3n salga a emitir su sufragio, porque qui\u00e9n quieran, pero que salga y voten&#8221;, explic\u00f3<\/p>\n<p>&nbsp;<\/p>\n<p>Ortega, enfatiz\u00f3 que la ciudad atraviesa por una situaci\u00f3n de paz social importante, por lo que, dijo, las condiciones son aptas para salir a cumplir con su obligaci\u00f3n c\u00edvica<\/p>\n<p>&nbsp;<\/p>\n<p>Resalt\u00f3 que los empresarios hacen la parte que les corresponde en buscar incentivar al electorado, de diferentes maneras.<\/p>\n<p>&nbsp;<\/p>\n<p>&#8220;Todas las maneras son buenas, la participaci\u00f3n ciudadana es importante para que el pa\u00eds siga adelante&#8221;, abund\u00f3<\/p>\n","protected":false},"excerpt":{"rendered":"<p>*Esperan Una Alta Participaci\u00f3n En Las Urnas &nbsp; Los empresarios hoteleros de la zona sur exhortan a la poblaci\u00f3n a&hellip;<\/p>\n","protected":false},"author":1,"featured_media":50940,"comment_status":"open","ping_status":"open","sticky":false,"template":"","format":"standard","meta":{"footnotes":""},"categories":[3],"tags":[],"class_list":["post-50939","post","type-post","status-publish","format-standard","has-post-thumbnail","hentry","category-tampico"],"yoast_head":"<!-- This site is optimized with the Yoast SEO plugin v27.4 - https:\/\/yoast.com\/product\/yoast-seo-wordpress\/ -->\n<title>VITAL QUE POBLACI\u00d3N SALGA A VOTAR EL PR\u00d3XIMO DOMINGO - EL INFORMATIVO DE TAMAULIPAS<\/title>\n<meta name=\"description\" content=\"*Esperan Una Alta Participaci\u00f3n En Las Urnas &nbsp; Los empresarios hoteleros de la zona sur exhortan a la poblaci\u00f3n a salir a votar el pr\u00f3ximo 2 de\" \/>\n<meta name=\"robots\" content=\"index, follow, max-snippet:-1, max-image-preview:large, max-video-preview:-1\" \/>\n<link rel=\"canonical\" href=\"https:\/\/elinformativotam.com\/index.php\/2024\/05\/28\/vital-que-poblacion-salga-a-votar-el-proximo-domingo\/\" \/>\n<meta property=\"og:locale\" content=\"es_MX\" \/>\n<meta property=\"og:type\" content=\"article\" \/>\n<meta property=\"og:title\" content=\"VITAL QUE POBLACI\u00d3N SALGA A VOTAR EL PR\u00d3XIMO DOMINGO - EL INFORMATIVO DE TAMAULIPAS\" \/>\n<meta property=\"og:description\" content=\"*Esperan Una Alta Participaci\u00f3n En Las Urnas &nbsp; Los empresarios hoteleros de la zona sur exhortan a la poblaci\u00f3n a salir a votar el pr\u00f3ximo 2 de\" \/>\n<meta property=\"og:url\" content=\"https:\/\/elinformativotam.com\/index.php\/2024\/05\/28\/vital-que-poblacion-salga-a-votar-el-proximo-domingo\/\" \/>\n<meta property=\"og:site_name\" content=\"EL INFORMATIVO DE TAMAULIPAS\" \/>\n<meta property=\"article:published_time\" content=\"2024-05-29T04:30:10+00:00\" \/>\n<meta property=\"og:image\" content=\"https:\/\/elinformativotam.com\/wp-content\/uploads\/2024\/05\/Don-ALberto.jpeg\" \/>\n\t<meta property=\"og:image:width\" content=\"1600\" \/>\n\t<meta property=\"og:image:height\" content=\"1200\" \/>\n\t<meta property=\"og:image:type\" content=\"image\/jpeg\" \/>\n<meta name=\"author\" content=\"El Informativo Tam\" \/>\n<meta name=\"twitter:card\" content=\"summary_large_image\" \/>\n<meta name=\"twitter:label1\" content=\"Escrito por\" \/>\n\t<meta name=\"twitter:data1\" content=\"El Informativo Tam\" \/>\n\t<meta name=\"twitter:label2\" content=\"Tiempo de lectura\" \/>\n\t<meta name=\"twitter:data2\" content=\"2 minutos\" \/>\n<script type=\"application\/ld+json\" class=\"yoast-schema-graph\">{\"@context\":\"https:\\\/\\\/schema.org\",\"@graph\":[{\"@type\":\"Article\",\"@id\":\"https:\\\/\\\/elinformativotam.com\\\/index.php\\\/2024\\\/05\\\/28\\\/vital-que-poblacion-salga-a-votar-el-proximo-domingo\\\/#article\",\"isPartOf\":{\"@id\":\"https:\\\/\\\/elinformativotam.com\\\/index.php\\\/2024\\\/05\\\/28\\\/vital-que-poblacion-salga-a-votar-el-proximo-domingo\\\/\"},\"author\":{\"name\":\"El Informativo Tam\",\"@id\":\"https:\\\/\\\/elinformativotam.com\\\/#\\\/schema\\\/person\\\/78e08040eed0f6110f0c5f83b6153590\"},\"headline\":\"VITAL QUE POBLACI\u00d3N SALGA A VOTAR EL PR\u00d3XIMO DOMINGO\",\"datePublished\":\"2024-05-29T04:30:10+00:00\",\"mainEntityOfPage\":{\"@id\":\"https:\\\/\\\/elinformativotam.com\\\/index.php\\\/2024\\\/05\\\/28\\\/vital-que-poblacion-salga-a-votar-el-proximo-domingo\\\/\"},\"wordCount\":227,\"commentCount\":0,\"publisher\":{\"@id\":\"https:\\\/\\\/elinformativotam.com\\\/#organization\"},\"image\":{\"@id\":\"https:\\\/\\\/elinformativotam.com\\\/index.php\\\/2024\\\/05\\\/28\\\/vital-que-poblacion-salga-a-votar-el-proximo-domingo\\\/#primaryimage\"},\"thumbnailUrl\":\"https:\\\/\\\/elinformativotam.com\\\/wp-content\\\/uploads\\\/2024\\\/05\\\/Don-ALberto.jpeg\",\"articleSection\":[\"Tampico\"],\"inLanguage\":\"es\",\"potentialAction\":[{\"@type\":\"CommentAction\",\"name\":\"Comment\",\"target\":[\"https:\\\/\\\/elinformativotam.com\\\/index.php\\\/2024\\\/05\\\/28\\\/vital-que-poblacion-salga-a-votar-el-proximo-domingo\\\/#respond\"]}]},{\"@type\":\"WebPage\",\"@id\":\"https:\\\/\\\/elinformativotam.com\\\/index.php\\\/2024\\\/05\\\/28\\\/vital-que-poblacion-salga-a-votar-el-proximo-domingo\\\/\",\"url\":\"https:\\\/\\\/elinformativotam.com\\\/index.php\\\/2024\\\/05\\\/28\\\/vital-que-poblacion-salga-a-votar-el-proximo-domingo\\\/\",\"name\":\"VITAL QUE POBLACI\u00d3N SALGA A VOTAR EL PR\u00d3XIMO DOMINGO - EL INFORMATIVO DE TAMAULIPAS\",\"isPartOf\":{\"@id\":\"https:\\\/\\\/elinformativotam.com\\\/#website\"},\"primaryImageOfPage\":{\"@id\":\"https:\\\/\\\/elinformativotam.com\\\/index.php\\\/2024\\\/05\\\/28\\\/vital-que-poblacion-salga-a-votar-el-proximo-domingo\\\/#primaryimage\"},\"image\":{\"@id\":\"https:\\\/\\\/elinformativotam.com\\\/index.php\\\/2024\\\/05\\\/28\\\/vital-que-poblacion-salga-a-votar-el-proximo-domingo\\\/#primaryimage\"},\"thumbnailUrl\":\"https:\\\/\\\/elinformativotam.com\\\/wp-content\\\/uploads\\\/2024\\\/05\\\/Don-ALberto.jpeg\",\"datePublished\":\"2024-05-29T04:30:10+00:00\",\"description\":\"*Esperan Una Alta Participaci\u00f3n En Las Urnas &nbsp; Los empresarios hoteleros de la zona sur exhortan a la poblaci\u00f3n a salir a votar el pr\u00f3ximo 2 de\",\"inLanguage\":\"es\",\"potentialAction\":[{\"@type\":\"ReadAction\",\"target\":[\"https:\\\/\\\/elinformativotam.com\\\/index.php\\\/2024\\\/05\\\/28\\\/vital-que-poblacion-salga-a-votar-el-proximo-domingo\\\/\"]}]},{\"@type\":\"ImageObject\",\"inLanguage\":\"es\",\"@id\":\"https:\\\/\\\/elinformativotam.com\\\/index.php\\\/2024\\\/05\\\/28\\\/vital-que-poblacion-salga-a-votar-el-proximo-domingo\\\/#primaryimage\",\"url\":\"https:\\\/\\\/elinformativotam.com\\\/wp-content\\\/uploads\\\/2024\\\/05\\\/Don-ALberto.jpeg\",\"contentUrl\":\"https:\\\/\\\/elinformativotam.com\\\/wp-content\\\/uploads\\\/2024\\\/05\\\/Don-ALberto.jpeg\",\"width\":1600,\"height\":1200},{\"@type\":\"WebSite\",\"@id\":\"https:\\\/\\\/elinformativotam.com\\\/#website\",\"url\":\"https:\\\/\\\/elinformativotam.com\\\/\",\"name\":\"EL INFORMATIVO DE TAMAULIPAS\",\"description\":\"Desde la Zona Metropolitana Para Todo M\u00e9xico\",\"publisher\":{\"@id\":\"https:\\\/\\\/elinformativotam.com\\\/#organization\"},\"potentialAction\":[{\"@type\":\"SearchAction\",\"target\":{\"@type\":\"EntryPoint\",\"urlTemplate\":\"https:\\\/\\\/elinformativotam.com\\\/?s={search_term_string}\"},\"query-input\":{\"@type\":\"PropertyValueSpecification\",\"valueRequired\":true,\"valueName\":\"search_term_string\"}}],\"inLanguage\":\"es\"},{\"@type\":\"Organization\",\"@id\":\"https:\\\/\\\/elinformativotam.com\\\/#organization\",\"name\":\"EL INFORMATIVO DE TAMAULIPAS\",\"url\":\"https:\\\/\\\/elinformativotam.com\\\/\",\"logo\":{\"@type\":\"ImageObject\",\"inLanguage\":\"es\",\"@id\":\"https:\\\/\\\/elinformativotam.com\\\/#\\\/schema\\\/logo\\\/image\\\/\",\"url\":\"https:\\\/\\\/elinformativotam.com\\\/wp-content\\\/uploads\\\/2026\\\/02\\\/Cabezal.png\",\"contentUrl\":\"https:\\\/\\\/elinformativotam.com\\\/wp-content\\\/uploads\\\/2026\\\/02\\\/Cabezal.png\",\"width\":960,\"height\":640,\"caption\":\"EL INFORMATIVO DE TAMAULIPAS\"},\"image\":{\"@id\":\"https:\\\/\\\/elinformativotam.com\\\/#\\\/schema\\\/logo\\\/image\\\/\"}},{\"@type\":\"Person\",\"@id\":\"https:\\\/\\\/elinformativotam.com\\\/#\\\/schema\\\/person\\\/78e08040eed0f6110f0c5f83b6153590\",\"name\":\"El Informativo Tam\",\"image\":{\"@type\":\"ImageObject\",\"inLanguage\":\"es\",\"@id\":\"https:\\\/\\\/secure.gravatar.com\\\/avatar\\\/f3b7ad3af540688955925ac610647be00b0cf41feea9c4978b73a707ee86bc53?s=96&d=mm&r=g\",\"url\":\"https:\\\/\\\/secure.gravatar.com\\\/avatar\\\/f3b7ad3af540688955925ac610647be00b0cf41feea9c4978b73a707ee86bc53?s=96&d=mm&r=g\",\"contentUrl\":\"https:\\\/\\\/secure.gravatar.com\\\/avatar\\\/f3b7ad3af540688955925ac610647be00b0cf41feea9c4978b73a707ee86bc53?s=96&d=mm&r=g\",\"caption\":\"El Informativo Tam\"}}]}<\/script>\n<!-- \/ Yoast SEO plugin. -->","yoast_head_json":{"title":"VITAL QUE POBLACI\u00d3N SALGA A VOTAR EL PR\u00d3XIMO DOMINGO - EL INFORMATIVO DE TAMAULIPAS","description":"*Esperan Una Alta Participaci\u00f3n En Las Urnas &nbsp; Los empresarios hoteleros de la zona sur exhortan a la poblaci\u00f3n a salir a votar el pr\u00f3ximo 2 de","robots":{"index":"index","follow":"follow","max-snippet":"max-snippet:-1","max-image-preview":"max-image-preview:large","max-video-preview":"max-video-preview:-1"},"canonical":"https:\/\/elinformativotam.com\/index.php\/2024\/05\/28\/vital-que-poblacion-salga-a-votar-el-proximo-domingo\/","og_locale":"es_MX","og_type":"article","og_title":"VITAL QUE POBLACI\u00d3N SALGA A VOTAR EL PR\u00d3XIMO DOMINGO - EL INFORMATIVO DE TAMAULIPAS","og_description":"*Esperan Una Alta Participaci\u00f3n En Las Urnas &nbsp; Los empresarios hoteleros de la zona sur exhortan a la poblaci\u00f3n a salir a votar el pr\u00f3ximo 2 de","og_url":"https:\/\/elinformativotam.com\/index.php\/2024\/05\/28\/vital-que-poblacion-salga-a-votar-el-proximo-domingo\/","og_site_name":"EL INFORMATIVO DE TAMAULIPAS","article_published_time":"2024-05-29T04:30:10+00:00","og_image":[{"width":1600,"height":1200,"url":"https:\/\/elinformativotam.com\/wp-content\/uploads\/2024\/05\/Don-ALberto.jpeg","type":"image\/jpeg"}],"author":"El Informativo Tam","twitter_card":"summary_large_image","twitter_misc":{"Escrito por":"El Informativo Tam","Tiempo de lectura":"2 minutos"},"schema":{"@context":"https:\/\/schema.org","@graph":[{"@type":"Article","@id":"https:\/\/elinformativotam.com\/index.php\/2024\/05\/28\/vital-que-poblacion-salga-a-votar-el-proximo-domingo\/#article","isPartOf":{"@id":"https:\/\/elinformativotam.com\/index.php\/2024\/05\/28\/vital-que-poblacion-salga-a-votar-el-proximo-domingo\/"},"author":{"name":"El Informativo Tam","@id":"https:\/\/elinformativotam.com\/#\/schema\/person\/78e08040eed0f6110f0c5f83b6153590"},"headline":"VITAL QUE POBLACI\u00d3N SALGA A VOTAR EL PR\u00d3XIMO DOMINGO","datePublished":"2024-05-29T04:30:10+00:00","mainEntityOfPage":{"@id":"https:\/\/elinformativotam.com\/index.php\/2024\/05\/28\/vital-que-poblacion-salga-a-votar-el-proximo-domingo\/"},"wordCount":227,"commentCount":0,"publisher":{"@id":"https:\/\/elinformativotam.com\/#organization"},"image":{"@id":"https:\/\/elinformativotam.com\/index.php\/2024\/05\/28\/vital-que-poblacion-salga-a-votar-el-proximo-domingo\/#primaryimage"},"thumbnailUrl":"https:\/\/elinformativotam.com\/wp-content\/uploads\/2024\/05\/Don-ALberto.jpeg","articleSection":["Tampico"],"inLanguage":"es","potentialAction":[{"@type":"CommentAction","name":"Comment","target":["https:\/\/elinformativotam.com\/index.php\/2024\/05\/28\/vital-que-poblacion-salga-a-votar-el-proximo-domingo\/#respond"]}]},{"@type":"WebPage","@id":"https:\/\/elinformativotam.com\/index.php\/2024\/05\/28\/vital-que-poblacion-salga-a-votar-el-proximo-domingo\/","url":"https:\/\/elinformativotam.com\/index.php\/2024\/05\/28\/vital-que-poblacion-salga-a-votar-el-proximo-domingo\/","name":"VITAL QUE POBLACI\u00d3N SALGA A VOTAR EL PR\u00d3XIMO DOMINGO - EL INFORMATIVO DE TAMAULIPAS","isPartOf":{"@id":"https:\/\/elinformativotam.com\/#website"},"primaryImageOfPage":{"@id":"https:\/\/elinformativotam.com\/index.php\/2024\/05\/28\/vital-que-poblacion-salga-a-votar-el-proximo-domingo\/#primaryimage"},"image":{"@id":"https:\/\/elinformativotam.com\/index.php\/2024\/05\/28\/vital-que-poblacion-salga-a-votar-el-proximo-domingo\/#primaryimage"},"thumbnailUrl":"https:\/\/elinformativotam.com\/wp-content\/uploads\/2024\/05\/Don-ALberto.jpeg","datePublished":"2024-05-29T04:30:10+00:00","description":"*Esperan Una Alta Participaci\u00f3n En Las Urnas &nbsp; Los empresarios hoteleros de la zona sur exhortan a la poblaci\u00f3n a salir a votar el pr\u00f3ximo 2 de","inLanguage":"es","potentialAction":[{"@type":"ReadAction","target":["https:\/\/elinformativotam.com\/index.php\/2024\/05\/28\/vital-que-poblacion-salga-a-votar-el-proximo-domingo\/"]}]},{"@type":"ImageObject","inLanguage":"es","@id":"https:\/\/elinformativotam.com\/index.php\/2024\/05\/28\/vital-que-poblacion-salga-a-votar-el-proximo-domingo\/#primaryimage","url":"https:\/\/elinformativotam.com\/wp-content\/uploads\/2024\/05\/Don-ALberto.jpeg","contentUrl":"https:\/\/elinformativotam.com\/wp-content\/uploads\/2024\/05\/Don-ALberto.jpeg","width":1600,"height":1200},{"@type":"WebSite","@id":"https:\/\/elinformativotam.com\/#website","url":"https:\/\/elinformativotam.com\/","name":"EL INFORMATIVO DE TAMAULIPAS","description":"Desde la Zona Metropolitana Para Todo M\u00e9xico","publisher":{"@id":"https:\/\/elinformativotam.com\/#organization"},"potentialAction":[{"@type":"SearchAction","target":{"@type":"EntryPoint","urlTemplate":"https:\/\/elinformativotam.com\/?s={search_term_string}"},"query-input":{"@type":"PropertyValueSpecification","valueRequired":true,"valueName":"search_term_string"}}],"inLanguage":"es"},{"@type":"Organization","@id":"https:\/\/elinformativotam.com\/#organization","name":"EL INFORMATIVO DE TAMAULIPAS","url":"https:\/\/elinformativotam.com\/","logo":{"@type":"ImageObject","inLanguage":"es","@id":"https:\/\/elinformativotam.com\/#\/schema\/logo\/image\/","url":"https:\/\/elinformativotam.com\/wp-content\/uploads\/2026\/02\/Cabezal.png","contentUrl":"https:\/\/elinformativotam.com\/wp-content\/uploads\/2026\/02\/Cabezal.png","width":960,"height":640,"caption":"EL INFORMATIVO DE TAMAULIPAS"},"image":{"@id":"https:\/\/elinformativotam.com\/#\/schema\/logo\/image\/"}},{"@type":"Person","@id":"https:\/\/elinformativotam.com\/#\/schema\/person\/78e08040eed0f6110f0c5f83b6153590","name":"El Informativo Tam","image":{"@type":"ImageObject","inLanguage":"es","@id":"https:\/\/secure.gravatar.com\/avatar\/f3b7ad3af540688955925ac610647be00b0cf41feea9c4978b73a707ee86bc53?s=96&d=mm&r=g","url":"https:\/\/secure.gravatar.com\/avatar\/f3b7ad3af540688955925ac610647be00b0cf41feea9c4978b73a707ee86bc53?s=96&d=mm&r=g","contentUrl":"https:\/\/secure.gravatar.com\/avatar\/f3b7ad3af540688955925ac610647be00b0cf41feea9c4978b73a707ee86bc53?s=96&d=mm&r=g","caption":"El Informativo Tam"}}]}},"_links":{"self":[{"href":"https:\/\/elinformativotam.com\/index.php\/wp-json\/wp\/v2\/posts\/50939","targetHints":{"allow":["GET"]}}],"collection":[{"href":"https:\/\/elinformativotam.com\/index.php\/wp-json\/wp\/v2\/posts"}],"about":[{"href":"https:\/\/elinformativotam.com\/index.php\/wp-json\/wp\/v2\/types\/post"}],"author":[{"embeddable":true,"href":"https:\/\/elinformativotam.com\/index.php\/wp-json\/wp\/v2\/users\/1"}],"replies":[{"embeddable":true,"href":"https:\/\/elinformativotam.com\/index.php\/wp-json\/wp\/v2\/comments?post=50939"}],"version-history":[{"count":1,"href":"https:\/\/elinformativotam.com\/index.php\/wp-json\/wp\/v2\/posts\/50939\/revisions"}],"predecessor-version":[{"id":50941,"href":"https:\/\/elinformativotam.com\/index.php\/wp-json\/wp\/v2\/posts\/50939\/revisions\/50941"}],"wp:featuredmedia":[{"embeddable":true,"href":"https:\/\/elinformativotam.com\/index.php\/wp-json\/wp\/v2\/media\/50940"}],"wp:attachment":[{"href":"https:\/\/elinformativotam.com\/index.php\/wp-json\/wp\/v2\/media?parent=50939"}],"wp:term":[{"taxonomy":"category","embeddable":true,"href":"https:\/\/elinformativotam.com\/index.php\/wp-json\/wp\/v2\/categories?post=50939"},{"taxonomy":"post_tag","embeddable":true,"href":"https:\/\/elinformativotam.com\/index.php\/wp-json\/wp\/v2\/tags?post=50939"}],"curies":[{"name":"wp","href":"https:\/\/api.w.org\/{rel}","templated":true}]}}