{"id":50933,"date":"2024-05-28T22:25:12","date_gmt":"2024-05-29T04:25:12","guid":{"rendered":"https:\/\/elinformativotam.com\/?p=50933"},"modified":"2024-05-28T22:25:12","modified_gmt":"2024-05-29T04:25:12","slug":"acepta-amalia-que-hay-desarrollo-en-tampico","status":"publish","type":"post","link":"https:\/\/elinformativotam.com\/index.php\/2024\/05\/28\/acepta-amalia-que-hay-desarrollo-en-tampico\/","title":{"rendered":"ACEPTA AMALIA QUE HAY DESARROLLO EN TAMPICO"},"content":{"rendered":"<h2 style=\"text-align: center;\"><em><span style=\"font-family: 'times new roman', times;\">*Menciona Adem\u00e1s Que Le Ofrecieron Sumarse A Otro Candidato A La Alcald\u00eda, Pero No Acept\u00f3<\/span><\/em><\/h2>\n<p>&nbsp;<\/p>\n<p>&nbsp;<\/p>\n<p>La candidata a la alcald\u00eda de MC por Tampico, Amalia \u00c1valos Medina reconoci\u00f3 que la ciudad ha logrado un crecimiento y desarrollo en los \u00faltimos a\u00f1os en los principales servicios, adem\u00e1s de dejar en claro que s\u00ed le propusieron bajarse de la contienda y declinar hacia un candidato, sin embargo no especific\u00f3 qui\u00e9n le pidi\u00f3 dicho favor pol\u00edtico.<\/p>\n<p>&nbsp;<\/p>\n<p>Se\u00f1al\u00f3, que nunca estuvo en sus planes abandonar la candidatura que Movimiento Ciudadano le propuso ocupar hace unos meses, ya que puso en la balanza la confianza que le otorgaron los dirigentes de ese instituto pol\u00edtico.<\/p>\n<p>&nbsp;<\/p>\n<p>&#8220;Hubo muchas voces en ese tema, pero jam\u00e1s estar\u00e9 dispuesta a traicionar la confianza del ciudadano, me quedo en MC sea cu\u00e1l sea el resultado&#8221;, explic\u00f3<\/p>\n<p>&nbsp;<\/p>\n<p>Puntualiz\u00f3 que s\u00ed ha recibido ofertas pol\u00edticas de otros partidos pol\u00edticos y candidatos para bajarse de la contienda y sumarse a otro proyecto electoral.<\/p>\n<p>&nbsp;<\/p>\n<p>&#8220;S\u00ed me propusieron, me ofrecieron&#8230;no voy a decir cu\u00e1l(partido politico)las perlas de la virgen&#8221;, subray\u00f3 la ex conductora de televisi\u00f3n<\/p>\n<p>&nbsp;<\/p>\n<p>\u00c1valos, reconoci\u00f3 el trabajo que se ha realizado en los \u00faltimos y recientes a\u00f1os, aunque no coment\u00f3\u00a0 qui\u00e9n ha sido el causante de ese avance significativo<\/p>\n<p>&nbsp;<\/p>\n<p>&#8220;Hay un reconocimiento al trabajo de varios a\u00f1os, todo proyecto lleva tiempo, pero hay que trabajar mucho m\u00e1s, y eso significa tocar puertas para bajar recursos para Tampico<\/p>\n<p>&nbsp;<\/p>\n<p>Sobre el caso &#8220;Jim\u00e9nez&#8221; donde el candidato a ese municipio, Pedro Salazar Rodr\u00edguez, fue atacado a balazos,\u00a0 dijo que toda violencia es reprobable &#8220;estamos en contra de la violencia. Afortunadamente en la zona sur estamos bien y esperamos una votaci\u00f3n tranquila para el 2 de Junio&#8221;, acot\u00f3<\/p>\n<p>&nbsp;<\/p>\n","protected":false},"excerpt":{"rendered":"<p>*Menciona Adem\u00e1s Que Le Ofrecieron Sumarse A Otro Candidato A La Alcald\u00eda, Pero No Acept\u00f3 &nbsp; &nbsp; La candidata a&hellip;<\/p>\n","protected":false},"author":1,"featured_media":50934,"comment_status":"open","ping_status":"open","sticky":false,"template":"","format":"standard","meta":{"footnotes":""},"categories":[3],"tags":[],"class_list":["post-50933","post","type-post","status-publish","format-standard","has-post-thumbnail","hentry","category-tampico"],"yoast_head":"<!-- This site is optimized with the Yoast SEO plugin v27.4 - https:\/\/yoast.com\/product\/yoast-seo-wordpress\/ -->\n<title>ACEPTA AMALIA QUE HAY DESARROLLO EN TAMPICO - EL INFORMATIVO DE TAMAULIPAS<\/title>\n<meta name=\"description\" content=\"*Menciona Adem\u00e1s Que Le Ofrecieron Sumarse A Otro Candidato A La Alcald\u00eda, Pero No Acept\u00f3 &nbsp; &nbsp; La candidata a la alcald\u00eda de MC por Tampico,\" \/>\n<meta name=\"robots\" content=\"index, follow, max-snippet:-1, max-image-preview:large, max-video-preview:-1\" \/>\n<link rel=\"canonical\" href=\"https:\/\/elinformativotam.com\/index.php\/2024\/05\/28\/acepta-amalia-que-hay-desarrollo-en-tampico\/\" \/>\n<meta property=\"og:locale\" content=\"es_MX\" \/>\n<meta property=\"og:type\" content=\"article\" \/>\n<meta property=\"og:title\" content=\"ACEPTA AMALIA QUE HAY DESARROLLO EN TAMPICO - EL INFORMATIVO DE TAMAULIPAS\" \/>\n<meta property=\"og:description\" content=\"*Menciona Adem\u00e1s Que Le Ofrecieron Sumarse A Otro Candidato A La Alcald\u00eda, Pero No Acept\u00f3 &nbsp; &nbsp; La candidata a la alcald\u00eda de MC por Tampico,\" \/>\n<meta property=\"og:url\" content=\"https:\/\/elinformativotam.com\/index.php\/2024\/05\/28\/acepta-amalia-que-hay-desarrollo-en-tampico\/\" \/>\n<meta property=\"og:site_name\" content=\"EL INFORMATIVO DE TAMAULIPAS\" \/>\n<meta property=\"article:published_time\" content=\"2024-05-29T04:25:12+00:00\" \/>\n<meta property=\"og:image\" content=\"https:\/\/elinformativotam.com\/wp-content\/uploads\/2024\/05\/Amalia-1.jpeg\" \/>\n\t<meta property=\"og:image:width\" content=\"1600\" \/>\n\t<meta property=\"og:image:height\" content=\"1066\" \/>\n\t<meta property=\"og:image:type\" content=\"image\/jpeg\" \/>\n<meta name=\"author\" content=\"El Informativo Tam\" \/>\n<meta name=\"twitter:card\" content=\"summary_large_image\" \/>\n<meta name=\"twitter:label1\" content=\"Escrito por\" \/>\n\t<meta name=\"twitter:data1\" content=\"El Informativo Tam\" \/>\n\t<meta name=\"twitter:label2\" content=\"Tiempo de lectura\" \/>\n\t<meta name=\"twitter:data2\" content=\"2 minutos\" \/>\n<script type=\"application\/ld+json\" class=\"yoast-schema-graph\">{\"@context\":\"https:\\\/\\\/schema.org\",\"@graph\":[{\"@type\":\"Article\",\"@id\":\"https:\\\/\\\/elinformativotam.com\\\/index.php\\\/2024\\\/05\\\/28\\\/acepta-amalia-que-hay-desarrollo-en-tampico\\\/#article\",\"isPartOf\":{\"@id\":\"https:\\\/\\\/elinformativotam.com\\\/index.php\\\/2024\\\/05\\\/28\\\/acepta-amalia-que-hay-desarrollo-en-tampico\\\/\"},\"author\":{\"name\":\"El Informativo Tam\",\"@id\":\"https:\\\/\\\/elinformativotam.com\\\/#\\\/schema\\\/person\\\/78e08040eed0f6110f0c5f83b6153590\"},\"headline\":\"ACEPTA AMALIA QUE HAY DESARROLLO EN TAMPICO\",\"datePublished\":\"2024-05-29T04:25:12+00:00\",\"mainEntityOfPage\":{\"@id\":\"https:\\\/\\\/elinformativotam.com\\\/index.php\\\/2024\\\/05\\\/28\\\/acepta-amalia-que-hay-desarrollo-en-tampico\\\/\"},\"wordCount\":321,\"commentCount\":0,\"publisher\":{\"@id\":\"https:\\\/\\\/elinformativotam.com\\\/#organization\"},\"image\":{\"@id\":\"https:\\\/\\\/elinformativotam.com\\\/index.php\\\/2024\\\/05\\\/28\\\/acepta-amalia-que-hay-desarrollo-en-tampico\\\/#primaryimage\"},\"thumbnailUrl\":\"https:\\\/\\\/elinformativotam.com\\\/wp-content\\\/uploads\\\/2024\\\/05\\\/Amalia-1.jpeg\",\"articleSection\":[\"Tampico\"],\"inLanguage\":\"es\",\"potentialAction\":[{\"@type\":\"CommentAction\",\"name\":\"Comment\",\"target\":[\"https:\\\/\\\/elinformativotam.com\\\/index.php\\\/2024\\\/05\\\/28\\\/acepta-amalia-que-hay-desarrollo-en-tampico\\\/#respond\"]}]},{\"@type\":\"WebPage\",\"@id\":\"https:\\\/\\\/elinformativotam.com\\\/index.php\\\/2024\\\/05\\\/28\\\/acepta-amalia-que-hay-desarrollo-en-tampico\\\/\",\"url\":\"https:\\\/\\\/elinformativotam.com\\\/index.php\\\/2024\\\/05\\\/28\\\/acepta-amalia-que-hay-desarrollo-en-tampico\\\/\",\"name\":\"ACEPTA AMALIA QUE HAY DESARROLLO EN TAMPICO - EL INFORMATIVO DE TAMAULIPAS\",\"isPartOf\":{\"@id\":\"https:\\\/\\\/elinformativotam.com\\\/#website\"},\"primaryImageOfPage\":{\"@id\":\"https:\\\/\\\/elinformativotam.com\\\/index.php\\\/2024\\\/05\\\/28\\\/acepta-amalia-que-hay-desarrollo-en-tampico\\\/#primaryimage\"},\"image\":{\"@id\":\"https:\\\/\\\/elinformativotam.com\\\/index.php\\\/2024\\\/05\\\/28\\\/acepta-amalia-que-hay-desarrollo-en-tampico\\\/#primaryimage\"},\"thumbnailUrl\":\"https:\\\/\\\/elinformativotam.com\\\/wp-content\\\/uploads\\\/2024\\\/05\\\/Amalia-1.jpeg\",\"datePublished\":\"2024-05-29T04:25:12+00:00\",\"description\":\"*Menciona Adem\u00e1s Que Le Ofrecieron Sumarse A Otro Candidato A La Alcald\u00eda, Pero No Acept\u00f3 &nbsp; &nbsp; La candidata a la alcald\u00eda de MC por Tampico,\",\"inLanguage\":\"es\",\"potentialAction\":[{\"@type\":\"ReadAction\",\"target\":[\"https:\\\/\\\/elinformativotam.com\\\/index.php\\\/2024\\\/05\\\/28\\\/acepta-amalia-que-hay-desarrollo-en-tampico\\\/\"]}]},{\"@type\":\"ImageObject\",\"inLanguage\":\"es\",\"@id\":\"https:\\\/\\\/elinformativotam.com\\\/index.php\\\/2024\\\/05\\\/28\\\/acepta-amalia-que-hay-desarrollo-en-tampico\\\/#primaryimage\",\"url\":\"https:\\\/\\\/elinformativotam.com\\\/wp-content\\\/uploads\\\/2024\\\/05\\\/Amalia-1.jpeg\",\"contentUrl\":\"https:\\\/\\\/elinformativotam.com\\\/wp-content\\\/uploads\\\/2024\\\/05\\\/Amalia-1.jpeg\",\"width\":1600,\"height\":1066},{\"@type\":\"WebSite\",\"@id\":\"https:\\\/\\\/elinformativotam.com\\\/#website\",\"url\":\"https:\\\/\\\/elinformativotam.com\\\/\",\"name\":\"EL INFORMATIVO DE TAMAULIPAS\",\"description\":\"Desde la Zona Metropolitana Para Todo M\u00e9xico\",\"publisher\":{\"@id\":\"https:\\\/\\\/elinformativotam.com\\\/#organization\"},\"potentialAction\":[{\"@type\":\"SearchAction\",\"target\":{\"@type\":\"EntryPoint\",\"urlTemplate\":\"https:\\\/\\\/elinformativotam.com\\\/?s={search_term_string}\"},\"query-input\":{\"@type\":\"PropertyValueSpecification\",\"valueRequired\":true,\"valueName\":\"search_term_string\"}}],\"inLanguage\":\"es\"},{\"@type\":\"Organization\",\"@id\":\"https:\\\/\\\/elinformativotam.com\\\/#organization\",\"name\":\"EL INFORMATIVO DE TAMAULIPAS\",\"url\":\"https:\\\/\\\/elinformativotam.com\\\/\",\"logo\":{\"@type\":\"ImageObject\",\"inLanguage\":\"es\",\"@id\":\"https:\\\/\\\/elinformativotam.com\\\/#\\\/schema\\\/logo\\\/image\\\/\",\"url\":\"https:\\\/\\\/elinformativotam.com\\\/wp-content\\\/uploads\\\/2026\\\/02\\\/Cabezal.png\",\"contentUrl\":\"https:\\\/\\\/elinformativotam.com\\\/wp-content\\\/uploads\\\/2026\\\/02\\\/Cabezal.png\",\"width\":960,\"height\":640,\"caption\":\"EL INFORMATIVO DE TAMAULIPAS\"},\"image\":{\"@id\":\"https:\\\/\\\/elinformativotam.com\\\/#\\\/schema\\\/logo\\\/image\\\/\"}},{\"@type\":\"Person\",\"@id\":\"https:\\\/\\\/elinformativotam.com\\\/#\\\/schema\\\/person\\\/78e08040eed0f6110f0c5f83b6153590\",\"name\":\"El Informativo Tam\",\"image\":{\"@type\":\"ImageObject\",\"inLanguage\":\"es\",\"@id\":\"https:\\\/\\\/secure.gravatar.com\\\/avatar\\\/f3b7ad3af540688955925ac610647be00b0cf41feea9c4978b73a707ee86bc53?s=96&d=mm&r=g\",\"url\":\"https:\\\/\\\/secure.gravatar.com\\\/avatar\\\/f3b7ad3af540688955925ac610647be00b0cf41feea9c4978b73a707ee86bc53?s=96&d=mm&r=g\",\"contentUrl\":\"https:\\\/\\\/secure.gravatar.com\\\/avatar\\\/f3b7ad3af540688955925ac610647be00b0cf41feea9c4978b73a707ee86bc53?s=96&d=mm&r=g\",\"caption\":\"El Informativo Tam\"}}]}<\/script>\n<!-- \/ Yoast SEO plugin. -->","yoast_head_json":{"title":"ACEPTA AMALIA QUE HAY DESARROLLO EN TAMPICO - EL INFORMATIVO DE TAMAULIPAS","description":"*Menciona Adem\u00e1s Que Le Ofrecieron Sumarse A Otro Candidato A La Alcald\u00eda, Pero No Acept\u00f3 &nbsp; &nbsp; La candidata a la alcald\u00eda de MC por Tampico,","robots":{"index":"index","follow":"follow","max-snippet":"max-snippet:-1","max-image-preview":"max-image-preview:large","max-video-preview":"max-video-preview:-1"},"canonical":"https:\/\/elinformativotam.com\/index.php\/2024\/05\/28\/acepta-amalia-que-hay-desarrollo-en-tampico\/","og_locale":"es_MX","og_type":"article","og_title":"ACEPTA AMALIA QUE HAY DESARROLLO EN TAMPICO - EL INFORMATIVO DE TAMAULIPAS","og_description":"*Menciona Adem\u00e1s Que Le Ofrecieron Sumarse A Otro Candidato A La Alcald\u00eda, Pero No Acept\u00f3 &nbsp; &nbsp; La candidata a la alcald\u00eda de MC por Tampico,","og_url":"https:\/\/elinformativotam.com\/index.php\/2024\/05\/28\/acepta-amalia-que-hay-desarrollo-en-tampico\/","og_site_name":"EL INFORMATIVO DE TAMAULIPAS","article_published_time":"2024-05-29T04:25:12+00:00","og_image":[{"width":1600,"height":1066,"url":"https:\/\/elinformativotam.com\/wp-content\/uploads\/2024\/05\/Amalia-1.jpeg","type":"image\/jpeg"}],"author":"El Informativo Tam","twitter_card":"summary_large_image","twitter_misc":{"Escrito por":"El Informativo Tam","Tiempo de lectura":"2 minutos"},"schema":{"@context":"https:\/\/schema.org","@graph":[{"@type":"Article","@id":"https:\/\/elinformativotam.com\/index.php\/2024\/05\/28\/acepta-amalia-que-hay-desarrollo-en-tampico\/#article","isPartOf":{"@id":"https:\/\/elinformativotam.com\/index.php\/2024\/05\/28\/acepta-amalia-que-hay-desarrollo-en-tampico\/"},"author":{"name":"El Informativo Tam","@id":"https:\/\/elinformativotam.com\/#\/schema\/person\/78e08040eed0f6110f0c5f83b6153590"},"headline":"ACEPTA AMALIA QUE HAY DESARROLLO EN TAMPICO","datePublished":"2024-05-29T04:25:12+00:00","mainEntityOfPage":{"@id":"https:\/\/elinformativotam.com\/index.php\/2024\/05\/28\/acepta-amalia-que-hay-desarrollo-en-tampico\/"},"wordCount":321,"commentCount":0,"publisher":{"@id":"https:\/\/elinformativotam.com\/#organization"},"image":{"@id":"https:\/\/elinformativotam.com\/index.php\/2024\/05\/28\/acepta-amalia-que-hay-desarrollo-en-tampico\/#primaryimage"},"thumbnailUrl":"https:\/\/elinformativotam.com\/wp-content\/uploads\/2024\/05\/Amalia-1.jpeg","articleSection":["Tampico"],"inLanguage":"es","potentialAction":[{"@type":"CommentAction","name":"Comment","target":["https:\/\/elinformativotam.com\/index.php\/2024\/05\/28\/acepta-amalia-que-hay-desarrollo-en-tampico\/#respond"]}]},{"@type":"WebPage","@id":"https:\/\/elinformativotam.com\/index.php\/2024\/05\/28\/acepta-amalia-que-hay-desarrollo-en-tampico\/","url":"https:\/\/elinformativotam.com\/index.php\/2024\/05\/28\/acepta-amalia-que-hay-desarrollo-en-tampico\/","name":"ACEPTA AMALIA QUE HAY DESARROLLO EN TAMPICO - EL INFORMATIVO DE TAMAULIPAS","isPartOf":{"@id":"https:\/\/elinformativotam.com\/#website"},"primaryImageOfPage":{"@id":"https:\/\/elinformativotam.com\/index.php\/2024\/05\/28\/acepta-amalia-que-hay-desarrollo-en-tampico\/#primaryimage"},"image":{"@id":"https:\/\/elinformativotam.com\/index.php\/2024\/05\/28\/acepta-amalia-que-hay-desarrollo-en-tampico\/#primaryimage"},"thumbnailUrl":"https:\/\/elinformativotam.com\/wp-content\/uploads\/2024\/05\/Amalia-1.jpeg","datePublished":"2024-05-29T04:25:12+00:00","description":"*Menciona Adem\u00e1s Que Le Ofrecieron Sumarse A Otro Candidato A La Alcald\u00eda, Pero No Acept\u00f3 &nbsp; &nbsp; La candidata a la alcald\u00eda de MC por Tampico,","inLanguage":"es","potentialAction":[{"@type":"ReadAction","target":["https:\/\/elinformativotam.com\/index.php\/2024\/05\/28\/acepta-amalia-que-hay-desarrollo-en-tampico\/"]}]},{"@type":"ImageObject","inLanguage":"es","@id":"https:\/\/elinformativotam.com\/index.php\/2024\/05\/28\/acepta-amalia-que-hay-desarrollo-en-tampico\/#primaryimage","url":"https:\/\/elinformativotam.com\/wp-content\/uploads\/2024\/05\/Amalia-1.jpeg","contentUrl":"https:\/\/elinformativotam.com\/wp-content\/uploads\/2024\/05\/Amalia-1.jpeg","width":1600,"height":1066},{"@type":"WebSite","@id":"https:\/\/elinformativotam.com\/#website","url":"https:\/\/elinformativotam.com\/","name":"EL INFORMATIVO DE TAMAULIPAS","description":"Desde la Zona Metropolitana Para Todo M\u00e9xico","publisher":{"@id":"https:\/\/elinformativotam.com\/#organization"},"potentialAction":[{"@type":"SearchAction","target":{"@type":"EntryPoint","urlTemplate":"https:\/\/elinformativotam.com\/?s={search_term_string}"},"query-input":{"@type":"PropertyValueSpecification","valueRequired":true,"valueName":"search_term_string"}}],"inLanguage":"es"},{"@type":"Organization","@id":"https:\/\/elinformativotam.com\/#organization","name":"EL INFORMATIVO DE TAMAULIPAS","url":"https:\/\/elinformativotam.com\/","logo":{"@type":"ImageObject","inLanguage":"es","@id":"https:\/\/elinformativotam.com\/#\/schema\/logo\/image\/","url":"https:\/\/elinformativotam.com\/wp-content\/uploads\/2026\/02\/Cabezal.png","contentUrl":"https:\/\/elinformativotam.com\/wp-content\/uploads\/2026\/02\/Cabezal.png","width":960,"height":640,"caption":"EL INFORMATIVO DE TAMAULIPAS"},"image":{"@id":"https:\/\/elinformativotam.com\/#\/schema\/logo\/image\/"}},{"@type":"Person","@id":"https:\/\/elinformativotam.com\/#\/schema\/person\/78e08040eed0f6110f0c5f83b6153590","name":"El Informativo Tam","image":{"@type":"ImageObject","inLanguage":"es","@id":"https:\/\/secure.gravatar.com\/avatar\/f3b7ad3af540688955925ac610647be00b0cf41feea9c4978b73a707ee86bc53?s=96&d=mm&r=g","url":"https:\/\/secure.gravatar.com\/avatar\/f3b7ad3af540688955925ac610647be00b0cf41feea9c4978b73a707ee86bc53?s=96&d=mm&r=g","contentUrl":"https:\/\/secure.gravatar.com\/avatar\/f3b7ad3af540688955925ac610647be00b0cf41feea9c4978b73a707ee86bc53?s=96&d=mm&r=g","caption":"El Informativo Tam"}}]}},"_links":{"self":[{"href":"https:\/\/elinformativotam.com\/index.php\/wp-json\/wp\/v2\/posts\/50933","targetHints":{"allow":["GET"]}}],"collection":[{"href":"https:\/\/elinformativotam.com\/index.php\/wp-json\/wp\/v2\/posts"}],"about":[{"href":"https:\/\/elinformativotam.com\/index.php\/wp-json\/wp\/v2\/types\/post"}],"author":[{"embeddable":true,"href":"https:\/\/elinformativotam.com\/index.php\/wp-json\/wp\/v2\/users\/1"}],"replies":[{"embeddable":true,"href":"https:\/\/elinformativotam.com\/index.php\/wp-json\/wp\/v2\/comments?post=50933"}],"version-history":[{"count":1,"href":"https:\/\/elinformativotam.com\/index.php\/wp-json\/wp\/v2\/posts\/50933\/revisions"}],"predecessor-version":[{"id":50935,"href":"https:\/\/elinformativotam.com\/index.php\/wp-json\/wp\/v2\/posts\/50933\/revisions\/50935"}],"wp:featuredmedia":[{"embeddable":true,"href":"https:\/\/elinformativotam.com\/index.php\/wp-json\/wp\/v2\/media\/50934"}],"wp:attachment":[{"href":"https:\/\/elinformativotam.com\/index.php\/wp-json\/wp\/v2\/media?parent=50933"}],"wp:term":[{"taxonomy":"category","embeddable":true,"href":"https:\/\/elinformativotam.com\/index.php\/wp-json\/wp\/v2\/categories?post=50933"},{"taxonomy":"post_tag","embeddable":true,"href":"https:\/\/elinformativotam.com\/index.php\/wp-json\/wp\/v2\/tags?post=50933"}],"curies":[{"name":"wp","href":"https:\/\/api.w.org\/{rel}","templated":true}]}}