{"id":50924,"date":"2024-05-27T23:08:46","date_gmt":"2024-05-28T05:08:46","guid":{"rendered":"https:\/\/elinformativotam.com\/?p=50924"},"modified":"2024-05-27T23:08:46","modified_gmt":"2024-05-28T05:08:46","slug":"un-masculino-pierde-la-vida-en-accidente-en-moto","status":"publish","type":"post","link":"https:\/\/elinformativotam.com\/index.php\/2024\/05\/27\/un-masculino-pierde-la-vida-en-accidente-en-moto\/","title":{"rendered":"UN MASCULINO PIERDE LA VIDA EN ACCIDENTE EN MOTO"},"content":{"rendered":"<p>Durante el fin de semana un masculino perdi\u00f3 la vida al tener un accidente en su motocicleta, esto en el ejido Aquiles Serd\u00e1n del municipio de Altamira.<\/p>\n<p>&nbsp;<\/p>\n<p>El hecho fue reportado a los n\u00fameros de emergencia alrededor de las 12:35 horas, por lo que de manera inmediata personal de la Guardia Estatal se dirigi\u00f3 al punto donde constat\u00f3 la situaci\u00f3n.<\/p>\n<p>&nbsp;<\/p>\n<p>Por el reporte se dice que el cuerpo de un hombre qued\u00f3 inerte en un barranco, el cual vest\u00eda playera color negro y short color gris con cintur\u00f3n y zapatos industriales color negro, portaba\u00a0 una mochila en la espalda de mezclilla color azul, con diversos raspones en el cuerpo.<\/p>\n<p>&nbsp;<\/p>\n<p>La persona viajaba en una motocicleta modelo Xplor marca Vento color negro con blanco del Estado de Veracruz con diversos da\u00f1os.<\/p>\n<p>&nbsp;<\/p>\n<p>Debido a la situaci\u00f3n el hecho fue reportado al Ministerio P\u00fablico, para la presencia del personal de la Fiscal\u00eda General de Tamaulipas, para llevar a cabo el levantamiento del cuerpo.<\/p>\n<p>&nbsp;<\/p>\n<p>Mientras qu\u00e9 elementos de tr\u00e1nsito informaron que fue alrededor de las 11:15 horas cuando se recibi\u00f3 el reporte de una salida de camino y al llegar se percat\u00f3 del accidente, por lo que de manera inmediata dieron parte a las autoridades acordonando el sitio.<\/p>\n<p>Despu\u00e9s de llevar a cabo las indagatorias, el cuerpo fue levantado y trasladado al SEMEFO donde se le realizar\u00e1 la necropsia de ley.<\/p>\n","protected":false},"excerpt":{"rendered":"<p>Durante el fin de semana un masculino perdi\u00f3 la vida al tener un accidente en su motocicleta, esto en el&hellip;<\/p>\n","protected":false},"author":1,"featured_media":50925,"comment_status":"open","ping_status":"open","sticky":false,"template":"","format":"standard","meta":{"footnotes":""},"categories":[5],"tags":[],"class_list":["post-50924","post","type-post","status-publish","format-standard","has-post-thumbnail","hentry","category-altamira"],"yoast_head":"<!-- This site is optimized with the Yoast SEO plugin v27.4 - https:\/\/yoast.com\/product\/yoast-seo-wordpress\/ -->\n<title>UN MASCULINO PIERDE LA VIDA EN ACCIDENTE EN MOTO - EL INFORMATIVO DE TAMAULIPAS<\/title>\n<meta name=\"description\" content=\"Durante el fin de semana un masculino perdi\u00f3 la vida al tener un accidente en su motocicleta, esto en el ejido Aquiles Serd\u00e1n del municipio de\" \/>\n<meta name=\"robots\" content=\"index, follow, max-snippet:-1, max-image-preview:large, max-video-preview:-1\" \/>\n<link rel=\"canonical\" href=\"https:\/\/elinformativotam.com\/index.php\/2024\/05\/27\/un-masculino-pierde-la-vida-en-accidente-en-moto\/\" \/>\n<meta property=\"og:locale\" content=\"es_MX\" \/>\n<meta property=\"og:type\" content=\"article\" \/>\n<meta property=\"og:title\" content=\"UN MASCULINO PIERDE LA VIDA EN ACCIDENTE EN MOTO - EL INFORMATIVO DE TAMAULIPAS\" \/>\n<meta property=\"og:description\" content=\"Durante el fin de semana un masculino perdi\u00f3 la vida al tener un accidente en su motocicleta, esto en el ejido Aquiles Serd\u00e1n del municipio de\" \/>\n<meta property=\"og:url\" content=\"https:\/\/elinformativotam.com\/index.php\/2024\/05\/27\/un-masculino-pierde-la-vida-en-accidente-en-moto\/\" \/>\n<meta property=\"og:site_name\" content=\"EL INFORMATIVO DE TAMAULIPAS\" \/>\n<meta property=\"article:published_time\" content=\"2024-05-28T05:08:46+00:00\" \/>\n<meta property=\"og:image\" content=\"https:\/\/elinformativotam.com\/wp-content\/uploads\/2024\/05\/Muerto.jpeg\" \/>\n\t<meta property=\"og:image:width\" content=\"1200\" \/>\n\t<meta property=\"og:image:height\" content=\"1600\" \/>\n\t<meta property=\"og:image:type\" content=\"image\/jpeg\" \/>\n<meta name=\"author\" content=\"El Informativo Tam\" \/>\n<meta name=\"twitter:card\" content=\"summary_large_image\" \/>\n<meta name=\"twitter:label1\" content=\"Escrito por\" \/>\n\t<meta name=\"twitter:data1\" content=\"El Informativo Tam\" \/>\n\t<meta name=\"twitter:label2\" content=\"Tiempo de lectura\" \/>\n\t<meta name=\"twitter:data2\" content=\"1 minuto\" \/>\n<script type=\"application\/ld+json\" class=\"yoast-schema-graph\">{\"@context\":\"https:\\\/\\\/schema.org\",\"@graph\":[{\"@type\":\"Article\",\"@id\":\"https:\\\/\\\/elinformativotam.com\\\/index.php\\\/2024\\\/05\\\/27\\\/un-masculino-pierde-la-vida-en-accidente-en-moto\\\/#article\",\"isPartOf\":{\"@id\":\"https:\\\/\\\/elinformativotam.com\\\/index.php\\\/2024\\\/05\\\/27\\\/un-masculino-pierde-la-vida-en-accidente-en-moto\\\/\"},\"author\":{\"name\":\"El Informativo Tam\",\"@id\":\"https:\\\/\\\/elinformativotam.com\\\/#\\\/schema\\\/person\\\/78e08040eed0f6110f0c5f83b6153590\"},\"headline\":\"UN MASCULINO PIERDE LA VIDA EN ACCIDENTE EN MOTO\",\"datePublished\":\"2024-05-28T05:08:46+00:00\",\"mainEntityOfPage\":{\"@id\":\"https:\\\/\\\/elinformativotam.com\\\/index.php\\\/2024\\\/05\\\/27\\\/un-masculino-pierde-la-vida-en-accidente-en-moto\\\/\"},\"wordCount\":250,\"commentCount\":0,\"publisher\":{\"@id\":\"https:\\\/\\\/elinformativotam.com\\\/#organization\"},\"image\":{\"@id\":\"https:\\\/\\\/elinformativotam.com\\\/index.php\\\/2024\\\/05\\\/27\\\/un-masculino-pierde-la-vida-en-accidente-en-moto\\\/#primaryimage\"},\"thumbnailUrl\":\"https:\\\/\\\/elinformativotam.com\\\/wp-content\\\/uploads\\\/2024\\\/05\\\/Muerto.jpeg\",\"articleSection\":[\"Altamira\"],\"inLanguage\":\"es\",\"potentialAction\":[{\"@type\":\"CommentAction\",\"name\":\"Comment\",\"target\":[\"https:\\\/\\\/elinformativotam.com\\\/index.php\\\/2024\\\/05\\\/27\\\/un-masculino-pierde-la-vida-en-accidente-en-moto\\\/#respond\"]}]},{\"@type\":\"WebPage\",\"@id\":\"https:\\\/\\\/elinformativotam.com\\\/index.php\\\/2024\\\/05\\\/27\\\/un-masculino-pierde-la-vida-en-accidente-en-moto\\\/\",\"url\":\"https:\\\/\\\/elinformativotam.com\\\/index.php\\\/2024\\\/05\\\/27\\\/un-masculino-pierde-la-vida-en-accidente-en-moto\\\/\",\"name\":\"UN MASCULINO PIERDE LA VIDA EN ACCIDENTE EN MOTO - EL INFORMATIVO DE TAMAULIPAS\",\"isPartOf\":{\"@id\":\"https:\\\/\\\/elinformativotam.com\\\/#website\"},\"primaryImageOfPage\":{\"@id\":\"https:\\\/\\\/elinformativotam.com\\\/index.php\\\/2024\\\/05\\\/27\\\/un-masculino-pierde-la-vida-en-accidente-en-moto\\\/#primaryimage\"},\"image\":{\"@id\":\"https:\\\/\\\/elinformativotam.com\\\/index.php\\\/2024\\\/05\\\/27\\\/un-masculino-pierde-la-vida-en-accidente-en-moto\\\/#primaryimage\"},\"thumbnailUrl\":\"https:\\\/\\\/elinformativotam.com\\\/wp-content\\\/uploads\\\/2024\\\/05\\\/Muerto.jpeg\",\"datePublished\":\"2024-05-28T05:08:46+00:00\",\"description\":\"Durante el fin de semana un masculino perdi\u00f3 la vida al tener un accidente en su motocicleta, esto en el ejido Aquiles Serd\u00e1n del municipio de\",\"inLanguage\":\"es\",\"potentialAction\":[{\"@type\":\"ReadAction\",\"target\":[\"https:\\\/\\\/elinformativotam.com\\\/index.php\\\/2024\\\/05\\\/27\\\/un-masculino-pierde-la-vida-en-accidente-en-moto\\\/\"]}]},{\"@type\":\"ImageObject\",\"inLanguage\":\"es\",\"@id\":\"https:\\\/\\\/elinformativotam.com\\\/index.php\\\/2024\\\/05\\\/27\\\/un-masculino-pierde-la-vida-en-accidente-en-moto\\\/#primaryimage\",\"url\":\"https:\\\/\\\/elinformativotam.com\\\/wp-content\\\/uploads\\\/2024\\\/05\\\/Muerto.jpeg\",\"contentUrl\":\"https:\\\/\\\/elinformativotam.com\\\/wp-content\\\/uploads\\\/2024\\\/05\\\/Muerto.jpeg\",\"width\":1200,\"height\":1600},{\"@type\":\"WebSite\",\"@id\":\"https:\\\/\\\/elinformativotam.com\\\/#website\",\"url\":\"https:\\\/\\\/elinformativotam.com\\\/\",\"name\":\"EL INFORMATIVO DE TAMAULIPAS\",\"description\":\"Desde la Zona Metropolitana Para Todo M\u00e9xico\",\"publisher\":{\"@id\":\"https:\\\/\\\/elinformativotam.com\\\/#organization\"},\"potentialAction\":[{\"@type\":\"SearchAction\",\"target\":{\"@type\":\"EntryPoint\",\"urlTemplate\":\"https:\\\/\\\/elinformativotam.com\\\/?s={search_term_string}\"},\"query-input\":{\"@type\":\"PropertyValueSpecification\",\"valueRequired\":true,\"valueName\":\"search_term_string\"}}],\"inLanguage\":\"es\"},{\"@type\":\"Organization\",\"@id\":\"https:\\\/\\\/elinformativotam.com\\\/#organization\",\"name\":\"EL INFORMATIVO DE TAMAULIPAS\",\"url\":\"https:\\\/\\\/elinformativotam.com\\\/\",\"logo\":{\"@type\":\"ImageObject\",\"inLanguage\":\"es\",\"@id\":\"https:\\\/\\\/elinformativotam.com\\\/#\\\/schema\\\/logo\\\/image\\\/\",\"url\":\"https:\\\/\\\/elinformativotam.com\\\/wp-content\\\/uploads\\\/2026\\\/02\\\/Cabezal.png\",\"contentUrl\":\"https:\\\/\\\/elinformativotam.com\\\/wp-content\\\/uploads\\\/2026\\\/02\\\/Cabezal.png\",\"width\":960,\"height\":640,\"caption\":\"EL INFORMATIVO DE TAMAULIPAS\"},\"image\":{\"@id\":\"https:\\\/\\\/elinformativotam.com\\\/#\\\/schema\\\/logo\\\/image\\\/\"}},{\"@type\":\"Person\",\"@id\":\"https:\\\/\\\/elinformativotam.com\\\/#\\\/schema\\\/person\\\/78e08040eed0f6110f0c5f83b6153590\",\"name\":\"El Informativo Tam\",\"image\":{\"@type\":\"ImageObject\",\"inLanguage\":\"es\",\"@id\":\"https:\\\/\\\/secure.gravatar.com\\\/avatar\\\/f3b7ad3af540688955925ac610647be00b0cf41feea9c4978b73a707ee86bc53?s=96&d=mm&r=g\",\"url\":\"https:\\\/\\\/secure.gravatar.com\\\/avatar\\\/f3b7ad3af540688955925ac610647be00b0cf41feea9c4978b73a707ee86bc53?s=96&d=mm&r=g\",\"contentUrl\":\"https:\\\/\\\/secure.gravatar.com\\\/avatar\\\/f3b7ad3af540688955925ac610647be00b0cf41feea9c4978b73a707ee86bc53?s=96&d=mm&r=g\",\"caption\":\"El Informativo Tam\"}}]}<\/script>\n<!-- \/ Yoast SEO plugin. -->","yoast_head_json":{"title":"UN MASCULINO PIERDE LA VIDA EN ACCIDENTE EN MOTO - EL INFORMATIVO DE TAMAULIPAS","description":"Durante el fin de semana un masculino perdi\u00f3 la vida al tener un accidente en su motocicleta, esto en el ejido Aquiles Serd\u00e1n del municipio de","robots":{"index":"index","follow":"follow","max-snippet":"max-snippet:-1","max-image-preview":"max-image-preview:large","max-video-preview":"max-video-preview:-1"},"canonical":"https:\/\/elinformativotam.com\/index.php\/2024\/05\/27\/un-masculino-pierde-la-vida-en-accidente-en-moto\/","og_locale":"es_MX","og_type":"article","og_title":"UN MASCULINO PIERDE LA VIDA EN ACCIDENTE EN MOTO - EL INFORMATIVO DE TAMAULIPAS","og_description":"Durante el fin de semana un masculino perdi\u00f3 la vida al tener un accidente en su motocicleta, esto en el ejido Aquiles Serd\u00e1n del municipio de","og_url":"https:\/\/elinformativotam.com\/index.php\/2024\/05\/27\/un-masculino-pierde-la-vida-en-accidente-en-moto\/","og_site_name":"EL INFORMATIVO DE TAMAULIPAS","article_published_time":"2024-05-28T05:08:46+00:00","og_image":[{"width":1200,"height":1600,"url":"https:\/\/elinformativotam.com\/wp-content\/uploads\/2024\/05\/Muerto.jpeg","type":"image\/jpeg"}],"author":"El Informativo Tam","twitter_card":"summary_large_image","twitter_misc":{"Escrito por":"El Informativo Tam","Tiempo de lectura":"1 minuto"},"schema":{"@context":"https:\/\/schema.org","@graph":[{"@type":"Article","@id":"https:\/\/elinformativotam.com\/index.php\/2024\/05\/27\/un-masculino-pierde-la-vida-en-accidente-en-moto\/#article","isPartOf":{"@id":"https:\/\/elinformativotam.com\/index.php\/2024\/05\/27\/un-masculino-pierde-la-vida-en-accidente-en-moto\/"},"author":{"name":"El Informativo Tam","@id":"https:\/\/elinformativotam.com\/#\/schema\/person\/78e08040eed0f6110f0c5f83b6153590"},"headline":"UN MASCULINO PIERDE LA VIDA EN ACCIDENTE EN MOTO","datePublished":"2024-05-28T05:08:46+00:00","mainEntityOfPage":{"@id":"https:\/\/elinformativotam.com\/index.php\/2024\/05\/27\/un-masculino-pierde-la-vida-en-accidente-en-moto\/"},"wordCount":250,"commentCount":0,"publisher":{"@id":"https:\/\/elinformativotam.com\/#organization"},"image":{"@id":"https:\/\/elinformativotam.com\/index.php\/2024\/05\/27\/un-masculino-pierde-la-vida-en-accidente-en-moto\/#primaryimage"},"thumbnailUrl":"https:\/\/elinformativotam.com\/wp-content\/uploads\/2024\/05\/Muerto.jpeg","articleSection":["Altamira"],"inLanguage":"es","potentialAction":[{"@type":"CommentAction","name":"Comment","target":["https:\/\/elinformativotam.com\/index.php\/2024\/05\/27\/un-masculino-pierde-la-vida-en-accidente-en-moto\/#respond"]}]},{"@type":"WebPage","@id":"https:\/\/elinformativotam.com\/index.php\/2024\/05\/27\/un-masculino-pierde-la-vida-en-accidente-en-moto\/","url":"https:\/\/elinformativotam.com\/index.php\/2024\/05\/27\/un-masculino-pierde-la-vida-en-accidente-en-moto\/","name":"UN MASCULINO PIERDE LA VIDA EN ACCIDENTE EN MOTO - EL INFORMATIVO DE TAMAULIPAS","isPartOf":{"@id":"https:\/\/elinformativotam.com\/#website"},"primaryImageOfPage":{"@id":"https:\/\/elinformativotam.com\/index.php\/2024\/05\/27\/un-masculino-pierde-la-vida-en-accidente-en-moto\/#primaryimage"},"image":{"@id":"https:\/\/elinformativotam.com\/index.php\/2024\/05\/27\/un-masculino-pierde-la-vida-en-accidente-en-moto\/#primaryimage"},"thumbnailUrl":"https:\/\/elinformativotam.com\/wp-content\/uploads\/2024\/05\/Muerto.jpeg","datePublished":"2024-05-28T05:08:46+00:00","description":"Durante el fin de semana un masculino perdi\u00f3 la vida al tener un accidente en su motocicleta, esto en el ejido Aquiles Serd\u00e1n del municipio de","inLanguage":"es","potentialAction":[{"@type":"ReadAction","target":["https:\/\/elinformativotam.com\/index.php\/2024\/05\/27\/un-masculino-pierde-la-vida-en-accidente-en-moto\/"]}]},{"@type":"ImageObject","inLanguage":"es","@id":"https:\/\/elinformativotam.com\/index.php\/2024\/05\/27\/un-masculino-pierde-la-vida-en-accidente-en-moto\/#primaryimage","url":"https:\/\/elinformativotam.com\/wp-content\/uploads\/2024\/05\/Muerto.jpeg","contentUrl":"https:\/\/elinformativotam.com\/wp-content\/uploads\/2024\/05\/Muerto.jpeg","width":1200,"height":1600},{"@type":"WebSite","@id":"https:\/\/elinformativotam.com\/#website","url":"https:\/\/elinformativotam.com\/","name":"EL INFORMATIVO DE TAMAULIPAS","description":"Desde la Zona Metropolitana Para Todo M\u00e9xico","publisher":{"@id":"https:\/\/elinformativotam.com\/#organization"},"potentialAction":[{"@type":"SearchAction","target":{"@type":"EntryPoint","urlTemplate":"https:\/\/elinformativotam.com\/?s={search_term_string}"},"query-input":{"@type":"PropertyValueSpecification","valueRequired":true,"valueName":"search_term_string"}}],"inLanguage":"es"},{"@type":"Organization","@id":"https:\/\/elinformativotam.com\/#organization","name":"EL INFORMATIVO DE TAMAULIPAS","url":"https:\/\/elinformativotam.com\/","logo":{"@type":"ImageObject","inLanguage":"es","@id":"https:\/\/elinformativotam.com\/#\/schema\/logo\/image\/","url":"https:\/\/elinformativotam.com\/wp-content\/uploads\/2026\/02\/Cabezal.png","contentUrl":"https:\/\/elinformativotam.com\/wp-content\/uploads\/2026\/02\/Cabezal.png","width":960,"height":640,"caption":"EL INFORMATIVO DE TAMAULIPAS"},"image":{"@id":"https:\/\/elinformativotam.com\/#\/schema\/logo\/image\/"}},{"@type":"Person","@id":"https:\/\/elinformativotam.com\/#\/schema\/person\/78e08040eed0f6110f0c5f83b6153590","name":"El Informativo Tam","image":{"@type":"ImageObject","inLanguage":"es","@id":"https:\/\/secure.gravatar.com\/avatar\/f3b7ad3af540688955925ac610647be00b0cf41feea9c4978b73a707ee86bc53?s=96&d=mm&r=g","url":"https:\/\/secure.gravatar.com\/avatar\/f3b7ad3af540688955925ac610647be00b0cf41feea9c4978b73a707ee86bc53?s=96&d=mm&r=g","contentUrl":"https:\/\/secure.gravatar.com\/avatar\/f3b7ad3af540688955925ac610647be00b0cf41feea9c4978b73a707ee86bc53?s=96&d=mm&r=g","caption":"El Informativo Tam"}}]}},"_links":{"self":[{"href":"https:\/\/elinformativotam.com\/index.php\/wp-json\/wp\/v2\/posts\/50924","targetHints":{"allow":["GET"]}}],"collection":[{"href":"https:\/\/elinformativotam.com\/index.php\/wp-json\/wp\/v2\/posts"}],"about":[{"href":"https:\/\/elinformativotam.com\/index.php\/wp-json\/wp\/v2\/types\/post"}],"author":[{"embeddable":true,"href":"https:\/\/elinformativotam.com\/index.php\/wp-json\/wp\/v2\/users\/1"}],"replies":[{"embeddable":true,"href":"https:\/\/elinformativotam.com\/index.php\/wp-json\/wp\/v2\/comments?post=50924"}],"version-history":[{"count":1,"href":"https:\/\/elinformativotam.com\/index.php\/wp-json\/wp\/v2\/posts\/50924\/revisions"}],"predecessor-version":[{"id":50926,"href":"https:\/\/elinformativotam.com\/index.php\/wp-json\/wp\/v2\/posts\/50924\/revisions\/50926"}],"wp:featuredmedia":[{"embeddable":true,"href":"https:\/\/elinformativotam.com\/index.php\/wp-json\/wp\/v2\/media\/50925"}],"wp:attachment":[{"href":"https:\/\/elinformativotam.com\/index.php\/wp-json\/wp\/v2\/media?parent=50924"}],"wp:term":[{"taxonomy":"category","embeddable":true,"href":"https:\/\/elinformativotam.com\/index.php\/wp-json\/wp\/v2\/categories?post=50924"},{"taxonomy":"post_tag","embeddable":true,"href":"https:\/\/elinformativotam.com\/index.php\/wp-json\/wp\/v2\/tags?post=50924"}],"curies":[{"name":"wp","href":"https:\/\/api.w.org\/{rel}","templated":true}]}}